{"id":17433,"date":"2012-04-20T18:39:30","date_gmt":"2012-04-20T21:39:30","guid":{"rendered":"http:\/\/www.encontrasantana.com.br\/blog\/?p=17433"},"modified":"2019-04-15T09:59:16","modified_gmt":"2019-04-15T12:59:16","slug":"curso-em-santana-oferece-aprendizagem-de-comunicacao-corporal","status":"publish","type":"post","link":"https:\/\/www.encontrasantana.com.br\/sobre\/curso-em-santana-oferece-aprendizagem-de-comunicacao-corporal\/","title":{"rendered":"Curso em Santana oferece aprendizagem de comunica\u00e7\u00e3o corporal"},"content":{"rendered":"<div class=\"1acf8468e559fd3cbeec5aee3a269a52\" data-index=\"1\" style=\"float: none; margin:0px;\">\n<!-- Anuncio display - global -->\r\n<ins class=\"adsbygoogle\"\r\n     style=\"display:block\"\r\n     data-ad-client=\"ca-pub-8585364105181520\"\r\n     data-ad-slot=\"8789329856\"\r\n     data-ad-format=\"auto\"\r\n     data-full-width-responsive=\"true\"><\/ins>\r\n<script>\r\n     (adsbygoogle = window.adsbygoogle || []).push({});\r\n<\/script>\n<\/div>\n<p>Em abril e maio, a Secretaria Municipal de Educa\u00e7\u00e3o realiza encontros para professores de Educa\u00e7\u00e3o F\u00edsica por meio do curso Pr\u00e1ticas Corporais na Escola. Os professores dos ciclos I e II do Ensino Fundamental participantes trabalhar\u00e3o conte\u00fados como: rela\u00e7\u00e3o entre curr\u00edculo, Cultura e cultura corporal; leitura do gesto; e as expectativas de aprendizagem de Educa\u00e7\u00e3o F\u00edsica e pr\u00e1ticas pedag\u00f3gicas, sua rela\u00e7\u00e3o com o planejamento, com as atividades de ensino e com a avalia\u00e7\u00e3o das aprendizagens.<\/p>\n<p>Ser\u00e3o oferecidas 315 vagas, sendo sete turmas com 45 integrantes. O curso tem dura\u00e7\u00e3o de 12 horas. O m\u00e9todo usado quer favorecer uma reflex\u00e3o sobre a aprendizagem dos alunos com debates sobre como planejamentos did\u00e1ticos podem ajudar crian\u00e7as e jovens a avan\u00e7ar na pr\u00e1tica de Educa\u00e7\u00e3o F\u00edsica, como a qualidade de situa\u00e7\u00f5es e interven\u00e7\u00f5es did\u00e1ticas auxiliam no desenvolvimento. Tamb\u00e9m ser\u00e3o analisadas propostas did\u00e1ticas contidas no documento de Orienta\u00e7\u00e3o Curricular da disciplina.<\/p>\n<p>Confira a data de inscri\u00e7\u00e3o, dias, hor\u00e1rios e local dos encontros no bairro de Santana:<\/p>\n<p><strong>Turma C &#8211; Inscri\u00e7\u00e3o at\u00e9 26 de abril<\/strong><\/p>\n<p>Local: Centro de Forma\u00e7\u00e3o DRE Ja\u00e7an\u00e3\/Trememb\u00e9<\/p>\n<p>Local: Avenida General Ataliba Leonel, 1021- Santana<\/p>\n<p>Data: 5\/5; 19\/5 e 26\/5<\/p>\n<p>Hor\u00e1rio: 8h \u00e0s 12h<\/p>\n\n<div style=\"font-size: 0px; height: 0px; line-height: 0px; margin: 0; padding: 0; clear: both;\"><\/div>","protected":false},"excerpt":{"rendered":"<p>Em abril e maio, a Secretaria Municipal de Educa\u00e7\u00e3o realiza encontros para professores de Educa\u00e7\u00e3o F\u00edsica por meio do curso Pr\u00e1ticas Corporais na Escola. Os professores dos ciclos I e II do Ensino Fundamental participantes trabalhar\u00e3o conte\u00fados como: rela\u00e7\u00e3o entre curr\u00edculo, Cultura e cultura corporal; leitura do gesto; e as expectativas de aprendizagem de Educa\u00e7\u00e3o F\u00edsica e pr\u00e1ticas pedag\u00f3gicas, sua rela\u00e7\u00e3o com o planejamento, com as atividades de ensino e com a avalia\u00e7\u00e3o das aprendizagens. Ser\u00e3o oferecidas 315 vagas, sendo sete turmas com 45 integrantes. O curso tem dura\u00e7\u00e3o de 12 horas. O m\u00e9todo usado quer favorecer uma reflex\u00e3o sobre <\/p>\n","protected":false},"author":1,"featured_media":0,"comment_status":"open","ping_status":"closed","sticky":false,"template":"","format":"standard","meta":{"footnotes":""},"categories":[12],"tags":[10],"class_list":["post-17433","post","type-post","status-publish","format-standard","hentry","category-cursos-em-santana","tag-santana"],"aioseo_notices":[],"_links":{"self":[{"href":"https:\/\/www.encontrasantana.com.br\/sobre\/wp-json\/wp\/v2\/posts\/17433"}],"collection":[{"href":"https:\/\/www.encontrasantana.com.br\/sobre\/wp-json\/wp\/v2\/posts"}],"about":[{"href":"https:\/\/www.encontrasantana.com.br\/sobre\/wp-json\/wp\/v2\/types\/post"}],"author":[{"embeddable":true,"href":"https:\/\/www.encontrasantana.com.br\/sobre\/wp-json\/wp\/v2\/users\/1"}],"replies":[{"embeddable":true,"href":"https:\/\/www.encontrasantana.com.br\/sobre\/wp-json\/wp\/v2\/comments?post=17433"}],"version-history":[{"count":0,"href":"https:\/\/www.encontrasantana.com.br\/sobre\/wp-json\/wp\/v2\/posts\/17433\/revisions"}],"wp:attachment":[{"href":"https:\/\/www.encontrasantana.com.br\/sobre\/wp-json\/wp\/v2\/media?parent=17433"}],"wp:term":[{"taxonomy":"category","embeddable":true,"href":"https:\/\/www.encontrasantana.com.br\/sobre\/wp-json\/wp\/v2\/categories?post=17433"},{"taxonomy":"post_tag","embeddable":true,"href":"https:\/\/www.encontrasantana.com.br\/sobre\/wp-json\/wp\/v2\/tags?post=17433"}],"curies":[{"name":"wp","href":"https:\/\/api.w.org\/{rel}","templated":true}]}}