{"id":17647,"date":"2012-04-25T19:25:25","date_gmt":"2012-04-25T22:25:25","guid":{"rendered":"http:\/\/www.encontrasantana.com.br\/blog\/?p=17647"},"modified":"2019-04-15T09:59:15","modified_gmt":"2019-04-15T12:59:15","slug":"corrida-em-santana-carros-da-indy-ja-estao-no-anhembi-a-espera-dos-mecanicos","status":"publish","type":"post","link":"https:\/\/www.encontrasantana.com.br\/sobre\/corrida-em-santana-carros-da-indy-ja-estao-no-anhembi-a-espera-dos-mecanicos\/","title":{"rendered":"Corrida em Santana: carros da Indy j\u00e1 est\u00e3o no Anhembi \u00e0 espera dos mec\u00e2nicos"},"content":{"rendered":"<div class=\"1acf8468e559fd3cbeec5aee3a269a52\" data-index=\"1\" style=\"float: none; margin:0px;\">\n<!-- Anuncio display - global -->\r\n<ins class=\"adsbygoogle\"\r\n     style=\"display:block\"\r\n     data-ad-client=\"ca-pub-8585364105181520\"\r\n     data-ad-slot=\"8789329856\"\r\n     data-ad-format=\"auto\"\r\n     data-full-width-responsive=\"true\"><\/ins>\r\n<script>\r\n     (adsbygoogle = window.adsbygoogle || []).push({});\r\n<\/script>\n<\/div>\n<p>Os 26 carros inscritos para disputar a etapa de S\u00e3o Paulo da Indy, no domingo (29), j\u00e1 est\u00e3o no <a href=\"http:\/\/www.encontrasantana.com.br\/santana\/anhembi-em-santana.shtml\" target=\"_blank\">pavilh\u00e3o de exposi\u00e7\u00f5es do Anhembi<\/a> \u00e0 espera dos mec\u00e2nicos das equipes, que v\u00e3o desempacotar tudo e montar para entrar na pista no s\u00e1bado, quando acontecem os treinos livres e a defini\u00e7\u00e3o do grid de largada.<\/p>\n<p>Tudo chegou em 32 caminh\u00f5es vindos do aeroporto de Viracopos, em Campinas (SP). As 230 toneladas de equipamentos vieram de Indian\u00e1polis, nos Estados Unidos, onde a maioria das equipes tem sede.<\/p>\n<p>Quanto aos pilotos, at\u00e9 esta ter\u00e7a-feira apenas os brasileiros j\u00e1 est\u00e3o em S\u00e3o Paulo. Os estrangeiros vem para o Brasil entre quarta e quinta, com limite de sexta, quando acontecem as reuni\u00f5es de planejamento para a corrida.<\/p>\n<p>J\u00e1 as obras de montagem do circuito est\u00e3o na reta final de ajustes. O trabalho \u00e9 para terminar a montagem das \u00e1reas VIP, colocar cadeiras em alguns setores de arquibancada na reta do Samb\u00f3dromo e finalizar as instala\u00e7\u00f5es que receber\u00e3o as chefias das equipes e da organiza\u00e7\u00e3o.<\/p>\n<p>A pista estar\u00e1 pronta na madugada de quinta para sexta-feira, quando a pista local da marginal Tiet\u00ea ser\u00e1 fechada para o tr\u00e2nsito no trecho do samb\u00f3dromo. A corrida, no domingo, tem largada prevista para \u00e0s 12h30 (de Bras\u00edlia).<\/p>\n<p><em>Fonte: Folha.com<\/em><\/p>\n\n<div style=\"font-size: 0px; height: 0px; line-height: 0px; margin: 0; padding: 0; clear: both;\"><\/div>","protected":false},"excerpt":{"rendered":"<p>Os 26 carros inscritos para disputar a etapa de S\u00e3o Paulo da Indy, no domingo (29), j\u00e1 est\u00e3o no pavilh\u00e3o de exposi\u00e7\u00f5es do Anhembi \u00e0 espera dos mec\u00e2nicos das equipes, que v\u00e3o desempacotar tudo e montar para entrar na pista no s\u00e1bado, quando acontecem os treinos livres e a defini\u00e7\u00e3o do grid de largada. Tudo chegou em 32 caminh\u00f5es vindos do aeroporto de Viracopos, em Campinas (SP). As 230 toneladas de equipamentos vieram de Indian\u00e1polis, nos Estados Unidos, onde a maioria das equipes tem sede. Quanto aos pilotos, at\u00e9 esta ter\u00e7a-feira apenas os brasileiros j\u00e1 est\u00e3o em S\u00e3o Paulo. Os <\/p>\n","protected":false},"author":1,"featured_media":0,"comment_status":"open","ping_status":"closed","sticky":false,"template":"","format":"standard","meta":{"footnotes":""},"categories":[3],"tags":[10],"class_list":["post-17647","post","type-post","status-publish","format-standard","hentry","category-noticias-em-santana","tag-santana"],"aioseo_notices":[],"aioseo_head":"\n\t\t<!-- All in One SEO 5.0.0.1 - aioseo.com -->\n\t<meta name=\"description\" content=\"Os 26 carros inscritos para disputar a etapa de S\u00e3o Paulo da Indy, no domingo (29), j\u00e1 est\u00e3o no pavilh\u00e3o de exposi\u00e7\u00f5es do Anhembi \u00e0 espera dos mec\u00e2nicos das equipes, que v\u00e3o desempacotar tudo e montar para entrar na pista no s\u00e1bado, quando acontecem os treinos livres e a defini\u00e7\u00e3o do grid de largada. Tudo\" \/>\n\t<meta name=\"robots\" content=\"max-image-preview:large\" \/>\n\t<meta name=\"author\" content=\"Encontra Santana\"\/>\n\t<link rel=\"canonical\" href=\"https:\/\/www.encontrasantana.com.br\/sobre\/corrida-em-santana-carros-da-indy-ja-estao-no-anhembi-a-espera-dos-mecanicos\/\" \/>\n\t<meta name=\"generator\" content=\"All in One SEO (AIOSEO) 5.0.0.1\" \/>\n\t\t<meta property=\"og:locale\" content=\"pt_BR\" \/>\n\t\t<meta property=\"og:site_name\" content=\"Encontra Santana | Not\u00edcias, eventos, informa\u00e7\u00f5es e dicas no bairro de Santana e regi\u00e3o.\" \/>\n\t\t<meta property=\"og:type\" content=\"article\" \/>\n\t\t<meta property=\"og:title\" content=\"Corrida em Santana: carros da Indy j\u00e1 est\u00e3o no Anhembi \u00e0 espera dos mec\u00e2nicos \u00bb Encontra Santana\" \/>\n\t\t<meta property=\"og:description\" content=\"Os 26 carros inscritos para disputar a etapa de S\u00e3o Paulo da Indy, no domingo (29), j\u00e1 est\u00e3o no pavilh\u00e3o de exposi\u00e7\u00f5es do Anhembi \u00e0 espera dos mec\u00e2nicos das equipes, que v\u00e3o desempacotar tudo e montar para entrar na pista no s\u00e1bado, quando acontecem os treinos livres e a defini\u00e7\u00e3o do grid de largada. Tudo\" \/>\n\t\t<meta property=\"og:url\" content=\"https:\/\/www.encontrasantana.com.br\/sobre\/corrida-em-santana-carros-da-indy-ja-estao-no-anhembi-a-espera-dos-mecanicos\/\" \/>\n\t\t<meta property=\"article:published_time\" content=\"2012-04-25T22:25:25+00:00\" \/>\n\t\t<meta property=\"article:modified_time\" content=\"2019-04-15T12:59:15+00:00\" \/>\n\t\t<meta name=\"twitter:card\" content=\"summary\" \/>\n\t\t<meta name=\"twitter:title\" content=\"Corrida em Santana: carros da Indy j\u00e1 est\u00e3o no Anhembi \u00e0 espera dos mec\u00e2nicos \u00bb Encontra Santana\" \/>\n\t\t<meta name=\"twitter:description\" content=\"Os 26 carros inscritos para disputar a etapa de S\u00e3o Paulo da Indy, no domingo (29), j\u00e1 est\u00e3o no pavilh\u00e3o de exposi\u00e7\u00f5es do Anhembi \u00e0 espera dos mec\u00e2nicos das equipes, que v\u00e3o desempacotar tudo e montar para entrar na pista no s\u00e1bado, quando acontecem os treinos livres e a defini\u00e7\u00e3o do grid de largada. Tudo\" \/>\n\t\t<script type=\"application\/ld+json\" class=\"aioseo-schema\">\n\t\t\t{\"@context\":\"https:\\\/\\\/schema.org\",\"@graph\":[{\"@type\":\"Article\",\"@id\":\"https:\\\/\\\/www.encontrasantana.com.br\\\/sobre\\\/corrida-em-santana-carros-da-indy-ja-estao-no-anhembi-a-espera-dos-mecanicos\\\/#article\",\"name\":\"Corrida em Santana: carros da Indy j\\u00e1 est\\u00e3o no Anhembi \\u00e0 espera dos mec\\u00e2nicos \\u00bb Encontra Santana\",\"headline\":\"Corrida em Santana: carros da Indy j\\u00e1 est\\u00e3o no Anhembi \\u00e0 espera dos mec\\u00e2nicos\",\"author\":{\"@id\":\"https:\\\/\\\/www.encontrasantana.com.br\\\/sobre\\\/author\\\/esantana\\\/#author\"},\"publisher\":{\"@id\":\"https:\\\/\\\/www.encontrasantana.com.br\\\/sobre\\\/#organization\"},\"datePublished\":\"2012-04-25T19:25:25-03:00\",\"dateModified\":\"2019-04-15T09:59:15-03:00\",\"inLanguage\":\"pt-BR\",\"mainEntityOfPage\":{\"@id\":\"https:\\\/\\\/www.encontrasantana.com.br\\\/sobre\\\/corrida-em-santana-carros-da-indy-ja-estao-no-anhembi-a-espera-dos-mecanicos\\\/#webpage\"},\"isPartOf\":{\"@id\":\"https:\\\/\\\/www.encontrasantana.com.br\\\/sobre\\\/corrida-em-santana-carros-da-indy-ja-estao-no-anhembi-a-espera-dos-mecanicos\\\/#webpage\"},\"articleSection\":\"Not\\u00edcias Santana, Santana\"},{\"@type\":\"BreadcrumbList\",\"@id\":\"https:\\\/\\\/www.encontrasantana.com.br\\\/sobre\\\/corrida-em-santana-carros-da-indy-ja-estao-no-anhembi-a-espera-dos-mecanicos\\\/#breadcrumblist\",\"itemListElement\":[{\"@type\":\"ListItem\",\"@id\":\"https:\\\/\\\/www.encontrasantana.com.br\\\/sobre#listItem\",\"position\":1,\"name\":\"In\\u00edcio\",\"item\":\"https:\\\/\\\/www.encontrasantana.com.br\\\/sobre\",\"nextItem\":{\"@type\":\"ListItem\",\"@id\":\"https:\\\/\\\/www.encontrasantana.com.br\\\/sobre\\\/noticias-em-santana\\\/#listItem\",\"name\":\"Not\\u00edcias Santana\"}},{\"@type\":\"ListItem\",\"@id\":\"https:\\\/\\\/www.encontrasantana.com.br\\\/sobre\\\/noticias-em-santana\\\/#listItem\",\"position\":2,\"name\":\"Not\\u00edcias Santana\",\"item\":\"https:\\\/\\\/www.encontrasantana.com.br\\\/sobre\\\/noticias-em-santana\\\/\",\"nextItem\":{\"@type\":\"ListItem\",\"@id\":\"https:\\\/\\\/www.encontrasantana.com.br\\\/sobre\\\/corrida-em-santana-carros-da-indy-ja-estao-no-anhembi-a-espera-dos-mecanicos\\\/#listItem\",\"name\":\"Corrida em Santana: carros da Indy j\\u00e1 est\\u00e3o no Anhembi \\u00e0 espera dos mec\\u00e2nicos\"},\"previousItem\":{\"@type\":\"ListItem\",\"@id\":\"https:\\\/\\\/www.encontrasantana.com.br\\\/sobre#listItem\",\"name\":\"In\\u00edcio\"}},{\"@type\":\"ListItem\",\"@id\":\"https:\\\/\\\/www.encontrasantana.com.br\\\/sobre\\\/corrida-em-santana-carros-da-indy-ja-estao-no-anhembi-a-espera-dos-mecanicos\\\/#listItem\",\"position\":3,\"name\":\"Corrida em Santana: carros da Indy j\\u00e1 est\\u00e3o no Anhembi \\u00e0 espera dos mec\\u00e2nicos\",\"previousItem\":{\"@type\":\"ListItem\",\"@id\":\"https:\\\/\\\/www.encontrasantana.com.br\\\/sobre\\\/noticias-em-santana\\\/#listItem\",\"name\":\"Not\\u00edcias Santana\"}}]},{\"@type\":\"Organization\",\"@id\":\"https:\\\/\\\/www.encontrasantana.com.br\\\/sobre\\\/#organization\",\"name\":\"Encontra Santana\",\"description\":\"Not\\u00edcias, eventos, informa\\u00e7\\u00f5es e dicas no bairro de Santana e regi\\u00e3o.\",\"url\":\"https:\\\/\\\/www.encontrasantana.com.br\\\/sobre\\\/\"},{\"@type\":\"Person\",\"@id\":\"https:\\\/\\\/www.encontrasantana.com.br\\\/sobre\\\/author\\\/esantana\\\/#author\",\"url\":\"https:\\\/\\\/www.encontrasantana.com.br\\\/sobre\\\/author\\\/esantana\\\/\",\"name\":\"Encontra Santana\",\"image\":{\"@type\":\"ImageObject\",\"@id\":\"https:\\\/\\\/www.encontrasantana.com.br\\\/sobre\\\/corrida-em-santana-carros-da-indy-ja-estao-no-anhembi-a-espera-dos-mecanicos\\\/#authorImage\",\"url\":\"https:\\\/\\\/secure.gravatar.com\\\/avatar\\\/0fbed662e37531ae23e68f85f9517b2454e50c1dfebf80eb9b721449ac95e0b9?s=96&d=mm&r=g\",\"width\":96,\"height\":96,\"caption\":\"Encontra Santana\"}},{\"@type\":\"WebPage\",\"@id\":\"https:\\\/\\\/www.encontrasantana.com.br\\\/sobre\\\/corrida-em-santana-carros-da-indy-ja-estao-no-anhembi-a-espera-dos-mecanicos\\\/#webpage\",\"url\":\"https:\\\/\\\/www.encontrasantana.com.br\\\/sobre\\\/corrida-em-santana-carros-da-indy-ja-estao-no-anhembi-a-espera-dos-mecanicos\\\/\",\"name\":\"Corrida em Santana: carros da Indy j\\u00e1 est\\u00e3o no Anhembi \\u00e0 espera dos mec\\u00e2nicos \\u00bb Encontra Santana\",\"description\":\"Os 26 carros inscritos para disputar a etapa de S\\u00e3o Paulo da Indy, no domingo (29), j\\u00e1 est\\u00e3o no pavilh\\u00e3o de exposi\\u00e7\\u00f5es do Anhembi \\u00e0 espera dos mec\\u00e2nicos das equipes, que v\\u00e3o desempacotar tudo e montar para entrar na pista no s\\u00e1bado, quando acontecem os treinos livres e a defini\\u00e7\\u00e3o do grid de largada. Tudo\",\"inLanguage\":\"pt-BR\",\"isPartOf\":{\"@id\":\"https:\\\/\\\/www.encontrasantana.com.br\\\/sobre\\\/#website\"},\"breadcrumb\":{\"@id\":\"https:\\\/\\\/www.encontrasantana.com.br\\\/sobre\\\/corrida-em-santana-carros-da-indy-ja-estao-no-anhembi-a-espera-dos-mecanicos\\\/#breadcrumblist\"},\"author\":{\"@id\":\"https:\\\/\\\/www.encontrasantana.com.br\\\/sobre\\\/author\\\/esantana\\\/#author\"},\"creator\":{\"@id\":\"https:\\\/\\\/www.encontrasantana.com.br\\\/sobre\\\/author\\\/esantana\\\/#author\"},\"datePublished\":\"2012-04-25T19:25:25-03:00\",\"dateModified\":\"2019-04-15T09:59:15-03:00\"},{\"@type\":\"WebSite\",\"@id\":\"https:\\\/\\\/www.encontrasantana.com.br\\\/sobre\\\/#website\",\"url\":\"https:\\\/\\\/www.encontrasantana.com.br\\\/sobre\\\/\",\"name\":\"Encontra Santana\",\"description\":\"Not\\u00edcias, eventos, informa\\u00e7\\u00f5es e dicas no bairro de Santana e regi\\u00e3o.\",\"inLanguage\":\"pt-BR\",\"publisher\":{\"@id\":\"https:\\\/\\\/www.encontrasantana.com.br\\\/sobre\\\/#organization\"}}]}\n\t\t<\/script>\n\t\t<!-- All in One SEO -->\n\n","aioseo_head_json":{"title":"Corrida em Santana: carros da Indy j\u00e1 est\u00e3o no Anhembi \u00e0 espera dos mec\u00e2nicos \u00bb Encontra Santana","description":"Os 26 carros inscritos para disputar a etapa de S\u00e3o Paulo da Indy, no domingo (29), j\u00e1 est\u00e3o no pavilh\u00e3o de exposi\u00e7\u00f5es do Anhembi \u00e0 espera dos mec\u00e2nicos das equipes, que v\u00e3o desempacotar tudo e montar para entrar na pista no s\u00e1bado, quando acontecem os treinos livres e a defini\u00e7\u00e3o do grid de largada. Tudo","canonical_url":"https:\/\/www.encontrasantana.com.br\/sobre\/corrida-em-santana-carros-da-indy-ja-estao-no-anhembi-a-espera-dos-mecanicos\/","robots":"max-image-preview:large","keywords":"","webmasterTools":{"miscellaneous":""},"schema":{"@context":"https:\/\/schema.org","@graph":[{"@type":"Article","@id":"https:\/\/www.encontrasantana.com.br\/sobre\/corrida-em-santana-carros-da-indy-ja-estao-no-anhembi-a-espera-dos-mecanicos\/#article","name":"Corrida em Santana: carros da Indy j\u00e1 est\u00e3o no Anhembi \u00e0 espera dos mec\u00e2nicos \u00bb Encontra Santana","headline":"Corrida em Santana: carros da Indy j\u00e1 est\u00e3o no Anhembi \u00e0 espera dos mec\u00e2nicos","author":{"@id":"https:\/\/www.encontrasantana.com.br\/sobre\/author\/esantana\/#author"},"publisher":{"@id":"https:\/\/www.encontrasantana.com.br\/sobre\/#organization"},"datePublished":"2012-04-25T19:25:25-03:00","dateModified":"2019-04-15T09:59:15-03:00","inLanguage":"pt-BR","mainEntityOfPage":{"@id":"https:\/\/www.encontrasantana.com.br\/sobre\/corrida-em-santana-carros-da-indy-ja-estao-no-anhembi-a-espera-dos-mecanicos\/#webpage"},"isPartOf":{"@id":"https:\/\/www.encontrasantana.com.br\/sobre\/corrida-em-santana-carros-da-indy-ja-estao-no-anhembi-a-espera-dos-mecanicos\/#webpage"},"articleSection":"Not\u00edcias Santana, Santana"},{"@type":"BreadcrumbList","@id":"https:\/\/www.encontrasantana.com.br\/sobre\/corrida-em-santana-carros-da-indy-ja-estao-no-anhembi-a-espera-dos-mecanicos\/#breadcrumblist","itemListElement":[{"@type":"ListItem","@id":"https:\/\/www.encontrasantana.com.br\/sobre#listItem","position":1,"name":"In\u00edcio","item":"https:\/\/www.encontrasantana.com.br\/sobre","nextItem":{"@type":"ListItem","@id":"https:\/\/www.encontrasantana.com.br\/sobre\/noticias-em-santana\/#listItem","name":"Not\u00edcias Santana"}},{"@type":"ListItem","@id":"https:\/\/www.encontrasantana.com.br\/sobre\/noticias-em-santana\/#listItem","position":2,"name":"Not\u00edcias Santana","item":"https:\/\/www.encontrasantana.com.br\/sobre\/noticias-em-santana\/","nextItem":{"@type":"ListItem","@id":"https:\/\/www.encontrasantana.com.br\/sobre\/corrida-em-santana-carros-da-indy-ja-estao-no-anhembi-a-espera-dos-mecanicos\/#listItem","name":"Corrida em Santana: carros da Indy j\u00e1 est\u00e3o no Anhembi \u00e0 espera dos mec\u00e2nicos"},"previousItem":{"@type":"ListItem","@id":"https:\/\/www.encontrasantana.com.br\/sobre#listItem","name":"In\u00edcio"}},{"@type":"ListItem","@id":"https:\/\/www.encontrasantana.com.br\/sobre\/corrida-em-santana-carros-da-indy-ja-estao-no-anhembi-a-espera-dos-mecanicos\/#listItem","position":3,"name":"Corrida em Santana: carros da Indy j\u00e1 est\u00e3o no Anhembi \u00e0 espera dos mec\u00e2nicos","previousItem":{"@type":"ListItem","@id":"https:\/\/www.encontrasantana.com.br\/sobre\/noticias-em-santana\/#listItem","name":"Not\u00edcias Santana"}}]},{"@type":"Organization","@id":"https:\/\/www.encontrasantana.com.br\/sobre\/#organization","name":"Encontra Santana","description":"Not\u00edcias, eventos, informa\u00e7\u00f5es e dicas no bairro de Santana e regi\u00e3o.","url":"https:\/\/www.encontrasantana.com.br\/sobre\/"},{"@type":"Person","@id":"https:\/\/www.encontrasantana.com.br\/sobre\/author\/esantana\/#author","url":"https:\/\/www.encontrasantana.com.br\/sobre\/author\/esantana\/","name":"Encontra Santana","image":{"@type":"ImageObject","@id":"https:\/\/www.encontrasantana.com.br\/sobre\/corrida-em-santana-carros-da-indy-ja-estao-no-anhembi-a-espera-dos-mecanicos\/#authorImage","url":"https:\/\/secure.gravatar.com\/avatar\/0fbed662e37531ae23e68f85f9517b2454e50c1dfebf80eb9b721449ac95e0b9?s=96&d=mm&r=g","width":96,"height":96,"caption":"Encontra Santana"}},{"@type":"WebPage","@id":"https:\/\/www.encontrasantana.com.br\/sobre\/corrida-em-santana-carros-da-indy-ja-estao-no-anhembi-a-espera-dos-mecanicos\/#webpage","url":"https:\/\/www.encontrasantana.com.br\/sobre\/corrida-em-santana-carros-da-indy-ja-estao-no-anhembi-a-espera-dos-mecanicos\/","name":"Corrida em Santana: carros da Indy j\u00e1 est\u00e3o no Anhembi \u00e0 espera dos mec\u00e2nicos \u00bb Encontra Santana","description":"Os 26 carros inscritos para disputar a etapa de S\u00e3o Paulo da Indy, no domingo (29), j\u00e1 est\u00e3o no pavilh\u00e3o de exposi\u00e7\u00f5es do Anhembi \u00e0 espera dos mec\u00e2nicos das equipes, que v\u00e3o desempacotar tudo e montar para entrar na pista no s\u00e1bado, quando acontecem os treinos livres e a defini\u00e7\u00e3o do grid de largada. Tudo","inLanguage":"pt-BR","isPartOf":{"@id":"https:\/\/www.encontrasantana.com.br\/sobre\/#website"},"breadcrumb":{"@id":"https:\/\/www.encontrasantana.com.br\/sobre\/corrida-em-santana-carros-da-indy-ja-estao-no-anhembi-a-espera-dos-mecanicos\/#breadcrumblist"},"author":{"@id":"https:\/\/www.encontrasantana.com.br\/sobre\/author\/esantana\/#author"},"creator":{"@id":"https:\/\/www.encontrasantana.com.br\/sobre\/author\/esantana\/#author"},"datePublished":"2012-04-25T19:25:25-03:00","dateModified":"2019-04-15T09:59:15-03:00"},{"@type":"WebSite","@id":"https:\/\/www.encontrasantana.com.br\/sobre\/#website","url":"https:\/\/www.encontrasantana.com.br\/sobre\/","name":"Encontra Santana","description":"Not\u00edcias, eventos, informa\u00e7\u00f5es e dicas no bairro de Santana e regi\u00e3o.","inLanguage":"pt-BR","publisher":{"@id":"https:\/\/www.encontrasantana.com.br\/sobre\/#organization"}}]},"og:locale":"pt_BR","og:site_name":"Encontra Santana | Not\u00edcias, eventos, informa\u00e7\u00f5es e dicas no bairro de Santana e regi\u00e3o.","og:type":"article","og:title":"Corrida em Santana: carros da Indy j\u00e1 est\u00e3o no Anhembi \u00e0 espera dos mec\u00e2nicos \u00bb Encontra Santana","og:description":"Os 26 carros inscritos para disputar a etapa de S\u00e3o Paulo da Indy, no domingo (29), j\u00e1 est\u00e3o no pavilh\u00e3o de exposi\u00e7\u00f5es do Anhembi \u00e0 espera dos mec\u00e2nicos das equipes, que v\u00e3o desempacotar tudo e montar para entrar na pista no s\u00e1bado, quando acontecem os treinos livres e a defini\u00e7\u00e3o do grid de largada. Tudo","og:url":"https:\/\/www.encontrasantana.com.br\/sobre\/corrida-em-santana-carros-da-indy-ja-estao-no-anhembi-a-espera-dos-mecanicos\/","article:published_time":"2012-04-25T22:25:25+00:00","article:modified_time":"2019-04-15T12:59:15+00:00","twitter:card":"summary","twitter:title":"Corrida em Santana: carros da Indy j\u00e1 est\u00e3o no Anhembi \u00e0 espera dos mec\u00e2nicos \u00bb Encontra Santana","twitter:description":"Os 26 carros inscritos para disputar a etapa de S\u00e3o Paulo da Indy, no domingo (29), j\u00e1 est\u00e3o no pavilh\u00e3o de exposi\u00e7\u00f5es do Anhembi \u00e0 espera dos mec\u00e2nicos das equipes, que v\u00e3o desempacotar tudo e montar para entrar na pista no s\u00e1bado, quando acontecem os treinos livres e a defini\u00e7\u00e3o do grid de largada. Tudo"},"aioseo_meta_data":{"post_id":"17647","title":null,"description":null,"keywords":null,"keyphrases":null,"primary_term":null,"canonical_url":null,"og_title":null,"og_description":null,"og_object_type":"default","og_image_type":"default","og_image_url":null,"og_image_width":null,"og_image_height":null,"og_image_custom_url":null,"og_image_custom_fields":null,"og_video":null,"og_custom_url":null,"og_article_section":null,"og_article_tags":null,"twitter_use_og":false,"twitter_card":"default","twitter_image_type":"default","twitter_image_url":null,"twitter_image_custom_url":null,"twitter_image_custom_fields":null,"twitter_title":null,"twitter_description":null,"schema":{"blockGraphs":[],"customGraphs":[],"default":{"data":{"Article":[],"Course":[],"Dataset":[],"FAQPage":[],"Movie":[],"Person":[],"Product":[],"ProductReview":[],"Car":[],"Recipe":[],"Service":[],"SoftwareApplication":[],"WebPage":[]},"graphName":"Article","isEnabled":true},"graphs":[]},"schema_type":null,"schema_type_options":null,"pillar_content":false,"robots_default":true,"robots_noindex":false,"robots_noarchive":false,"robots_nosnippet":false,"robots_nofollow":false,"robots_noimageindex":false,"robots_noodp":false,"robots_notranslate":false,"robots_max_snippet":null,"robots_max_videopreview":null,"robots_max_imagepreview":"large","priority":null,"frequency":null,"local_seo":null,"limit_modified_date":false,"created":"2021-04-20 21:05:29","updated":"2026-08-06 16:43:28","focus_keyword":null,"additional_keywords":null,"truseo_locale":null,"ai":null,"breadcrumb_settings":null,"seo_analyzer_scan_date":null},"aioseo_breadcrumb":"<div class=\"aioseo-breadcrumbs\"><span class=\"aioseo-breadcrumb\">\n\t\t\t<a href=\"https:\/\/www.encontrasantana.com.br\/sobre\" title=\"In\u00edcio\">In\u00edcio<\/a>\n\t\t<\/span><span class=\"aioseo-breadcrumb-separator\">&raquo;<\/span><span class=\"aioseo-breadcrumb\">\n\t\t\t<a href=\"https:\/\/www.encontrasantana.com.br\/sobre\/noticias-em-santana\/\" title=\"Not\u00edcias Santana\">Not\u00edcias Santana<\/a>\n\t\t<\/span><span class=\"aioseo-breadcrumb-separator\">&raquo;<\/span><span class=\"aioseo-breadcrumb\">\n\t\t\tCorrida em Santana: carros da Indy j\u00e1 est\u00e3o no Anhembi \u00e0 espera dos mec\u00e2nicos\n\t\t<\/span><\/div>","aioseo_breadcrumb_json":[{"label":"In\u00edcio","link":"https:\/\/www.encontrasantana.com.br\/sobre"},{"label":"Not\u00edcias Santana","link":"https:\/\/www.encontrasantana.com.br\/sobre\/noticias-em-santana\/"},{"label":"Corrida em Santana: carros da Indy j\u00e1 est\u00e3o no Anhembi \u00e0 espera dos mec\u00e2nicos","link":"https:\/\/www.encontrasantana.com.br\/sobre\/corrida-em-santana-carros-da-indy-ja-estao-no-anhembi-a-espera-dos-mecanicos\/"}],"_links":{"self":[{"href":"https:\/\/www.encontrasantana.com.br\/sobre\/wp-json\/wp\/v2\/posts\/17647","targetHints":{"allow":["GET"]}}],"collection":[{"href":"https:\/\/www.encontrasantana.com.br\/sobre\/wp-json\/wp\/v2\/posts"}],"about":[{"href":"https:\/\/www.encontrasantana.com.br\/sobre\/wp-json\/wp\/v2\/types\/post"}],"author":[{"embeddable":true,"href":"https:\/\/www.encontrasantana.com.br\/sobre\/wp-json\/wp\/v2\/users\/1"}],"replies":[{"embeddable":true,"href":"https:\/\/www.encontrasantana.com.br\/sobre\/wp-json\/wp\/v2\/comments?post=17647"}],"version-history":[{"count":0,"href":"https:\/\/www.encontrasantana.com.br\/sobre\/wp-json\/wp\/v2\/posts\/17647\/revisions"}],"wp:attachment":[{"href":"https:\/\/www.encontrasantana.com.br\/sobre\/wp-json\/wp\/v2\/media?parent=17647"}],"wp:term":[{"taxonomy":"category","embeddable":true,"href":"https:\/\/www.encontrasantana.com.br\/sobre\/wp-json\/wp\/v2\/categories?post=17647"},{"taxonomy":"post_tag","embeddable":true,"href":"https:\/\/www.encontrasantana.com.br\/sobre\/wp-json\/wp\/v2\/tags?post=17647"}],"curies":[{"name":"wp","href":"https:\/\/api.w.org\/{rel}","templated":true}]}}