{"id":17649,"date":"2012-04-25T19:28:58","date_gmt":"2012-04-25T22:28:58","guid":{"rendered":"http:\/\/www.encontrasantana.com.br\/blog\/?p=17649"},"modified":"2019-04-15T09:59:15","modified_gmt":"2019-04-15T12:59:15","slug":"anhembi-recebe-ajustes-finais-para-corrida-da-indy-em-santana-zebras-podem-ser-problema","status":"publish","type":"post","link":"https:\/\/www.encontrasantana.com.br\/sobre\/anhembi-recebe-ajustes-finais-para-corrida-da-indy-em-santana-zebras-podem-ser-problema\/","title":{"rendered":"Anhembi recebe ajustes finais para corrida da Indy em Santana; zebras podem ser problema"},"content":{"rendered":"<div class=\"1acf8468e559fd3cbeec5aee3a269a52\" data-index=\"1\" style=\"float: none; margin:0px;\">\n<!-- Anuncio display - global -->\r\n<ins class=\"adsbygoogle\"\r\n     style=\"display:block\"\r\n     data-ad-client=\"ca-pub-8585364105181520\"\r\n     data-ad-slot=\"8789329856\"\r\n     data-ad-format=\"auto\"\r\n     data-full-width-responsive=\"true\"><\/ins>\r\n<script>\r\n     (adsbygoogle = window.adsbygoogle || []).push({});\r\n<\/script>\n<\/div>\n<p>Funcion\u00e1rios seguem trabalhando no circuito de rua montado em S\u00e3o Paulo, que receber\u00e1 no pr\u00f3ximo domingo a quarta etapa da temporada da F\u00f3rmula Indy. Nesta ter\u00e7a-feira, a reportagem\u00a0esteve no Parque do Anhembi e verificou que os pilotos devem ter uma boa e uma m\u00e1 not\u00edcia quanto \u00e0s condi\u00e7\u00f5es da pista.<\/p>\n<p>O pequeno salto que os carros davam no trecho que liga o piso de concreto do <a href=\"http:\/\/www.encontrasantana.com.br\/santana\/sambodromo-santana.shtml\" target=\"_blank\">Samb\u00f3dromo do Anhembi<\/a> ao asfalto da rua do circuito n\u00e3o deve mais ser visto na edi\u00e7\u00e3o 2012 da prova. O trabalho de fresagem feito no local conseguiu alinhar os dois tipos de pavimenta\u00e7\u00e3o, conforme havia sido solicitado pelos pilotos aos organizadores da prova no ano passado.<\/p>\n<p>&#8220;A gente pediu essa modifica\u00e7\u00e3o, eu n\u00e3o vi ainda&#8221;, afirmou sobre o assunto o brasileiro Tony Kanaan, da KV Racing, na segunda, durante encontro com jornalistas no Kart\u00f3dromo da Granja Viana, em Cotia, na Grande S\u00e3o Paulo.<\/p>\n<p>Nesta ter\u00e7a, funcion\u00e1rios com carrinhos de golfe carregavam equipamentos e passavam pela reta do samb\u00f3dromo, e n\u00e3o se notava mais o solavanco na transi\u00e7\u00e3o do concreto para o asfalto.<\/p>\n<p>Em 10 de abril, dia da vistoria do prefeito Gilberto Kassab ao aut\u00f3dromo, Everaldo J\u00fanior &#8211; diretor da SPTuris, empresa respons\u00e1vel pela administra\u00e7\u00e3o do Parque do Anhembi &#8211; disse \u00e0 reportagem\u00a0que testes feitos justamente com carrinhos de golfe haviam constatado a melhora nas condi\u00e7\u00f5es da pista no local. Ele previu ainda que esse fato, aliado ao aumento da intimidade dos pilotos com o tra\u00e7ado, acarretaria um ganho de at\u00e9 1s por volta.<\/p>\n<p>Outro pedido antigo feito pelos pilotos, no entanto, ainda n\u00e3o foi atendido para a terceira edi\u00e7\u00e3o da SP Indy 300: a modifica\u00e7\u00e3o das zebras. Em 2011, o brasileiro Helio Castroneves, piloto da Penske, fez uma reuni\u00e3o com membros da prefeitura apresentando uma nova op\u00e7\u00e3o, um modelo feito com placas de fibra &#8211; flex\u00edveis &#8211; usado em pistas dos Estados Unidos.<\/p>\n<p>A novidade n\u00e3o foi acatada daquela vez e, conforme p\u00f4de atestar a reportagem\u00a0na ter\u00e7a, as zebras continuam bastante altas, sendo feitas de concreto, na curva 1, na sa\u00edda do samb\u00f3dromo. O fato pode gerar novas reclama\u00e7\u00f5es dos corredores &#8211; em 2010, por exemplo, a brasileira Bia Figueiredo, que competir\u00e1 neste ano pela Andretti, disse que sentiu dores &#8220;intensas&#8221; devido \u00e0 rigidez das zebras no circuito.<\/p>\n<p>Procurada pela reportagem, a assessoria de imprensa da SP Obras, respons\u00e1vel pelos ajustes no circuito, informou que uma altera\u00e7\u00e3o nas zebras n\u00e3o foi exigida pela organiza\u00e7\u00e3o da Indy.<\/p>\n<p>A empresa vinculada \u00e0 Secretaria de Infraestrutura Urbana e Obras ainda apontou estar &#8220;em conformidade&#8221; com as determina\u00e7\u00f5es dos organizadores, eliminando o desalinhamento do piso ao final da reta do samb\u00f3dromo e instalando canaletas para facilitar o escoamento da \u00e1gua em caso de chuva.<\/p>\n<p>Nesta ter\u00e7a, a reportagem\u00a0passou pelo samb\u00f3dromo quando o circuito acabava de ser lavado. Com varredeiras motorizadas, caminh\u00f5es faziam a limpeza da pista. Nesse setor at\u00e9 a chamada Curva do Samba estava tudo praticamente pronto, com a \u00e1rea de escape pintada de vermelho.<\/p>\n<p>Funcion\u00e1rios trabalhavam ainda na estrutura de arquibancadas, que comportar\u00e3o at\u00e9 40 mil torcedores durante os treinamentos do s\u00e1bado e a corrida de domingo. A assessoria de imprensa do evento n\u00e3o precisa a quantidade de ingressos restantes, dizendo apenas que s\u00e3o &#8220;poucos&#8221;. A proje\u00e7\u00e3o \u00e9 de que todos os bilhetes ser\u00e3o esgotados at\u00e9 o fim de semana.<\/p>\n<p>Os preparativos ser\u00e3o conclu\u00eddos na pr\u00f3xima sexta, quando a Companhia de Engenharia de Tr\u00e1fego (CET) implantar\u00e1 uma opera\u00e7\u00e3o especial de tr\u00e2nsito para a SP Indy 300.<\/p>\n<p>A partir das 23h59 de quinta at\u00e9 as 20h de domingo ficar\u00e3o fechadas as seguintes ruas na regi\u00e3o do circuito: pista local da Marginal do Tiet\u00ea, sentido Castello Branco, entre a Ponte das Bandeiras e a Ponte da Casa Verde; Avenida Olavo Fontoura, sentido Santana, entre a Rua Brazelisa Alves de Carvalho e a Pra\u00e7a Campo de Bagatelle; Rua Professor Milton Rodrigues, sentido Olavo Fontoura; Rua Marechal Leit\u00e3o de Carvalho, entre a Rua Massinet Sorcinelli e a Avenida Santos Dumont, com altera\u00e7\u00e3o de circula\u00e7\u00e3o de sentido \u00fanico para duplo; Rua Massinet Sorcinelli, entre a Marginal Tiet\u00ea e a Rua Marechal Leit\u00e3o de Carvalho.<\/p>\n<p>Das 21h da sexta \u00e0s 23h59 de domingo, passar\u00e3o a valer tamb\u00e9m os seguintes bloqueios: Avenida Olavo Fontoura, sentido Casa Verde, entre Pra\u00e7a Campo de Bagatelle e a Rua Brazelisa Alves de Carvalho; Rua Professor Luciano Prata; Rua Doutor Melo Nogueira; Rua Brazelisa Alves de Carvalho (interdi\u00e7\u00e3o parcial); e Rua Anita Malfatti (interdi\u00e7\u00e3o parcial).<\/p>\n<p><em>Fonte: Portal Terra<\/em><\/p>\n\n<div style=\"font-size: 0px; height: 0px; line-height: 0px; margin: 0; padding: 0; clear: both;\"><\/div>","protected":false},"excerpt":{"rendered":"<p>Funcion\u00e1rios seguem trabalhando no circuito de rua montado em S\u00e3o Paulo, que receber\u00e1 no pr\u00f3ximo domingo a quarta etapa da temporada da F\u00f3rmula Indy. Nesta ter\u00e7a-feira, a reportagem\u00a0esteve no Parque do Anhembi e verificou que os pilotos devem ter uma boa e uma m\u00e1 not\u00edcia quanto \u00e0s condi\u00e7\u00f5es da pista. O pequeno salto que os carros davam no trecho que liga o piso de concreto do Samb\u00f3dromo do Anhembi ao asfalto da rua do circuito n\u00e3o deve mais ser visto na edi\u00e7\u00e3o 2012 da prova. O trabalho de fresagem feito no local conseguiu alinhar os dois tipos de pavimenta\u00e7\u00e3o, conforme <\/p>\n","protected":false},"author":1,"featured_media":0,"comment_status":"open","ping_status":"closed","sticky":false,"template":"","format":"standard","meta":{"footnotes":""},"categories":[3],"tags":[10],"class_list":["post-17649","post","type-post","status-publish","format-standard","hentry","category-noticias-em-santana","tag-santana"],"aioseo_notices":[],"aioseo_head":"\n\t\t<!-- All in One SEO 5.0.0.1 - aioseo.com -->\n\t<meta name=\"description\" content=\"Funcion\u00e1rios seguem trabalhando no circuito de rua montado em S\u00e3o Paulo, que receber\u00e1 no pr\u00f3ximo domingo a quarta etapa da temporada da F\u00f3rmula Indy. Nesta ter\u00e7a-feira, a reportagem esteve no Parque do Anhembi e verificou que os pilotos devem ter uma boa e uma m\u00e1 not\u00edcia quanto \u00e0s condi\u00e7\u00f5es da pista. O pequeno salto que os\" \/>\n\t<meta name=\"robots\" content=\"max-image-preview:large\" \/>\n\t<meta name=\"author\" content=\"Encontra Santana\"\/>\n\t<link rel=\"canonical\" href=\"https:\/\/www.encontrasantana.com.br\/sobre\/anhembi-recebe-ajustes-finais-para-corrida-da-indy-em-santana-zebras-podem-ser-problema\/\" \/>\n\t<meta name=\"generator\" content=\"All in One SEO (AIOSEO) 5.0.0.1\" \/>\n\t\t<meta property=\"og:locale\" content=\"pt_BR\" \/>\n\t\t<meta property=\"og:site_name\" content=\"Encontra Santana | Not\u00edcias, eventos, informa\u00e7\u00f5es e dicas no bairro de Santana e regi\u00e3o.\" \/>\n\t\t<meta property=\"og:type\" content=\"article\" \/>\n\t\t<meta property=\"og:title\" content=\"Anhembi recebe ajustes finais para corrida da Indy em Santana; zebras podem ser problema \u00bb Encontra Santana\" \/>\n\t\t<meta property=\"og:description\" content=\"Funcion\u00e1rios seguem trabalhando no circuito de rua montado em S\u00e3o Paulo, que receber\u00e1 no pr\u00f3ximo domingo a quarta etapa da temporada da F\u00f3rmula Indy. Nesta ter\u00e7a-feira, a reportagem esteve no Parque do Anhembi e verificou que os pilotos devem ter uma boa e uma m\u00e1 not\u00edcia quanto \u00e0s condi\u00e7\u00f5es da pista. O pequeno salto que os\" \/>\n\t\t<meta property=\"og:url\" content=\"https:\/\/www.encontrasantana.com.br\/sobre\/anhembi-recebe-ajustes-finais-para-corrida-da-indy-em-santana-zebras-podem-ser-problema\/\" \/>\n\t\t<meta property=\"article:published_time\" content=\"2012-04-25T22:28:58+00:00\" \/>\n\t\t<meta property=\"article:modified_time\" content=\"2019-04-15T12:59:15+00:00\" \/>\n\t\t<meta name=\"twitter:card\" content=\"summary\" \/>\n\t\t<meta name=\"twitter:title\" content=\"Anhembi recebe ajustes finais para corrida da Indy em Santana; zebras podem ser problema \u00bb Encontra Santana\" \/>\n\t\t<meta name=\"twitter:description\" content=\"Funcion\u00e1rios seguem trabalhando no circuito de rua montado em S\u00e3o Paulo, que receber\u00e1 no pr\u00f3ximo domingo a quarta etapa da temporada da F\u00f3rmula Indy. Nesta ter\u00e7a-feira, a reportagem esteve no Parque do Anhembi e verificou que os pilotos devem ter uma boa e uma m\u00e1 not\u00edcia quanto \u00e0s condi\u00e7\u00f5es da pista. O pequeno salto que os\" \/>\n\t\t<script type=\"application\/ld+json\" class=\"aioseo-schema\">\n\t\t\t{\"@context\":\"https:\\\/\\\/schema.org\",\"@graph\":[{\"@type\":\"Article\",\"@id\":\"https:\\\/\\\/www.encontrasantana.com.br\\\/sobre\\\/anhembi-recebe-ajustes-finais-para-corrida-da-indy-em-santana-zebras-podem-ser-problema\\\/#article\",\"name\":\"Anhembi recebe ajustes finais para corrida da Indy em Santana; zebras podem ser problema \\u00bb Encontra Santana\",\"headline\":\"Anhembi recebe ajustes finais para corrida da Indy em Santana; zebras podem ser problema\",\"author\":{\"@id\":\"https:\\\/\\\/www.encontrasantana.com.br\\\/sobre\\\/author\\\/esantana\\\/#author\"},\"publisher\":{\"@id\":\"https:\\\/\\\/www.encontrasantana.com.br\\\/sobre\\\/#organization\"},\"datePublished\":\"2012-04-25T19:28:58-03:00\",\"dateModified\":\"2019-04-15T09:59:15-03:00\",\"inLanguage\":\"pt-BR\",\"mainEntityOfPage\":{\"@id\":\"https:\\\/\\\/www.encontrasantana.com.br\\\/sobre\\\/anhembi-recebe-ajustes-finais-para-corrida-da-indy-em-santana-zebras-podem-ser-problema\\\/#webpage\"},\"isPartOf\":{\"@id\":\"https:\\\/\\\/www.encontrasantana.com.br\\\/sobre\\\/anhembi-recebe-ajustes-finais-para-corrida-da-indy-em-santana-zebras-podem-ser-problema\\\/#webpage\"},\"articleSection\":\"Not\\u00edcias Santana, Santana\"},{\"@type\":\"BreadcrumbList\",\"@id\":\"https:\\\/\\\/www.encontrasantana.com.br\\\/sobre\\\/anhembi-recebe-ajustes-finais-para-corrida-da-indy-em-santana-zebras-podem-ser-problema\\\/#breadcrumblist\",\"itemListElement\":[{\"@type\":\"ListItem\",\"@id\":\"https:\\\/\\\/www.encontrasantana.com.br\\\/sobre#listItem\",\"position\":1,\"name\":\"In\\u00edcio\",\"item\":\"https:\\\/\\\/www.encontrasantana.com.br\\\/sobre\",\"nextItem\":{\"@type\":\"ListItem\",\"@id\":\"https:\\\/\\\/www.encontrasantana.com.br\\\/sobre\\\/noticias-em-santana\\\/#listItem\",\"name\":\"Not\\u00edcias Santana\"}},{\"@type\":\"ListItem\",\"@id\":\"https:\\\/\\\/www.encontrasantana.com.br\\\/sobre\\\/noticias-em-santana\\\/#listItem\",\"position\":2,\"name\":\"Not\\u00edcias Santana\",\"item\":\"https:\\\/\\\/www.encontrasantana.com.br\\\/sobre\\\/noticias-em-santana\\\/\",\"nextItem\":{\"@type\":\"ListItem\",\"@id\":\"https:\\\/\\\/www.encontrasantana.com.br\\\/sobre\\\/anhembi-recebe-ajustes-finais-para-corrida-da-indy-em-santana-zebras-podem-ser-problema\\\/#listItem\",\"name\":\"Anhembi recebe ajustes finais para corrida da Indy em Santana; zebras podem ser problema\"},\"previousItem\":{\"@type\":\"ListItem\",\"@id\":\"https:\\\/\\\/www.encontrasantana.com.br\\\/sobre#listItem\",\"name\":\"In\\u00edcio\"}},{\"@type\":\"ListItem\",\"@id\":\"https:\\\/\\\/www.encontrasantana.com.br\\\/sobre\\\/anhembi-recebe-ajustes-finais-para-corrida-da-indy-em-santana-zebras-podem-ser-problema\\\/#listItem\",\"position\":3,\"name\":\"Anhembi recebe ajustes finais para corrida da Indy em Santana; zebras podem ser problema\",\"previousItem\":{\"@type\":\"ListItem\",\"@id\":\"https:\\\/\\\/www.encontrasantana.com.br\\\/sobre\\\/noticias-em-santana\\\/#listItem\",\"name\":\"Not\\u00edcias Santana\"}}]},{\"@type\":\"Organization\",\"@id\":\"https:\\\/\\\/www.encontrasantana.com.br\\\/sobre\\\/#organization\",\"name\":\"Encontra Santana\",\"description\":\"Not\\u00edcias, eventos, informa\\u00e7\\u00f5es e dicas no bairro de Santana e regi\\u00e3o.\",\"url\":\"https:\\\/\\\/www.encontrasantana.com.br\\\/sobre\\\/\"},{\"@type\":\"Person\",\"@id\":\"https:\\\/\\\/www.encontrasantana.com.br\\\/sobre\\\/author\\\/esantana\\\/#author\",\"url\":\"https:\\\/\\\/www.encontrasantana.com.br\\\/sobre\\\/author\\\/esantana\\\/\",\"name\":\"Encontra Santana\",\"image\":{\"@type\":\"ImageObject\",\"@id\":\"https:\\\/\\\/www.encontrasantana.com.br\\\/sobre\\\/anhembi-recebe-ajustes-finais-para-corrida-da-indy-em-santana-zebras-podem-ser-problema\\\/#authorImage\",\"url\":\"https:\\\/\\\/secure.gravatar.com\\\/avatar\\\/0fbed662e37531ae23e68f85f9517b2454e50c1dfebf80eb9b721449ac95e0b9?s=96&d=mm&r=g\",\"width\":96,\"height\":96,\"caption\":\"Encontra Santana\"}},{\"@type\":\"WebPage\",\"@id\":\"https:\\\/\\\/www.encontrasantana.com.br\\\/sobre\\\/anhembi-recebe-ajustes-finais-para-corrida-da-indy-em-santana-zebras-podem-ser-problema\\\/#webpage\",\"url\":\"https:\\\/\\\/www.encontrasantana.com.br\\\/sobre\\\/anhembi-recebe-ajustes-finais-para-corrida-da-indy-em-santana-zebras-podem-ser-problema\\\/\",\"name\":\"Anhembi recebe ajustes finais para corrida da Indy em Santana; zebras podem ser problema \\u00bb Encontra Santana\",\"description\":\"Funcion\\u00e1rios seguem trabalhando no circuito de rua montado em S\\u00e3o Paulo, que receber\\u00e1 no pr\\u00f3ximo domingo a quarta etapa da temporada da F\\u00f3rmula Indy. Nesta ter\\u00e7a-feira, a reportagem esteve no Parque do Anhembi e verificou que os pilotos devem ter uma boa e uma m\\u00e1 not\\u00edcia quanto \\u00e0s condi\\u00e7\\u00f5es da pista. O pequeno salto que os\",\"inLanguage\":\"pt-BR\",\"isPartOf\":{\"@id\":\"https:\\\/\\\/www.encontrasantana.com.br\\\/sobre\\\/#website\"},\"breadcrumb\":{\"@id\":\"https:\\\/\\\/www.encontrasantana.com.br\\\/sobre\\\/anhembi-recebe-ajustes-finais-para-corrida-da-indy-em-santana-zebras-podem-ser-problema\\\/#breadcrumblist\"},\"author\":{\"@id\":\"https:\\\/\\\/www.encontrasantana.com.br\\\/sobre\\\/author\\\/esantana\\\/#author\"},\"creator\":{\"@id\":\"https:\\\/\\\/www.encontrasantana.com.br\\\/sobre\\\/author\\\/esantana\\\/#author\"},\"datePublished\":\"2012-04-25T19:28:58-03:00\",\"dateModified\":\"2019-04-15T09:59:15-03:00\"},{\"@type\":\"WebSite\",\"@id\":\"https:\\\/\\\/www.encontrasantana.com.br\\\/sobre\\\/#website\",\"url\":\"https:\\\/\\\/www.encontrasantana.com.br\\\/sobre\\\/\",\"name\":\"Encontra Santana\",\"description\":\"Not\\u00edcias, eventos, informa\\u00e7\\u00f5es e dicas no bairro de Santana e regi\\u00e3o.\",\"inLanguage\":\"pt-BR\",\"publisher\":{\"@id\":\"https:\\\/\\\/www.encontrasantana.com.br\\\/sobre\\\/#organization\"}}]}\n\t\t<\/script>\n\t\t<!-- All in One SEO -->\n\n","aioseo_head_json":{"title":"Anhembi recebe ajustes finais para corrida da Indy em Santana; zebras podem ser problema \u00bb Encontra Santana","description":"Funcion\u00e1rios seguem trabalhando no circuito de rua montado em S\u00e3o Paulo, que receber\u00e1 no pr\u00f3ximo domingo a quarta etapa da temporada da F\u00f3rmula Indy. Nesta ter\u00e7a-feira, a reportagem esteve no Parque do Anhembi e verificou que os pilotos devem ter uma boa e uma m\u00e1 not\u00edcia quanto \u00e0s condi\u00e7\u00f5es da pista. O pequeno salto que os","canonical_url":"https:\/\/www.encontrasantana.com.br\/sobre\/anhembi-recebe-ajustes-finais-para-corrida-da-indy-em-santana-zebras-podem-ser-problema\/","robots":"max-image-preview:large","keywords":"","webmasterTools":{"miscellaneous":""},"schema":{"@context":"https:\/\/schema.org","@graph":[{"@type":"Article","@id":"https:\/\/www.encontrasantana.com.br\/sobre\/anhembi-recebe-ajustes-finais-para-corrida-da-indy-em-santana-zebras-podem-ser-problema\/#article","name":"Anhembi recebe ajustes finais para corrida da Indy em Santana; zebras podem ser problema \u00bb Encontra Santana","headline":"Anhembi recebe ajustes finais para corrida da Indy em Santana; zebras podem ser problema","author":{"@id":"https:\/\/www.encontrasantana.com.br\/sobre\/author\/esantana\/#author"},"publisher":{"@id":"https:\/\/www.encontrasantana.com.br\/sobre\/#organization"},"datePublished":"2012-04-25T19:28:58-03:00","dateModified":"2019-04-15T09:59:15-03:00","inLanguage":"pt-BR","mainEntityOfPage":{"@id":"https:\/\/www.encontrasantana.com.br\/sobre\/anhembi-recebe-ajustes-finais-para-corrida-da-indy-em-santana-zebras-podem-ser-problema\/#webpage"},"isPartOf":{"@id":"https:\/\/www.encontrasantana.com.br\/sobre\/anhembi-recebe-ajustes-finais-para-corrida-da-indy-em-santana-zebras-podem-ser-problema\/#webpage"},"articleSection":"Not\u00edcias Santana, Santana"},{"@type":"BreadcrumbList","@id":"https:\/\/www.encontrasantana.com.br\/sobre\/anhembi-recebe-ajustes-finais-para-corrida-da-indy-em-santana-zebras-podem-ser-problema\/#breadcrumblist","itemListElement":[{"@type":"ListItem","@id":"https:\/\/www.encontrasantana.com.br\/sobre#listItem","position":1,"name":"In\u00edcio","item":"https:\/\/www.encontrasantana.com.br\/sobre","nextItem":{"@type":"ListItem","@id":"https:\/\/www.encontrasantana.com.br\/sobre\/noticias-em-santana\/#listItem","name":"Not\u00edcias Santana"}},{"@type":"ListItem","@id":"https:\/\/www.encontrasantana.com.br\/sobre\/noticias-em-santana\/#listItem","position":2,"name":"Not\u00edcias Santana","item":"https:\/\/www.encontrasantana.com.br\/sobre\/noticias-em-santana\/","nextItem":{"@type":"ListItem","@id":"https:\/\/www.encontrasantana.com.br\/sobre\/anhembi-recebe-ajustes-finais-para-corrida-da-indy-em-santana-zebras-podem-ser-problema\/#listItem","name":"Anhembi recebe ajustes finais para corrida da Indy em Santana; zebras podem ser problema"},"previousItem":{"@type":"ListItem","@id":"https:\/\/www.encontrasantana.com.br\/sobre#listItem","name":"In\u00edcio"}},{"@type":"ListItem","@id":"https:\/\/www.encontrasantana.com.br\/sobre\/anhembi-recebe-ajustes-finais-para-corrida-da-indy-em-santana-zebras-podem-ser-problema\/#listItem","position":3,"name":"Anhembi recebe ajustes finais para corrida da Indy em Santana; zebras podem ser problema","previousItem":{"@type":"ListItem","@id":"https:\/\/www.encontrasantana.com.br\/sobre\/noticias-em-santana\/#listItem","name":"Not\u00edcias Santana"}}]},{"@type":"Organization","@id":"https:\/\/www.encontrasantana.com.br\/sobre\/#organization","name":"Encontra Santana","description":"Not\u00edcias, eventos, informa\u00e7\u00f5es e dicas no bairro de Santana e regi\u00e3o.","url":"https:\/\/www.encontrasantana.com.br\/sobre\/"},{"@type":"Person","@id":"https:\/\/www.encontrasantana.com.br\/sobre\/author\/esantana\/#author","url":"https:\/\/www.encontrasantana.com.br\/sobre\/author\/esantana\/","name":"Encontra Santana","image":{"@type":"ImageObject","@id":"https:\/\/www.encontrasantana.com.br\/sobre\/anhembi-recebe-ajustes-finais-para-corrida-da-indy-em-santana-zebras-podem-ser-problema\/#authorImage","url":"https:\/\/secure.gravatar.com\/avatar\/0fbed662e37531ae23e68f85f9517b2454e50c1dfebf80eb9b721449ac95e0b9?s=96&d=mm&r=g","width":96,"height":96,"caption":"Encontra Santana"}},{"@type":"WebPage","@id":"https:\/\/www.encontrasantana.com.br\/sobre\/anhembi-recebe-ajustes-finais-para-corrida-da-indy-em-santana-zebras-podem-ser-problema\/#webpage","url":"https:\/\/www.encontrasantana.com.br\/sobre\/anhembi-recebe-ajustes-finais-para-corrida-da-indy-em-santana-zebras-podem-ser-problema\/","name":"Anhembi recebe ajustes finais para corrida da Indy em Santana; zebras podem ser problema \u00bb Encontra Santana","description":"Funcion\u00e1rios seguem trabalhando no circuito de rua montado em S\u00e3o Paulo, que receber\u00e1 no pr\u00f3ximo domingo a quarta etapa da temporada da F\u00f3rmula Indy. Nesta ter\u00e7a-feira, a reportagem esteve no Parque do Anhembi e verificou que os pilotos devem ter uma boa e uma m\u00e1 not\u00edcia quanto \u00e0s condi\u00e7\u00f5es da pista. O pequeno salto que os","inLanguage":"pt-BR","isPartOf":{"@id":"https:\/\/www.encontrasantana.com.br\/sobre\/#website"},"breadcrumb":{"@id":"https:\/\/www.encontrasantana.com.br\/sobre\/anhembi-recebe-ajustes-finais-para-corrida-da-indy-em-santana-zebras-podem-ser-problema\/#breadcrumblist"},"author":{"@id":"https:\/\/www.encontrasantana.com.br\/sobre\/author\/esantana\/#author"},"creator":{"@id":"https:\/\/www.encontrasantana.com.br\/sobre\/author\/esantana\/#author"},"datePublished":"2012-04-25T19:28:58-03:00","dateModified":"2019-04-15T09:59:15-03:00"},{"@type":"WebSite","@id":"https:\/\/www.encontrasantana.com.br\/sobre\/#website","url":"https:\/\/www.encontrasantana.com.br\/sobre\/","name":"Encontra Santana","description":"Not\u00edcias, eventos, informa\u00e7\u00f5es e dicas no bairro de Santana e regi\u00e3o.","inLanguage":"pt-BR","publisher":{"@id":"https:\/\/www.encontrasantana.com.br\/sobre\/#organization"}}]},"og:locale":"pt_BR","og:site_name":"Encontra Santana | Not\u00edcias, eventos, informa\u00e7\u00f5es e dicas no bairro de Santana e regi\u00e3o.","og:type":"article","og:title":"Anhembi recebe ajustes finais para corrida da Indy em Santana; zebras podem ser problema \u00bb Encontra Santana","og:description":"Funcion\u00e1rios seguem trabalhando no circuito de rua montado em S\u00e3o Paulo, que receber\u00e1 no pr\u00f3ximo domingo a quarta etapa da temporada da F\u00f3rmula Indy. Nesta ter\u00e7a-feira, a reportagem esteve no Parque do Anhembi e verificou que os pilotos devem ter uma boa e uma m\u00e1 not\u00edcia quanto \u00e0s condi\u00e7\u00f5es da pista. O pequeno salto que os","og:url":"https:\/\/www.encontrasantana.com.br\/sobre\/anhembi-recebe-ajustes-finais-para-corrida-da-indy-em-santana-zebras-podem-ser-problema\/","article:published_time":"2012-04-25T22:28:58+00:00","article:modified_time":"2019-04-15T12:59:15+00:00","twitter:card":"summary","twitter:title":"Anhembi recebe ajustes finais para corrida da Indy em Santana; zebras podem ser problema \u00bb Encontra Santana","twitter:description":"Funcion\u00e1rios seguem trabalhando no circuito de rua montado em S\u00e3o Paulo, que receber\u00e1 no pr\u00f3ximo domingo a quarta etapa da temporada da F\u00f3rmula Indy. Nesta ter\u00e7a-feira, a reportagem esteve no Parque do Anhembi e verificou que os pilotos devem ter uma boa e uma m\u00e1 not\u00edcia quanto \u00e0s condi\u00e7\u00f5es da pista. O pequeno salto que os"},"aioseo_meta_data":{"post_id":"17649","title":null,"description":null,"keywords":null,"keyphrases":null,"primary_term":null,"canonical_url":null,"og_title":null,"og_description":null,"og_object_type":"default","og_image_type":"default","og_image_url":null,"og_image_width":null,"og_image_height":null,"og_image_custom_url":null,"og_image_custom_fields":null,"og_video":null,"og_custom_url":null,"og_article_section":null,"og_article_tags":null,"twitter_use_og":false,"twitter_card":"default","twitter_image_type":"default","twitter_image_url":null,"twitter_image_custom_url":null,"twitter_image_custom_fields":null,"twitter_title":null,"twitter_description":null,"schema":{"blockGraphs":[],"customGraphs":[],"default":{"data":{"Article":[],"Course":[],"Dataset":[],"FAQPage":[],"Movie":[],"Person":[],"Product":[],"ProductReview":[],"Car":[],"Recipe":[],"Service":[],"SoftwareApplication":[],"WebPage":[]},"graphName":"Article","isEnabled":true},"graphs":[]},"schema_type":null,"schema_type_options":null,"pillar_content":false,"robots_default":true,"robots_noindex":false,"robots_noarchive":false,"robots_nosnippet":false,"robots_nofollow":false,"robots_noimageindex":false,"robots_noodp":false,"robots_notranslate":false,"robots_max_snippet":null,"robots_max_videopreview":null,"robots_max_imagepreview":"large","priority":null,"frequency":null,"local_seo":null,"limit_modified_date":false,"created":"2021-04-20 21:05:29","updated":"2026-08-06 16:43:28","focus_keyword":null,"additional_keywords":null,"truseo_locale":null,"ai":null,"breadcrumb_settings":null,"seo_analyzer_scan_date":null},"aioseo_breadcrumb":"<div class=\"aioseo-breadcrumbs\"><span class=\"aioseo-breadcrumb\">\n\t\t\t<a href=\"https:\/\/www.encontrasantana.com.br\/sobre\" title=\"In\u00edcio\">In\u00edcio<\/a>\n\t\t<\/span><span class=\"aioseo-breadcrumb-separator\">&raquo;<\/span><span class=\"aioseo-breadcrumb\">\n\t\t\t<a href=\"https:\/\/www.encontrasantana.com.br\/sobre\/noticias-em-santana\/\" title=\"Not\u00edcias Santana\">Not\u00edcias Santana<\/a>\n\t\t<\/span><span class=\"aioseo-breadcrumb-separator\">&raquo;<\/span><span class=\"aioseo-breadcrumb\">\n\t\t\tAnhembi recebe ajustes finais para corrida da Indy em Santana; zebras podem ser problema\n\t\t<\/span><\/div>","aioseo_breadcrumb_json":[{"label":"In\u00edcio","link":"https:\/\/www.encontrasantana.com.br\/sobre"},{"label":"Not\u00edcias Santana","link":"https:\/\/www.encontrasantana.com.br\/sobre\/noticias-em-santana\/"},{"label":"Anhembi recebe ajustes finais para corrida da Indy em Santana; zebras podem ser problema","link":"https:\/\/www.encontrasantana.com.br\/sobre\/anhembi-recebe-ajustes-finais-para-corrida-da-indy-em-santana-zebras-podem-ser-problema\/"}],"_links":{"self":[{"href":"https:\/\/www.encontrasantana.com.br\/sobre\/wp-json\/wp\/v2\/posts\/17649","targetHints":{"allow":["GET"]}}],"collection":[{"href":"https:\/\/www.encontrasantana.com.br\/sobre\/wp-json\/wp\/v2\/posts"}],"about":[{"href":"https:\/\/www.encontrasantana.com.br\/sobre\/wp-json\/wp\/v2\/types\/post"}],"author":[{"embeddable":true,"href":"https:\/\/www.encontrasantana.com.br\/sobre\/wp-json\/wp\/v2\/users\/1"}],"replies":[{"embeddable":true,"href":"https:\/\/www.encontrasantana.com.br\/sobre\/wp-json\/wp\/v2\/comments?post=17649"}],"version-history":[{"count":0,"href":"https:\/\/www.encontrasantana.com.br\/sobre\/wp-json\/wp\/v2\/posts\/17649\/revisions"}],"wp:attachment":[{"href":"https:\/\/www.encontrasantana.com.br\/sobre\/wp-json\/wp\/v2\/media?parent=17649"}],"wp:term":[{"taxonomy":"category","embeddable":true,"href":"https:\/\/www.encontrasantana.com.br\/sobre\/wp-json\/wp\/v2\/categories?post=17649"},{"taxonomy":"post_tag","embeddable":true,"href":"https:\/\/www.encontrasantana.com.br\/sobre\/wp-json\/wp\/v2\/tags?post=17649"}],"curies":[{"name":"wp","href":"https:\/\/api.w.org\/{rel}","templated":true}]}}