{"id":17714,"date":"2012-04-27T14:18:58","date_gmt":"2012-04-27T17:18:58","guid":{"rendered":"http:\/\/www.encontrasantana.com.br\/blog\/?p=17714"},"modified":"2019-04-15T09:59:14","modified_gmt":"2019-04-15T12:59:14","slug":"subprefeituras-e-gcm-mobilizam-1-050-funcionarios-por-dia-para-trabalhar-na-formula-indy-em-santana","status":"publish","type":"post","link":"https:\/\/www.encontrasantana.com.br\/sobre\/subprefeituras-e-gcm-mobilizam-1-050-funcionarios-por-dia-para-trabalhar-na-formula-indy-em-santana\/","title":{"rendered":"Subprefeituras e GCM mobilizam 1.050 funcion\u00e1rios por dia para trabalhar na F\u00f3rmula Indy em Santana"},"content":{"rendered":"<div class=\"1acf8468e559fd3cbeec5aee3a269a52\" data-index=\"1\" style=\"float: none; margin:0px;\">\n<!-- Anuncio display - global -->\r\n<ins class=\"adsbygoogle\"\r\n     style=\"display:block\"\r\n     data-ad-client=\"ca-pub-8585364105181520\"\r\n     data-ad-slot=\"8789329856\"\r\n     data-ad-format=\"auto\"\r\n     data-full-width-responsive=\"true\"><\/ins>\r\n<script>\r\n     (adsbygoogle = window.adsbygoogle || []).push({});\r\n<\/script>\n<\/div>\n<p>Entre os dias 27, 28 e 29 de abril, ser\u00e1 realizada a\u00a0 etapa brasileira da F\u00f3rmula Indy, conhecida tamb\u00e9m como S\u00e3o Paulo Indy 300. O evento esportivo contar\u00e1 com o apoio da Guarda Civil Metropolitana (GCM) e da Secretaria de Coordena\u00e7\u00e3o das Subprefeituras, juntamente com as novas empresas de limpeza e varri\u00e7\u00e3o que ir\u00e3o realizar os servi\u00e7os de zeladoria e fiscaliza\u00e7\u00e3o do local. Para tanto, as Subprefeituras Santana\/Tucuruvi, Vila Maria\/Vila Guilherme, Casa Verde e S\u00e9 disponibilizar\u00e3o, a cada dia, um efetivo superior a 1.050 homens e cerca de 125 ve\u00edculos, a fim de desenvolver tais atividades, entre as 9h e 21h dos dias 28 e 29.<\/p>\n<p>As equipes da Subprefeitura S\u00e9 atuar\u00e3o na Ponte Governador Orestes Qu\u00e9rcia (Estaiada), na avenida Santos Dumont e na avenida Presidente Castelo Branco (no dia 29 os servi\u00e7os ser\u00e3o executados entre as 7h e 19h). J\u00e1 a Subprefeitura Vila Maria\/Vila Guilherme far\u00e1 ronda no per\u00edmetro formado pela Pra\u00e7a Campo de Bagatelle, Av. Santos Dumont at\u00e9 Av. Br\u00e1s Leme, Rua Darzam, Av. Cruzeiro do Sul, R. Paineira do Campo, e demais vias inseridas nessa \u00e1rea. Por sua vez, funcion\u00e1rios das Subprefeituras Casa Verde e Santana\/Tucuruvi atuar\u00e3o no entorno do Anhembi.<\/p>\n<p>Os dois primeiros dias (27 e 28) foram destinados ao treino livre de reconhecimento da pista e para o treino classificat\u00f3rio. A prova acontece no domingo (29).<\/p>\n<p>O circuito da Indy 300 ocorre no <a href=\"http:\/\/www.encontrasantana.com.br\/santana\/anhembi-em-santana.shtml\" target=\"_blank\">Anhembi<\/a>, passando por dentro do Samb\u00f3dromo, pela \u00e1rea de estacionamento do Pavilh\u00e3o de Exposi\u00e7\u00f5es e por um trecho de 1.500 metros da Marginal Tiet\u00ea, na qual os carros podem atingir velocidade superior a 300 km\/h.<\/p>\n<p>S\u00e3o Paulo \u00e9 a \u00fanica cidade do mundo a receber, anualmente, as F\u00f3rmulas 1 e Indy. Al\u00e9m dessas categorias do automobilismo, grandes eventos como Carnaval, Virada Cultural, Parada do Orgulho GLBT, Virada Esportiva, shows, entre outros, s\u00e3o realizados com apoio da SMSP, das Subprefeituras e de outros \u00f3rg\u00e3os municipais e estaduais, que contribuem para o turismo local e movimentam a economia da cidade.<\/p>\n<p><em>Fonte: Prefeitura de S\u00e3o Paulo<\/em><\/p>\n\n<div style=\"font-size: 0px; height: 0px; line-height: 0px; margin: 0; padding: 0; clear: both;\"><\/div>","protected":false},"excerpt":{"rendered":"<p>Entre os dias 27, 28 e 29 de abril, ser\u00e1 realizada a\u00a0 etapa brasileira da F\u00f3rmula Indy, conhecida tamb\u00e9m como S\u00e3o Paulo Indy 300. O evento esportivo contar\u00e1 com o apoio da Guarda Civil Metropolitana (GCM) e da Secretaria de Coordena\u00e7\u00e3o das Subprefeituras, juntamente com as novas empresas de limpeza e varri\u00e7\u00e3o que ir\u00e3o realizar os servi\u00e7os de zeladoria e fiscaliza\u00e7\u00e3o do local. Para tanto, as Subprefeituras Santana\/Tucuruvi, Vila Maria\/Vila Guilherme, Casa Verde e S\u00e9 disponibilizar\u00e3o, a cada dia, um efetivo superior a 1.050 homens e cerca de 125 ve\u00edculos, a fim de desenvolver tais atividades, entre as 9h e <\/p>\n","protected":false},"author":1,"featured_media":0,"comment_status":"open","ping_status":"closed","sticky":false,"template":"","format":"standard","meta":{"footnotes":""},"categories":[3],"tags":[10],"class_list":["post-17714","post","type-post","status-publish","format-standard","hentry","category-noticias-em-santana","tag-santana"],"aioseo_notices":[],"aioseo_head":"\n\t\t<!-- All in One SEO 5.0.0.1 - aioseo.com -->\n\t<meta name=\"description\" content=\"Entre os dias 27, 28 e 29 de abril, ser\u00e1 realizada a etapa brasileira da F\u00f3rmula Indy, conhecida tamb\u00e9m como S\u00e3o Paulo Indy 300. O evento esportivo contar\u00e1 com o apoio da Guarda Civil Metropolitana (GCM) e da Secretaria de Coordena\u00e7\u00e3o das Subprefeituras, juntamente com as novas empresas de limpeza e varri\u00e7\u00e3o que ir\u00e3o realizar\" \/>\n\t<meta name=\"robots\" content=\"max-image-preview:large\" \/>\n\t<meta name=\"author\" content=\"Encontra Santana\"\/>\n\t<link rel=\"canonical\" href=\"https:\/\/www.encontrasantana.com.br\/sobre\/subprefeituras-e-gcm-mobilizam-1-050-funcionarios-por-dia-para-trabalhar-na-formula-indy-em-santana\/\" \/>\n\t<meta name=\"generator\" content=\"All in One SEO (AIOSEO) 5.0.0.1\" \/>\n\t\t<meta property=\"og:locale\" content=\"pt_BR\" \/>\n\t\t<meta property=\"og:site_name\" content=\"Encontra Santana | Not\u00edcias, eventos, informa\u00e7\u00f5es e dicas no bairro de Santana e regi\u00e3o.\" \/>\n\t\t<meta property=\"og:type\" content=\"article\" \/>\n\t\t<meta property=\"og:title\" content=\"Subprefeituras e GCM mobilizam 1.050 funcion\u00e1rios por dia para trabalhar na F\u00f3rmula Indy em Santana \u00bb Encontra Santana\" \/>\n\t\t<meta property=\"og:description\" content=\"Entre os dias 27, 28 e 29 de abril, ser\u00e1 realizada a etapa brasileira da F\u00f3rmula Indy, conhecida tamb\u00e9m como S\u00e3o Paulo Indy 300. O evento esportivo contar\u00e1 com o apoio da Guarda Civil Metropolitana (GCM) e da Secretaria de Coordena\u00e7\u00e3o das Subprefeituras, juntamente com as novas empresas de limpeza e varri\u00e7\u00e3o que ir\u00e3o realizar\" \/>\n\t\t<meta property=\"og:url\" content=\"https:\/\/www.encontrasantana.com.br\/sobre\/subprefeituras-e-gcm-mobilizam-1-050-funcionarios-por-dia-para-trabalhar-na-formula-indy-em-santana\/\" \/>\n\t\t<meta property=\"article:published_time\" content=\"2012-04-27T17:18:58+00:00\" \/>\n\t\t<meta property=\"article:modified_time\" content=\"2019-04-15T12:59:14+00:00\" \/>\n\t\t<meta name=\"twitter:card\" content=\"summary\" \/>\n\t\t<meta name=\"twitter:title\" content=\"Subprefeituras e GCM mobilizam 1.050 funcion\u00e1rios por dia para trabalhar na F\u00f3rmula Indy em Santana \u00bb Encontra Santana\" \/>\n\t\t<meta name=\"twitter:description\" content=\"Entre os dias 27, 28 e 29 de abril, ser\u00e1 realizada a etapa brasileira da F\u00f3rmula Indy, conhecida tamb\u00e9m como S\u00e3o Paulo Indy 300. O evento esportivo contar\u00e1 com o apoio da Guarda Civil Metropolitana (GCM) e da Secretaria de Coordena\u00e7\u00e3o das Subprefeituras, juntamente com as novas empresas de limpeza e varri\u00e7\u00e3o que ir\u00e3o realizar\" \/>\n\t\t<script type=\"application\/ld+json\" class=\"aioseo-schema\">\n\t\t\t{\"@context\":\"https:\\\/\\\/schema.org\",\"@graph\":[{\"@type\":\"Article\",\"@id\":\"https:\\\/\\\/www.encontrasantana.com.br\\\/sobre\\\/subprefeituras-e-gcm-mobilizam-1-050-funcionarios-por-dia-para-trabalhar-na-formula-indy-em-santana\\\/#article\",\"name\":\"Subprefeituras e GCM mobilizam 1.050 funcion\\u00e1rios por dia para trabalhar na F\\u00f3rmula Indy em Santana \\u00bb Encontra Santana\",\"headline\":\"Subprefeituras e GCM mobilizam 1.050 funcion\\u00e1rios por dia para trabalhar na F\\u00f3rmula Indy em Santana\",\"author\":{\"@id\":\"https:\\\/\\\/www.encontrasantana.com.br\\\/sobre\\\/author\\\/esantana\\\/#author\"},\"publisher\":{\"@id\":\"https:\\\/\\\/www.encontrasantana.com.br\\\/sobre\\\/#organization\"},\"datePublished\":\"2012-04-27T14:18:58-03:00\",\"dateModified\":\"2019-04-15T09:59:14-03:00\",\"inLanguage\":\"pt-BR\",\"mainEntityOfPage\":{\"@id\":\"https:\\\/\\\/www.encontrasantana.com.br\\\/sobre\\\/subprefeituras-e-gcm-mobilizam-1-050-funcionarios-por-dia-para-trabalhar-na-formula-indy-em-santana\\\/#webpage\"},\"isPartOf\":{\"@id\":\"https:\\\/\\\/www.encontrasantana.com.br\\\/sobre\\\/subprefeituras-e-gcm-mobilizam-1-050-funcionarios-por-dia-para-trabalhar-na-formula-indy-em-santana\\\/#webpage\"},\"articleSection\":\"Not\\u00edcias Santana, Santana\"},{\"@type\":\"BreadcrumbList\",\"@id\":\"https:\\\/\\\/www.encontrasantana.com.br\\\/sobre\\\/subprefeituras-e-gcm-mobilizam-1-050-funcionarios-por-dia-para-trabalhar-na-formula-indy-em-santana\\\/#breadcrumblist\",\"itemListElement\":[{\"@type\":\"ListItem\",\"@id\":\"https:\\\/\\\/www.encontrasantana.com.br\\\/sobre#listItem\",\"position\":1,\"name\":\"In\\u00edcio\",\"item\":\"https:\\\/\\\/www.encontrasantana.com.br\\\/sobre\",\"nextItem\":{\"@type\":\"ListItem\",\"@id\":\"https:\\\/\\\/www.encontrasantana.com.br\\\/sobre\\\/noticias-em-santana\\\/#listItem\",\"name\":\"Not\\u00edcias Santana\"}},{\"@type\":\"ListItem\",\"@id\":\"https:\\\/\\\/www.encontrasantana.com.br\\\/sobre\\\/noticias-em-santana\\\/#listItem\",\"position\":2,\"name\":\"Not\\u00edcias Santana\",\"item\":\"https:\\\/\\\/www.encontrasantana.com.br\\\/sobre\\\/noticias-em-santana\\\/\",\"nextItem\":{\"@type\":\"ListItem\",\"@id\":\"https:\\\/\\\/www.encontrasantana.com.br\\\/sobre\\\/subprefeituras-e-gcm-mobilizam-1-050-funcionarios-por-dia-para-trabalhar-na-formula-indy-em-santana\\\/#listItem\",\"name\":\"Subprefeituras e GCM mobilizam 1.050 funcion\\u00e1rios por dia para trabalhar na F\\u00f3rmula Indy em Santana\"},\"previousItem\":{\"@type\":\"ListItem\",\"@id\":\"https:\\\/\\\/www.encontrasantana.com.br\\\/sobre#listItem\",\"name\":\"In\\u00edcio\"}},{\"@type\":\"ListItem\",\"@id\":\"https:\\\/\\\/www.encontrasantana.com.br\\\/sobre\\\/subprefeituras-e-gcm-mobilizam-1-050-funcionarios-por-dia-para-trabalhar-na-formula-indy-em-santana\\\/#listItem\",\"position\":3,\"name\":\"Subprefeituras e GCM mobilizam 1.050 funcion\\u00e1rios por dia para trabalhar na F\\u00f3rmula Indy em Santana\",\"previousItem\":{\"@type\":\"ListItem\",\"@id\":\"https:\\\/\\\/www.encontrasantana.com.br\\\/sobre\\\/noticias-em-santana\\\/#listItem\",\"name\":\"Not\\u00edcias Santana\"}}]},{\"@type\":\"Organization\",\"@id\":\"https:\\\/\\\/www.encontrasantana.com.br\\\/sobre\\\/#organization\",\"name\":\"Encontra Santana\",\"description\":\"Not\\u00edcias, eventos, informa\\u00e7\\u00f5es e dicas no bairro de Santana e regi\\u00e3o.\",\"url\":\"https:\\\/\\\/www.encontrasantana.com.br\\\/sobre\\\/\"},{\"@type\":\"Person\",\"@id\":\"https:\\\/\\\/www.encontrasantana.com.br\\\/sobre\\\/author\\\/esantana\\\/#author\",\"url\":\"https:\\\/\\\/www.encontrasantana.com.br\\\/sobre\\\/author\\\/esantana\\\/\",\"name\":\"Encontra Santana\",\"image\":{\"@type\":\"ImageObject\",\"@id\":\"https:\\\/\\\/www.encontrasantana.com.br\\\/sobre\\\/subprefeituras-e-gcm-mobilizam-1-050-funcionarios-por-dia-para-trabalhar-na-formula-indy-em-santana\\\/#authorImage\",\"url\":\"https:\\\/\\\/secure.gravatar.com\\\/avatar\\\/0fbed662e37531ae23e68f85f9517b2454e50c1dfebf80eb9b721449ac95e0b9?s=96&d=mm&r=g\",\"width\":96,\"height\":96,\"caption\":\"Encontra Santana\"}},{\"@type\":\"WebPage\",\"@id\":\"https:\\\/\\\/www.encontrasantana.com.br\\\/sobre\\\/subprefeituras-e-gcm-mobilizam-1-050-funcionarios-por-dia-para-trabalhar-na-formula-indy-em-santana\\\/#webpage\",\"url\":\"https:\\\/\\\/www.encontrasantana.com.br\\\/sobre\\\/subprefeituras-e-gcm-mobilizam-1-050-funcionarios-por-dia-para-trabalhar-na-formula-indy-em-santana\\\/\",\"name\":\"Subprefeituras e GCM mobilizam 1.050 funcion\\u00e1rios por dia para trabalhar na F\\u00f3rmula Indy em Santana \\u00bb Encontra Santana\",\"description\":\"Entre os dias 27, 28 e 29 de abril, ser\\u00e1 realizada a etapa brasileira da F\\u00f3rmula Indy, conhecida tamb\\u00e9m como S\\u00e3o Paulo Indy 300. O evento esportivo contar\\u00e1 com o apoio da Guarda Civil Metropolitana (GCM) e da Secretaria de Coordena\\u00e7\\u00e3o das Subprefeituras, juntamente com as novas empresas de limpeza e varri\\u00e7\\u00e3o que ir\\u00e3o realizar\",\"inLanguage\":\"pt-BR\",\"isPartOf\":{\"@id\":\"https:\\\/\\\/www.encontrasantana.com.br\\\/sobre\\\/#website\"},\"breadcrumb\":{\"@id\":\"https:\\\/\\\/www.encontrasantana.com.br\\\/sobre\\\/subprefeituras-e-gcm-mobilizam-1-050-funcionarios-por-dia-para-trabalhar-na-formula-indy-em-santana\\\/#breadcrumblist\"},\"author\":{\"@id\":\"https:\\\/\\\/www.encontrasantana.com.br\\\/sobre\\\/author\\\/esantana\\\/#author\"},\"creator\":{\"@id\":\"https:\\\/\\\/www.encontrasantana.com.br\\\/sobre\\\/author\\\/esantana\\\/#author\"},\"datePublished\":\"2012-04-27T14:18:58-03:00\",\"dateModified\":\"2019-04-15T09:59:14-03:00\"},{\"@type\":\"WebSite\",\"@id\":\"https:\\\/\\\/www.encontrasantana.com.br\\\/sobre\\\/#website\",\"url\":\"https:\\\/\\\/www.encontrasantana.com.br\\\/sobre\\\/\",\"name\":\"Encontra Santana\",\"description\":\"Not\\u00edcias, eventos, informa\\u00e7\\u00f5es e dicas no bairro de Santana e regi\\u00e3o.\",\"inLanguage\":\"pt-BR\",\"publisher\":{\"@id\":\"https:\\\/\\\/www.encontrasantana.com.br\\\/sobre\\\/#organization\"}}]}\n\t\t<\/script>\n\t\t<!-- All in One SEO -->\n\n","aioseo_head_json":{"title":"Subprefeituras e GCM mobilizam 1.050 funcion\u00e1rios por dia para trabalhar na F\u00f3rmula Indy em Santana \u00bb Encontra Santana","description":"Entre os dias 27, 28 e 29 de abril, ser\u00e1 realizada a etapa brasileira da F\u00f3rmula Indy, conhecida tamb\u00e9m como S\u00e3o Paulo Indy 300. O evento esportivo contar\u00e1 com o apoio da Guarda Civil Metropolitana (GCM) e da Secretaria de Coordena\u00e7\u00e3o das Subprefeituras, juntamente com as novas empresas de limpeza e varri\u00e7\u00e3o que ir\u00e3o realizar","canonical_url":"https:\/\/www.encontrasantana.com.br\/sobre\/subprefeituras-e-gcm-mobilizam-1-050-funcionarios-por-dia-para-trabalhar-na-formula-indy-em-santana\/","robots":"max-image-preview:large","keywords":"","webmasterTools":{"miscellaneous":""},"schema":{"@context":"https:\/\/schema.org","@graph":[{"@type":"Article","@id":"https:\/\/www.encontrasantana.com.br\/sobre\/subprefeituras-e-gcm-mobilizam-1-050-funcionarios-por-dia-para-trabalhar-na-formula-indy-em-santana\/#article","name":"Subprefeituras e GCM mobilizam 1.050 funcion\u00e1rios por dia para trabalhar na F\u00f3rmula Indy em Santana \u00bb Encontra Santana","headline":"Subprefeituras e GCM mobilizam 1.050 funcion\u00e1rios por dia para trabalhar na F\u00f3rmula Indy em Santana","author":{"@id":"https:\/\/www.encontrasantana.com.br\/sobre\/author\/esantana\/#author"},"publisher":{"@id":"https:\/\/www.encontrasantana.com.br\/sobre\/#organization"},"datePublished":"2012-04-27T14:18:58-03:00","dateModified":"2019-04-15T09:59:14-03:00","inLanguage":"pt-BR","mainEntityOfPage":{"@id":"https:\/\/www.encontrasantana.com.br\/sobre\/subprefeituras-e-gcm-mobilizam-1-050-funcionarios-por-dia-para-trabalhar-na-formula-indy-em-santana\/#webpage"},"isPartOf":{"@id":"https:\/\/www.encontrasantana.com.br\/sobre\/subprefeituras-e-gcm-mobilizam-1-050-funcionarios-por-dia-para-trabalhar-na-formula-indy-em-santana\/#webpage"},"articleSection":"Not\u00edcias Santana, Santana"},{"@type":"BreadcrumbList","@id":"https:\/\/www.encontrasantana.com.br\/sobre\/subprefeituras-e-gcm-mobilizam-1-050-funcionarios-por-dia-para-trabalhar-na-formula-indy-em-santana\/#breadcrumblist","itemListElement":[{"@type":"ListItem","@id":"https:\/\/www.encontrasantana.com.br\/sobre#listItem","position":1,"name":"In\u00edcio","item":"https:\/\/www.encontrasantana.com.br\/sobre","nextItem":{"@type":"ListItem","@id":"https:\/\/www.encontrasantana.com.br\/sobre\/noticias-em-santana\/#listItem","name":"Not\u00edcias Santana"}},{"@type":"ListItem","@id":"https:\/\/www.encontrasantana.com.br\/sobre\/noticias-em-santana\/#listItem","position":2,"name":"Not\u00edcias Santana","item":"https:\/\/www.encontrasantana.com.br\/sobre\/noticias-em-santana\/","nextItem":{"@type":"ListItem","@id":"https:\/\/www.encontrasantana.com.br\/sobre\/subprefeituras-e-gcm-mobilizam-1-050-funcionarios-por-dia-para-trabalhar-na-formula-indy-em-santana\/#listItem","name":"Subprefeituras e GCM mobilizam 1.050 funcion\u00e1rios por dia para trabalhar na F\u00f3rmula Indy em Santana"},"previousItem":{"@type":"ListItem","@id":"https:\/\/www.encontrasantana.com.br\/sobre#listItem","name":"In\u00edcio"}},{"@type":"ListItem","@id":"https:\/\/www.encontrasantana.com.br\/sobre\/subprefeituras-e-gcm-mobilizam-1-050-funcionarios-por-dia-para-trabalhar-na-formula-indy-em-santana\/#listItem","position":3,"name":"Subprefeituras e GCM mobilizam 1.050 funcion\u00e1rios por dia para trabalhar na F\u00f3rmula Indy em Santana","previousItem":{"@type":"ListItem","@id":"https:\/\/www.encontrasantana.com.br\/sobre\/noticias-em-santana\/#listItem","name":"Not\u00edcias Santana"}}]},{"@type":"Organization","@id":"https:\/\/www.encontrasantana.com.br\/sobre\/#organization","name":"Encontra Santana","description":"Not\u00edcias, eventos, informa\u00e7\u00f5es e dicas no bairro de Santana e regi\u00e3o.","url":"https:\/\/www.encontrasantana.com.br\/sobre\/"},{"@type":"Person","@id":"https:\/\/www.encontrasantana.com.br\/sobre\/author\/esantana\/#author","url":"https:\/\/www.encontrasantana.com.br\/sobre\/author\/esantana\/","name":"Encontra Santana","image":{"@type":"ImageObject","@id":"https:\/\/www.encontrasantana.com.br\/sobre\/subprefeituras-e-gcm-mobilizam-1-050-funcionarios-por-dia-para-trabalhar-na-formula-indy-em-santana\/#authorImage","url":"https:\/\/secure.gravatar.com\/avatar\/0fbed662e37531ae23e68f85f9517b2454e50c1dfebf80eb9b721449ac95e0b9?s=96&d=mm&r=g","width":96,"height":96,"caption":"Encontra Santana"}},{"@type":"WebPage","@id":"https:\/\/www.encontrasantana.com.br\/sobre\/subprefeituras-e-gcm-mobilizam-1-050-funcionarios-por-dia-para-trabalhar-na-formula-indy-em-santana\/#webpage","url":"https:\/\/www.encontrasantana.com.br\/sobre\/subprefeituras-e-gcm-mobilizam-1-050-funcionarios-por-dia-para-trabalhar-na-formula-indy-em-santana\/","name":"Subprefeituras e GCM mobilizam 1.050 funcion\u00e1rios por dia para trabalhar na F\u00f3rmula Indy em Santana \u00bb Encontra Santana","description":"Entre os dias 27, 28 e 29 de abril, ser\u00e1 realizada a etapa brasileira da F\u00f3rmula Indy, conhecida tamb\u00e9m como S\u00e3o Paulo Indy 300. O evento esportivo contar\u00e1 com o apoio da Guarda Civil Metropolitana (GCM) e da Secretaria de Coordena\u00e7\u00e3o das Subprefeituras, juntamente com as novas empresas de limpeza e varri\u00e7\u00e3o que ir\u00e3o realizar","inLanguage":"pt-BR","isPartOf":{"@id":"https:\/\/www.encontrasantana.com.br\/sobre\/#website"},"breadcrumb":{"@id":"https:\/\/www.encontrasantana.com.br\/sobre\/subprefeituras-e-gcm-mobilizam-1-050-funcionarios-por-dia-para-trabalhar-na-formula-indy-em-santana\/#breadcrumblist"},"author":{"@id":"https:\/\/www.encontrasantana.com.br\/sobre\/author\/esantana\/#author"},"creator":{"@id":"https:\/\/www.encontrasantana.com.br\/sobre\/author\/esantana\/#author"},"datePublished":"2012-04-27T14:18:58-03:00","dateModified":"2019-04-15T09:59:14-03:00"},{"@type":"WebSite","@id":"https:\/\/www.encontrasantana.com.br\/sobre\/#website","url":"https:\/\/www.encontrasantana.com.br\/sobre\/","name":"Encontra Santana","description":"Not\u00edcias, eventos, informa\u00e7\u00f5es e dicas no bairro de Santana e regi\u00e3o.","inLanguage":"pt-BR","publisher":{"@id":"https:\/\/www.encontrasantana.com.br\/sobre\/#organization"}}]},"og:locale":"pt_BR","og:site_name":"Encontra Santana | Not\u00edcias, eventos, informa\u00e7\u00f5es e dicas no bairro de Santana e regi\u00e3o.","og:type":"article","og:title":"Subprefeituras e GCM mobilizam 1.050 funcion\u00e1rios por dia para trabalhar na F\u00f3rmula Indy em Santana \u00bb Encontra Santana","og:description":"Entre os dias 27, 28 e 29 de abril, ser\u00e1 realizada a etapa brasileira da F\u00f3rmula Indy, conhecida tamb\u00e9m como S\u00e3o Paulo Indy 300. O evento esportivo contar\u00e1 com o apoio da Guarda Civil Metropolitana (GCM) e da Secretaria de Coordena\u00e7\u00e3o das Subprefeituras, juntamente com as novas empresas de limpeza e varri\u00e7\u00e3o que ir\u00e3o realizar","og:url":"https:\/\/www.encontrasantana.com.br\/sobre\/subprefeituras-e-gcm-mobilizam-1-050-funcionarios-por-dia-para-trabalhar-na-formula-indy-em-santana\/","article:published_time":"2012-04-27T17:18:58+00:00","article:modified_time":"2019-04-15T12:59:14+00:00","twitter:card":"summary","twitter:title":"Subprefeituras e GCM mobilizam 1.050 funcion\u00e1rios por dia para trabalhar na F\u00f3rmula Indy em Santana \u00bb Encontra Santana","twitter:description":"Entre os dias 27, 28 e 29 de abril, ser\u00e1 realizada a etapa brasileira da F\u00f3rmula Indy, conhecida tamb\u00e9m como S\u00e3o Paulo Indy 300. O evento esportivo contar\u00e1 com o apoio da Guarda Civil Metropolitana (GCM) e da Secretaria de Coordena\u00e7\u00e3o das Subprefeituras, juntamente com as novas empresas de limpeza e varri\u00e7\u00e3o que ir\u00e3o realizar"},"aioseo_meta_data":{"post_id":"17714","title":null,"description":null,"keywords":null,"keyphrases":null,"primary_term":null,"canonical_url":null,"og_title":null,"og_description":null,"og_object_type":"default","og_image_type":"default","og_image_url":null,"og_image_width":null,"og_image_height":null,"og_image_custom_url":null,"og_image_custom_fields":null,"og_video":null,"og_custom_url":null,"og_article_section":null,"og_article_tags":null,"twitter_use_og":false,"twitter_card":"default","twitter_image_type":"default","twitter_image_url":null,"twitter_image_custom_url":null,"twitter_image_custom_fields":null,"twitter_title":null,"twitter_description":null,"schema":{"blockGraphs":[],"customGraphs":[],"default":{"data":{"Article":[],"Course":[],"Dataset":[],"FAQPage":[],"Movie":[],"Person":[],"Product":[],"ProductReview":[],"Car":[],"Recipe":[],"Service":[],"SoftwareApplication":[],"WebPage":[]},"graphName":"Article","isEnabled":true},"graphs":[]},"schema_type":null,"schema_type_options":null,"pillar_content":false,"robots_default":true,"robots_noindex":false,"robots_noarchive":false,"robots_nosnippet":false,"robots_nofollow":false,"robots_noimageindex":false,"robots_noodp":false,"robots_notranslate":false,"robots_max_snippet":null,"robots_max_videopreview":null,"robots_max_imagepreview":"large","priority":null,"frequency":null,"local_seo":null,"limit_modified_date":false,"created":"2021-04-20 21:05:29","updated":"2026-08-06 16:43:28","focus_keyword":null,"additional_keywords":null,"truseo_locale":null,"ai":null,"breadcrumb_settings":null,"seo_analyzer_scan_date":null},"aioseo_breadcrumb":"<div class=\"aioseo-breadcrumbs\"><span class=\"aioseo-breadcrumb\">\n\t\t\t<a href=\"https:\/\/www.encontrasantana.com.br\/sobre\" title=\"In\u00edcio\">In\u00edcio<\/a>\n\t\t<\/span><span class=\"aioseo-breadcrumb-separator\">&raquo;<\/span><span class=\"aioseo-breadcrumb\">\n\t\t\t<a href=\"https:\/\/www.encontrasantana.com.br\/sobre\/noticias-em-santana\/\" title=\"Not\u00edcias Santana\">Not\u00edcias Santana<\/a>\n\t\t<\/span><span class=\"aioseo-breadcrumb-separator\">&raquo;<\/span><span class=\"aioseo-breadcrumb\">\n\t\t\tSubprefeituras e GCM mobilizam 1.050 funcion\u00e1rios por dia para trabalhar na F\u00f3rmula Indy em Santana\n\t\t<\/span><\/div>","aioseo_breadcrumb_json":[{"label":"In\u00edcio","link":"https:\/\/www.encontrasantana.com.br\/sobre"},{"label":"Not\u00edcias Santana","link":"https:\/\/www.encontrasantana.com.br\/sobre\/noticias-em-santana\/"},{"label":"Subprefeituras e GCM mobilizam 1.050 funcion\u00e1rios por dia para trabalhar na F\u00f3rmula Indy em Santana","link":"https:\/\/www.encontrasantana.com.br\/sobre\/subprefeituras-e-gcm-mobilizam-1-050-funcionarios-por-dia-para-trabalhar-na-formula-indy-em-santana\/"}],"_links":{"self":[{"href":"https:\/\/www.encontrasantana.com.br\/sobre\/wp-json\/wp\/v2\/posts\/17714","targetHints":{"allow":["GET"]}}],"collection":[{"href":"https:\/\/www.encontrasantana.com.br\/sobre\/wp-json\/wp\/v2\/posts"}],"about":[{"href":"https:\/\/www.encontrasantana.com.br\/sobre\/wp-json\/wp\/v2\/types\/post"}],"author":[{"embeddable":true,"href":"https:\/\/www.encontrasantana.com.br\/sobre\/wp-json\/wp\/v2\/users\/1"}],"replies":[{"embeddable":true,"href":"https:\/\/www.encontrasantana.com.br\/sobre\/wp-json\/wp\/v2\/comments?post=17714"}],"version-history":[{"count":0,"href":"https:\/\/www.encontrasantana.com.br\/sobre\/wp-json\/wp\/v2\/posts\/17714\/revisions"}],"wp:attachment":[{"href":"https:\/\/www.encontrasantana.com.br\/sobre\/wp-json\/wp\/v2\/media?parent=17714"}],"wp:term":[{"taxonomy":"category","embeddable":true,"href":"https:\/\/www.encontrasantana.com.br\/sobre\/wp-json\/wp\/v2\/categories?post=17714"},{"taxonomy":"post_tag","embeddable":true,"href":"https:\/\/www.encontrasantana.com.br\/sobre\/wp-json\/wp\/v2\/tags?post=17714"}],"curies":[{"name":"wp","href":"https:\/\/api.w.org\/{rel}","templated":true}]}}