{"id":17901,"date":"2012-05-02T19:15:41","date_gmt":"2012-05-02T22:15:41","guid":{"rendered":"http:\/\/www.encontrasantana.com.br\/blog\/?p=17901"},"modified":"2019-04-15T09:59:14","modified_gmt":"2019-04-15T12:59:14","slug":"corrida-em-santana-retirada-de-alambrados-da-marginal-acaba-em-45-dias","status":"publish","type":"post","link":"https:\/\/www.encontrasantana.com.br\/sobre\/corrida-em-santana-retirada-de-alambrados-da-marginal-acaba-em-45-dias\/","title":{"rendered":"Corrida em Santana: retirada de alambrados da marginal acaba em 45 dias"},"content":{"rendered":"<div class=\"1acf8468e559fd3cbeec5aee3a269a52\" data-index=\"1\" style=\"float: none; margin:0px;\">\n<!-- Anuncio display - global -->\r\n<ins class=\"adsbygoogle\"\r\n     style=\"display:block\"\r\n     data-ad-client=\"ca-pub-8585364105181520\"\r\n     data-ad-slot=\"8789329856\"\r\n     data-ad-format=\"auto\"\r\n     data-full-width-responsive=\"true\"><\/ins>\r\n<script>\r\n     (adsbygoogle = window.adsbygoogle || []).push({});\r\n<\/script>\n<\/div>\n<p>A retirada completa dos alambrados e prote\u00e7\u00f5es met\u00e1licas montadas na marginal Tiet\u00ea e na avenida Olavo Fontoura para a realiza\u00e7\u00e3o da F\u00f3rmula Indy s\u00f3 ser\u00e1 conclu\u00edda em 45 dias, informou a prefeitura nesta segunda-feira.<\/p>\n<p>Ap\u00f3s o t\u00e9rmino da prova, realizada no \u00faltimo fim de semana, come\u00e7ou a corrida para a desmontagem dos mais de 4 km do circuito de rua do <a href=\"http:\/\/www.encontrasantana.com.br\/santana\/anhembi-em-santana.shtml\" target=\"_blank\">Anhembi<\/a>, na zona norte de SP.<\/p>\n<p>Na noite de anteontem, ap\u00f3s o fim da competi\u00e7\u00e3o, a CET (Companhia de Engenharia de Tr\u00e1fego) retirou os bloqueios da avenida Olavo Fontoura e da marginal Tiet\u00ea, entre as pontes das Bandeiras e da Casa Verde.<\/p>\n<p><strong>Resposta<\/strong><\/p>\n<p>O secret\u00e1rio-adjunto da Siurb (Secretaria Municipal de Infraestrutura e Obras), Pedro Evangelista, disse que a remo\u00e7\u00e3o da estrutura montada para a prova n\u00e3o pode ser realizada rapidamente porque sua estrutura complexa impede que o trabalho seja ininterrupto.<\/p>\n<p>&#8220;A retirada do alambrado \u00e9 demorada porque tem muito material, o trabalho \u00e9 mais noturno para n\u00e3o atrapalhar o tr\u00e2nsito&#8221;, afirmou.<\/p>\n<p>Ele disse que ser\u00e3o preciso cerca de 450 viagens de caminh\u00e3o at\u00e9 o dep\u00f3sito para levar todo o material, que ser\u00e1 guardado e usado na prova do ano que vem da F\u00f3rmula Indy.<\/p>\n<p>Segundo Evangelista, uma equipe formada por 74 funcion\u00e1rios e dez carretas trabalham na desmontagem.<\/p>\n<p><em>Fonte: Agora S\u00e3o Paulo<\/em><\/p>\n\n<div style=\"font-size: 0px; height: 0px; line-height: 0px; margin: 0; padding: 0; clear: both;\"><\/div>","protected":false},"excerpt":{"rendered":"<p>A retirada completa dos alambrados e prote\u00e7\u00f5es met\u00e1licas montadas na marginal Tiet\u00ea e na avenida Olavo Fontoura para a realiza\u00e7\u00e3o da F\u00f3rmula Indy s\u00f3 ser\u00e1 conclu\u00edda em 45 dias, informou a prefeitura nesta segunda-feira. Ap\u00f3s o t\u00e9rmino da prova, realizada no \u00faltimo fim de semana, come\u00e7ou a corrida para a desmontagem dos mais de 4 km do circuito de rua do Anhembi, na zona norte de SP. Na noite de anteontem, ap\u00f3s o fim da competi\u00e7\u00e3o, a CET (Companhia de Engenharia de Tr\u00e1fego) retirou os bloqueios da avenida Olavo Fontoura e da marginal Tiet\u00ea, entre as pontes das Bandeiras e <\/p>\n","protected":false},"author":1,"featured_media":0,"comment_status":"open","ping_status":"closed","sticky":false,"template":"","format":"standard","meta":{"footnotes":""},"categories":[3],"tags":[],"class_list":["post-17901","post","type-post","status-publish","format-standard","hentry","category-noticias-em-santana"],"aioseo_notices":[],"aioseo_head":"\n\t\t<!-- All in One SEO 5.0.0.1 - aioseo.com -->\n\t<meta name=\"description\" content=\"A retirada completa dos alambrados e prote\u00e7\u00f5es met\u00e1licas montadas na marginal Tiet\u00ea e na avenida Olavo Fontoura para a realiza\u00e7\u00e3o da F\u00f3rmula Indy s\u00f3 ser\u00e1 conclu\u00edda em 45 dias, informou a prefeitura nesta segunda-feira. Ap\u00f3s o t\u00e9rmino da prova, realizada no \u00faltimo fim de semana, come\u00e7ou a corrida para a desmontagem dos mais de 4\" \/>\n\t<meta name=\"robots\" content=\"max-image-preview:large\" \/>\n\t<meta name=\"author\" content=\"Encontra Santana\"\/>\n\t<link rel=\"canonical\" href=\"https:\/\/www.encontrasantana.com.br\/sobre\/corrida-em-santana-retirada-de-alambrados-da-marginal-acaba-em-45-dias\/\" \/>\n\t<meta name=\"generator\" content=\"All in One SEO (AIOSEO) 5.0.0.1\" \/>\n\t\t<meta property=\"og:locale\" content=\"pt_BR\" \/>\n\t\t<meta property=\"og:site_name\" content=\"Encontra Santana | Not\u00edcias, eventos, informa\u00e7\u00f5es e dicas no bairro de Santana e regi\u00e3o.\" \/>\n\t\t<meta property=\"og:type\" content=\"article\" \/>\n\t\t<meta property=\"og:title\" content=\"Corrida em Santana: retirada de alambrados da marginal acaba em 45 dias \u00bb Encontra Santana\" \/>\n\t\t<meta property=\"og:description\" content=\"A retirada completa dos alambrados e prote\u00e7\u00f5es met\u00e1licas montadas na marginal Tiet\u00ea e na avenida Olavo Fontoura para a realiza\u00e7\u00e3o da F\u00f3rmula Indy s\u00f3 ser\u00e1 conclu\u00edda em 45 dias, informou a prefeitura nesta segunda-feira. Ap\u00f3s o t\u00e9rmino da prova, realizada no \u00faltimo fim de semana, come\u00e7ou a corrida para a desmontagem dos mais de 4\" \/>\n\t\t<meta property=\"og:url\" content=\"https:\/\/www.encontrasantana.com.br\/sobre\/corrida-em-santana-retirada-de-alambrados-da-marginal-acaba-em-45-dias\/\" \/>\n\t\t<meta property=\"article:published_time\" content=\"2012-05-02T22:15:41+00:00\" \/>\n\t\t<meta property=\"article:modified_time\" content=\"2019-04-15T12:59:14+00:00\" \/>\n\t\t<meta name=\"twitter:card\" content=\"summary\" \/>\n\t\t<meta name=\"twitter:title\" content=\"Corrida em Santana: retirada de alambrados da marginal acaba em 45 dias \u00bb Encontra Santana\" \/>\n\t\t<meta name=\"twitter:description\" content=\"A retirada completa dos alambrados e prote\u00e7\u00f5es met\u00e1licas montadas na marginal Tiet\u00ea e na avenida Olavo Fontoura para a realiza\u00e7\u00e3o da F\u00f3rmula Indy s\u00f3 ser\u00e1 conclu\u00edda em 45 dias, informou a prefeitura nesta segunda-feira. Ap\u00f3s o t\u00e9rmino da prova, realizada no \u00faltimo fim de semana, come\u00e7ou a corrida para a desmontagem dos mais de 4\" \/>\n\t\t<script type=\"application\/ld+json\" class=\"aioseo-schema\">\n\t\t\t{\"@context\":\"https:\\\/\\\/schema.org\",\"@graph\":[{\"@type\":\"Article\",\"@id\":\"https:\\\/\\\/www.encontrasantana.com.br\\\/sobre\\\/corrida-em-santana-retirada-de-alambrados-da-marginal-acaba-em-45-dias\\\/#article\",\"name\":\"Corrida em Santana: retirada de alambrados da marginal acaba em 45 dias \\u00bb Encontra Santana\",\"headline\":\"Corrida em Santana: retirada de alambrados da marginal acaba em 45 dias\",\"author\":{\"@id\":\"https:\\\/\\\/www.encontrasantana.com.br\\\/sobre\\\/author\\\/esantana\\\/#author\"},\"publisher\":{\"@id\":\"https:\\\/\\\/www.encontrasantana.com.br\\\/sobre\\\/#organization\"},\"datePublished\":\"2012-05-02T19:15:41-03:00\",\"dateModified\":\"2019-04-15T09:59:14-03:00\",\"inLanguage\":\"pt-BR\",\"mainEntityOfPage\":{\"@id\":\"https:\\\/\\\/www.encontrasantana.com.br\\\/sobre\\\/corrida-em-santana-retirada-de-alambrados-da-marginal-acaba-em-45-dias\\\/#webpage\"},\"isPartOf\":{\"@id\":\"https:\\\/\\\/www.encontrasantana.com.br\\\/sobre\\\/corrida-em-santana-retirada-de-alambrados-da-marginal-acaba-em-45-dias\\\/#webpage\"},\"articleSection\":\"Not\\u00edcias Santana\"},{\"@type\":\"BreadcrumbList\",\"@id\":\"https:\\\/\\\/www.encontrasantana.com.br\\\/sobre\\\/corrida-em-santana-retirada-de-alambrados-da-marginal-acaba-em-45-dias\\\/#breadcrumblist\",\"itemListElement\":[{\"@type\":\"ListItem\",\"@id\":\"https:\\\/\\\/www.encontrasantana.com.br\\\/sobre#listItem\",\"position\":1,\"name\":\"In\\u00edcio\",\"item\":\"https:\\\/\\\/www.encontrasantana.com.br\\\/sobre\",\"nextItem\":{\"@type\":\"ListItem\",\"@id\":\"https:\\\/\\\/www.encontrasantana.com.br\\\/sobre\\\/noticias-em-santana\\\/#listItem\",\"name\":\"Not\\u00edcias Santana\"}},{\"@type\":\"ListItem\",\"@id\":\"https:\\\/\\\/www.encontrasantana.com.br\\\/sobre\\\/noticias-em-santana\\\/#listItem\",\"position\":2,\"name\":\"Not\\u00edcias Santana\",\"item\":\"https:\\\/\\\/www.encontrasantana.com.br\\\/sobre\\\/noticias-em-santana\\\/\",\"nextItem\":{\"@type\":\"ListItem\",\"@id\":\"https:\\\/\\\/www.encontrasantana.com.br\\\/sobre\\\/corrida-em-santana-retirada-de-alambrados-da-marginal-acaba-em-45-dias\\\/#listItem\",\"name\":\"Corrida em Santana: retirada de alambrados da marginal acaba em 45 dias\"},\"previousItem\":{\"@type\":\"ListItem\",\"@id\":\"https:\\\/\\\/www.encontrasantana.com.br\\\/sobre#listItem\",\"name\":\"In\\u00edcio\"}},{\"@type\":\"ListItem\",\"@id\":\"https:\\\/\\\/www.encontrasantana.com.br\\\/sobre\\\/corrida-em-santana-retirada-de-alambrados-da-marginal-acaba-em-45-dias\\\/#listItem\",\"position\":3,\"name\":\"Corrida em Santana: retirada de alambrados da marginal acaba em 45 dias\",\"previousItem\":{\"@type\":\"ListItem\",\"@id\":\"https:\\\/\\\/www.encontrasantana.com.br\\\/sobre\\\/noticias-em-santana\\\/#listItem\",\"name\":\"Not\\u00edcias Santana\"}}]},{\"@type\":\"Organization\",\"@id\":\"https:\\\/\\\/www.encontrasantana.com.br\\\/sobre\\\/#organization\",\"name\":\"Encontra Santana\",\"description\":\"Not\\u00edcias, eventos, informa\\u00e7\\u00f5es e dicas no bairro de Santana e regi\\u00e3o.\",\"url\":\"https:\\\/\\\/www.encontrasantana.com.br\\\/sobre\\\/\"},{\"@type\":\"Person\",\"@id\":\"https:\\\/\\\/www.encontrasantana.com.br\\\/sobre\\\/author\\\/esantana\\\/#author\",\"url\":\"https:\\\/\\\/www.encontrasantana.com.br\\\/sobre\\\/author\\\/esantana\\\/\",\"name\":\"Encontra Santana\",\"image\":{\"@type\":\"ImageObject\",\"@id\":\"https:\\\/\\\/www.encontrasantana.com.br\\\/sobre\\\/corrida-em-santana-retirada-de-alambrados-da-marginal-acaba-em-45-dias\\\/#authorImage\",\"url\":\"https:\\\/\\\/secure.gravatar.com\\\/avatar\\\/0fbed662e37531ae23e68f85f9517b2454e50c1dfebf80eb9b721449ac95e0b9?s=96&d=mm&r=g\",\"width\":96,\"height\":96,\"caption\":\"Encontra Santana\"}},{\"@type\":\"WebPage\",\"@id\":\"https:\\\/\\\/www.encontrasantana.com.br\\\/sobre\\\/corrida-em-santana-retirada-de-alambrados-da-marginal-acaba-em-45-dias\\\/#webpage\",\"url\":\"https:\\\/\\\/www.encontrasantana.com.br\\\/sobre\\\/corrida-em-santana-retirada-de-alambrados-da-marginal-acaba-em-45-dias\\\/\",\"name\":\"Corrida em Santana: retirada de alambrados da marginal acaba em 45 dias \\u00bb Encontra Santana\",\"description\":\"A retirada completa dos alambrados e prote\\u00e7\\u00f5es met\\u00e1licas montadas na marginal Tiet\\u00ea e na avenida Olavo Fontoura para a realiza\\u00e7\\u00e3o da F\\u00f3rmula Indy s\\u00f3 ser\\u00e1 conclu\\u00edda em 45 dias, informou a prefeitura nesta segunda-feira. Ap\\u00f3s o t\\u00e9rmino da prova, realizada no \\u00faltimo fim de semana, come\\u00e7ou a corrida para a desmontagem dos mais de 4\",\"inLanguage\":\"pt-BR\",\"isPartOf\":{\"@id\":\"https:\\\/\\\/www.encontrasantana.com.br\\\/sobre\\\/#website\"},\"breadcrumb\":{\"@id\":\"https:\\\/\\\/www.encontrasantana.com.br\\\/sobre\\\/corrida-em-santana-retirada-de-alambrados-da-marginal-acaba-em-45-dias\\\/#breadcrumblist\"},\"author\":{\"@id\":\"https:\\\/\\\/www.encontrasantana.com.br\\\/sobre\\\/author\\\/esantana\\\/#author\"},\"creator\":{\"@id\":\"https:\\\/\\\/www.encontrasantana.com.br\\\/sobre\\\/author\\\/esantana\\\/#author\"},\"datePublished\":\"2012-05-02T19:15:41-03:00\",\"dateModified\":\"2019-04-15T09:59:14-03:00\"},{\"@type\":\"WebSite\",\"@id\":\"https:\\\/\\\/www.encontrasantana.com.br\\\/sobre\\\/#website\",\"url\":\"https:\\\/\\\/www.encontrasantana.com.br\\\/sobre\\\/\",\"name\":\"Encontra Santana\",\"description\":\"Not\\u00edcias, eventos, informa\\u00e7\\u00f5es e dicas no bairro de Santana e regi\\u00e3o.\",\"inLanguage\":\"pt-BR\",\"publisher\":{\"@id\":\"https:\\\/\\\/www.encontrasantana.com.br\\\/sobre\\\/#organization\"}}]}\n\t\t<\/script>\n\t\t<!-- All in One SEO -->\n\n","aioseo_head_json":{"title":"Corrida em Santana: retirada de alambrados da marginal acaba em 45 dias \u00bb Encontra Santana","description":"A retirada completa dos alambrados e prote\u00e7\u00f5es met\u00e1licas montadas na marginal Tiet\u00ea e na avenida Olavo Fontoura para a realiza\u00e7\u00e3o da F\u00f3rmula Indy s\u00f3 ser\u00e1 conclu\u00edda em 45 dias, informou a prefeitura nesta segunda-feira. Ap\u00f3s o t\u00e9rmino da prova, realizada no \u00faltimo fim de semana, come\u00e7ou a corrida para a desmontagem dos mais de 4","canonical_url":"https:\/\/www.encontrasantana.com.br\/sobre\/corrida-em-santana-retirada-de-alambrados-da-marginal-acaba-em-45-dias\/","robots":"max-image-preview:large","keywords":"","webmasterTools":{"miscellaneous":""},"schema":{"@context":"https:\/\/schema.org","@graph":[{"@type":"Article","@id":"https:\/\/www.encontrasantana.com.br\/sobre\/corrida-em-santana-retirada-de-alambrados-da-marginal-acaba-em-45-dias\/#article","name":"Corrida em Santana: retirada de alambrados da marginal acaba em 45 dias \u00bb Encontra Santana","headline":"Corrida em Santana: retirada de alambrados da marginal acaba em 45 dias","author":{"@id":"https:\/\/www.encontrasantana.com.br\/sobre\/author\/esantana\/#author"},"publisher":{"@id":"https:\/\/www.encontrasantana.com.br\/sobre\/#organization"},"datePublished":"2012-05-02T19:15:41-03:00","dateModified":"2019-04-15T09:59:14-03:00","inLanguage":"pt-BR","mainEntityOfPage":{"@id":"https:\/\/www.encontrasantana.com.br\/sobre\/corrida-em-santana-retirada-de-alambrados-da-marginal-acaba-em-45-dias\/#webpage"},"isPartOf":{"@id":"https:\/\/www.encontrasantana.com.br\/sobre\/corrida-em-santana-retirada-de-alambrados-da-marginal-acaba-em-45-dias\/#webpage"},"articleSection":"Not\u00edcias Santana"},{"@type":"BreadcrumbList","@id":"https:\/\/www.encontrasantana.com.br\/sobre\/corrida-em-santana-retirada-de-alambrados-da-marginal-acaba-em-45-dias\/#breadcrumblist","itemListElement":[{"@type":"ListItem","@id":"https:\/\/www.encontrasantana.com.br\/sobre#listItem","position":1,"name":"In\u00edcio","item":"https:\/\/www.encontrasantana.com.br\/sobre","nextItem":{"@type":"ListItem","@id":"https:\/\/www.encontrasantana.com.br\/sobre\/noticias-em-santana\/#listItem","name":"Not\u00edcias Santana"}},{"@type":"ListItem","@id":"https:\/\/www.encontrasantana.com.br\/sobre\/noticias-em-santana\/#listItem","position":2,"name":"Not\u00edcias Santana","item":"https:\/\/www.encontrasantana.com.br\/sobre\/noticias-em-santana\/","nextItem":{"@type":"ListItem","@id":"https:\/\/www.encontrasantana.com.br\/sobre\/corrida-em-santana-retirada-de-alambrados-da-marginal-acaba-em-45-dias\/#listItem","name":"Corrida em Santana: retirada de alambrados da marginal acaba em 45 dias"},"previousItem":{"@type":"ListItem","@id":"https:\/\/www.encontrasantana.com.br\/sobre#listItem","name":"In\u00edcio"}},{"@type":"ListItem","@id":"https:\/\/www.encontrasantana.com.br\/sobre\/corrida-em-santana-retirada-de-alambrados-da-marginal-acaba-em-45-dias\/#listItem","position":3,"name":"Corrida em Santana: retirada de alambrados da marginal acaba em 45 dias","previousItem":{"@type":"ListItem","@id":"https:\/\/www.encontrasantana.com.br\/sobre\/noticias-em-santana\/#listItem","name":"Not\u00edcias Santana"}}]},{"@type":"Organization","@id":"https:\/\/www.encontrasantana.com.br\/sobre\/#organization","name":"Encontra Santana","description":"Not\u00edcias, eventos, informa\u00e7\u00f5es e dicas no bairro de Santana e regi\u00e3o.","url":"https:\/\/www.encontrasantana.com.br\/sobre\/"},{"@type":"Person","@id":"https:\/\/www.encontrasantana.com.br\/sobre\/author\/esantana\/#author","url":"https:\/\/www.encontrasantana.com.br\/sobre\/author\/esantana\/","name":"Encontra Santana","image":{"@type":"ImageObject","@id":"https:\/\/www.encontrasantana.com.br\/sobre\/corrida-em-santana-retirada-de-alambrados-da-marginal-acaba-em-45-dias\/#authorImage","url":"https:\/\/secure.gravatar.com\/avatar\/0fbed662e37531ae23e68f85f9517b2454e50c1dfebf80eb9b721449ac95e0b9?s=96&d=mm&r=g","width":96,"height":96,"caption":"Encontra Santana"}},{"@type":"WebPage","@id":"https:\/\/www.encontrasantana.com.br\/sobre\/corrida-em-santana-retirada-de-alambrados-da-marginal-acaba-em-45-dias\/#webpage","url":"https:\/\/www.encontrasantana.com.br\/sobre\/corrida-em-santana-retirada-de-alambrados-da-marginal-acaba-em-45-dias\/","name":"Corrida em Santana: retirada de alambrados da marginal acaba em 45 dias \u00bb Encontra Santana","description":"A retirada completa dos alambrados e prote\u00e7\u00f5es met\u00e1licas montadas na marginal Tiet\u00ea e na avenida Olavo Fontoura para a realiza\u00e7\u00e3o da F\u00f3rmula Indy s\u00f3 ser\u00e1 conclu\u00edda em 45 dias, informou a prefeitura nesta segunda-feira. Ap\u00f3s o t\u00e9rmino da prova, realizada no \u00faltimo fim de semana, come\u00e7ou a corrida para a desmontagem dos mais de 4","inLanguage":"pt-BR","isPartOf":{"@id":"https:\/\/www.encontrasantana.com.br\/sobre\/#website"},"breadcrumb":{"@id":"https:\/\/www.encontrasantana.com.br\/sobre\/corrida-em-santana-retirada-de-alambrados-da-marginal-acaba-em-45-dias\/#breadcrumblist"},"author":{"@id":"https:\/\/www.encontrasantana.com.br\/sobre\/author\/esantana\/#author"},"creator":{"@id":"https:\/\/www.encontrasantana.com.br\/sobre\/author\/esantana\/#author"},"datePublished":"2012-05-02T19:15:41-03:00","dateModified":"2019-04-15T09:59:14-03:00"},{"@type":"WebSite","@id":"https:\/\/www.encontrasantana.com.br\/sobre\/#website","url":"https:\/\/www.encontrasantana.com.br\/sobre\/","name":"Encontra Santana","description":"Not\u00edcias, eventos, informa\u00e7\u00f5es e dicas no bairro de Santana e regi\u00e3o.","inLanguage":"pt-BR","publisher":{"@id":"https:\/\/www.encontrasantana.com.br\/sobre\/#organization"}}]},"og:locale":"pt_BR","og:site_name":"Encontra Santana | Not\u00edcias, eventos, informa\u00e7\u00f5es e dicas no bairro de Santana e regi\u00e3o.","og:type":"article","og:title":"Corrida em Santana: retirada de alambrados da marginal acaba em 45 dias \u00bb Encontra Santana","og:description":"A retirada completa dos alambrados e prote\u00e7\u00f5es met\u00e1licas montadas na marginal Tiet\u00ea e na avenida Olavo Fontoura para a realiza\u00e7\u00e3o da F\u00f3rmula Indy s\u00f3 ser\u00e1 conclu\u00edda em 45 dias, informou a prefeitura nesta segunda-feira. Ap\u00f3s o t\u00e9rmino da prova, realizada no \u00faltimo fim de semana, come\u00e7ou a corrida para a desmontagem dos mais de 4","og:url":"https:\/\/www.encontrasantana.com.br\/sobre\/corrida-em-santana-retirada-de-alambrados-da-marginal-acaba-em-45-dias\/","article:published_time":"2012-05-02T22:15:41+00:00","article:modified_time":"2019-04-15T12:59:14+00:00","twitter:card":"summary","twitter:title":"Corrida em Santana: retirada de alambrados da marginal acaba em 45 dias \u00bb Encontra Santana","twitter:description":"A retirada completa dos alambrados e prote\u00e7\u00f5es met\u00e1licas montadas na marginal Tiet\u00ea e na avenida Olavo Fontoura para a realiza\u00e7\u00e3o da F\u00f3rmula Indy s\u00f3 ser\u00e1 conclu\u00edda em 45 dias, informou a prefeitura nesta segunda-feira. Ap\u00f3s o t\u00e9rmino da prova, realizada no \u00faltimo fim de semana, come\u00e7ou a corrida para a desmontagem dos mais de 4"},"aioseo_meta_data":{"post_id":"17901","title":null,"description":null,"keywords":null,"keyphrases":null,"primary_term":null,"canonical_url":null,"og_title":null,"og_description":null,"og_object_type":"default","og_image_type":"default","og_image_url":null,"og_image_width":null,"og_image_height":null,"og_image_custom_url":null,"og_image_custom_fields":null,"og_video":null,"og_custom_url":null,"og_article_section":null,"og_article_tags":null,"twitter_use_og":false,"twitter_card":"default","twitter_image_type":"default","twitter_image_url":null,"twitter_image_custom_url":null,"twitter_image_custom_fields":null,"twitter_title":null,"twitter_description":null,"schema":{"blockGraphs":[],"customGraphs":[],"default":{"data":{"Article":[],"Course":[],"Dataset":[],"FAQPage":[],"Movie":[],"Person":[],"Product":[],"ProductReview":[],"Car":[],"Recipe":[],"Service":[],"SoftwareApplication":[],"WebPage":[]},"graphName":"Article","isEnabled":true},"graphs":[]},"schema_type":null,"schema_type_options":null,"pillar_content":false,"robots_default":true,"robots_noindex":false,"robots_noarchive":false,"robots_nosnippet":false,"robots_nofollow":false,"robots_noimageindex":false,"robots_noodp":false,"robots_notranslate":false,"robots_max_snippet":null,"robots_max_videopreview":null,"robots_max_imagepreview":"large","priority":null,"frequency":null,"local_seo":null,"limit_modified_date":false,"created":"2021-04-20 20:56:23","updated":"2026-08-06 16:45:06","focus_keyword":null,"additional_keywords":null,"truseo_locale":null,"ai":null,"breadcrumb_settings":null,"seo_analyzer_scan_date":null},"aioseo_breadcrumb":"<div class=\"aioseo-breadcrumbs\"><span class=\"aioseo-breadcrumb\">\n\t\t\t<a href=\"https:\/\/www.encontrasantana.com.br\/sobre\" title=\"In\u00edcio\">In\u00edcio<\/a>\n\t\t<\/span><span class=\"aioseo-breadcrumb-separator\">&raquo;<\/span><span class=\"aioseo-breadcrumb\">\n\t\t\t<a href=\"https:\/\/www.encontrasantana.com.br\/sobre\/noticias-em-santana\/\" title=\"Not\u00edcias Santana\">Not\u00edcias Santana<\/a>\n\t\t<\/span><span class=\"aioseo-breadcrumb-separator\">&raquo;<\/span><span class=\"aioseo-breadcrumb\">\n\t\t\tCorrida em Santana: retirada de alambrados da marginal acaba em 45 dias\n\t\t<\/span><\/div>","aioseo_breadcrumb_json":[{"label":"In\u00edcio","link":"https:\/\/www.encontrasantana.com.br\/sobre"},{"label":"Not\u00edcias Santana","link":"https:\/\/www.encontrasantana.com.br\/sobre\/noticias-em-santana\/"},{"label":"Corrida em Santana: retirada de alambrados da marginal acaba em 45 dias","link":"https:\/\/www.encontrasantana.com.br\/sobre\/corrida-em-santana-retirada-de-alambrados-da-marginal-acaba-em-45-dias\/"}],"_links":{"self":[{"href":"https:\/\/www.encontrasantana.com.br\/sobre\/wp-json\/wp\/v2\/posts\/17901","targetHints":{"allow":["GET"]}}],"collection":[{"href":"https:\/\/www.encontrasantana.com.br\/sobre\/wp-json\/wp\/v2\/posts"}],"about":[{"href":"https:\/\/www.encontrasantana.com.br\/sobre\/wp-json\/wp\/v2\/types\/post"}],"author":[{"embeddable":true,"href":"https:\/\/www.encontrasantana.com.br\/sobre\/wp-json\/wp\/v2\/users\/1"}],"replies":[{"embeddable":true,"href":"https:\/\/www.encontrasantana.com.br\/sobre\/wp-json\/wp\/v2\/comments?post=17901"}],"version-history":[{"count":0,"href":"https:\/\/www.encontrasantana.com.br\/sobre\/wp-json\/wp\/v2\/posts\/17901\/revisions"}],"wp:attachment":[{"href":"https:\/\/www.encontrasantana.com.br\/sobre\/wp-json\/wp\/v2\/media?parent=17901"}],"wp:term":[{"taxonomy":"category","embeddable":true,"href":"https:\/\/www.encontrasantana.com.br\/sobre\/wp-json\/wp\/v2\/categories?post=17901"},{"taxonomy":"post_tag","embeddable":true,"href":"https:\/\/www.encontrasantana.com.br\/sobre\/wp-json\/wp\/v2\/tags?post=17901"}],"curies":[{"name":"wp","href":"https:\/\/api.w.org\/{rel}","templated":true}]}}