{"id":1793,"date":"2011-11-18T18:35:17","date_gmt":"2011-11-18T21:35:17","guid":{"rendered":"http:\/\/www.encontrasantana.com.br\/blog\/?p=1793"},"modified":"2019-04-15T10:01:43","modified_gmt":"2019-04-15T13:01:43","slug":"parque-de-santana-recebe-atracoes-do-festival-cultura-livre-sp","status":"publish","type":"post","link":"https:\/\/www.encontrasantana.com.br\/sobre\/parque-de-santana-recebe-atracoes-do-festival-cultura-livre-sp\/","title":{"rendered":"Parque de Santana recebe atra\u00e7\u00f5es do Festival Cultura Livre SP"},"content":{"rendered":"<div class=\"1acf8468e559fd3cbeec5aee3a269a52\" data-index=\"1\" style=\"float: none; margin:0px;\">\n<!-- Anuncio display - global -->\r\n<ins class=\"adsbygoogle\"\r\n     style=\"display:block\"\r\n     data-ad-client=\"ca-pub-8585364105181520\"\r\n     data-ad-slot=\"8789329856\"\r\n     data-ad-format=\"auto\"\r\n     data-full-width-responsive=\"true\"><\/ins>\r\n<script>\r\n     (adsbygoogle = window.adsbygoogle || []).push({});\r\n<\/script>\n<\/div>\n<p>O festival Cultura Livre SP, promovido pelo Governo do Estado de S\u00e3o Paulo, oferece programa\u00e7\u00e3o ecl\u00e9tica e gratuita de sexta-feira (18) a domingo (20), em sete parques da capital paulista.<\/p>\n<p>Alguns dos destaques s\u00e3o as duas apresenta\u00e7\u00f5es da \u00f3pera \u201cCarmen\u201d (s\u00e1bado, \u00e0s 16h, no\u00a0Parque Villa Lobos,\u00a0zona oeste de SP; e domingo, \u00e0s 15h, no Horto Florestal,\u00a0zona norte de SP) e o show do Ultraje a Rigor (no domingo, \u00e0s 16h, no Parque Ecol\u00f3gico do Tiet\u00ea,\u00a0zona leste de SP).<\/p>\n<p>Abaixo, confira a lista completa de eventos:<\/p>\n<p><strong>S\u00c1BADO (19\/11)<\/strong><br \/>\n<strong><a href=\"http:\/\/www.encontrasantana.com.br\/santana\/parque-da-juventude-em-santana.shtml\" target=\"_blank\">Parque da Juventude<\/a><\/strong><br \/>\n<strong>11h<\/strong>\u00a0&#8211; Choro das 3 \u2013 Assobiando<br \/>\n<strong>12h<\/strong>\u00a0&#8211; OFICINA DE M\u00c1GICA \u2013 C\u00e9lio Amino \u2013 Experi\u00eancias M\u00e1gicas<br \/>\n<strong>13h<\/strong>\u00a0&#8211; Show de dan\u00e7a \u201cOPOVOEMP\u00c9\u201d \u2013 Pausa para respirar<br \/>\n<strong>13h<\/strong>\u00a0&#8211; Cia. de Teatro Dom\u00ednio P\u00fablico \u2013 PIU Perus Independentes Unidos<br \/>\n<strong>15h<\/strong>\u00a0&#8211; Teatro de Mamulengo<\/p>\n<p>av. Zaki Narchi, 1309,\u00a0Encontra Santana, zona norte, S\u00e3o Paulo, SP. Metr\u00f4 Carandiru. Acesso pela Avenida Cruzeiro do Sul (altura do n\u00famero 2500) ou Avenida Zaki Narchi (altura do 1.300).<\/p>\n<p><strong>Parque Villa Lobos<\/strong><br \/>\n<strong>11h<\/strong>\u00a0&#8211; Duo Padovani<br \/>\n<strong>12h<\/strong>\u00a0&#8211; Teatro de Narradores \u2013 Cenas para uma interven\u00e7\u00e3o<br \/>\n<strong>13h<\/strong>\u00a0&#8211; OFICINA \u2013 Materiais Recicl\u00e1veis<br \/>\n<strong>14h<\/strong>\u00a0&#8211; Circo Caramba \u2013 Caramba, quanta bobagem<br \/>\n<strong>16h<\/strong>\u00a0&#8211; Casa da \u00d3pera \u2013 Carmem \u2013 Fragmentos<\/p>\n<p>av. Avenida Professor Fonseca Rodrigues, 2001,\u00a0bairro Alto de Pinheiros, zona oeste, S\u00e3o Paulo, SP.<\/p>\n<p><strong>DOMINGO (20\/11)<\/strong><br \/>\n<strong>Parque Ecol\u00f3gico do Tiet\u00ea<\/strong><br \/>\n<strong>11h<\/strong>\u00a0&#8211; Choro das 3 \u2013 Assobiando<br \/>\n<strong>12h<\/strong>\u00a0&#8211; Trupe SOS Palha\u00e7o \u2013 Atrapalha\u00e7o<br \/>\n<strong>12h<\/strong>\u00a0&#8211; Teatro de Narradores \u2013 Cenas para uma interven\u00e7\u00e3o<br \/>\n<strong>13h<\/strong>\u00a0&#8211; Os Satyros \u2013 Cortejo de Palha\u00e7os<br \/>\n<strong>16h<\/strong>\u00a0&#8211; Ultraje a Rigor<\/p>\n<p>r. Guir\u00e1 Acangatara, 70,\u00a0Encontra Canga\u00edba, zona leste, S\u00e3o Paulo, SP. Acessos: pelo km 17 da Rodovia Ayrton Senna sentido SP\/RJ), Av. Dr. Assis Ribeiro (altura do n\u00famero 3.000) e Via Parque (marginal direta da Rod. Ayrton Senna).<\/p>\n<p><strong>Parque Ecol\u00f3gico de Guarapiranga<\/strong><br \/>\n<strong>12h<\/strong>\u00a0&#8211; Contos da Rua Broc\u00e1<br \/>\n<strong>13h<\/strong>\u00a0&#8211; Esta\u00e7\u00e3o da crian\u00e7a<br \/>\n<strong>15h<\/strong>\u00a0&#8211; Comboio de Cordas \u2013 Quarteto Garatuja<\/p>\n<p>Estrada da Riviera, 3286, Bairro da Riviera Paulista, S\u00e3o Paulo, SP.<\/p>\n<p><strong>Parque do Horto Florestal<\/strong><br \/>\n<strong>12h<\/strong>\u00a0&#8211; Alexandre Roit \u2013 Pelada na Rua<br \/>\n<strong>13h<\/strong>\u00a0&#8211; Arte108 \u2013 Esculturas em Movimento<br \/>\n<strong>15h<\/strong>\u00a0&#8211; Casa da \u00d3pera \u2013 Carmem \u2013 fragmentos<\/p>\n<p>r. do Horto, 931. Bairro do Horto Florestal, zona norte, S\u00e3o Paulo, SP.<\/p>\n<p><strong>Zool\u00f3gico<\/strong><br \/>\n<strong>11h<\/strong>\u00a0&#8211; Grupo MADA \u2013 Ca\u00e7a ao tesouro<\/p>\n<p>av. Miguel St\u00e9fano, 4241, \u00c1gua Funda, zona sul, S\u00e3o Paulo, SP.<\/p>\n<p><em>Fonte: Guia Folha<\/em><\/p>\n\n<div style=\"font-size: 0px; height: 0px; line-height: 0px; margin: 0; padding: 0; clear: both;\"><\/div>","protected":false},"excerpt":{"rendered":"<p>O festival Cultura Livre SP, promovido pelo Governo do Estado de S\u00e3o Paulo, oferece programa\u00e7\u00e3o ecl\u00e9tica e gratuita de sexta-feira (18) a domingo (20), em sete parques da capital paulista. Alguns dos destaques s\u00e3o as duas apresenta\u00e7\u00f5es da \u00f3pera \u201cCarmen\u201d (s\u00e1bado, \u00e0s 16h, no\u00a0Parque Villa Lobos,\u00a0zona oeste de SP; e domingo, \u00e0s 15h, no Horto Florestal,\u00a0zona norte de SP) e o show do Ultraje a Rigor (no domingo, \u00e0s 16h, no Parque Ecol\u00f3gico do Tiet\u00ea,\u00a0zona leste de SP). Abaixo, confira a lista completa de eventos: S\u00c1BADO (19\/11) Parque da Juventude 11h\u00a0&#8211; Choro das 3 \u2013 Assobiando 12h\u00a0&#8211; OFICINA DE M\u00c1GICA <\/p>\n","protected":false},"author":1,"featured_media":0,"comment_status":"open","ping_status":"closed","sticky":false,"template":"","format":"standard","meta":{"footnotes":""},"categories":[3],"tags":[10],"class_list":["post-1793","post","type-post","status-publish","format-standard","hentry","category-noticias-em-santana","tag-santana"],"aioseo_notices":[],"aioseo_head":"\n\t\t<!-- All in One SEO 5.0.0.1 - aioseo.com -->\n\t<meta name=\"description\" content=\"O festival Cultura Livre SP, promovido pelo Governo do Estado de S\u00e3o Paulo, oferece programa\u00e7\u00e3o ecl\u00e9tica e gratuita de sexta-feira (18) a domingo (20), em sete parques da capital paulista. Alguns dos destaques s\u00e3o as duas apresenta\u00e7\u00f5es da \u00f3pera \u201cCarmen\u201d (s\u00e1bado, \u00e0s 16h, no Parque Villa Lobos, zona oeste de SP; e domingo, \u00e0s 15h, no Horto\" \/>\n\t<meta name=\"robots\" content=\"max-image-preview:large\" \/>\n\t<meta name=\"author\" content=\"Encontra Santana\"\/>\n\t<link rel=\"canonical\" href=\"https:\/\/www.encontrasantana.com.br\/sobre\/parque-de-santana-recebe-atracoes-do-festival-cultura-livre-sp\/\" \/>\n\t<meta name=\"generator\" content=\"All in One SEO (AIOSEO) 5.0.0.1\" \/>\n\t\t<meta property=\"og:locale\" content=\"pt_BR\" \/>\n\t\t<meta property=\"og:site_name\" content=\"Encontra Santana | Not\u00edcias, eventos, informa\u00e7\u00f5es e dicas no bairro de Santana e regi\u00e3o.\" \/>\n\t\t<meta property=\"og:type\" content=\"article\" \/>\n\t\t<meta property=\"og:title\" content=\"Parque de Santana recebe atra\u00e7\u00f5es do Festival Cultura Livre SP \u00bb Encontra Santana\" \/>\n\t\t<meta property=\"og:description\" content=\"O festival Cultura Livre SP, promovido pelo Governo do Estado de S\u00e3o Paulo, oferece programa\u00e7\u00e3o ecl\u00e9tica e gratuita de sexta-feira (18) a domingo (20), em sete parques da capital paulista. Alguns dos destaques s\u00e3o as duas apresenta\u00e7\u00f5es da \u00f3pera \u201cCarmen\u201d (s\u00e1bado, \u00e0s 16h, no Parque Villa Lobos, zona oeste de SP; e domingo, \u00e0s 15h, no Horto\" \/>\n\t\t<meta property=\"og:url\" content=\"https:\/\/www.encontrasantana.com.br\/sobre\/parque-de-santana-recebe-atracoes-do-festival-cultura-livre-sp\/\" \/>\n\t\t<meta property=\"article:published_time\" content=\"2011-11-18T21:35:17+00:00\" \/>\n\t\t<meta property=\"article:modified_time\" content=\"2019-04-15T13:01:43+00:00\" \/>\n\t\t<meta name=\"twitter:card\" content=\"summary\" \/>\n\t\t<meta name=\"twitter:title\" content=\"Parque de Santana recebe atra\u00e7\u00f5es do Festival Cultura Livre SP \u00bb Encontra Santana\" \/>\n\t\t<meta name=\"twitter:description\" content=\"O festival Cultura Livre SP, promovido pelo Governo do Estado de S\u00e3o Paulo, oferece programa\u00e7\u00e3o ecl\u00e9tica e gratuita de sexta-feira (18) a domingo (20), em sete parques da capital paulista. Alguns dos destaques s\u00e3o as duas apresenta\u00e7\u00f5es da \u00f3pera \u201cCarmen\u201d (s\u00e1bado, \u00e0s 16h, no Parque Villa Lobos, zona oeste de SP; e domingo, \u00e0s 15h, no Horto\" \/>\n\t\t<script type=\"application\/ld+json\" class=\"aioseo-schema\">\n\t\t\t{\"@context\":\"https:\\\/\\\/schema.org\",\"@graph\":[{\"@type\":\"Article\",\"@id\":\"https:\\\/\\\/www.encontrasantana.com.br\\\/sobre\\\/parque-de-santana-recebe-atracoes-do-festival-cultura-livre-sp\\\/#article\",\"name\":\"Parque de Santana recebe atra\\u00e7\\u00f5es do Festival Cultura Livre SP \\u00bb Encontra Santana\",\"headline\":\"Parque de Santana recebe atra\\u00e7\\u00f5es do Festival Cultura Livre SP\",\"author\":{\"@id\":\"https:\\\/\\\/www.encontrasantana.com.br\\\/sobre\\\/author\\\/esantana\\\/#author\"},\"publisher\":{\"@id\":\"https:\\\/\\\/www.encontrasantana.com.br\\\/sobre\\\/#organization\"},\"datePublished\":\"2011-11-18T18:35:17-03:00\",\"dateModified\":\"2019-04-15T10:01:43-03:00\",\"inLanguage\":\"pt-BR\",\"mainEntityOfPage\":{\"@id\":\"https:\\\/\\\/www.encontrasantana.com.br\\\/sobre\\\/parque-de-santana-recebe-atracoes-do-festival-cultura-livre-sp\\\/#webpage\"},\"isPartOf\":{\"@id\":\"https:\\\/\\\/www.encontrasantana.com.br\\\/sobre\\\/parque-de-santana-recebe-atracoes-do-festival-cultura-livre-sp\\\/#webpage\"},\"articleSection\":\"Not\\u00edcias Santana, Santana\"},{\"@type\":\"BreadcrumbList\",\"@id\":\"https:\\\/\\\/www.encontrasantana.com.br\\\/sobre\\\/parque-de-santana-recebe-atracoes-do-festival-cultura-livre-sp\\\/#breadcrumblist\",\"itemListElement\":[{\"@type\":\"ListItem\",\"@id\":\"https:\\\/\\\/www.encontrasantana.com.br\\\/sobre#listItem\",\"position\":1,\"name\":\"In\\u00edcio\",\"item\":\"https:\\\/\\\/www.encontrasantana.com.br\\\/sobre\",\"nextItem\":{\"@type\":\"ListItem\",\"@id\":\"https:\\\/\\\/www.encontrasantana.com.br\\\/sobre\\\/noticias-em-santana\\\/#listItem\",\"name\":\"Not\\u00edcias Santana\"}},{\"@type\":\"ListItem\",\"@id\":\"https:\\\/\\\/www.encontrasantana.com.br\\\/sobre\\\/noticias-em-santana\\\/#listItem\",\"position\":2,\"name\":\"Not\\u00edcias Santana\",\"item\":\"https:\\\/\\\/www.encontrasantana.com.br\\\/sobre\\\/noticias-em-santana\\\/\",\"nextItem\":{\"@type\":\"ListItem\",\"@id\":\"https:\\\/\\\/www.encontrasantana.com.br\\\/sobre\\\/parque-de-santana-recebe-atracoes-do-festival-cultura-livre-sp\\\/#listItem\",\"name\":\"Parque de Santana recebe atra\\u00e7\\u00f5es do Festival Cultura Livre SP\"},\"previousItem\":{\"@type\":\"ListItem\",\"@id\":\"https:\\\/\\\/www.encontrasantana.com.br\\\/sobre#listItem\",\"name\":\"In\\u00edcio\"}},{\"@type\":\"ListItem\",\"@id\":\"https:\\\/\\\/www.encontrasantana.com.br\\\/sobre\\\/parque-de-santana-recebe-atracoes-do-festival-cultura-livre-sp\\\/#listItem\",\"position\":3,\"name\":\"Parque de Santana recebe atra\\u00e7\\u00f5es do Festival Cultura Livre SP\",\"previousItem\":{\"@type\":\"ListItem\",\"@id\":\"https:\\\/\\\/www.encontrasantana.com.br\\\/sobre\\\/noticias-em-santana\\\/#listItem\",\"name\":\"Not\\u00edcias Santana\"}}]},{\"@type\":\"Organization\",\"@id\":\"https:\\\/\\\/www.encontrasantana.com.br\\\/sobre\\\/#organization\",\"name\":\"Encontra Santana\",\"description\":\"Not\\u00edcias, eventos, informa\\u00e7\\u00f5es e dicas no bairro de Santana e regi\\u00e3o.\",\"url\":\"https:\\\/\\\/www.encontrasantana.com.br\\\/sobre\\\/\"},{\"@type\":\"Person\",\"@id\":\"https:\\\/\\\/www.encontrasantana.com.br\\\/sobre\\\/author\\\/esantana\\\/#author\",\"url\":\"https:\\\/\\\/www.encontrasantana.com.br\\\/sobre\\\/author\\\/esantana\\\/\",\"name\":\"Encontra Santana\",\"image\":{\"@type\":\"ImageObject\",\"@id\":\"https:\\\/\\\/www.encontrasantana.com.br\\\/sobre\\\/parque-de-santana-recebe-atracoes-do-festival-cultura-livre-sp\\\/#authorImage\",\"url\":\"https:\\\/\\\/secure.gravatar.com\\\/avatar\\\/0fbed662e37531ae23e68f85f9517b2454e50c1dfebf80eb9b721449ac95e0b9?s=96&d=mm&r=g\",\"width\":96,\"height\":96,\"caption\":\"Encontra Santana\"}},{\"@type\":\"WebPage\",\"@id\":\"https:\\\/\\\/www.encontrasantana.com.br\\\/sobre\\\/parque-de-santana-recebe-atracoes-do-festival-cultura-livre-sp\\\/#webpage\",\"url\":\"https:\\\/\\\/www.encontrasantana.com.br\\\/sobre\\\/parque-de-santana-recebe-atracoes-do-festival-cultura-livre-sp\\\/\",\"name\":\"Parque de Santana recebe atra\\u00e7\\u00f5es do Festival Cultura Livre SP \\u00bb Encontra Santana\",\"description\":\"O festival Cultura Livre SP, promovido pelo Governo do Estado de S\\u00e3o Paulo, oferece programa\\u00e7\\u00e3o ecl\\u00e9tica e gratuita de sexta-feira (18) a domingo (20), em sete parques da capital paulista. Alguns dos destaques s\\u00e3o as duas apresenta\\u00e7\\u00f5es da \\u00f3pera \\u201cCarmen\\u201d (s\\u00e1bado, \\u00e0s 16h, no Parque Villa Lobos, zona oeste de SP; e domingo, \\u00e0s 15h, no Horto\",\"inLanguage\":\"pt-BR\",\"isPartOf\":{\"@id\":\"https:\\\/\\\/www.encontrasantana.com.br\\\/sobre\\\/#website\"},\"breadcrumb\":{\"@id\":\"https:\\\/\\\/www.encontrasantana.com.br\\\/sobre\\\/parque-de-santana-recebe-atracoes-do-festival-cultura-livre-sp\\\/#breadcrumblist\"},\"author\":{\"@id\":\"https:\\\/\\\/www.encontrasantana.com.br\\\/sobre\\\/author\\\/esantana\\\/#author\"},\"creator\":{\"@id\":\"https:\\\/\\\/www.encontrasantana.com.br\\\/sobre\\\/author\\\/esantana\\\/#author\"},\"datePublished\":\"2011-11-18T18:35:17-03:00\",\"dateModified\":\"2019-04-15T10:01:43-03:00\"},{\"@type\":\"WebSite\",\"@id\":\"https:\\\/\\\/www.encontrasantana.com.br\\\/sobre\\\/#website\",\"url\":\"https:\\\/\\\/www.encontrasantana.com.br\\\/sobre\\\/\",\"name\":\"Encontra Santana\",\"description\":\"Not\\u00edcias, eventos, informa\\u00e7\\u00f5es e dicas no bairro de Santana e regi\\u00e3o.\",\"inLanguage\":\"pt-BR\",\"publisher\":{\"@id\":\"https:\\\/\\\/www.encontrasantana.com.br\\\/sobre\\\/#organization\"}}]}\n\t\t<\/script>\n\t\t<!-- All in One SEO -->\n\n","aioseo_head_json":{"title":"Parque de Santana recebe atra\u00e7\u00f5es do Festival Cultura Livre SP \u00bb Encontra Santana","description":"O festival Cultura Livre SP, promovido pelo Governo do Estado de S\u00e3o Paulo, oferece programa\u00e7\u00e3o ecl\u00e9tica e gratuita de sexta-feira (18) a domingo (20), em sete parques da capital paulista. Alguns dos destaques s\u00e3o as duas apresenta\u00e7\u00f5es da \u00f3pera \u201cCarmen\u201d (s\u00e1bado, \u00e0s 16h, no Parque Villa Lobos, zona oeste de SP; e domingo, \u00e0s 15h, no Horto","canonical_url":"https:\/\/www.encontrasantana.com.br\/sobre\/parque-de-santana-recebe-atracoes-do-festival-cultura-livre-sp\/","robots":"max-image-preview:large","keywords":"","webmasterTools":{"miscellaneous":""},"schema":{"@context":"https:\/\/schema.org","@graph":[{"@type":"Article","@id":"https:\/\/www.encontrasantana.com.br\/sobre\/parque-de-santana-recebe-atracoes-do-festival-cultura-livre-sp\/#article","name":"Parque de Santana recebe atra\u00e7\u00f5es do Festival Cultura Livre SP \u00bb Encontra Santana","headline":"Parque de Santana recebe atra\u00e7\u00f5es do Festival Cultura Livre SP","author":{"@id":"https:\/\/www.encontrasantana.com.br\/sobre\/author\/esantana\/#author"},"publisher":{"@id":"https:\/\/www.encontrasantana.com.br\/sobre\/#organization"},"datePublished":"2011-11-18T18:35:17-03:00","dateModified":"2019-04-15T10:01:43-03:00","inLanguage":"pt-BR","mainEntityOfPage":{"@id":"https:\/\/www.encontrasantana.com.br\/sobre\/parque-de-santana-recebe-atracoes-do-festival-cultura-livre-sp\/#webpage"},"isPartOf":{"@id":"https:\/\/www.encontrasantana.com.br\/sobre\/parque-de-santana-recebe-atracoes-do-festival-cultura-livre-sp\/#webpage"},"articleSection":"Not\u00edcias Santana, Santana"},{"@type":"BreadcrumbList","@id":"https:\/\/www.encontrasantana.com.br\/sobre\/parque-de-santana-recebe-atracoes-do-festival-cultura-livre-sp\/#breadcrumblist","itemListElement":[{"@type":"ListItem","@id":"https:\/\/www.encontrasantana.com.br\/sobre#listItem","position":1,"name":"In\u00edcio","item":"https:\/\/www.encontrasantana.com.br\/sobre","nextItem":{"@type":"ListItem","@id":"https:\/\/www.encontrasantana.com.br\/sobre\/noticias-em-santana\/#listItem","name":"Not\u00edcias Santana"}},{"@type":"ListItem","@id":"https:\/\/www.encontrasantana.com.br\/sobre\/noticias-em-santana\/#listItem","position":2,"name":"Not\u00edcias Santana","item":"https:\/\/www.encontrasantana.com.br\/sobre\/noticias-em-santana\/","nextItem":{"@type":"ListItem","@id":"https:\/\/www.encontrasantana.com.br\/sobre\/parque-de-santana-recebe-atracoes-do-festival-cultura-livre-sp\/#listItem","name":"Parque de Santana recebe atra\u00e7\u00f5es do Festival Cultura Livre SP"},"previousItem":{"@type":"ListItem","@id":"https:\/\/www.encontrasantana.com.br\/sobre#listItem","name":"In\u00edcio"}},{"@type":"ListItem","@id":"https:\/\/www.encontrasantana.com.br\/sobre\/parque-de-santana-recebe-atracoes-do-festival-cultura-livre-sp\/#listItem","position":3,"name":"Parque de Santana recebe atra\u00e7\u00f5es do Festival Cultura Livre SP","previousItem":{"@type":"ListItem","@id":"https:\/\/www.encontrasantana.com.br\/sobre\/noticias-em-santana\/#listItem","name":"Not\u00edcias Santana"}}]},{"@type":"Organization","@id":"https:\/\/www.encontrasantana.com.br\/sobre\/#organization","name":"Encontra Santana","description":"Not\u00edcias, eventos, informa\u00e7\u00f5es e dicas no bairro de Santana e regi\u00e3o.","url":"https:\/\/www.encontrasantana.com.br\/sobre\/"},{"@type":"Person","@id":"https:\/\/www.encontrasantana.com.br\/sobre\/author\/esantana\/#author","url":"https:\/\/www.encontrasantana.com.br\/sobre\/author\/esantana\/","name":"Encontra Santana","image":{"@type":"ImageObject","@id":"https:\/\/www.encontrasantana.com.br\/sobre\/parque-de-santana-recebe-atracoes-do-festival-cultura-livre-sp\/#authorImage","url":"https:\/\/secure.gravatar.com\/avatar\/0fbed662e37531ae23e68f85f9517b2454e50c1dfebf80eb9b721449ac95e0b9?s=96&d=mm&r=g","width":96,"height":96,"caption":"Encontra Santana"}},{"@type":"WebPage","@id":"https:\/\/www.encontrasantana.com.br\/sobre\/parque-de-santana-recebe-atracoes-do-festival-cultura-livre-sp\/#webpage","url":"https:\/\/www.encontrasantana.com.br\/sobre\/parque-de-santana-recebe-atracoes-do-festival-cultura-livre-sp\/","name":"Parque de Santana recebe atra\u00e7\u00f5es do Festival Cultura Livre SP \u00bb Encontra Santana","description":"O festival Cultura Livre SP, promovido pelo Governo do Estado de S\u00e3o Paulo, oferece programa\u00e7\u00e3o ecl\u00e9tica e gratuita de sexta-feira (18) a domingo (20), em sete parques da capital paulista. Alguns dos destaques s\u00e3o as duas apresenta\u00e7\u00f5es da \u00f3pera \u201cCarmen\u201d (s\u00e1bado, \u00e0s 16h, no Parque Villa Lobos, zona oeste de SP; e domingo, \u00e0s 15h, no Horto","inLanguage":"pt-BR","isPartOf":{"@id":"https:\/\/www.encontrasantana.com.br\/sobre\/#website"},"breadcrumb":{"@id":"https:\/\/www.encontrasantana.com.br\/sobre\/parque-de-santana-recebe-atracoes-do-festival-cultura-livre-sp\/#breadcrumblist"},"author":{"@id":"https:\/\/www.encontrasantana.com.br\/sobre\/author\/esantana\/#author"},"creator":{"@id":"https:\/\/www.encontrasantana.com.br\/sobre\/author\/esantana\/#author"},"datePublished":"2011-11-18T18:35:17-03:00","dateModified":"2019-04-15T10:01:43-03:00"},{"@type":"WebSite","@id":"https:\/\/www.encontrasantana.com.br\/sobre\/#website","url":"https:\/\/www.encontrasantana.com.br\/sobre\/","name":"Encontra Santana","description":"Not\u00edcias, eventos, informa\u00e7\u00f5es e dicas no bairro de Santana e regi\u00e3o.","inLanguage":"pt-BR","publisher":{"@id":"https:\/\/www.encontrasantana.com.br\/sobre\/#organization"}}]},"og:locale":"pt_BR","og:site_name":"Encontra Santana | Not\u00edcias, eventos, informa\u00e7\u00f5es e dicas no bairro de Santana e regi\u00e3o.","og:type":"article","og:title":"Parque de Santana recebe atra\u00e7\u00f5es do Festival Cultura Livre SP \u00bb Encontra Santana","og:description":"O festival Cultura Livre SP, promovido pelo Governo do Estado de S\u00e3o Paulo, oferece programa\u00e7\u00e3o ecl\u00e9tica e gratuita de sexta-feira (18) a domingo (20), em sete parques da capital paulista. Alguns dos destaques s\u00e3o as duas apresenta\u00e7\u00f5es da \u00f3pera \u201cCarmen\u201d (s\u00e1bado, \u00e0s 16h, no Parque Villa Lobos, zona oeste de SP; e domingo, \u00e0s 15h, no Horto","og:url":"https:\/\/www.encontrasantana.com.br\/sobre\/parque-de-santana-recebe-atracoes-do-festival-cultura-livre-sp\/","article:published_time":"2011-11-18T21:35:17+00:00","article:modified_time":"2019-04-15T13:01:43+00:00","twitter:card":"summary","twitter:title":"Parque de Santana recebe atra\u00e7\u00f5es do Festival Cultura Livre SP \u00bb Encontra Santana","twitter:description":"O festival Cultura Livre SP, promovido pelo Governo do Estado de S\u00e3o Paulo, oferece programa\u00e7\u00e3o ecl\u00e9tica e gratuita de sexta-feira (18) a domingo (20), em sete parques da capital paulista. Alguns dos destaques s\u00e3o as duas apresenta\u00e7\u00f5es da \u00f3pera \u201cCarmen\u201d (s\u00e1bado, \u00e0s 16h, no Parque Villa Lobos, zona oeste de SP; e domingo, \u00e0s 15h, no Horto"},"aioseo_meta_data":{"post_id":"1793","title":null,"description":null,"keywords":null,"keyphrases":null,"primary_term":null,"canonical_url":null,"og_title":null,"og_description":null,"og_object_type":"default","og_image_type":"default","og_image_url":null,"og_image_width":null,"og_image_height":null,"og_image_custom_url":null,"og_image_custom_fields":null,"og_video":null,"og_custom_url":null,"og_article_section":null,"og_article_tags":null,"twitter_use_og":false,"twitter_card":"default","twitter_image_type":"default","twitter_image_url":null,"twitter_image_custom_url":null,"twitter_image_custom_fields":null,"twitter_title":null,"twitter_description":null,"schema":{"blockGraphs":[],"customGraphs":[],"default":{"data":{"Article":[],"Course":[],"Dataset":[],"FAQPage":[],"Movie":[],"Person":[],"Product":[],"ProductReview":[],"Car":[],"Recipe":[],"Service":[],"SoftwareApplication":[],"WebPage":[]},"graphName":"Article","isEnabled":true},"graphs":[]},"schema_type":null,"schema_type_options":null,"pillar_content":false,"robots_default":true,"robots_noindex":false,"robots_noarchive":false,"robots_nosnippet":false,"robots_nofollow":false,"robots_noimageindex":false,"robots_noodp":false,"robots_notranslate":false,"robots_max_snippet":null,"robots_max_videopreview":null,"robots_max_imagepreview":"large","priority":null,"frequency":null,"local_seo":null,"limit_modified_date":false,"created":"2021-04-21 00:20:40","updated":"2026-08-06 10:15:09","focus_keyword":null,"additional_keywords":null,"truseo_locale":null,"ai":null,"breadcrumb_settings":null,"seo_analyzer_scan_date":null},"aioseo_breadcrumb":"<div class=\"aioseo-breadcrumbs\"><span class=\"aioseo-breadcrumb\">\n\t\t\t<a href=\"https:\/\/www.encontrasantana.com.br\/sobre\" title=\"In\u00edcio\">In\u00edcio<\/a>\n\t\t<\/span><span class=\"aioseo-breadcrumb-separator\">&raquo;<\/span><span class=\"aioseo-breadcrumb\">\n\t\t\t<a href=\"https:\/\/www.encontrasantana.com.br\/sobre\/noticias-em-santana\/\" title=\"Not\u00edcias Santana\">Not\u00edcias Santana<\/a>\n\t\t<\/span><span class=\"aioseo-breadcrumb-separator\">&raquo;<\/span><span class=\"aioseo-breadcrumb\">\n\t\t\tParque de Santana recebe atra\u00e7\u00f5es do Festival Cultura Livre SP\n\t\t<\/span><\/div>","aioseo_breadcrumb_json":[{"label":"In\u00edcio","link":"https:\/\/www.encontrasantana.com.br\/sobre"},{"label":"Not\u00edcias Santana","link":"https:\/\/www.encontrasantana.com.br\/sobre\/noticias-em-santana\/"},{"label":"Parque de Santana recebe atra\u00e7\u00f5es do Festival Cultura Livre SP","link":"https:\/\/www.encontrasantana.com.br\/sobre\/parque-de-santana-recebe-atracoes-do-festival-cultura-livre-sp\/"}],"_links":{"self":[{"href":"https:\/\/www.encontrasantana.com.br\/sobre\/wp-json\/wp\/v2\/posts\/1793","targetHints":{"allow":["GET"]}}],"collection":[{"href":"https:\/\/www.encontrasantana.com.br\/sobre\/wp-json\/wp\/v2\/posts"}],"about":[{"href":"https:\/\/www.encontrasantana.com.br\/sobre\/wp-json\/wp\/v2\/types\/post"}],"author":[{"embeddable":true,"href":"https:\/\/www.encontrasantana.com.br\/sobre\/wp-json\/wp\/v2\/users\/1"}],"replies":[{"embeddable":true,"href":"https:\/\/www.encontrasantana.com.br\/sobre\/wp-json\/wp\/v2\/comments?post=1793"}],"version-history":[{"count":0,"href":"https:\/\/www.encontrasantana.com.br\/sobre\/wp-json\/wp\/v2\/posts\/1793\/revisions"}],"wp:attachment":[{"href":"https:\/\/www.encontrasantana.com.br\/sobre\/wp-json\/wp\/v2\/media?parent=1793"}],"wp:term":[{"taxonomy":"category","embeddable":true,"href":"https:\/\/www.encontrasantana.com.br\/sobre\/wp-json\/wp\/v2\/categories?post=1793"},{"taxonomy":"post_tag","embeddable":true,"href":"https:\/\/www.encontrasantana.com.br\/sobre\/wp-json\/wp\/v2\/tags?post=1793"}],"curies":[{"name":"wp","href":"https:\/\/api.w.org\/{rel}","templated":true}]}}