{"id":19499,"date":"2012-06-19T20:03:14","date_gmt":"2012-06-19T23:03:14","guid":{"rendered":"http:\/\/www.encontrasantana.com.br\/blog\/?p=19499"},"modified":"2019-04-15T09:59:09","modified_gmt":"2019-04-15T12:59:09","slug":"santana-recebe-oficina-sobre-empregabilidade-e-mercado-de-trabalho","status":"publish","type":"post","link":"https:\/\/www.encontrasantana.com.br\/sobre\/santana-recebe-oficina-sobre-empregabilidade-e-mercado-de-trabalho\/","title":{"rendered":"Santana recebe oficina sobre Empregabilidade e Mercado de Trabalho"},"content":{"rendered":"<div class=\"1acf8468e559fd3cbeec5aee3a269a52\" data-index=\"1\" style=\"float: none; margin:0px;\">\n<!-- Anuncio display - global -->\r\n<ins class=\"adsbygoogle\"\r\n     style=\"display:block\"\r\n     data-ad-client=\"ca-pub-8585364105181520\"\r\n     data-ad-slot=\"8789329856\"\r\n     data-ad-format=\"auto\"\r\n     data-full-width-responsive=\"true\"><\/ins>\r\n<script>\r\n     (adsbygoogle = window.adsbygoogle || []).push({});\r\n<\/script>\n<\/div>\n<p>Por meio do programa Orienta\u00e7\u00e3o para o Trabalho, a Secretaria Municipal de Desenvolvimento Econ\u00f4mico e do Trabalho (Semdet), vai oferecer nesta quarta-feira (20\/6) uma\u00a0oficina\u00a0com o tema\u00a0<em>Empregabilidade e Mercado de Trabalho<\/em>, a partir das 9h nas unidades do CAT de Itaquera, Itaim Paulista, Penha, S\u00e3o Matheus I, S\u00e3o Miguel Paulista, Santana, Luz, Jabaquara, Interlagos, Lapa e Tendas.<\/p>\n<p>Os participantes receber\u00e3o orienta\u00e7\u00f5es de como se adequar ao mercado de trabalho atual. Ser\u00e3o abordadas, tamb\u00e9m, as habilidades de cada um e como usar isso a seu favor no mercado. Ainda durante a palestra, ser\u00e1 poss\u00edvel fazer um planejamento de sua carreira.<\/p>\n<p>O Programa Orienta\u00e7\u00e3o para o Trabalho visa orientar os trabalhadores sobre assuntos referentes ao mercado de trabalho. Para participar \u00e9 necess\u00e1rio ter mais de 16 anos. Os interessados em participar devem levar RG, CPF, Carteira de Trabalho e n\u00famero do PIS.<\/p>\n<p><strong>Endere\u00e7os<\/strong><\/p>\n<p>CAT Luz<br \/>\nAv. Prestes Maia, 913 \/ 919<br \/>\nSegunda a sexta-feira, das 7h \u00e0s 18h<\/p>\n<p>CAT Itaquera<br \/>\nRua Greg\u00f3rio Ramalho, 12<br \/>\nSegunda a sexta-feira, das 7h \u00e0s 18h<\/p>\n<p>CAT Penha<br \/>\nRua Candapu\u00ed, 492 (dentro da\u00a0Subprefeitura da Penha)<br \/>\nSegunda a sexta-feira, das 8h \u00e0s 17h<\/p>\n<p>CAT Itaim Paulista<br \/>\nAv. Marechal Tito, 3.012<br \/>\nSegunda a sexta-feira, das 8h \u00e0s 17h<\/p>\n<p>CAT S\u00e3o Mateus I<br \/>\nAv. Mateo Bei, 1.641<br \/>\nSegunda a sexta-feira, das 7h \u00e0s 18h<\/p>\n<p>CAT S\u00e3o Miguel Paulista<br \/>\nAv. Imperador, 1900, Pr\u00f3ximo ao terminal A. E Carvalho<br \/>\nSegunda a sexta-feira, das 8h \u00e0s 17h<\/p>\n<p><strong><a href=\"http:\/\/www.encontrasantana.com.br\/santana\/cat-em-santana.shtml\" target=\"_blank\">CAT Santana<\/a><\/strong><br \/>\n<strong>Rua Volunt\u00e1rios da P\u00e1tria, 1.553<\/strong><br \/>\n<strong>Segunda a sexta-feira, das 7h \u00e0s 18h<\/strong><\/p>\n<p>CAT Lapa I<br \/>\nRua Monteiro de Melo, 342<br \/>\nSegunda a sexta-feira, das 7h \u00e0s 18h<\/p>\n<p><strong><\/strong>CAT Interlagos<br \/>\nAv. Interlagos, 6.122<br \/>\nSegunda a sexta-feira, das 7h \u00e0s 18h<\/p>\n<p>CAT Jabaquara<br \/>\nAv. Eng. Armando de Arruda Pereira, 2.314<br \/>\nSegunda a sexta-feira, das 8h \u00e0s 17h<\/p>\n<p><strong>Tendas do Trabalhador<\/strong><\/p>\n<p>Zona Norte de SP\u00a0\u2013 Pra\u00e7a Stuart Edgar Angel Jones, s\/n\u00ba, Vila Sabrina\/Jardim Brasil<\/p>\n<p>Centro de SP\u00a0\u2013 Alameda Dino Bueno s\/n\u00ba, Luz<\/p>\n<p><em>Fonte: Prefeitura de S. Paulo<\/em><\/p>\n\n<div style=\"font-size: 0px; height: 0px; line-height: 0px; margin: 0; padding: 0; clear: both;\"><\/div>","protected":false},"excerpt":{"rendered":"<p>Por meio do programa Orienta\u00e7\u00e3o para o Trabalho, a Secretaria Municipal de Desenvolvimento Econ\u00f4mico e do Trabalho (Semdet), vai oferecer nesta quarta-feira (20\/6) uma\u00a0oficina\u00a0com o tema\u00a0Empregabilidade e Mercado de Trabalho, a partir das 9h nas unidades do CAT de Itaquera, Itaim Paulista, Penha, S\u00e3o Matheus I, S\u00e3o Miguel Paulista, Santana, Luz, Jabaquara, Interlagos, Lapa e Tendas. Os participantes receber\u00e3o orienta\u00e7\u00f5es de como se adequar ao mercado de trabalho atual. Ser\u00e3o abordadas, tamb\u00e9m, as habilidades de cada um e como usar isso a seu favor no mercado. Ainda durante a palestra, ser\u00e1 poss\u00edvel fazer um planejamento de sua carreira. O Programa <\/p>\n","protected":false},"author":1,"featured_media":0,"comment_status":"open","ping_status":"closed","sticky":false,"template":"","format":"standard","meta":{"footnotes":""},"categories":[12],"tags":[10],"class_list":["post-19499","post","type-post","status-publish","format-standard","hentry","category-cursos-em-santana","tag-santana"],"aioseo_notices":[],"aioseo_head":"\n\t\t<!-- All in One SEO 5.0.0.1 - aioseo.com -->\n\t<meta name=\"description\" content=\"Por meio do programa Orienta\u00e7\u00e3o para o Trabalho, a Secretaria Municipal de Desenvolvimento Econ\u00f4mico e do Trabalho (Semdet), vai oferecer nesta quarta-feira (20\/6) uma oficina com o tema Empregabilidade e Mercado de Trabalho, a partir das 9h nas unidades do CAT de Itaquera, Itaim Paulista, Penha, S\u00e3o Matheus I, S\u00e3o Miguel Paulista, Santana, Luz, Jabaquara, Interlagos, Lapa e\" \/>\n\t<meta name=\"robots\" content=\"max-image-preview:large\" \/>\n\t<meta name=\"author\" content=\"Encontra Santana\"\/>\n\t<link rel=\"canonical\" href=\"https:\/\/www.encontrasantana.com.br\/sobre\/santana-recebe-oficina-sobre-empregabilidade-e-mercado-de-trabalho\/\" \/>\n\t<meta name=\"generator\" content=\"All in One SEO (AIOSEO) 5.0.0.1\" \/>\n\t\t<meta property=\"og:locale\" content=\"pt_BR\" \/>\n\t\t<meta property=\"og:site_name\" content=\"Encontra Santana | Not\u00edcias, eventos, informa\u00e7\u00f5es e dicas no bairro de Santana e regi\u00e3o.\" \/>\n\t\t<meta property=\"og:type\" content=\"article\" \/>\n\t\t<meta property=\"og:title\" content=\"Santana recebe oficina sobre Empregabilidade e Mercado de Trabalho \u00bb Encontra Santana\" \/>\n\t\t<meta property=\"og:description\" content=\"Por meio do programa Orienta\u00e7\u00e3o para o Trabalho, a Secretaria Municipal de Desenvolvimento Econ\u00f4mico e do Trabalho (Semdet), vai oferecer nesta quarta-feira (20\/6) uma oficina com o tema Empregabilidade e Mercado de Trabalho, a partir das 9h nas unidades do CAT de Itaquera, Itaim Paulista, Penha, S\u00e3o Matheus I, S\u00e3o Miguel Paulista, Santana, Luz, Jabaquara, Interlagos, Lapa e\" \/>\n\t\t<meta property=\"og:url\" content=\"https:\/\/www.encontrasantana.com.br\/sobre\/santana-recebe-oficina-sobre-empregabilidade-e-mercado-de-trabalho\/\" \/>\n\t\t<meta property=\"article:published_time\" content=\"2012-06-19T23:03:14+00:00\" \/>\n\t\t<meta property=\"article:modified_time\" content=\"2019-04-15T12:59:09+00:00\" \/>\n\t\t<meta name=\"twitter:card\" content=\"summary\" \/>\n\t\t<meta name=\"twitter:title\" content=\"Santana recebe oficina sobre Empregabilidade e Mercado de Trabalho \u00bb Encontra Santana\" \/>\n\t\t<meta name=\"twitter:description\" content=\"Por meio do programa Orienta\u00e7\u00e3o para o Trabalho, a Secretaria Municipal de Desenvolvimento Econ\u00f4mico e do Trabalho (Semdet), vai oferecer nesta quarta-feira (20\/6) uma oficina com o tema Empregabilidade e Mercado de Trabalho, a partir das 9h nas unidades do CAT de Itaquera, Itaim Paulista, Penha, S\u00e3o Matheus I, S\u00e3o Miguel Paulista, Santana, Luz, Jabaquara, Interlagos, Lapa e\" \/>\n\t\t<script type=\"application\/ld+json\" class=\"aioseo-schema\">\n\t\t\t{\"@context\":\"https:\\\/\\\/schema.org\",\"@graph\":[{\"@type\":\"Article\",\"@id\":\"https:\\\/\\\/www.encontrasantana.com.br\\\/sobre\\\/santana-recebe-oficina-sobre-empregabilidade-e-mercado-de-trabalho\\\/#article\",\"name\":\"Santana recebe oficina sobre Empregabilidade e Mercado de Trabalho \\u00bb Encontra Santana\",\"headline\":\"Santana recebe oficina sobre Empregabilidade e Mercado de Trabalho\",\"author\":{\"@id\":\"https:\\\/\\\/www.encontrasantana.com.br\\\/sobre\\\/author\\\/esantana\\\/#author\"},\"publisher\":{\"@id\":\"https:\\\/\\\/www.encontrasantana.com.br\\\/sobre\\\/#organization\"},\"datePublished\":\"2012-06-19T20:03:14-03:00\",\"dateModified\":\"2019-04-15T09:59:09-03:00\",\"inLanguage\":\"pt-BR\",\"mainEntityOfPage\":{\"@id\":\"https:\\\/\\\/www.encontrasantana.com.br\\\/sobre\\\/santana-recebe-oficina-sobre-empregabilidade-e-mercado-de-trabalho\\\/#webpage\"},\"isPartOf\":{\"@id\":\"https:\\\/\\\/www.encontrasantana.com.br\\\/sobre\\\/santana-recebe-oficina-sobre-empregabilidade-e-mercado-de-trabalho\\\/#webpage\"},\"articleSection\":\"Cursos Santana, Santana\"},{\"@type\":\"BreadcrumbList\",\"@id\":\"https:\\\/\\\/www.encontrasantana.com.br\\\/sobre\\\/santana-recebe-oficina-sobre-empregabilidade-e-mercado-de-trabalho\\\/#breadcrumblist\",\"itemListElement\":[{\"@type\":\"ListItem\",\"@id\":\"https:\\\/\\\/www.encontrasantana.com.br\\\/sobre#listItem\",\"position\":1,\"name\":\"In\\u00edcio\",\"item\":\"https:\\\/\\\/www.encontrasantana.com.br\\\/sobre\",\"nextItem\":{\"@type\":\"ListItem\",\"@id\":\"https:\\\/\\\/www.encontrasantana.com.br\\\/sobre\\\/cursos-em-santana\\\/#listItem\",\"name\":\"Cursos Santana\"}},{\"@type\":\"ListItem\",\"@id\":\"https:\\\/\\\/www.encontrasantana.com.br\\\/sobre\\\/cursos-em-santana\\\/#listItem\",\"position\":2,\"name\":\"Cursos Santana\",\"item\":\"https:\\\/\\\/www.encontrasantana.com.br\\\/sobre\\\/cursos-em-santana\\\/\",\"nextItem\":{\"@type\":\"ListItem\",\"@id\":\"https:\\\/\\\/www.encontrasantana.com.br\\\/sobre\\\/santana-recebe-oficina-sobre-empregabilidade-e-mercado-de-trabalho\\\/#listItem\",\"name\":\"Santana recebe oficina sobre Empregabilidade e Mercado de Trabalho\"},\"previousItem\":{\"@type\":\"ListItem\",\"@id\":\"https:\\\/\\\/www.encontrasantana.com.br\\\/sobre#listItem\",\"name\":\"In\\u00edcio\"}},{\"@type\":\"ListItem\",\"@id\":\"https:\\\/\\\/www.encontrasantana.com.br\\\/sobre\\\/santana-recebe-oficina-sobre-empregabilidade-e-mercado-de-trabalho\\\/#listItem\",\"position\":3,\"name\":\"Santana recebe oficina sobre Empregabilidade e Mercado de Trabalho\",\"previousItem\":{\"@type\":\"ListItem\",\"@id\":\"https:\\\/\\\/www.encontrasantana.com.br\\\/sobre\\\/cursos-em-santana\\\/#listItem\",\"name\":\"Cursos Santana\"}}]},{\"@type\":\"Organization\",\"@id\":\"https:\\\/\\\/www.encontrasantana.com.br\\\/sobre\\\/#organization\",\"name\":\"Encontra Santana\",\"description\":\"Not\\u00edcias, eventos, informa\\u00e7\\u00f5es e dicas no bairro de Santana e regi\\u00e3o.\",\"url\":\"https:\\\/\\\/www.encontrasantana.com.br\\\/sobre\\\/\"},{\"@type\":\"Person\",\"@id\":\"https:\\\/\\\/www.encontrasantana.com.br\\\/sobre\\\/author\\\/esantana\\\/#author\",\"url\":\"https:\\\/\\\/www.encontrasantana.com.br\\\/sobre\\\/author\\\/esantana\\\/\",\"name\":\"Encontra Santana\",\"image\":{\"@type\":\"ImageObject\",\"@id\":\"https:\\\/\\\/www.encontrasantana.com.br\\\/sobre\\\/santana-recebe-oficina-sobre-empregabilidade-e-mercado-de-trabalho\\\/#authorImage\",\"url\":\"https:\\\/\\\/secure.gravatar.com\\\/avatar\\\/0fbed662e37531ae23e68f85f9517b2454e50c1dfebf80eb9b721449ac95e0b9?s=96&d=mm&r=g\",\"width\":96,\"height\":96,\"caption\":\"Encontra Santana\"}},{\"@type\":\"WebPage\",\"@id\":\"https:\\\/\\\/www.encontrasantana.com.br\\\/sobre\\\/santana-recebe-oficina-sobre-empregabilidade-e-mercado-de-trabalho\\\/#webpage\",\"url\":\"https:\\\/\\\/www.encontrasantana.com.br\\\/sobre\\\/santana-recebe-oficina-sobre-empregabilidade-e-mercado-de-trabalho\\\/\",\"name\":\"Santana recebe oficina sobre Empregabilidade e Mercado de Trabalho \\u00bb Encontra Santana\",\"description\":\"Por meio do programa Orienta\\u00e7\\u00e3o para o Trabalho, a Secretaria Municipal de Desenvolvimento Econ\\u00f4mico e do Trabalho (Semdet), vai oferecer nesta quarta-feira (20\\\/6) uma oficina com o tema Empregabilidade e Mercado de Trabalho, a partir das 9h nas unidades do CAT de Itaquera, Itaim Paulista, Penha, S\\u00e3o Matheus I, S\\u00e3o Miguel Paulista, Santana, Luz, Jabaquara, Interlagos, Lapa e\",\"inLanguage\":\"pt-BR\",\"isPartOf\":{\"@id\":\"https:\\\/\\\/www.encontrasantana.com.br\\\/sobre\\\/#website\"},\"breadcrumb\":{\"@id\":\"https:\\\/\\\/www.encontrasantana.com.br\\\/sobre\\\/santana-recebe-oficina-sobre-empregabilidade-e-mercado-de-trabalho\\\/#breadcrumblist\"},\"author\":{\"@id\":\"https:\\\/\\\/www.encontrasantana.com.br\\\/sobre\\\/author\\\/esantana\\\/#author\"},\"creator\":{\"@id\":\"https:\\\/\\\/www.encontrasantana.com.br\\\/sobre\\\/author\\\/esantana\\\/#author\"},\"datePublished\":\"2012-06-19T20:03:14-03:00\",\"dateModified\":\"2019-04-15T09:59:09-03:00\"},{\"@type\":\"WebSite\",\"@id\":\"https:\\\/\\\/www.encontrasantana.com.br\\\/sobre\\\/#website\",\"url\":\"https:\\\/\\\/www.encontrasantana.com.br\\\/sobre\\\/\",\"name\":\"Encontra Santana\",\"description\":\"Not\\u00edcias, eventos, informa\\u00e7\\u00f5es e dicas no bairro de Santana e regi\\u00e3o.\",\"inLanguage\":\"pt-BR\",\"publisher\":{\"@id\":\"https:\\\/\\\/www.encontrasantana.com.br\\\/sobre\\\/#organization\"}}]}\n\t\t<\/script>\n\t\t<!-- All in One SEO -->\n\n","aioseo_head_json":{"title":"Santana recebe oficina sobre Empregabilidade e Mercado de Trabalho \u00bb Encontra Santana","description":"Por meio do programa Orienta\u00e7\u00e3o para o Trabalho, a Secretaria Municipal de Desenvolvimento Econ\u00f4mico e do Trabalho (Semdet), vai oferecer nesta quarta-feira (20\/6) uma oficina com o tema Empregabilidade e Mercado de Trabalho, a partir das 9h nas unidades do CAT de Itaquera, Itaim Paulista, Penha, S\u00e3o Matheus I, S\u00e3o Miguel Paulista, Santana, Luz, Jabaquara, Interlagos, Lapa e","canonical_url":"https:\/\/www.encontrasantana.com.br\/sobre\/santana-recebe-oficina-sobre-empregabilidade-e-mercado-de-trabalho\/","robots":"max-image-preview:large","keywords":"","webmasterTools":{"miscellaneous":""},"schema":{"@context":"https:\/\/schema.org","@graph":[{"@type":"Article","@id":"https:\/\/www.encontrasantana.com.br\/sobre\/santana-recebe-oficina-sobre-empregabilidade-e-mercado-de-trabalho\/#article","name":"Santana recebe oficina sobre Empregabilidade e Mercado de Trabalho \u00bb Encontra Santana","headline":"Santana recebe oficina sobre Empregabilidade e Mercado de Trabalho","author":{"@id":"https:\/\/www.encontrasantana.com.br\/sobre\/author\/esantana\/#author"},"publisher":{"@id":"https:\/\/www.encontrasantana.com.br\/sobre\/#organization"},"datePublished":"2012-06-19T20:03:14-03:00","dateModified":"2019-04-15T09:59:09-03:00","inLanguage":"pt-BR","mainEntityOfPage":{"@id":"https:\/\/www.encontrasantana.com.br\/sobre\/santana-recebe-oficina-sobre-empregabilidade-e-mercado-de-trabalho\/#webpage"},"isPartOf":{"@id":"https:\/\/www.encontrasantana.com.br\/sobre\/santana-recebe-oficina-sobre-empregabilidade-e-mercado-de-trabalho\/#webpage"},"articleSection":"Cursos Santana, Santana"},{"@type":"BreadcrumbList","@id":"https:\/\/www.encontrasantana.com.br\/sobre\/santana-recebe-oficina-sobre-empregabilidade-e-mercado-de-trabalho\/#breadcrumblist","itemListElement":[{"@type":"ListItem","@id":"https:\/\/www.encontrasantana.com.br\/sobre#listItem","position":1,"name":"In\u00edcio","item":"https:\/\/www.encontrasantana.com.br\/sobre","nextItem":{"@type":"ListItem","@id":"https:\/\/www.encontrasantana.com.br\/sobre\/cursos-em-santana\/#listItem","name":"Cursos Santana"}},{"@type":"ListItem","@id":"https:\/\/www.encontrasantana.com.br\/sobre\/cursos-em-santana\/#listItem","position":2,"name":"Cursos Santana","item":"https:\/\/www.encontrasantana.com.br\/sobre\/cursos-em-santana\/","nextItem":{"@type":"ListItem","@id":"https:\/\/www.encontrasantana.com.br\/sobre\/santana-recebe-oficina-sobre-empregabilidade-e-mercado-de-trabalho\/#listItem","name":"Santana recebe oficina sobre Empregabilidade e Mercado de Trabalho"},"previousItem":{"@type":"ListItem","@id":"https:\/\/www.encontrasantana.com.br\/sobre#listItem","name":"In\u00edcio"}},{"@type":"ListItem","@id":"https:\/\/www.encontrasantana.com.br\/sobre\/santana-recebe-oficina-sobre-empregabilidade-e-mercado-de-trabalho\/#listItem","position":3,"name":"Santana recebe oficina sobre Empregabilidade e Mercado de Trabalho","previousItem":{"@type":"ListItem","@id":"https:\/\/www.encontrasantana.com.br\/sobre\/cursos-em-santana\/#listItem","name":"Cursos Santana"}}]},{"@type":"Organization","@id":"https:\/\/www.encontrasantana.com.br\/sobre\/#organization","name":"Encontra Santana","description":"Not\u00edcias, eventos, informa\u00e7\u00f5es e dicas no bairro de Santana e regi\u00e3o.","url":"https:\/\/www.encontrasantana.com.br\/sobre\/"},{"@type":"Person","@id":"https:\/\/www.encontrasantana.com.br\/sobre\/author\/esantana\/#author","url":"https:\/\/www.encontrasantana.com.br\/sobre\/author\/esantana\/","name":"Encontra Santana","image":{"@type":"ImageObject","@id":"https:\/\/www.encontrasantana.com.br\/sobre\/santana-recebe-oficina-sobre-empregabilidade-e-mercado-de-trabalho\/#authorImage","url":"https:\/\/secure.gravatar.com\/avatar\/0fbed662e37531ae23e68f85f9517b2454e50c1dfebf80eb9b721449ac95e0b9?s=96&d=mm&r=g","width":96,"height":96,"caption":"Encontra Santana"}},{"@type":"WebPage","@id":"https:\/\/www.encontrasantana.com.br\/sobre\/santana-recebe-oficina-sobre-empregabilidade-e-mercado-de-trabalho\/#webpage","url":"https:\/\/www.encontrasantana.com.br\/sobre\/santana-recebe-oficina-sobre-empregabilidade-e-mercado-de-trabalho\/","name":"Santana recebe oficina sobre Empregabilidade e Mercado de Trabalho \u00bb Encontra Santana","description":"Por meio do programa Orienta\u00e7\u00e3o para o Trabalho, a Secretaria Municipal de Desenvolvimento Econ\u00f4mico e do Trabalho (Semdet), vai oferecer nesta quarta-feira (20\/6) uma oficina com o tema Empregabilidade e Mercado de Trabalho, a partir das 9h nas unidades do CAT de Itaquera, Itaim Paulista, Penha, S\u00e3o Matheus I, S\u00e3o Miguel Paulista, Santana, Luz, Jabaquara, Interlagos, Lapa e","inLanguage":"pt-BR","isPartOf":{"@id":"https:\/\/www.encontrasantana.com.br\/sobre\/#website"},"breadcrumb":{"@id":"https:\/\/www.encontrasantana.com.br\/sobre\/santana-recebe-oficina-sobre-empregabilidade-e-mercado-de-trabalho\/#breadcrumblist"},"author":{"@id":"https:\/\/www.encontrasantana.com.br\/sobre\/author\/esantana\/#author"},"creator":{"@id":"https:\/\/www.encontrasantana.com.br\/sobre\/author\/esantana\/#author"},"datePublished":"2012-06-19T20:03:14-03:00","dateModified":"2019-04-15T09:59:09-03:00"},{"@type":"WebSite","@id":"https:\/\/www.encontrasantana.com.br\/sobre\/#website","url":"https:\/\/www.encontrasantana.com.br\/sobre\/","name":"Encontra Santana","description":"Not\u00edcias, eventos, informa\u00e7\u00f5es e dicas no bairro de Santana e regi\u00e3o.","inLanguage":"pt-BR","publisher":{"@id":"https:\/\/www.encontrasantana.com.br\/sobre\/#organization"}}]},"og:locale":"pt_BR","og:site_name":"Encontra Santana | Not\u00edcias, eventos, informa\u00e7\u00f5es e dicas no bairro de Santana e regi\u00e3o.","og:type":"article","og:title":"Santana recebe oficina sobre Empregabilidade e Mercado de Trabalho \u00bb Encontra Santana","og:description":"Por meio do programa Orienta\u00e7\u00e3o para o Trabalho, a Secretaria Municipal de Desenvolvimento Econ\u00f4mico e do Trabalho (Semdet), vai oferecer nesta quarta-feira (20\/6) uma oficina com o tema Empregabilidade e Mercado de Trabalho, a partir das 9h nas unidades do CAT de Itaquera, Itaim Paulista, Penha, S\u00e3o Matheus I, S\u00e3o Miguel Paulista, Santana, Luz, Jabaquara, Interlagos, Lapa e","og:url":"https:\/\/www.encontrasantana.com.br\/sobre\/santana-recebe-oficina-sobre-empregabilidade-e-mercado-de-trabalho\/","article:published_time":"2012-06-19T23:03:14+00:00","article:modified_time":"2019-04-15T12:59:09+00:00","twitter:card":"summary","twitter:title":"Santana recebe oficina sobre Empregabilidade e Mercado de Trabalho \u00bb Encontra Santana","twitter:description":"Por meio do programa Orienta\u00e7\u00e3o para o Trabalho, a Secretaria Municipal de Desenvolvimento Econ\u00f4mico e do Trabalho (Semdet), vai oferecer nesta quarta-feira (20\/6) uma oficina com o tema Empregabilidade e Mercado de Trabalho, a partir das 9h nas unidades do CAT de Itaquera, Itaim Paulista, Penha, S\u00e3o Matheus I, S\u00e3o Miguel Paulista, Santana, Luz, Jabaquara, Interlagos, Lapa e"},"aioseo_meta_data":{"post_id":"19499","title":null,"description":null,"keywords":null,"keyphrases":null,"primary_term":null,"canonical_url":null,"og_title":null,"og_description":null,"og_object_type":"default","og_image_type":"default","og_image_url":null,"og_image_width":null,"og_image_height":null,"og_image_custom_url":null,"og_image_custom_fields":null,"og_video":null,"og_custom_url":null,"og_article_section":null,"og_article_tags":null,"twitter_use_og":false,"twitter_card":"default","twitter_image_type":"default","twitter_image_url":null,"twitter_image_custom_url":null,"twitter_image_custom_fields":null,"twitter_title":null,"twitter_description":null,"schema":{"blockGraphs":[],"customGraphs":[],"default":{"data":{"Article":[],"Course":[],"Dataset":[],"FAQPage":[],"Movie":[],"Person":[],"Product":[],"ProductReview":[],"Car":[],"Recipe":[],"Service":[],"SoftwareApplication":[],"WebPage":[]},"graphName":"Article","isEnabled":true},"graphs":[]},"schema_type":null,"schema_type_options":null,"pillar_content":false,"robots_default":true,"robots_noindex":false,"robots_noarchive":false,"robots_nosnippet":false,"robots_nofollow":false,"robots_noimageindex":false,"robots_noodp":false,"robots_notranslate":false,"robots_max_snippet":null,"robots_max_videopreview":null,"robots_max_imagepreview":"large","priority":null,"frequency":null,"local_seo":null,"limit_modified_date":false,"created":"2021-04-20 20:24:46","updated":"2026-08-06 17:03:15","focus_keyword":null,"additional_keywords":null,"truseo_locale":null,"ai":null,"breadcrumb_settings":null,"seo_analyzer_scan_date":null},"aioseo_breadcrumb":"<div class=\"aioseo-breadcrumbs\"><span class=\"aioseo-breadcrumb\">\n\t\t\t<a href=\"https:\/\/www.encontrasantana.com.br\/sobre\" title=\"In\u00edcio\">In\u00edcio<\/a>\n\t\t<\/span><span class=\"aioseo-breadcrumb-separator\">&raquo;<\/span><span class=\"aioseo-breadcrumb\">\n\t\t\t<a href=\"https:\/\/www.encontrasantana.com.br\/sobre\/cursos-em-santana\/\" title=\"Cursos Santana\">Cursos Santana<\/a>\n\t\t<\/span><span class=\"aioseo-breadcrumb-separator\">&raquo;<\/span><span class=\"aioseo-breadcrumb\">\n\t\t\tSantana recebe oficina sobre Empregabilidade e Mercado de Trabalho\n\t\t<\/span><\/div>","aioseo_breadcrumb_json":[{"label":"In\u00edcio","link":"https:\/\/www.encontrasantana.com.br\/sobre"},{"label":"Cursos Santana","link":"https:\/\/www.encontrasantana.com.br\/sobre\/cursos-em-santana\/"},{"label":"Santana recebe oficina sobre Empregabilidade e Mercado de Trabalho","link":"https:\/\/www.encontrasantana.com.br\/sobre\/santana-recebe-oficina-sobre-empregabilidade-e-mercado-de-trabalho\/"}],"_links":{"self":[{"href":"https:\/\/www.encontrasantana.com.br\/sobre\/wp-json\/wp\/v2\/posts\/19499","targetHints":{"allow":["GET"]}}],"collection":[{"href":"https:\/\/www.encontrasantana.com.br\/sobre\/wp-json\/wp\/v2\/posts"}],"about":[{"href":"https:\/\/www.encontrasantana.com.br\/sobre\/wp-json\/wp\/v2\/types\/post"}],"author":[{"embeddable":true,"href":"https:\/\/www.encontrasantana.com.br\/sobre\/wp-json\/wp\/v2\/users\/1"}],"replies":[{"embeddable":true,"href":"https:\/\/www.encontrasantana.com.br\/sobre\/wp-json\/wp\/v2\/comments?post=19499"}],"version-history":[{"count":0,"href":"https:\/\/www.encontrasantana.com.br\/sobre\/wp-json\/wp\/v2\/posts\/19499\/revisions"}],"wp:attachment":[{"href":"https:\/\/www.encontrasantana.com.br\/sobre\/wp-json\/wp\/v2\/media?parent=19499"}],"wp:term":[{"taxonomy":"category","embeddable":true,"href":"https:\/\/www.encontrasantana.com.br\/sobre\/wp-json\/wp\/v2\/categories?post=19499"},{"taxonomy":"post_tag","embeddable":true,"href":"https:\/\/www.encontrasantana.com.br\/sobre\/wp-json\/wp\/v2\/tags?post=19499"}],"curies":[{"name":"wp","href":"https:\/\/api.w.org\/{rel}","templated":true}]}}