{"id":19648,"date":"2012-06-25T19:12:49","date_gmt":"2012-06-25T22:12:49","guid":{"rendered":"http:\/\/www.encontrasantana.com.br\/blog\/?p=19648"},"modified":"2019-04-15T09:59:09","modified_gmt":"2019-04-15T12:59:09","slug":"santana-tera-desfile-do-dia-do-fusca-no-sambodromo","status":"publish","type":"post","link":"https:\/\/www.encontrasantana.com.br\/sobre\/santana-tera-desfile-do-dia-do-fusca-no-sambodromo\/","title":{"rendered":"Santana ter\u00e1 desfile do Dia do Fusca no samb\u00f3dromo"},"content":{"rendered":"<div class=\"1acf8468e559fd3cbeec5aee3a269a52\" data-index=\"1\" style=\"float: none; margin:0px;\">\n<!-- Anuncio display - global -->\r\n<ins class=\"adsbygoogle\"\r\n     style=\"display:block\"\r\n     data-ad-client=\"ca-pub-8585364105181520\"\r\n     data-ad-slot=\"8789329856\"\r\n     data-ad-format=\"auto\"\r\n     data-full-width-responsive=\"true\"><\/ins>\r\n<script>\r\n     (adsbygoogle = window.adsbygoogle || []).push({});\r\n<\/script>\n<\/div>\n<p>Trinta Fuscas ir\u00e3o desfilar \u00e0s 21h de ter\u00e7a, dia 26, no <a href=\"http:\/\/www.encontrasantana.com.br\/santana\/sambodromo-santana.shtml\" target=\"_blank\">samb\u00f3dromo do Anhembi<\/a> para comemorar o Dia Mundial do Fusca. O desfile ter\u00e1 exemplares especiais como os \u201csplit window\u201d, importados da Alemanha e montados no Brasil na d\u00e9cada de 1950. Tamb\u00e9m far\u00e3o parte do evento os modelos mais representativos das d\u00e9cadas de 1960 e 1970 que mostrar\u00e3o a evolu\u00e7\u00e3o do Fusca nacional. Alguns carros especiais como o Super Fusc\u00e3o (Bizorr\u00e3o) da d\u00e9cada de 1970, o Fusca com teto solar, \u201cItamar\u201d da d\u00e9cada de 1990 e da s\u00e9rie \u201cLove\u201d (1985) tamb\u00e9m far\u00e3o parte do evento.<\/p>\n<p><em>Fonte: Jornal da Tarde<\/em><\/p>\n\n<div style=\"font-size: 0px; height: 0px; line-height: 0px; margin: 0; padding: 0; clear: both;\"><\/div>","protected":false},"excerpt":{"rendered":"<p>Trinta Fuscas ir\u00e3o desfilar \u00e0s 21h de ter\u00e7a, dia 26, no samb\u00f3dromo do Anhembi para comemorar o Dia Mundial do Fusca. O desfile ter\u00e1 exemplares especiais como os \u201csplit window\u201d, importados da Alemanha e montados no Brasil na d\u00e9cada de 1950. Tamb\u00e9m far\u00e3o parte do evento os modelos mais representativos das d\u00e9cadas de 1960 e 1970 que mostrar\u00e3o a evolu\u00e7\u00e3o do Fusca nacional. Alguns carros especiais como o Super Fusc\u00e3o (Bizorr\u00e3o) da d\u00e9cada de 1970, o Fusca com teto solar, \u201cItamar\u201d da d\u00e9cada de 1990 e da s\u00e9rie \u201cLove\u201d (1985) tamb\u00e9m far\u00e3o parte do evento. Fonte: Jornal da Tarde<\/p>\n","protected":false},"author":1,"featured_media":0,"comment_status":"open","ping_status":"closed","sticky":false,"template":"","format":"standard","meta":{"footnotes":""},"categories":[3],"tags":[10],"class_list":["post-19648","post","type-post","status-publish","format-standard","hentry","category-noticias-em-santana","tag-santana"],"aioseo_notices":[],"_links":{"self":[{"href":"https:\/\/www.encontrasantana.com.br\/sobre\/wp-json\/wp\/v2\/posts\/19648"}],"collection":[{"href":"https:\/\/www.encontrasantana.com.br\/sobre\/wp-json\/wp\/v2\/posts"}],"about":[{"href":"https:\/\/www.encontrasantana.com.br\/sobre\/wp-json\/wp\/v2\/types\/post"}],"author":[{"embeddable":true,"href":"https:\/\/www.encontrasantana.com.br\/sobre\/wp-json\/wp\/v2\/users\/1"}],"replies":[{"embeddable":true,"href":"https:\/\/www.encontrasantana.com.br\/sobre\/wp-json\/wp\/v2\/comments?post=19648"}],"version-history":[{"count":0,"href":"https:\/\/www.encontrasantana.com.br\/sobre\/wp-json\/wp\/v2\/posts\/19648\/revisions"}],"wp:attachment":[{"href":"https:\/\/www.encontrasantana.com.br\/sobre\/wp-json\/wp\/v2\/media?parent=19648"}],"wp:term":[{"taxonomy":"category","embeddable":true,"href":"https:\/\/www.encontrasantana.com.br\/sobre\/wp-json\/wp\/v2\/categories?post=19648"},{"taxonomy":"post_tag","embeddable":true,"href":"https:\/\/www.encontrasantana.com.br\/sobre\/wp-json\/wp\/v2\/tags?post=19648"}],"curies":[{"name":"wp","href":"https:\/\/api.w.org\/{rel}","templated":true}]}}