{"id":19879,"date":"2012-07-02T18:29:10","date_gmt":"2012-07-02T21:29:10","guid":{"rendered":"http:\/\/www.encontrasantana.com.br\/blog\/?p=19879"},"modified":"2019-04-15T09:59:07","modified_gmt":"2019-04-15T12:59:07","slug":"santana-anhembi-tera-telao-de-16m-para-receber-corintianos-na-final-da-libertadores","status":"publish","type":"post","link":"https:\/\/www.encontrasantana.com.br\/sobre\/santana-anhembi-tera-telao-de-16m-para-receber-corintianos-na-final-da-libertadores\/","title":{"rendered":"Santana: Anhembi ter\u00e1 tel\u00e3o de 16m para receber corintianos na final da Libertadores"},"content":{"rendered":"<div class=\"1acf8468e559fd3cbeec5aee3a269a52\" data-index=\"1\" style=\"float: none; margin:0px;\">\n<!-- Anuncio display - global -->\r\n<ins class=\"adsbygoogle\"\r\n     style=\"display:block\"\r\n     data-ad-client=\"ca-pub-8585364105181520\"\r\n     data-ad-slot=\"8789329856\"\r\n     data-ad-format=\"auto\"\r\n     data-full-width-responsive=\"true\"><\/ins>\r\n<script>\r\n     (adsbygoogle = window.adsbygoogle || []).push({});\r\n<\/script>\n<\/div>\n<p>O\u00a0Corinthians\u00a0divulgou os detalhes do evento que prepara na <a href=\"http:\/\/www.encontrasantana.com.br\/santana\/arena-anhembi-em-santana.shtml\" target=\"_blank\">Arena Anhembi<\/a> em parceria com a cervejaria Brahma na quarta-feira, para a final da Copa Libertadores, contra o\u00a0Boca Juniors. Op\u00e7\u00e3o para quem n\u00e3o conseguiu ingresso para o est\u00e1dio do Pacaembu, o local ter\u00e1 um tel\u00e3o de alta defini\u00e7\u00e3o, com dimens\u00e3o de 16x9m.<\/p>\n<p>Para acompanhar a decis\u00e3o no\u00a0painel &#8211; o maior j\u00e1 instalado no Brasil -, o torcedor ter\u00e1 que comprar ingresso no valor de R$ 20. A venda \u00e9 feita nas bilheterias do port\u00e3o 22 do Pacaembu e no Parque S\u00e3o Jorge, das 11h \u00e0s 17h.<\/p>\n<p>Outra alternativa \u00e9 adquirir o bilhete por meio do site zetks.com. No dia da partida, a comercializa\u00e7\u00e3o ser\u00e1 feita somente no pr\u00f3prio Anhembi, cuja estrutura montada possuir\u00e1 bares, banheiros e pra\u00e7a de alimenta\u00e7\u00e3o. O port\u00e3o 30, de acesso \u00e0 torcida, ser\u00e1 aberto \u00e0s 17h.<\/p>\n<p>&#8220;Criamos uma op\u00e7\u00e3o oficial e oferecemos ao nosso torcedor um evento de qualidade para ele reunir os amigos e acompanhar a final. A procura por ingressos para a final \u00e9 muito maior do que a capacidade do est\u00e1dio e esperamos atender o grande n\u00famero de pessoas que n\u00e3o conseguir\u00e1 entrar no Pacaembu&#8221;, disse o gerente de marketing do Corinthians, Caio Campos.<\/p>\n<p>As pouco mais de 34 mil entradas colocadas \u00e0 disposi\u00e7\u00e3o da torcida corintiana no Pacaembu foram esgotadas at\u00e9 s\u00e1bado. O clube alerta que haver\u00e1 fiscais nas catracas do est\u00e1dio para conferir documentos e evitar que torcedores fa\u00e7am uso de cart\u00f5es alheios do Fiel Torcedor, programa de s\u00f3cios utilizado para a compra de ingressos.<\/p>\n<p>A\u00a0final ser\u00e1 \u00e0s 21h50 de quarta-feira. Com o 1 a 1\u00a0em La Bombonera, o Corinthians precisa vencer por qualquer placar para ser campe\u00e3o da Libertadores pela primeira vez na hist\u00f3ria. Novo empate leva a decis\u00e3o \u00e0 prorroga\u00e7\u00e3o, e uma vit\u00f3ria do Boca d\u00e1 o t\u00edtulo ao clube argentino.<\/p>\n<p><em>Fonte: iG<\/em><\/p>\n\n<div style=\"font-size: 0px; height: 0px; line-height: 0px; margin: 0; padding: 0; clear: both;\"><\/div>","protected":false},"excerpt":{"rendered":"<p>O\u00a0Corinthians\u00a0divulgou os detalhes do evento que prepara na Arena Anhembi em parceria com a cervejaria Brahma na quarta-feira, para a final da Copa Libertadores, contra o\u00a0Boca Juniors. Op\u00e7\u00e3o para quem n\u00e3o conseguiu ingresso para o est\u00e1dio do Pacaembu, o local ter\u00e1 um tel\u00e3o de alta defini\u00e7\u00e3o, com dimens\u00e3o de 16x9m. Para acompanhar a decis\u00e3o no\u00a0painel &#8211; o maior j\u00e1 instalado no Brasil -, o torcedor ter\u00e1 que comprar ingresso no valor de R$ 20. A venda \u00e9 feita nas bilheterias do port\u00e3o 22 do Pacaembu e no Parque S\u00e3o Jorge, das 11h \u00e0s 17h. Outra alternativa \u00e9 adquirir o bilhete <\/p>\n","protected":false},"author":1,"featured_media":0,"comment_status":"open","ping_status":"closed","sticky":false,"template":"","format":"standard","meta":{"footnotes":""},"categories":[3],"tags":[10],"class_list":["post-19879","post","type-post","status-publish","format-standard","hentry","category-noticias-em-santana","tag-santana"],"aioseo_notices":[],"aioseo_head":"\n\t\t<!-- All in One SEO 5.0.0.1 - aioseo.com -->\n\t<meta name=\"description\" content=\"O Corinthians divulgou os detalhes do evento que prepara na Arena Anhembi em parceria com a cervejaria Brahma na quarta-feira, para a final da Copa Libertadores, contra o Boca Juniors. Op\u00e7\u00e3o para quem n\u00e3o conseguiu ingresso para o est\u00e1dio do Pacaembu, o local ter\u00e1 um tel\u00e3o de alta defini\u00e7\u00e3o, com dimens\u00e3o de 16x9m. Para acompanhar a decis\u00e3o no painel\" \/>\n\t<meta name=\"robots\" content=\"max-image-preview:large\" \/>\n\t<meta name=\"author\" content=\"Encontra Santana\"\/>\n\t<link rel=\"canonical\" href=\"https:\/\/www.encontrasantana.com.br\/sobre\/santana-anhembi-tera-telao-de-16m-para-receber-corintianos-na-final-da-libertadores\/\" \/>\n\t<meta name=\"generator\" content=\"All in One SEO (AIOSEO) 5.0.0.1\" \/>\n\t\t<meta property=\"og:locale\" content=\"pt_BR\" \/>\n\t\t<meta property=\"og:site_name\" content=\"Encontra Santana | Not\u00edcias, eventos, informa\u00e7\u00f5es e dicas no bairro de Santana e regi\u00e3o.\" \/>\n\t\t<meta property=\"og:type\" content=\"article\" \/>\n\t\t<meta property=\"og:title\" content=\"Santana: Anhembi ter\u00e1 tel\u00e3o de 16m para receber corintianos na final da Libertadores \u00bb Encontra Santana\" \/>\n\t\t<meta property=\"og:description\" content=\"O Corinthians divulgou os detalhes do evento que prepara na Arena Anhembi em parceria com a cervejaria Brahma na quarta-feira, para a final da Copa Libertadores, contra o Boca Juniors. Op\u00e7\u00e3o para quem n\u00e3o conseguiu ingresso para o est\u00e1dio do Pacaembu, o local ter\u00e1 um tel\u00e3o de alta defini\u00e7\u00e3o, com dimens\u00e3o de 16x9m. Para acompanhar a decis\u00e3o no painel\" \/>\n\t\t<meta property=\"og:url\" content=\"https:\/\/www.encontrasantana.com.br\/sobre\/santana-anhembi-tera-telao-de-16m-para-receber-corintianos-na-final-da-libertadores\/\" \/>\n\t\t<meta property=\"article:published_time\" content=\"2012-07-02T21:29:10+00:00\" \/>\n\t\t<meta property=\"article:modified_time\" content=\"2019-04-15T12:59:07+00:00\" \/>\n\t\t<meta name=\"twitter:card\" content=\"summary\" \/>\n\t\t<meta name=\"twitter:title\" content=\"Santana: Anhembi ter\u00e1 tel\u00e3o de 16m para receber corintianos na final da Libertadores \u00bb Encontra Santana\" \/>\n\t\t<meta name=\"twitter:description\" content=\"O Corinthians divulgou os detalhes do evento que prepara na Arena Anhembi em parceria com a cervejaria Brahma na quarta-feira, para a final da Copa Libertadores, contra o Boca Juniors. Op\u00e7\u00e3o para quem n\u00e3o conseguiu ingresso para o est\u00e1dio do Pacaembu, o local ter\u00e1 um tel\u00e3o de alta defini\u00e7\u00e3o, com dimens\u00e3o de 16x9m. Para acompanhar a decis\u00e3o no painel\" \/>\n\t\t<script type=\"application\/ld+json\" class=\"aioseo-schema\">\n\t\t\t{\"@context\":\"https:\\\/\\\/schema.org\",\"@graph\":[{\"@type\":\"Article\",\"@id\":\"https:\\\/\\\/www.encontrasantana.com.br\\\/sobre\\\/santana-anhembi-tera-telao-de-16m-para-receber-corintianos-na-final-da-libertadores\\\/#article\",\"name\":\"Santana: Anhembi ter\\u00e1 tel\\u00e3o de 16m para receber corintianos na final da Libertadores \\u00bb Encontra Santana\",\"headline\":\"Santana: Anhembi ter\\u00e1 tel\\u00e3o de 16m para receber corintianos na final da Libertadores\",\"author\":{\"@id\":\"https:\\\/\\\/www.encontrasantana.com.br\\\/sobre\\\/author\\\/esantana\\\/#author\"},\"publisher\":{\"@id\":\"https:\\\/\\\/www.encontrasantana.com.br\\\/sobre\\\/#organization\"},\"datePublished\":\"2012-07-02T18:29:10-03:00\",\"dateModified\":\"2019-04-15T09:59:07-03:00\",\"inLanguage\":\"pt-BR\",\"mainEntityOfPage\":{\"@id\":\"https:\\\/\\\/www.encontrasantana.com.br\\\/sobre\\\/santana-anhembi-tera-telao-de-16m-para-receber-corintianos-na-final-da-libertadores\\\/#webpage\"},\"isPartOf\":{\"@id\":\"https:\\\/\\\/www.encontrasantana.com.br\\\/sobre\\\/santana-anhembi-tera-telao-de-16m-para-receber-corintianos-na-final-da-libertadores\\\/#webpage\"},\"articleSection\":\"Not\\u00edcias Santana, Santana\"},{\"@type\":\"BreadcrumbList\",\"@id\":\"https:\\\/\\\/www.encontrasantana.com.br\\\/sobre\\\/santana-anhembi-tera-telao-de-16m-para-receber-corintianos-na-final-da-libertadores\\\/#breadcrumblist\",\"itemListElement\":[{\"@type\":\"ListItem\",\"@id\":\"https:\\\/\\\/www.encontrasantana.com.br\\\/sobre#listItem\",\"position\":1,\"name\":\"In\\u00edcio\",\"item\":\"https:\\\/\\\/www.encontrasantana.com.br\\\/sobre\",\"nextItem\":{\"@type\":\"ListItem\",\"@id\":\"https:\\\/\\\/www.encontrasantana.com.br\\\/sobre\\\/noticias-em-santana\\\/#listItem\",\"name\":\"Not\\u00edcias Santana\"}},{\"@type\":\"ListItem\",\"@id\":\"https:\\\/\\\/www.encontrasantana.com.br\\\/sobre\\\/noticias-em-santana\\\/#listItem\",\"position\":2,\"name\":\"Not\\u00edcias Santana\",\"item\":\"https:\\\/\\\/www.encontrasantana.com.br\\\/sobre\\\/noticias-em-santana\\\/\",\"nextItem\":{\"@type\":\"ListItem\",\"@id\":\"https:\\\/\\\/www.encontrasantana.com.br\\\/sobre\\\/santana-anhembi-tera-telao-de-16m-para-receber-corintianos-na-final-da-libertadores\\\/#listItem\",\"name\":\"Santana: Anhembi ter\\u00e1 tel\\u00e3o de 16m para receber corintianos na final da Libertadores\"},\"previousItem\":{\"@type\":\"ListItem\",\"@id\":\"https:\\\/\\\/www.encontrasantana.com.br\\\/sobre#listItem\",\"name\":\"In\\u00edcio\"}},{\"@type\":\"ListItem\",\"@id\":\"https:\\\/\\\/www.encontrasantana.com.br\\\/sobre\\\/santana-anhembi-tera-telao-de-16m-para-receber-corintianos-na-final-da-libertadores\\\/#listItem\",\"position\":3,\"name\":\"Santana: Anhembi ter\\u00e1 tel\\u00e3o de 16m para receber corintianos na final da Libertadores\",\"previousItem\":{\"@type\":\"ListItem\",\"@id\":\"https:\\\/\\\/www.encontrasantana.com.br\\\/sobre\\\/noticias-em-santana\\\/#listItem\",\"name\":\"Not\\u00edcias Santana\"}}]},{\"@type\":\"Organization\",\"@id\":\"https:\\\/\\\/www.encontrasantana.com.br\\\/sobre\\\/#organization\",\"name\":\"Encontra Santana\",\"description\":\"Not\\u00edcias, eventos, informa\\u00e7\\u00f5es e dicas no bairro de Santana e regi\\u00e3o.\",\"url\":\"https:\\\/\\\/www.encontrasantana.com.br\\\/sobre\\\/\"},{\"@type\":\"Person\",\"@id\":\"https:\\\/\\\/www.encontrasantana.com.br\\\/sobre\\\/author\\\/esantana\\\/#author\",\"url\":\"https:\\\/\\\/www.encontrasantana.com.br\\\/sobre\\\/author\\\/esantana\\\/\",\"name\":\"Encontra Santana\",\"image\":{\"@type\":\"ImageObject\",\"@id\":\"https:\\\/\\\/www.encontrasantana.com.br\\\/sobre\\\/santana-anhembi-tera-telao-de-16m-para-receber-corintianos-na-final-da-libertadores\\\/#authorImage\",\"url\":\"https:\\\/\\\/secure.gravatar.com\\\/avatar\\\/0fbed662e37531ae23e68f85f9517b2454e50c1dfebf80eb9b721449ac95e0b9?s=96&d=mm&r=g\",\"width\":96,\"height\":96,\"caption\":\"Encontra Santana\"}},{\"@type\":\"WebPage\",\"@id\":\"https:\\\/\\\/www.encontrasantana.com.br\\\/sobre\\\/santana-anhembi-tera-telao-de-16m-para-receber-corintianos-na-final-da-libertadores\\\/#webpage\",\"url\":\"https:\\\/\\\/www.encontrasantana.com.br\\\/sobre\\\/santana-anhembi-tera-telao-de-16m-para-receber-corintianos-na-final-da-libertadores\\\/\",\"name\":\"Santana: Anhembi ter\\u00e1 tel\\u00e3o de 16m para receber corintianos na final da Libertadores \\u00bb Encontra Santana\",\"description\":\"O Corinthians divulgou os detalhes do evento que prepara na Arena Anhembi em parceria com a cervejaria Brahma na quarta-feira, para a final da Copa Libertadores, contra o Boca Juniors. Op\\u00e7\\u00e3o para quem n\\u00e3o conseguiu ingresso para o est\\u00e1dio do Pacaembu, o local ter\\u00e1 um tel\\u00e3o de alta defini\\u00e7\\u00e3o, com dimens\\u00e3o de 16x9m. Para acompanhar a decis\\u00e3o no painel\",\"inLanguage\":\"pt-BR\",\"isPartOf\":{\"@id\":\"https:\\\/\\\/www.encontrasantana.com.br\\\/sobre\\\/#website\"},\"breadcrumb\":{\"@id\":\"https:\\\/\\\/www.encontrasantana.com.br\\\/sobre\\\/santana-anhembi-tera-telao-de-16m-para-receber-corintianos-na-final-da-libertadores\\\/#breadcrumblist\"},\"author\":{\"@id\":\"https:\\\/\\\/www.encontrasantana.com.br\\\/sobre\\\/author\\\/esantana\\\/#author\"},\"creator\":{\"@id\":\"https:\\\/\\\/www.encontrasantana.com.br\\\/sobre\\\/author\\\/esantana\\\/#author\"},\"datePublished\":\"2012-07-02T18:29:10-03:00\",\"dateModified\":\"2019-04-15T09:59:07-03:00\"},{\"@type\":\"WebSite\",\"@id\":\"https:\\\/\\\/www.encontrasantana.com.br\\\/sobre\\\/#website\",\"url\":\"https:\\\/\\\/www.encontrasantana.com.br\\\/sobre\\\/\",\"name\":\"Encontra Santana\",\"description\":\"Not\\u00edcias, eventos, informa\\u00e7\\u00f5es e dicas no bairro de Santana e regi\\u00e3o.\",\"inLanguage\":\"pt-BR\",\"publisher\":{\"@id\":\"https:\\\/\\\/www.encontrasantana.com.br\\\/sobre\\\/#organization\"}}]}\n\t\t<\/script>\n\t\t<!-- All in One SEO -->\n\n","aioseo_head_json":{"title":"Santana: Anhembi ter\u00e1 tel\u00e3o de 16m para receber corintianos na final da Libertadores \u00bb Encontra Santana","description":"O Corinthians divulgou os detalhes do evento que prepara na Arena Anhembi em parceria com a cervejaria Brahma na quarta-feira, para a final da Copa Libertadores, contra o Boca Juniors. Op\u00e7\u00e3o para quem n\u00e3o conseguiu ingresso para o est\u00e1dio do Pacaembu, o local ter\u00e1 um tel\u00e3o de alta defini\u00e7\u00e3o, com dimens\u00e3o de 16x9m. Para acompanhar a decis\u00e3o no painel","canonical_url":"https:\/\/www.encontrasantana.com.br\/sobre\/santana-anhembi-tera-telao-de-16m-para-receber-corintianos-na-final-da-libertadores\/","robots":"max-image-preview:large","keywords":"","webmasterTools":{"miscellaneous":""},"schema":{"@context":"https:\/\/schema.org","@graph":[{"@type":"Article","@id":"https:\/\/www.encontrasantana.com.br\/sobre\/santana-anhembi-tera-telao-de-16m-para-receber-corintianos-na-final-da-libertadores\/#article","name":"Santana: Anhembi ter\u00e1 tel\u00e3o de 16m para receber corintianos na final da Libertadores \u00bb Encontra Santana","headline":"Santana: Anhembi ter\u00e1 tel\u00e3o de 16m para receber corintianos na final da Libertadores","author":{"@id":"https:\/\/www.encontrasantana.com.br\/sobre\/author\/esantana\/#author"},"publisher":{"@id":"https:\/\/www.encontrasantana.com.br\/sobre\/#organization"},"datePublished":"2012-07-02T18:29:10-03:00","dateModified":"2019-04-15T09:59:07-03:00","inLanguage":"pt-BR","mainEntityOfPage":{"@id":"https:\/\/www.encontrasantana.com.br\/sobre\/santana-anhembi-tera-telao-de-16m-para-receber-corintianos-na-final-da-libertadores\/#webpage"},"isPartOf":{"@id":"https:\/\/www.encontrasantana.com.br\/sobre\/santana-anhembi-tera-telao-de-16m-para-receber-corintianos-na-final-da-libertadores\/#webpage"},"articleSection":"Not\u00edcias Santana, Santana"},{"@type":"BreadcrumbList","@id":"https:\/\/www.encontrasantana.com.br\/sobre\/santana-anhembi-tera-telao-de-16m-para-receber-corintianos-na-final-da-libertadores\/#breadcrumblist","itemListElement":[{"@type":"ListItem","@id":"https:\/\/www.encontrasantana.com.br\/sobre#listItem","position":1,"name":"In\u00edcio","item":"https:\/\/www.encontrasantana.com.br\/sobre","nextItem":{"@type":"ListItem","@id":"https:\/\/www.encontrasantana.com.br\/sobre\/noticias-em-santana\/#listItem","name":"Not\u00edcias Santana"}},{"@type":"ListItem","@id":"https:\/\/www.encontrasantana.com.br\/sobre\/noticias-em-santana\/#listItem","position":2,"name":"Not\u00edcias Santana","item":"https:\/\/www.encontrasantana.com.br\/sobre\/noticias-em-santana\/","nextItem":{"@type":"ListItem","@id":"https:\/\/www.encontrasantana.com.br\/sobre\/santana-anhembi-tera-telao-de-16m-para-receber-corintianos-na-final-da-libertadores\/#listItem","name":"Santana: Anhembi ter\u00e1 tel\u00e3o de 16m para receber corintianos na final da Libertadores"},"previousItem":{"@type":"ListItem","@id":"https:\/\/www.encontrasantana.com.br\/sobre#listItem","name":"In\u00edcio"}},{"@type":"ListItem","@id":"https:\/\/www.encontrasantana.com.br\/sobre\/santana-anhembi-tera-telao-de-16m-para-receber-corintianos-na-final-da-libertadores\/#listItem","position":3,"name":"Santana: Anhembi ter\u00e1 tel\u00e3o de 16m para receber corintianos na final da Libertadores","previousItem":{"@type":"ListItem","@id":"https:\/\/www.encontrasantana.com.br\/sobre\/noticias-em-santana\/#listItem","name":"Not\u00edcias Santana"}}]},{"@type":"Organization","@id":"https:\/\/www.encontrasantana.com.br\/sobre\/#organization","name":"Encontra Santana","description":"Not\u00edcias, eventos, informa\u00e7\u00f5es e dicas no bairro de Santana e regi\u00e3o.","url":"https:\/\/www.encontrasantana.com.br\/sobre\/"},{"@type":"Person","@id":"https:\/\/www.encontrasantana.com.br\/sobre\/author\/esantana\/#author","url":"https:\/\/www.encontrasantana.com.br\/sobre\/author\/esantana\/","name":"Encontra Santana","image":{"@type":"ImageObject","@id":"https:\/\/www.encontrasantana.com.br\/sobre\/santana-anhembi-tera-telao-de-16m-para-receber-corintianos-na-final-da-libertadores\/#authorImage","url":"https:\/\/secure.gravatar.com\/avatar\/0fbed662e37531ae23e68f85f9517b2454e50c1dfebf80eb9b721449ac95e0b9?s=96&d=mm&r=g","width":96,"height":96,"caption":"Encontra Santana"}},{"@type":"WebPage","@id":"https:\/\/www.encontrasantana.com.br\/sobre\/santana-anhembi-tera-telao-de-16m-para-receber-corintianos-na-final-da-libertadores\/#webpage","url":"https:\/\/www.encontrasantana.com.br\/sobre\/santana-anhembi-tera-telao-de-16m-para-receber-corintianos-na-final-da-libertadores\/","name":"Santana: Anhembi ter\u00e1 tel\u00e3o de 16m para receber corintianos na final da Libertadores \u00bb Encontra Santana","description":"O Corinthians divulgou os detalhes do evento que prepara na Arena Anhembi em parceria com a cervejaria Brahma na quarta-feira, para a final da Copa Libertadores, contra o Boca Juniors. Op\u00e7\u00e3o para quem n\u00e3o conseguiu ingresso para o est\u00e1dio do Pacaembu, o local ter\u00e1 um tel\u00e3o de alta defini\u00e7\u00e3o, com dimens\u00e3o de 16x9m. Para acompanhar a decis\u00e3o no painel","inLanguage":"pt-BR","isPartOf":{"@id":"https:\/\/www.encontrasantana.com.br\/sobre\/#website"},"breadcrumb":{"@id":"https:\/\/www.encontrasantana.com.br\/sobre\/santana-anhembi-tera-telao-de-16m-para-receber-corintianos-na-final-da-libertadores\/#breadcrumblist"},"author":{"@id":"https:\/\/www.encontrasantana.com.br\/sobre\/author\/esantana\/#author"},"creator":{"@id":"https:\/\/www.encontrasantana.com.br\/sobre\/author\/esantana\/#author"},"datePublished":"2012-07-02T18:29:10-03:00","dateModified":"2019-04-15T09:59:07-03:00"},{"@type":"WebSite","@id":"https:\/\/www.encontrasantana.com.br\/sobre\/#website","url":"https:\/\/www.encontrasantana.com.br\/sobre\/","name":"Encontra Santana","description":"Not\u00edcias, eventos, informa\u00e7\u00f5es e dicas no bairro de Santana e regi\u00e3o.","inLanguage":"pt-BR","publisher":{"@id":"https:\/\/www.encontrasantana.com.br\/sobre\/#organization"}}]},"og:locale":"pt_BR","og:site_name":"Encontra Santana | Not\u00edcias, eventos, informa\u00e7\u00f5es e dicas no bairro de Santana e regi\u00e3o.","og:type":"article","og:title":"Santana: Anhembi ter\u00e1 tel\u00e3o de 16m para receber corintianos na final da Libertadores \u00bb Encontra Santana","og:description":"O Corinthians divulgou os detalhes do evento que prepara na Arena Anhembi em parceria com a cervejaria Brahma na quarta-feira, para a final da Copa Libertadores, contra o Boca Juniors. Op\u00e7\u00e3o para quem n\u00e3o conseguiu ingresso para o est\u00e1dio do Pacaembu, o local ter\u00e1 um tel\u00e3o de alta defini\u00e7\u00e3o, com dimens\u00e3o de 16x9m. Para acompanhar a decis\u00e3o no painel","og:url":"https:\/\/www.encontrasantana.com.br\/sobre\/santana-anhembi-tera-telao-de-16m-para-receber-corintianos-na-final-da-libertadores\/","article:published_time":"2012-07-02T21:29:10+00:00","article:modified_time":"2019-04-15T12:59:07+00:00","twitter:card":"summary","twitter:title":"Santana: Anhembi ter\u00e1 tel\u00e3o de 16m para receber corintianos na final da Libertadores \u00bb Encontra Santana","twitter:description":"O Corinthians divulgou os detalhes do evento que prepara na Arena Anhembi em parceria com a cervejaria Brahma na quarta-feira, para a final da Copa Libertadores, contra o Boca Juniors. Op\u00e7\u00e3o para quem n\u00e3o conseguiu ingresso para o est\u00e1dio do Pacaembu, o local ter\u00e1 um tel\u00e3o de alta defini\u00e7\u00e3o, com dimens\u00e3o de 16x9m. Para acompanhar a decis\u00e3o no painel"},"aioseo_meta_data":{"post_id":"19879","title":null,"description":null,"keywords":null,"keyphrases":null,"primary_term":null,"canonical_url":null,"og_title":null,"og_description":null,"og_object_type":"default","og_image_type":"default","og_image_url":null,"og_image_width":null,"og_image_height":null,"og_image_custom_url":null,"og_image_custom_fields":null,"og_video":null,"og_custom_url":null,"og_article_section":null,"og_article_tags":null,"twitter_use_og":false,"twitter_card":"default","twitter_image_type":"default","twitter_image_url":null,"twitter_image_custom_url":null,"twitter_image_custom_fields":null,"twitter_title":null,"twitter_description":null,"schema":{"blockGraphs":[],"customGraphs":[],"default":{"data":{"Article":[],"Course":[],"Dataset":[],"FAQPage":[],"Movie":[],"Person":[],"Product":[],"ProductReview":[],"Car":[],"Recipe":[],"Service":[],"SoftwareApplication":[],"WebPage":[]},"graphName":"Article","isEnabled":true},"graphs":[]},"schema_type":null,"schema_type_options":null,"pillar_content":false,"robots_default":true,"robots_noindex":false,"robots_noarchive":false,"robots_nosnippet":false,"robots_nofollow":false,"robots_noimageindex":false,"robots_noodp":false,"robots_notranslate":false,"robots_max_snippet":null,"robots_max_videopreview":null,"robots_max_imagepreview":"large","priority":null,"frequency":null,"local_seo":null,"limit_modified_date":false,"created":"2021-04-20 20:10:18","updated":"2026-08-06 17:03:15","focus_keyword":null,"additional_keywords":null,"truseo_locale":null,"ai":null,"breadcrumb_settings":null,"seo_analyzer_scan_date":null},"aioseo_breadcrumb":"<div class=\"aioseo-breadcrumbs\"><span class=\"aioseo-breadcrumb\">\n\t\t\t<a href=\"https:\/\/www.encontrasantana.com.br\/sobre\" title=\"In\u00edcio\">In\u00edcio<\/a>\n\t\t<\/span><span class=\"aioseo-breadcrumb-separator\">&raquo;<\/span><span class=\"aioseo-breadcrumb\">\n\t\t\t<a href=\"https:\/\/www.encontrasantana.com.br\/sobre\/noticias-em-santana\/\" title=\"Not\u00edcias Santana\">Not\u00edcias Santana<\/a>\n\t\t<\/span><span class=\"aioseo-breadcrumb-separator\">&raquo;<\/span><span class=\"aioseo-breadcrumb\">\n\t\t\tSantana: Anhembi ter\u00e1 tel\u00e3o de 16m para receber corintianos na final da Libertadores\n\t\t<\/span><\/div>","aioseo_breadcrumb_json":[{"label":"In\u00edcio","link":"https:\/\/www.encontrasantana.com.br\/sobre"},{"label":"Not\u00edcias Santana","link":"https:\/\/www.encontrasantana.com.br\/sobre\/noticias-em-santana\/"},{"label":"Santana: Anhembi ter\u00e1 tel\u00e3o de 16m para receber corintianos na final da Libertadores","link":"https:\/\/www.encontrasantana.com.br\/sobre\/santana-anhembi-tera-telao-de-16m-para-receber-corintianos-na-final-da-libertadores\/"}],"_links":{"self":[{"href":"https:\/\/www.encontrasantana.com.br\/sobre\/wp-json\/wp\/v2\/posts\/19879","targetHints":{"allow":["GET"]}}],"collection":[{"href":"https:\/\/www.encontrasantana.com.br\/sobre\/wp-json\/wp\/v2\/posts"}],"about":[{"href":"https:\/\/www.encontrasantana.com.br\/sobre\/wp-json\/wp\/v2\/types\/post"}],"author":[{"embeddable":true,"href":"https:\/\/www.encontrasantana.com.br\/sobre\/wp-json\/wp\/v2\/users\/1"}],"replies":[{"embeddable":true,"href":"https:\/\/www.encontrasantana.com.br\/sobre\/wp-json\/wp\/v2\/comments?post=19879"}],"version-history":[{"count":0,"href":"https:\/\/www.encontrasantana.com.br\/sobre\/wp-json\/wp\/v2\/posts\/19879\/revisions"}],"wp:attachment":[{"href":"https:\/\/www.encontrasantana.com.br\/sobre\/wp-json\/wp\/v2\/media?parent=19879"}],"wp:term":[{"taxonomy":"category","embeddable":true,"href":"https:\/\/www.encontrasantana.com.br\/sobre\/wp-json\/wp\/v2\/categories?post=19879"},{"taxonomy":"post_tag","embeddable":true,"href":"https:\/\/www.encontrasantana.com.br\/sobre\/wp-json\/wp\/v2\/tags?post=19879"}],"curies":[{"name":"wp","href":"https:\/\/api.w.org\/{rel}","templated":true}]}}