{"id":19970,"date":"2012-07-04T17:08:11","date_gmt":"2012-07-04T20:08:11","guid":{"rendered":"http:\/\/www.encontrasantana.com.br\/blog\/?p=19970"},"modified":"2019-04-15T09:59:07","modified_gmt":"2019-04-15T12:59:07","slug":"prefeitura-prepara-acoes-operacionais-no-anhembi-para-a-final-da-libertadores","status":"publish","type":"post","link":"https:\/\/www.encontrasantana.com.br\/sobre\/prefeitura-prepara-acoes-operacionais-no-anhembi-para-a-final-da-libertadores\/","title":{"rendered":"Prefeitura prepara a\u00e7\u00f5es operacionais no Anhembi para a final da Libertadores"},"content":{"rendered":"<div class=\"1acf8468e559fd3cbeec5aee3a269a52\" data-index=\"1\" style=\"float: none; margin:0px;\">\n<!-- Anuncio display - global -->\r\n<ins class=\"adsbygoogle\"\r\n     style=\"display:block\"\r\n     data-ad-client=\"ca-pub-8585364105181520\"\r\n     data-ad-slot=\"8789329856\"\r\n     data-ad-format=\"auto\"\r\n     data-full-width-responsive=\"true\"><\/ins>\r\n<script>\r\n     (adsbygoogle = window.adsbygoogle || []).push({});\r\n<\/script>\n<\/div>\n<p>A\u00a0Prefeitura de S\u00e3o Paulo\u00a0prepara duas importantes a\u00e7\u00f5es operacionais, envolvendo \u00f3rg\u00e3os p\u00fablicos municipais e estaduais, para a cidade receber o jogo final da Copa Libertadores da Am\u00e9rica, na noite desta quarta-feira (4\/7), entre Corinthians e Boca Juniors.<\/p>\n<p>Em ambas as a\u00e7\u00f5es caber\u00e1 \u00e0 Secretaria Municipal de Coordena\u00e7\u00e3o das Subprefeituras e \u00e0\u00a0Subprefeitura da S\u00e9,\u00a0Subprefeitura Lapa,\u00a0<a href=\"http:\/\/www.encontrasantana.com.br\/santana\/subprefeitura-santana.shtml\" target=\"_blank\">Subprefeitura Santana<\/a>\u00a0e CCOI (Centro de Controle de Opera\u00e7\u00f5es Integradas) o planejamento e a execu\u00e7\u00e3o dos servi\u00e7os de zeladoria antes e depois do\u00a0evento, juntamente com a Secretaria Municipal de Servi\u00e7os, bem como na fiscaliza\u00e7\u00e3o de posturas municipais e contra o com\u00e9rcio ambulante irregular, que contar\u00e1 com o apoio da Guarda Civil Metropolitana.<\/p>\n<p>A primeira a\u00e7\u00e3o se concentrar\u00e1 nas imedia\u00e7\u00f5es do\u00a0est\u00e1dio do Pacaembu. A segunda, no entorno do\u00a0<a href=\"http:\/\/www.encontrasantana.com.br\/santana\/anhembi-em-santana.shtml\" target=\"_blank\">Anhembi<\/a>, na Avenida Olavo Fontoura, que dever\u00e1 receber, em \u00e1rea reservada do Samb\u00f3dromo, concedida pela SPTuris, no setor de dispers\u00e3o, um p\u00fablico estimado de 30 mil pessoas para acompanharem a transmiss\u00e3o do jogo entre os dois times, al\u00e9m da apresenta\u00e7\u00e3o de shows, com in\u00edcio a partir das 16h e com previs\u00e3o de t\u00e9rmino \u00e0s 3h de quinta-feira (5\/7).<\/p>\n<p>A realiza\u00e7\u00e3o do evento no\u00a0<a href=\"http:\/\/www.encontrasantana.com.br\/santana\/sambodromo-santana.shtml\" target=\"_blank\">Samb\u00f3dromo<\/a>\u00a0\u00e9 uma iniciativa da diretoria do Corinthians, que cobrar\u00e1 R$ 20 (vinte reais) por ingresso. A medida colabora tamb\u00e9m para respeitar o TAC (Termo de Ajustamento de Conduta) do Minist\u00e9rio P\u00fablico, que pro\u00edbe a ocupa\u00e7\u00e3o da Avenida Paulista e outras importantes vias da cidade para comemora\u00e7\u00e3o de torcedores de times de futebol, com o objetivo de evitar que o tr\u00e2nsito local seja prejudicado.<\/p>\n<p>Nessas duas opera\u00e7\u00f5es estar\u00e3o envolvidos mais de 500 homens e mais de 100 ve\u00edculos \u2013 caminh\u00f5es ba\u00fas, caminh\u00f5es plataforma, caminh\u00f5es guinchos, kombis e outras viaturas -, das Subprefeituras S\u00e9, Lapa, Santana, CCOI e GCM, que cuidar\u00e3o dos servi\u00e7os de zeladoria e fiscaliza\u00e7\u00e3o, com extremo rigor contra o com\u00e9rcio ambulante irregular, inclusive, com a apreens\u00e3o de mercadorias e de ve\u00edculos que, eventualmente, sejam utilizados para este fim. Al\u00e9m disso, a limpeza contar\u00e1 com um efetivo de 390 agentes ambientais, 6 caminh\u00f5es antares, 6 caminhos pipas e 2 varredeiras mec\u00e2nicas de grande porte.<\/p>\n<p>A Pol\u00edcia Militar delimitar\u00e1, a partir das 17h, um per\u00edmetro no entorno do est\u00e1dio, permitindo somente o acesso para as pessoas que tiverem ingressos. Al\u00e9m da quest\u00e3o da seguran\u00e7a, a PM atuar\u00e1 tamb\u00e9m em conjunto com a Pol\u00edcia Civil, para inibir a a\u00e7\u00e3o dos chamados \u201cflanelinhas\u201d e de cambistas.<\/p>\n<p>Na regi\u00e3o do entorno do Samb\u00f3dromo, no Anhembi, as a\u00e7\u00f5es de fiscaliza\u00e7\u00e3o, limpeza e de combate ao com\u00e9rcio ambulante irregular tamb\u00e9m ser\u00e3o refor\u00e7adas.<\/p>\n<p>Caso o time do Corinthians seja campe\u00e3o, as \u00e1reas da Secretaria de Seguran\u00e7a P\u00fablica e da Prefeitura evitar\u00e3o a comemora\u00e7\u00e3o de torcedores na\u00a0Avenida Paulista, em cumprimento ao TAC do Minist\u00e9rio P\u00fablico.<\/p>\n<p><em>Fonte: Prefeitura de S\u00e3o Paulo<\/em><\/p>\n\n<div style=\"font-size: 0px; height: 0px; line-height: 0px; margin: 0; padding: 0; clear: both;\"><\/div>","protected":false},"excerpt":{"rendered":"<p>A\u00a0Prefeitura de S\u00e3o Paulo\u00a0prepara duas importantes a\u00e7\u00f5es operacionais, envolvendo \u00f3rg\u00e3os p\u00fablicos municipais e estaduais, para a cidade receber o jogo final da Copa Libertadores da Am\u00e9rica, na noite desta quarta-feira (4\/7), entre Corinthians e Boca Juniors. Em ambas as a\u00e7\u00f5es caber\u00e1 \u00e0 Secretaria Municipal de Coordena\u00e7\u00e3o das Subprefeituras e \u00e0\u00a0Subprefeitura da S\u00e9,\u00a0Subprefeitura Lapa,\u00a0Subprefeitura Santana\u00a0e CCOI (Centro de Controle de Opera\u00e7\u00f5es Integradas) o planejamento e a execu\u00e7\u00e3o dos servi\u00e7os de zeladoria antes e depois do\u00a0evento, juntamente com a Secretaria Municipal de Servi\u00e7os, bem como na fiscaliza\u00e7\u00e3o de posturas municipais e contra o com\u00e9rcio ambulante irregular, que contar\u00e1 com o apoio da <\/p>\n","protected":false},"author":1,"featured_media":0,"comment_status":"open","ping_status":"closed","sticky":false,"template":"","format":"standard","meta":{"footnotes":""},"categories":[3],"tags":[10],"class_list":["post-19970","post","type-post","status-publish","format-standard","hentry","category-noticias-em-santana","tag-santana"],"aioseo_notices":[],"aioseo_head":"\n\t\t<!-- All in One SEO 5.0.0.1 - aioseo.com -->\n\t<meta name=\"description\" content=\"A Prefeitura de S\u00e3o Paulo prepara duas importantes a\u00e7\u00f5es operacionais, envolvendo \u00f3rg\u00e3os p\u00fablicos municipais e estaduais, para a cidade receber o jogo final da Copa Libertadores da Am\u00e9rica, na noite desta quarta-feira (4\/7), entre Corinthians e Boca Juniors. Em ambas as a\u00e7\u00f5es caber\u00e1 \u00e0 Secretaria Municipal de Coordena\u00e7\u00e3o das Subprefeituras e \u00e0 Subprefeitura da S\u00e9, Subprefeitura Lapa, Subprefeitura Santana e CCOI\" \/>\n\t<meta name=\"robots\" content=\"max-image-preview:large\" \/>\n\t<meta name=\"author\" content=\"Encontra Santana\"\/>\n\t<link rel=\"canonical\" href=\"https:\/\/www.encontrasantana.com.br\/sobre\/prefeitura-prepara-acoes-operacionais-no-anhembi-para-a-final-da-libertadores\/\" \/>\n\t<meta name=\"generator\" content=\"All in One SEO (AIOSEO) 5.0.0.1\" \/>\n\t\t<meta property=\"og:locale\" content=\"pt_BR\" \/>\n\t\t<meta property=\"og:site_name\" content=\"Encontra Santana | Not\u00edcias, eventos, informa\u00e7\u00f5es e dicas no bairro de Santana e regi\u00e3o.\" \/>\n\t\t<meta property=\"og:type\" content=\"article\" \/>\n\t\t<meta property=\"og:title\" content=\"Prefeitura prepara a\u00e7\u00f5es operacionais no Anhembi para a final da Libertadores \u00bb Encontra Santana\" \/>\n\t\t<meta property=\"og:description\" content=\"A Prefeitura de S\u00e3o Paulo prepara duas importantes a\u00e7\u00f5es operacionais, envolvendo \u00f3rg\u00e3os p\u00fablicos municipais e estaduais, para a cidade receber o jogo final da Copa Libertadores da Am\u00e9rica, na noite desta quarta-feira (4\/7), entre Corinthians e Boca Juniors. Em ambas as a\u00e7\u00f5es caber\u00e1 \u00e0 Secretaria Municipal de Coordena\u00e7\u00e3o das Subprefeituras e \u00e0 Subprefeitura da S\u00e9, Subprefeitura Lapa, Subprefeitura Santana e CCOI\" \/>\n\t\t<meta property=\"og:url\" content=\"https:\/\/www.encontrasantana.com.br\/sobre\/prefeitura-prepara-acoes-operacionais-no-anhembi-para-a-final-da-libertadores\/\" \/>\n\t\t<meta property=\"article:published_time\" content=\"2012-07-04T20:08:11+00:00\" \/>\n\t\t<meta property=\"article:modified_time\" content=\"2019-04-15T12:59:07+00:00\" \/>\n\t\t<meta name=\"twitter:card\" content=\"summary\" \/>\n\t\t<meta name=\"twitter:title\" content=\"Prefeitura prepara a\u00e7\u00f5es operacionais no Anhembi para a final da Libertadores \u00bb Encontra Santana\" \/>\n\t\t<meta name=\"twitter:description\" content=\"A Prefeitura de S\u00e3o Paulo prepara duas importantes a\u00e7\u00f5es operacionais, envolvendo \u00f3rg\u00e3os p\u00fablicos municipais e estaduais, para a cidade receber o jogo final da Copa Libertadores da Am\u00e9rica, na noite desta quarta-feira (4\/7), entre Corinthians e Boca Juniors. Em ambas as a\u00e7\u00f5es caber\u00e1 \u00e0 Secretaria Municipal de Coordena\u00e7\u00e3o das Subprefeituras e \u00e0 Subprefeitura da S\u00e9, Subprefeitura Lapa, Subprefeitura Santana e CCOI\" \/>\n\t\t<script type=\"application\/ld+json\" class=\"aioseo-schema\">\n\t\t\t{\"@context\":\"https:\\\/\\\/schema.org\",\"@graph\":[{\"@type\":\"Article\",\"@id\":\"https:\\\/\\\/www.encontrasantana.com.br\\\/sobre\\\/prefeitura-prepara-acoes-operacionais-no-anhembi-para-a-final-da-libertadores\\\/#article\",\"name\":\"Prefeitura prepara a\\u00e7\\u00f5es operacionais no Anhembi para a final da Libertadores \\u00bb Encontra Santana\",\"headline\":\"Prefeitura prepara a\\u00e7\\u00f5es operacionais no Anhembi para a final da Libertadores\",\"author\":{\"@id\":\"https:\\\/\\\/www.encontrasantana.com.br\\\/sobre\\\/author\\\/esantana\\\/#author\"},\"publisher\":{\"@id\":\"https:\\\/\\\/www.encontrasantana.com.br\\\/sobre\\\/#organization\"},\"datePublished\":\"2012-07-04T17:08:11-03:00\",\"dateModified\":\"2019-04-15T09:59:07-03:00\",\"inLanguage\":\"pt-BR\",\"mainEntityOfPage\":{\"@id\":\"https:\\\/\\\/www.encontrasantana.com.br\\\/sobre\\\/prefeitura-prepara-acoes-operacionais-no-anhembi-para-a-final-da-libertadores\\\/#webpage\"},\"isPartOf\":{\"@id\":\"https:\\\/\\\/www.encontrasantana.com.br\\\/sobre\\\/prefeitura-prepara-acoes-operacionais-no-anhembi-para-a-final-da-libertadores\\\/#webpage\"},\"articleSection\":\"Not\\u00edcias Santana, Santana\"},{\"@type\":\"BreadcrumbList\",\"@id\":\"https:\\\/\\\/www.encontrasantana.com.br\\\/sobre\\\/prefeitura-prepara-acoes-operacionais-no-anhembi-para-a-final-da-libertadores\\\/#breadcrumblist\",\"itemListElement\":[{\"@type\":\"ListItem\",\"@id\":\"https:\\\/\\\/www.encontrasantana.com.br\\\/sobre#listItem\",\"position\":1,\"name\":\"In\\u00edcio\",\"item\":\"https:\\\/\\\/www.encontrasantana.com.br\\\/sobre\",\"nextItem\":{\"@type\":\"ListItem\",\"@id\":\"https:\\\/\\\/www.encontrasantana.com.br\\\/sobre\\\/noticias-em-santana\\\/#listItem\",\"name\":\"Not\\u00edcias Santana\"}},{\"@type\":\"ListItem\",\"@id\":\"https:\\\/\\\/www.encontrasantana.com.br\\\/sobre\\\/noticias-em-santana\\\/#listItem\",\"position\":2,\"name\":\"Not\\u00edcias Santana\",\"item\":\"https:\\\/\\\/www.encontrasantana.com.br\\\/sobre\\\/noticias-em-santana\\\/\",\"nextItem\":{\"@type\":\"ListItem\",\"@id\":\"https:\\\/\\\/www.encontrasantana.com.br\\\/sobre\\\/prefeitura-prepara-acoes-operacionais-no-anhembi-para-a-final-da-libertadores\\\/#listItem\",\"name\":\"Prefeitura prepara a\\u00e7\\u00f5es operacionais no Anhembi para a final da Libertadores\"},\"previousItem\":{\"@type\":\"ListItem\",\"@id\":\"https:\\\/\\\/www.encontrasantana.com.br\\\/sobre#listItem\",\"name\":\"In\\u00edcio\"}},{\"@type\":\"ListItem\",\"@id\":\"https:\\\/\\\/www.encontrasantana.com.br\\\/sobre\\\/prefeitura-prepara-acoes-operacionais-no-anhembi-para-a-final-da-libertadores\\\/#listItem\",\"position\":3,\"name\":\"Prefeitura prepara a\\u00e7\\u00f5es operacionais no Anhembi para a final da Libertadores\",\"previousItem\":{\"@type\":\"ListItem\",\"@id\":\"https:\\\/\\\/www.encontrasantana.com.br\\\/sobre\\\/noticias-em-santana\\\/#listItem\",\"name\":\"Not\\u00edcias Santana\"}}]},{\"@type\":\"Organization\",\"@id\":\"https:\\\/\\\/www.encontrasantana.com.br\\\/sobre\\\/#organization\",\"name\":\"Encontra Santana\",\"description\":\"Not\\u00edcias, eventos, informa\\u00e7\\u00f5es e dicas no bairro de Santana e regi\\u00e3o.\",\"url\":\"https:\\\/\\\/www.encontrasantana.com.br\\\/sobre\\\/\"},{\"@type\":\"Person\",\"@id\":\"https:\\\/\\\/www.encontrasantana.com.br\\\/sobre\\\/author\\\/esantana\\\/#author\",\"url\":\"https:\\\/\\\/www.encontrasantana.com.br\\\/sobre\\\/author\\\/esantana\\\/\",\"name\":\"Encontra Santana\",\"image\":{\"@type\":\"ImageObject\",\"@id\":\"https:\\\/\\\/www.encontrasantana.com.br\\\/sobre\\\/prefeitura-prepara-acoes-operacionais-no-anhembi-para-a-final-da-libertadores\\\/#authorImage\",\"url\":\"https:\\\/\\\/secure.gravatar.com\\\/avatar\\\/0fbed662e37531ae23e68f85f9517b2454e50c1dfebf80eb9b721449ac95e0b9?s=96&d=mm&r=g\",\"width\":96,\"height\":96,\"caption\":\"Encontra Santana\"}},{\"@type\":\"WebPage\",\"@id\":\"https:\\\/\\\/www.encontrasantana.com.br\\\/sobre\\\/prefeitura-prepara-acoes-operacionais-no-anhembi-para-a-final-da-libertadores\\\/#webpage\",\"url\":\"https:\\\/\\\/www.encontrasantana.com.br\\\/sobre\\\/prefeitura-prepara-acoes-operacionais-no-anhembi-para-a-final-da-libertadores\\\/\",\"name\":\"Prefeitura prepara a\\u00e7\\u00f5es operacionais no Anhembi para a final da Libertadores \\u00bb Encontra Santana\",\"description\":\"A Prefeitura de S\\u00e3o Paulo prepara duas importantes a\\u00e7\\u00f5es operacionais, envolvendo \\u00f3rg\\u00e3os p\\u00fablicos municipais e estaduais, para a cidade receber o jogo final da Copa Libertadores da Am\\u00e9rica, na noite desta quarta-feira (4\\\/7), entre Corinthians e Boca Juniors. Em ambas as a\\u00e7\\u00f5es caber\\u00e1 \\u00e0 Secretaria Municipal de Coordena\\u00e7\\u00e3o das Subprefeituras e \\u00e0 Subprefeitura da S\\u00e9, Subprefeitura Lapa, Subprefeitura Santana e CCOI\",\"inLanguage\":\"pt-BR\",\"isPartOf\":{\"@id\":\"https:\\\/\\\/www.encontrasantana.com.br\\\/sobre\\\/#website\"},\"breadcrumb\":{\"@id\":\"https:\\\/\\\/www.encontrasantana.com.br\\\/sobre\\\/prefeitura-prepara-acoes-operacionais-no-anhembi-para-a-final-da-libertadores\\\/#breadcrumblist\"},\"author\":{\"@id\":\"https:\\\/\\\/www.encontrasantana.com.br\\\/sobre\\\/author\\\/esantana\\\/#author\"},\"creator\":{\"@id\":\"https:\\\/\\\/www.encontrasantana.com.br\\\/sobre\\\/author\\\/esantana\\\/#author\"},\"datePublished\":\"2012-07-04T17:08:11-03:00\",\"dateModified\":\"2019-04-15T09:59:07-03:00\"},{\"@type\":\"WebSite\",\"@id\":\"https:\\\/\\\/www.encontrasantana.com.br\\\/sobre\\\/#website\",\"url\":\"https:\\\/\\\/www.encontrasantana.com.br\\\/sobre\\\/\",\"name\":\"Encontra Santana\",\"description\":\"Not\\u00edcias, eventos, informa\\u00e7\\u00f5es e dicas no bairro de Santana e regi\\u00e3o.\",\"inLanguage\":\"pt-BR\",\"publisher\":{\"@id\":\"https:\\\/\\\/www.encontrasantana.com.br\\\/sobre\\\/#organization\"}}]}\n\t\t<\/script>\n\t\t<!-- All in One SEO -->\n\n","aioseo_head_json":{"title":"Prefeitura prepara a\u00e7\u00f5es operacionais no Anhembi para a final da Libertadores \u00bb Encontra Santana","description":"A Prefeitura de S\u00e3o Paulo prepara duas importantes a\u00e7\u00f5es operacionais, envolvendo \u00f3rg\u00e3os p\u00fablicos municipais e estaduais, para a cidade receber o jogo final da Copa Libertadores da Am\u00e9rica, na noite desta quarta-feira (4\/7), entre Corinthians e Boca Juniors. Em ambas as a\u00e7\u00f5es caber\u00e1 \u00e0 Secretaria Municipal de Coordena\u00e7\u00e3o das Subprefeituras e \u00e0 Subprefeitura da S\u00e9, Subprefeitura Lapa, Subprefeitura Santana e CCOI","canonical_url":"https:\/\/www.encontrasantana.com.br\/sobre\/prefeitura-prepara-acoes-operacionais-no-anhembi-para-a-final-da-libertadores\/","robots":"max-image-preview:large","keywords":"","webmasterTools":{"miscellaneous":""},"schema":{"@context":"https:\/\/schema.org","@graph":[{"@type":"Article","@id":"https:\/\/www.encontrasantana.com.br\/sobre\/prefeitura-prepara-acoes-operacionais-no-anhembi-para-a-final-da-libertadores\/#article","name":"Prefeitura prepara a\u00e7\u00f5es operacionais no Anhembi para a final da Libertadores \u00bb Encontra Santana","headline":"Prefeitura prepara a\u00e7\u00f5es operacionais no Anhembi para a final da Libertadores","author":{"@id":"https:\/\/www.encontrasantana.com.br\/sobre\/author\/esantana\/#author"},"publisher":{"@id":"https:\/\/www.encontrasantana.com.br\/sobre\/#organization"},"datePublished":"2012-07-04T17:08:11-03:00","dateModified":"2019-04-15T09:59:07-03:00","inLanguage":"pt-BR","mainEntityOfPage":{"@id":"https:\/\/www.encontrasantana.com.br\/sobre\/prefeitura-prepara-acoes-operacionais-no-anhembi-para-a-final-da-libertadores\/#webpage"},"isPartOf":{"@id":"https:\/\/www.encontrasantana.com.br\/sobre\/prefeitura-prepara-acoes-operacionais-no-anhembi-para-a-final-da-libertadores\/#webpage"},"articleSection":"Not\u00edcias Santana, Santana"},{"@type":"BreadcrumbList","@id":"https:\/\/www.encontrasantana.com.br\/sobre\/prefeitura-prepara-acoes-operacionais-no-anhembi-para-a-final-da-libertadores\/#breadcrumblist","itemListElement":[{"@type":"ListItem","@id":"https:\/\/www.encontrasantana.com.br\/sobre#listItem","position":1,"name":"In\u00edcio","item":"https:\/\/www.encontrasantana.com.br\/sobre","nextItem":{"@type":"ListItem","@id":"https:\/\/www.encontrasantana.com.br\/sobre\/noticias-em-santana\/#listItem","name":"Not\u00edcias Santana"}},{"@type":"ListItem","@id":"https:\/\/www.encontrasantana.com.br\/sobre\/noticias-em-santana\/#listItem","position":2,"name":"Not\u00edcias Santana","item":"https:\/\/www.encontrasantana.com.br\/sobre\/noticias-em-santana\/","nextItem":{"@type":"ListItem","@id":"https:\/\/www.encontrasantana.com.br\/sobre\/prefeitura-prepara-acoes-operacionais-no-anhembi-para-a-final-da-libertadores\/#listItem","name":"Prefeitura prepara a\u00e7\u00f5es operacionais no Anhembi para a final da Libertadores"},"previousItem":{"@type":"ListItem","@id":"https:\/\/www.encontrasantana.com.br\/sobre#listItem","name":"In\u00edcio"}},{"@type":"ListItem","@id":"https:\/\/www.encontrasantana.com.br\/sobre\/prefeitura-prepara-acoes-operacionais-no-anhembi-para-a-final-da-libertadores\/#listItem","position":3,"name":"Prefeitura prepara a\u00e7\u00f5es operacionais no Anhembi para a final da Libertadores","previousItem":{"@type":"ListItem","@id":"https:\/\/www.encontrasantana.com.br\/sobre\/noticias-em-santana\/#listItem","name":"Not\u00edcias Santana"}}]},{"@type":"Organization","@id":"https:\/\/www.encontrasantana.com.br\/sobre\/#organization","name":"Encontra Santana","description":"Not\u00edcias, eventos, informa\u00e7\u00f5es e dicas no bairro de Santana e regi\u00e3o.","url":"https:\/\/www.encontrasantana.com.br\/sobre\/"},{"@type":"Person","@id":"https:\/\/www.encontrasantana.com.br\/sobre\/author\/esantana\/#author","url":"https:\/\/www.encontrasantana.com.br\/sobre\/author\/esantana\/","name":"Encontra Santana","image":{"@type":"ImageObject","@id":"https:\/\/www.encontrasantana.com.br\/sobre\/prefeitura-prepara-acoes-operacionais-no-anhembi-para-a-final-da-libertadores\/#authorImage","url":"https:\/\/secure.gravatar.com\/avatar\/0fbed662e37531ae23e68f85f9517b2454e50c1dfebf80eb9b721449ac95e0b9?s=96&d=mm&r=g","width":96,"height":96,"caption":"Encontra Santana"}},{"@type":"WebPage","@id":"https:\/\/www.encontrasantana.com.br\/sobre\/prefeitura-prepara-acoes-operacionais-no-anhembi-para-a-final-da-libertadores\/#webpage","url":"https:\/\/www.encontrasantana.com.br\/sobre\/prefeitura-prepara-acoes-operacionais-no-anhembi-para-a-final-da-libertadores\/","name":"Prefeitura prepara a\u00e7\u00f5es operacionais no Anhembi para a final da Libertadores \u00bb Encontra Santana","description":"A Prefeitura de S\u00e3o Paulo prepara duas importantes a\u00e7\u00f5es operacionais, envolvendo \u00f3rg\u00e3os p\u00fablicos municipais e estaduais, para a cidade receber o jogo final da Copa Libertadores da Am\u00e9rica, na noite desta quarta-feira (4\/7), entre Corinthians e Boca Juniors. Em ambas as a\u00e7\u00f5es caber\u00e1 \u00e0 Secretaria Municipal de Coordena\u00e7\u00e3o das Subprefeituras e \u00e0 Subprefeitura da S\u00e9, Subprefeitura Lapa, Subprefeitura Santana e CCOI","inLanguage":"pt-BR","isPartOf":{"@id":"https:\/\/www.encontrasantana.com.br\/sobre\/#website"},"breadcrumb":{"@id":"https:\/\/www.encontrasantana.com.br\/sobre\/prefeitura-prepara-acoes-operacionais-no-anhembi-para-a-final-da-libertadores\/#breadcrumblist"},"author":{"@id":"https:\/\/www.encontrasantana.com.br\/sobre\/author\/esantana\/#author"},"creator":{"@id":"https:\/\/www.encontrasantana.com.br\/sobre\/author\/esantana\/#author"},"datePublished":"2012-07-04T17:08:11-03:00","dateModified":"2019-04-15T09:59:07-03:00"},{"@type":"WebSite","@id":"https:\/\/www.encontrasantana.com.br\/sobre\/#website","url":"https:\/\/www.encontrasantana.com.br\/sobre\/","name":"Encontra Santana","description":"Not\u00edcias, eventos, informa\u00e7\u00f5es e dicas no bairro de Santana e regi\u00e3o.","inLanguage":"pt-BR","publisher":{"@id":"https:\/\/www.encontrasantana.com.br\/sobre\/#organization"}}]},"og:locale":"pt_BR","og:site_name":"Encontra Santana | Not\u00edcias, eventos, informa\u00e7\u00f5es e dicas no bairro de Santana e regi\u00e3o.","og:type":"article","og:title":"Prefeitura prepara a\u00e7\u00f5es operacionais no Anhembi para a final da Libertadores \u00bb Encontra Santana","og:description":"A Prefeitura de S\u00e3o Paulo prepara duas importantes a\u00e7\u00f5es operacionais, envolvendo \u00f3rg\u00e3os p\u00fablicos municipais e estaduais, para a cidade receber o jogo final da Copa Libertadores da Am\u00e9rica, na noite desta quarta-feira (4\/7), entre Corinthians e Boca Juniors. Em ambas as a\u00e7\u00f5es caber\u00e1 \u00e0 Secretaria Municipal de Coordena\u00e7\u00e3o das Subprefeituras e \u00e0 Subprefeitura da S\u00e9, Subprefeitura Lapa, Subprefeitura Santana e CCOI","og:url":"https:\/\/www.encontrasantana.com.br\/sobre\/prefeitura-prepara-acoes-operacionais-no-anhembi-para-a-final-da-libertadores\/","article:published_time":"2012-07-04T20:08:11+00:00","article:modified_time":"2019-04-15T12:59:07+00:00","twitter:card":"summary","twitter:title":"Prefeitura prepara a\u00e7\u00f5es operacionais no Anhembi para a final da Libertadores \u00bb Encontra Santana","twitter:description":"A Prefeitura de S\u00e3o Paulo prepara duas importantes a\u00e7\u00f5es operacionais, envolvendo \u00f3rg\u00e3os p\u00fablicos municipais e estaduais, para a cidade receber o jogo final da Copa Libertadores da Am\u00e9rica, na noite desta quarta-feira (4\/7), entre Corinthians e Boca Juniors. Em ambas as a\u00e7\u00f5es caber\u00e1 \u00e0 Secretaria Municipal de Coordena\u00e7\u00e3o das Subprefeituras e \u00e0 Subprefeitura da S\u00e9, Subprefeitura Lapa, Subprefeitura Santana e CCOI"},"aioseo_meta_data":{"post_id":"19970","title":null,"description":null,"keywords":null,"keyphrases":null,"primary_term":null,"canonical_url":null,"og_title":null,"og_description":null,"og_object_type":"default","og_image_type":"default","og_image_url":null,"og_image_width":null,"og_image_height":null,"og_image_custom_url":null,"og_image_custom_fields":null,"og_video":null,"og_custom_url":null,"og_article_section":null,"og_article_tags":null,"twitter_use_og":false,"twitter_card":"default","twitter_image_type":"default","twitter_image_url":null,"twitter_image_custom_url":null,"twitter_image_custom_fields":null,"twitter_title":null,"twitter_description":null,"schema":{"blockGraphs":[],"customGraphs":[],"default":{"data":{"Article":[],"Course":[],"Dataset":[],"FAQPage":[],"Movie":[],"Person":[],"Product":[],"ProductReview":[],"Car":[],"Recipe":[],"Service":[],"SoftwareApplication":[],"WebPage":[]},"graphName":"Article","isEnabled":true},"graphs":[]},"schema_type":null,"schema_type_options":null,"pillar_content":false,"robots_default":true,"robots_noindex":false,"robots_noarchive":false,"robots_nosnippet":false,"robots_nofollow":false,"robots_noimageindex":false,"robots_noodp":false,"robots_notranslate":false,"robots_max_snippet":null,"robots_max_videopreview":null,"robots_max_imagepreview":"large","priority":null,"frequency":null,"local_seo":null,"limit_modified_date":false,"created":"2021-04-20 20:10:18","updated":"2026-08-06 17:21:46","focus_keyword":null,"additional_keywords":null,"truseo_locale":null,"ai":null,"breadcrumb_settings":null,"seo_analyzer_scan_date":null},"aioseo_breadcrumb":"<div class=\"aioseo-breadcrumbs\"><span class=\"aioseo-breadcrumb\">\n\t\t\t<a href=\"https:\/\/www.encontrasantana.com.br\/sobre\" title=\"In\u00edcio\">In\u00edcio<\/a>\n\t\t<\/span><span class=\"aioseo-breadcrumb-separator\">&raquo;<\/span><span class=\"aioseo-breadcrumb\">\n\t\t\t<a href=\"https:\/\/www.encontrasantana.com.br\/sobre\/noticias-em-santana\/\" title=\"Not\u00edcias Santana\">Not\u00edcias Santana<\/a>\n\t\t<\/span><span class=\"aioseo-breadcrumb-separator\">&raquo;<\/span><span class=\"aioseo-breadcrumb\">\n\t\t\tPrefeitura prepara a\u00e7\u00f5es operacionais no Anhembi para a final da Libertadores\n\t\t<\/span><\/div>","aioseo_breadcrumb_json":[{"label":"In\u00edcio","link":"https:\/\/www.encontrasantana.com.br\/sobre"},{"label":"Not\u00edcias Santana","link":"https:\/\/www.encontrasantana.com.br\/sobre\/noticias-em-santana\/"},{"label":"Prefeitura prepara a\u00e7\u00f5es operacionais no Anhembi para a final da Libertadores","link":"https:\/\/www.encontrasantana.com.br\/sobre\/prefeitura-prepara-acoes-operacionais-no-anhembi-para-a-final-da-libertadores\/"}],"_links":{"self":[{"href":"https:\/\/www.encontrasantana.com.br\/sobre\/wp-json\/wp\/v2\/posts\/19970","targetHints":{"allow":["GET"]}}],"collection":[{"href":"https:\/\/www.encontrasantana.com.br\/sobre\/wp-json\/wp\/v2\/posts"}],"about":[{"href":"https:\/\/www.encontrasantana.com.br\/sobre\/wp-json\/wp\/v2\/types\/post"}],"author":[{"embeddable":true,"href":"https:\/\/www.encontrasantana.com.br\/sobre\/wp-json\/wp\/v2\/users\/1"}],"replies":[{"embeddable":true,"href":"https:\/\/www.encontrasantana.com.br\/sobre\/wp-json\/wp\/v2\/comments?post=19970"}],"version-history":[{"count":0,"href":"https:\/\/www.encontrasantana.com.br\/sobre\/wp-json\/wp\/v2\/posts\/19970\/revisions"}],"wp:attachment":[{"href":"https:\/\/www.encontrasantana.com.br\/sobre\/wp-json\/wp\/v2\/media?parent=19970"}],"wp:term":[{"taxonomy":"category","embeddable":true,"href":"https:\/\/www.encontrasantana.com.br\/sobre\/wp-json\/wp\/v2\/categories?post=19970"},{"taxonomy":"post_tag","embeddable":true,"href":"https:\/\/www.encontrasantana.com.br\/sobre\/wp-json\/wp\/v2\/tags?post=19970"}],"curies":[{"name":"wp","href":"https:\/\/api.w.org\/{rel}","templated":true}]}}