{"id":2014,"date":"2011-11-23T17:51:24","date_gmt":"2011-11-23T20:51:24","guid":{"rendered":"http:\/\/www.encontrasantana.com.br\/blog\/?p=2014"},"modified":"2019-04-15T10:01:42","modified_gmt":"2019-04-15T13:01:42","slug":"salao-de-antigos-expoe-240-carros-classicos-em-santana","status":"publish","type":"post","link":"https:\/\/www.encontrasantana.com.br\/sobre\/salao-de-antigos-expoe-240-carros-classicos-em-santana\/","title":{"rendered":"Sal\u00e3o de antigos exp\u00f5e 240 carros cl\u00e1ssicos em Santana"},"content":{"rendered":"<div class=\"1acf8468e559fd3cbeec5aee3a269a52\" data-index=\"1\" style=\"float: none; margin:0px;\">\n<!-- Anuncio display - global -->\r\n<ins class=\"adsbygoogle\"\r\n     style=\"display:block\"\r\n     data-ad-client=\"ca-pub-8585364105181520\"\r\n     data-ad-slot=\"8789329856\"\r\n     data-ad-format=\"auto\"\r\n     data-full-width-responsive=\"true\"><\/ins>\r\n<script>\r\n     (adsbygoogle = window.adsbygoogle || []).push({});\r\n<\/script>\n<\/div>\n<p>O Sal\u00e3o Internacional de Ve\u00edculos Antigos abre as portas ao p\u00fablico nesta quinta-feira (24), no <a href=\"http:\/\/www.encontrasantana.com.br\/santana\/anhembi-em-santana.shtml\" target=\"_blank\">Pavilh\u00e3o de Exposi\u00e7\u00f5es do Anhembi<\/a>, em S\u00e3o Paulo.<\/p>\n<p>O evento, que vai at\u00e9 o pr\u00f3ximo domingo (27), deve atrair cerca de 30 mil apaixonados por modelos cl\u00e1ssicos, que poder\u00e3o conhecer do Kharmann Ghia do cantor e compositor Paulinho da Viola at\u00e9 luxuosos modelos da Rolls-Royce.<\/p>\n<p>Segundo a organiza\u00e7\u00e3o do evento, estar\u00e3o em exposi\u00e7\u00e3o 240 ve\u00edculos de colecionadores de todo o Brasil.<\/p>\n<p>A programa\u00e7\u00e3o inclui leil\u00e3o de carros raros, venda de pe\u00e7as e acess\u00f3rios para colecionadores, premia\u00e7\u00e3o dos melhores carros com desfile dos modelos e a apresenta\u00e7\u00e3o em primeira m\u00e3o do resultado da restaura\u00e7\u00e3o &#8220;do carro de uma celebridade&#8221;.<\/p>\n<p>Os ingressos custam R$ 25 para adultos e R$ 12 para crian\u00e7as menores de 12 anos, idosos ou estudantes.<\/p>\n<p><strong>Principais modelos<br \/>\n<\/strong><br \/>\nO Clube Alfa Romeo trar\u00e1 oitos modelos. Entre as atra\u00e7\u00f5es est\u00e1 o JK, de 1963, o primeiro Alfa fabricado no Brasil. O nome \u00e9 homenagem ao presidente Juscelino Kubitschek.<\/p>\n<p>O MG Clube do Brasil exibe quatro carros, entre eles o MG TC, de 1948, um cl\u00e1ssico da ind\u00fastria automobil\u00edstica.<\/p>\n<p>J\u00e1 o Pick Ups Antigas Clube destaca o Ford Pick Up Rancheiro Cobrajet, de 1971, \u00fanico no Brasil. Tamb\u00e9m estar\u00e1 exposto o raro Chevrolet Pick Up El Camino Ss 454 Ls6, fabricado em 1970.<\/p>\n<p>Por sua vez, o clube Triumphcars Brasil traz raridades como o GT6, de 1973. A marca, que ficou famosa ao oferecer carros esporte com pre\u00e7os acess\u00edveis, teve seu \u00faltimo modelo fabricado em 1980.<\/p>\n<p><strong>Servi\u00e7o<br \/>\n<\/strong><br \/>\n<strong>SAL\u00c3O INTERNACIONAL DE VE\u00cdCULOS ANTIGOS<\/strong>\u00a0(salaodeantigos.com.br)<br \/>\n<strong>Data:<\/strong>\u00a024 a 27 de Novembro de 2011<br \/>\n<strong>Hor\u00e1rio:<\/strong>\u00a024 a 26 \u2013 das 12h \u00e0s 22h \/ 27 (domingo) \u2013 das 10h \u00e0s 20h<br \/>\n<strong>Local:<\/strong>\u00a0Pavilh\u00e3o de Exposi\u00e7\u00f5es do Anhembi &#8211; Av. Olavo Fontoura, 1.209 &#8211; Guia de Santana &#8211; S\u00e3o Paulo \u2013 SP<\/p>\n<p><em>Fonte: R7<\/em><\/p>\n\n<div style=\"font-size: 0px; height: 0px; line-height: 0px; margin: 0; padding: 0; clear: both;\"><\/div>","protected":false},"excerpt":{"rendered":"<p>O Sal\u00e3o Internacional de Ve\u00edculos Antigos abre as portas ao p\u00fablico nesta quinta-feira (24), no Pavilh\u00e3o de Exposi\u00e7\u00f5es do Anhembi, em S\u00e3o Paulo. O evento, que vai at\u00e9 o pr\u00f3ximo domingo (27), deve atrair cerca de 30 mil apaixonados por modelos cl\u00e1ssicos, que poder\u00e3o conhecer do Kharmann Ghia do cantor e compositor Paulinho da Viola at\u00e9 luxuosos modelos da Rolls-Royce. Segundo a organiza\u00e7\u00e3o do evento, estar\u00e3o em exposi\u00e7\u00e3o 240 ve\u00edculos de colecionadores de todo o Brasil. A programa\u00e7\u00e3o inclui leil\u00e3o de carros raros, venda de pe\u00e7as e acess\u00f3rios para colecionadores, premia\u00e7\u00e3o dos melhores carros com desfile dos modelos e a <\/p>\n","protected":false},"author":1,"featured_media":0,"comment_status":"open","ping_status":"closed","sticky":false,"template":"","format":"standard","meta":{"footnotes":""},"categories":[3],"tags":[10],"class_list":["post-2014","post","type-post","status-publish","format-standard","hentry","category-noticias-em-santana","tag-santana"],"aioseo_notices":[],"aioseo_head":"\n\t\t<!-- All in One SEO 5.0.0.1 - aioseo.com -->\n\t<meta name=\"description\" content=\"O Sal\u00e3o Internacional de Ve\u00edculos Antigos abre as portas ao p\u00fablico nesta quinta-feira (24), no Pavilh\u00e3o de Exposi\u00e7\u00f5es do Anhembi, em S\u00e3o Paulo. O evento, que vai at\u00e9 o pr\u00f3ximo domingo (27), deve atrair cerca de 30 mil apaixonados por modelos cl\u00e1ssicos, que poder\u00e3o conhecer do Kharmann Ghia do cantor e compositor Paulinho da Viola\" \/>\n\t<meta name=\"robots\" content=\"max-image-preview:large\" \/>\n\t<meta name=\"author\" content=\"Encontra Santana\"\/>\n\t<link rel=\"canonical\" href=\"https:\/\/www.encontrasantana.com.br\/sobre\/salao-de-antigos-expoe-240-carros-classicos-em-santana\/\" \/>\n\t<meta name=\"generator\" content=\"All in One SEO (AIOSEO) 5.0.0.1\" \/>\n\t\t<meta property=\"og:locale\" content=\"pt_BR\" \/>\n\t\t<meta property=\"og:site_name\" content=\"Encontra Santana | Not\u00edcias, eventos, informa\u00e7\u00f5es e dicas no bairro de Santana e regi\u00e3o.\" \/>\n\t\t<meta property=\"og:type\" content=\"article\" \/>\n\t\t<meta property=\"og:title\" content=\"Sal\u00e3o de antigos exp\u00f5e 240 carros cl\u00e1ssicos em Santana \u00bb Encontra Santana\" \/>\n\t\t<meta property=\"og:description\" content=\"O Sal\u00e3o Internacional de Ve\u00edculos Antigos abre as portas ao p\u00fablico nesta quinta-feira (24), no Pavilh\u00e3o de Exposi\u00e7\u00f5es do Anhembi, em S\u00e3o Paulo. O evento, que vai at\u00e9 o pr\u00f3ximo domingo (27), deve atrair cerca de 30 mil apaixonados por modelos cl\u00e1ssicos, que poder\u00e3o conhecer do Kharmann Ghia do cantor e compositor Paulinho da Viola\" \/>\n\t\t<meta property=\"og:url\" content=\"https:\/\/www.encontrasantana.com.br\/sobre\/salao-de-antigos-expoe-240-carros-classicos-em-santana\/\" \/>\n\t\t<meta property=\"article:published_time\" content=\"2011-11-23T20:51:24+00:00\" \/>\n\t\t<meta property=\"article:modified_time\" content=\"2019-04-15T13:01:42+00:00\" \/>\n\t\t<meta name=\"twitter:card\" content=\"summary\" \/>\n\t\t<meta name=\"twitter:title\" content=\"Sal\u00e3o de antigos exp\u00f5e 240 carros cl\u00e1ssicos em Santana \u00bb Encontra Santana\" \/>\n\t\t<meta name=\"twitter:description\" content=\"O Sal\u00e3o Internacional de Ve\u00edculos Antigos abre as portas ao p\u00fablico nesta quinta-feira (24), no Pavilh\u00e3o de Exposi\u00e7\u00f5es do Anhembi, em S\u00e3o Paulo. O evento, que vai at\u00e9 o pr\u00f3ximo domingo (27), deve atrair cerca de 30 mil apaixonados por modelos cl\u00e1ssicos, que poder\u00e3o conhecer do Kharmann Ghia do cantor e compositor Paulinho da Viola\" \/>\n\t\t<script type=\"application\/ld+json\" class=\"aioseo-schema\">\n\t\t\t{\"@context\":\"https:\\\/\\\/schema.org\",\"@graph\":[{\"@type\":\"Article\",\"@id\":\"https:\\\/\\\/www.encontrasantana.com.br\\\/sobre\\\/salao-de-antigos-expoe-240-carros-classicos-em-santana\\\/#article\",\"name\":\"Sal\\u00e3o de antigos exp\\u00f5e 240 carros cl\\u00e1ssicos em Santana \\u00bb Encontra Santana\",\"headline\":\"Sal\\u00e3o de antigos exp\\u00f5e 240 carros cl\\u00e1ssicos em Santana\",\"author\":{\"@id\":\"https:\\\/\\\/www.encontrasantana.com.br\\\/sobre\\\/author\\\/esantana\\\/#author\"},\"publisher\":{\"@id\":\"https:\\\/\\\/www.encontrasantana.com.br\\\/sobre\\\/#organization\"},\"datePublished\":\"2011-11-23T17:51:24-03:00\",\"dateModified\":\"2019-04-15T10:01:42-03:00\",\"inLanguage\":\"pt-BR\",\"mainEntityOfPage\":{\"@id\":\"https:\\\/\\\/www.encontrasantana.com.br\\\/sobre\\\/salao-de-antigos-expoe-240-carros-classicos-em-santana\\\/#webpage\"},\"isPartOf\":{\"@id\":\"https:\\\/\\\/www.encontrasantana.com.br\\\/sobre\\\/salao-de-antigos-expoe-240-carros-classicos-em-santana\\\/#webpage\"},\"articleSection\":\"Not\\u00edcias Santana, Santana\"},{\"@type\":\"BreadcrumbList\",\"@id\":\"https:\\\/\\\/www.encontrasantana.com.br\\\/sobre\\\/salao-de-antigos-expoe-240-carros-classicos-em-santana\\\/#breadcrumblist\",\"itemListElement\":[{\"@type\":\"ListItem\",\"@id\":\"https:\\\/\\\/www.encontrasantana.com.br\\\/sobre#listItem\",\"position\":1,\"name\":\"In\\u00edcio\",\"item\":\"https:\\\/\\\/www.encontrasantana.com.br\\\/sobre\",\"nextItem\":{\"@type\":\"ListItem\",\"@id\":\"https:\\\/\\\/www.encontrasantana.com.br\\\/sobre\\\/noticias-em-santana\\\/#listItem\",\"name\":\"Not\\u00edcias Santana\"}},{\"@type\":\"ListItem\",\"@id\":\"https:\\\/\\\/www.encontrasantana.com.br\\\/sobre\\\/noticias-em-santana\\\/#listItem\",\"position\":2,\"name\":\"Not\\u00edcias Santana\",\"item\":\"https:\\\/\\\/www.encontrasantana.com.br\\\/sobre\\\/noticias-em-santana\\\/\",\"nextItem\":{\"@type\":\"ListItem\",\"@id\":\"https:\\\/\\\/www.encontrasantana.com.br\\\/sobre\\\/salao-de-antigos-expoe-240-carros-classicos-em-santana\\\/#listItem\",\"name\":\"Sal\\u00e3o de antigos exp\\u00f5e 240 carros cl\\u00e1ssicos em Santana\"},\"previousItem\":{\"@type\":\"ListItem\",\"@id\":\"https:\\\/\\\/www.encontrasantana.com.br\\\/sobre#listItem\",\"name\":\"In\\u00edcio\"}},{\"@type\":\"ListItem\",\"@id\":\"https:\\\/\\\/www.encontrasantana.com.br\\\/sobre\\\/salao-de-antigos-expoe-240-carros-classicos-em-santana\\\/#listItem\",\"position\":3,\"name\":\"Sal\\u00e3o de antigos exp\\u00f5e 240 carros cl\\u00e1ssicos em Santana\",\"previousItem\":{\"@type\":\"ListItem\",\"@id\":\"https:\\\/\\\/www.encontrasantana.com.br\\\/sobre\\\/noticias-em-santana\\\/#listItem\",\"name\":\"Not\\u00edcias Santana\"}}]},{\"@type\":\"Organization\",\"@id\":\"https:\\\/\\\/www.encontrasantana.com.br\\\/sobre\\\/#organization\",\"name\":\"Encontra Santana\",\"description\":\"Not\\u00edcias, eventos, informa\\u00e7\\u00f5es e dicas no bairro de Santana e regi\\u00e3o.\",\"url\":\"https:\\\/\\\/www.encontrasantana.com.br\\\/sobre\\\/\"},{\"@type\":\"Person\",\"@id\":\"https:\\\/\\\/www.encontrasantana.com.br\\\/sobre\\\/author\\\/esantana\\\/#author\",\"url\":\"https:\\\/\\\/www.encontrasantana.com.br\\\/sobre\\\/author\\\/esantana\\\/\",\"name\":\"Encontra Santana\",\"image\":{\"@type\":\"ImageObject\",\"@id\":\"https:\\\/\\\/www.encontrasantana.com.br\\\/sobre\\\/salao-de-antigos-expoe-240-carros-classicos-em-santana\\\/#authorImage\",\"url\":\"https:\\\/\\\/secure.gravatar.com\\\/avatar\\\/0fbed662e37531ae23e68f85f9517b2454e50c1dfebf80eb9b721449ac95e0b9?s=96&d=mm&r=g\",\"width\":96,\"height\":96,\"caption\":\"Encontra Santana\"}},{\"@type\":\"WebPage\",\"@id\":\"https:\\\/\\\/www.encontrasantana.com.br\\\/sobre\\\/salao-de-antigos-expoe-240-carros-classicos-em-santana\\\/#webpage\",\"url\":\"https:\\\/\\\/www.encontrasantana.com.br\\\/sobre\\\/salao-de-antigos-expoe-240-carros-classicos-em-santana\\\/\",\"name\":\"Sal\\u00e3o de antigos exp\\u00f5e 240 carros cl\\u00e1ssicos em Santana \\u00bb Encontra Santana\",\"description\":\"O Sal\\u00e3o Internacional de Ve\\u00edculos Antigos abre as portas ao p\\u00fablico nesta quinta-feira (24), no Pavilh\\u00e3o de Exposi\\u00e7\\u00f5es do Anhembi, em S\\u00e3o Paulo. O evento, que vai at\\u00e9 o pr\\u00f3ximo domingo (27), deve atrair cerca de 30 mil apaixonados por modelos cl\\u00e1ssicos, que poder\\u00e3o conhecer do Kharmann Ghia do cantor e compositor Paulinho da Viola\",\"inLanguage\":\"pt-BR\",\"isPartOf\":{\"@id\":\"https:\\\/\\\/www.encontrasantana.com.br\\\/sobre\\\/#website\"},\"breadcrumb\":{\"@id\":\"https:\\\/\\\/www.encontrasantana.com.br\\\/sobre\\\/salao-de-antigos-expoe-240-carros-classicos-em-santana\\\/#breadcrumblist\"},\"author\":{\"@id\":\"https:\\\/\\\/www.encontrasantana.com.br\\\/sobre\\\/author\\\/esantana\\\/#author\"},\"creator\":{\"@id\":\"https:\\\/\\\/www.encontrasantana.com.br\\\/sobre\\\/author\\\/esantana\\\/#author\"},\"datePublished\":\"2011-11-23T17:51:24-03:00\",\"dateModified\":\"2019-04-15T10:01:42-03:00\"},{\"@type\":\"WebSite\",\"@id\":\"https:\\\/\\\/www.encontrasantana.com.br\\\/sobre\\\/#website\",\"url\":\"https:\\\/\\\/www.encontrasantana.com.br\\\/sobre\\\/\",\"name\":\"Encontra Santana\",\"description\":\"Not\\u00edcias, eventos, informa\\u00e7\\u00f5es e dicas no bairro de Santana e regi\\u00e3o.\",\"inLanguage\":\"pt-BR\",\"publisher\":{\"@id\":\"https:\\\/\\\/www.encontrasantana.com.br\\\/sobre\\\/#organization\"}}]}\n\t\t<\/script>\n\t\t<!-- All in One SEO -->\n\n","aioseo_head_json":{"title":"Sal\u00e3o de antigos exp\u00f5e 240 carros cl\u00e1ssicos em Santana \u00bb Encontra Santana","description":"O Sal\u00e3o Internacional de Ve\u00edculos Antigos abre as portas ao p\u00fablico nesta quinta-feira (24), no Pavilh\u00e3o de Exposi\u00e7\u00f5es do Anhembi, em S\u00e3o Paulo. O evento, que vai at\u00e9 o pr\u00f3ximo domingo (27), deve atrair cerca de 30 mil apaixonados por modelos cl\u00e1ssicos, que poder\u00e3o conhecer do Kharmann Ghia do cantor e compositor Paulinho da Viola","canonical_url":"https:\/\/www.encontrasantana.com.br\/sobre\/salao-de-antigos-expoe-240-carros-classicos-em-santana\/","robots":"max-image-preview:large","keywords":"","webmasterTools":{"miscellaneous":""},"schema":{"@context":"https:\/\/schema.org","@graph":[{"@type":"Article","@id":"https:\/\/www.encontrasantana.com.br\/sobre\/salao-de-antigos-expoe-240-carros-classicos-em-santana\/#article","name":"Sal\u00e3o de antigos exp\u00f5e 240 carros cl\u00e1ssicos em Santana \u00bb Encontra Santana","headline":"Sal\u00e3o de antigos exp\u00f5e 240 carros cl\u00e1ssicos em Santana","author":{"@id":"https:\/\/www.encontrasantana.com.br\/sobre\/author\/esantana\/#author"},"publisher":{"@id":"https:\/\/www.encontrasantana.com.br\/sobre\/#organization"},"datePublished":"2011-11-23T17:51:24-03:00","dateModified":"2019-04-15T10:01:42-03:00","inLanguage":"pt-BR","mainEntityOfPage":{"@id":"https:\/\/www.encontrasantana.com.br\/sobre\/salao-de-antigos-expoe-240-carros-classicos-em-santana\/#webpage"},"isPartOf":{"@id":"https:\/\/www.encontrasantana.com.br\/sobre\/salao-de-antigos-expoe-240-carros-classicos-em-santana\/#webpage"},"articleSection":"Not\u00edcias Santana, Santana"},{"@type":"BreadcrumbList","@id":"https:\/\/www.encontrasantana.com.br\/sobre\/salao-de-antigos-expoe-240-carros-classicos-em-santana\/#breadcrumblist","itemListElement":[{"@type":"ListItem","@id":"https:\/\/www.encontrasantana.com.br\/sobre#listItem","position":1,"name":"In\u00edcio","item":"https:\/\/www.encontrasantana.com.br\/sobre","nextItem":{"@type":"ListItem","@id":"https:\/\/www.encontrasantana.com.br\/sobre\/noticias-em-santana\/#listItem","name":"Not\u00edcias Santana"}},{"@type":"ListItem","@id":"https:\/\/www.encontrasantana.com.br\/sobre\/noticias-em-santana\/#listItem","position":2,"name":"Not\u00edcias Santana","item":"https:\/\/www.encontrasantana.com.br\/sobre\/noticias-em-santana\/","nextItem":{"@type":"ListItem","@id":"https:\/\/www.encontrasantana.com.br\/sobre\/salao-de-antigos-expoe-240-carros-classicos-em-santana\/#listItem","name":"Sal\u00e3o de antigos exp\u00f5e 240 carros cl\u00e1ssicos em Santana"},"previousItem":{"@type":"ListItem","@id":"https:\/\/www.encontrasantana.com.br\/sobre#listItem","name":"In\u00edcio"}},{"@type":"ListItem","@id":"https:\/\/www.encontrasantana.com.br\/sobre\/salao-de-antigos-expoe-240-carros-classicos-em-santana\/#listItem","position":3,"name":"Sal\u00e3o de antigos exp\u00f5e 240 carros cl\u00e1ssicos em Santana","previousItem":{"@type":"ListItem","@id":"https:\/\/www.encontrasantana.com.br\/sobre\/noticias-em-santana\/#listItem","name":"Not\u00edcias Santana"}}]},{"@type":"Organization","@id":"https:\/\/www.encontrasantana.com.br\/sobre\/#organization","name":"Encontra Santana","description":"Not\u00edcias, eventos, informa\u00e7\u00f5es e dicas no bairro de Santana e regi\u00e3o.","url":"https:\/\/www.encontrasantana.com.br\/sobre\/"},{"@type":"Person","@id":"https:\/\/www.encontrasantana.com.br\/sobre\/author\/esantana\/#author","url":"https:\/\/www.encontrasantana.com.br\/sobre\/author\/esantana\/","name":"Encontra Santana","image":{"@type":"ImageObject","@id":"https:\/\/www.encontrasantana.com.br\/sobre\/salao-de-antigos-expoe-240-carros-classicos-em-santana\/#authorImage","url":"https:\/\/secure.gravatar.com\/avatar\/0fbed662e37531ae23e68f85f9517b2454e50c1dfebf80eb9b721449ac95e0b9?s=96&d=mm&r=g","width":96,"height":96,"caption":"Encontra Santana"}},{"@type":"WebPage","@id":"https:\/\/www.encontrasantana.com.br\/sobre\/salao-de-antigos-expoe-240-carros-classicos-em-santana\/#webpage","url":"https:\/\/www.encontrasantana.com.br\/sobre\/salao-de-antigos-expoe-240-carros-classicos-em-santana\/","name":"Sal\u00e3o de antigos exp\u00f5e 240 carros cl\u00e1ssicos em Santana \u00bb Encontra Santana","description":"O Sal\u00e3o Internacional de Ve\u00edculos Antigos abre as portas ao p\u00fablico nesta quinta-feira (24), no Pavilh\u00e3o de Exposi\u00e7\u00f5es do Anhembi, em S\u00e3o Paulo. O evento, que vai at\u00e9 o pr\u00f3ximo domingo (27), deve atrair cerca de 30 mil apaixonados por modelos cl\u00e1ssicos, que poder\u00e3o conhecer do Kharmann Ghia do cantor e compositor Paulinho da Viola","inLanguage":"pt-BR","isPartOf":{"@id":"https:\/\/www.encontrasantana.com.br\/sobre\/#website"},"breadcrumb":{"@id":"https:\/\/www.encontrasantana.com.br\/sobre\/salao-de-antigos-expoe-240-carros-classicos-em-santana\/#breadcrumblist"},"author":{"@id":"https:\/\/www.encontrasantana.com.br\/sobre\/author\/esantana\/#author"},"creator":{"@id":"https:\/\/www.encontrasantana.com.br\/sobre\/author\/esantana\/#author"},"datePublished":"2011-11-23T17:51:24-03:00","dateModified":"2019-04-15T10:01:42-03:00"},{"@type":"WebSite","@id":"https:\/\/www.encontrasantana.com.br\/sobre\/#website","url":"https:\/\/www.encontrasantana.com.br\/sobre\/","name":"Encontra Santana","description":"Not\u00edcias, eventos, informa\u00e7\u00f5es e dicas no bairro de Santana e regi\u00e3o.","inLanguage":"pt-BR","publisher":{"@id":"https:\/\/www.encontrasantana.com.br\/sobre\/#organization"}}]},"og:locale":"pt_BR","og:site_name":"Encontra Santana | Not\u00edcias, eventos, informa\u00e7\u00f5es e dicas no bairro de Santana e regi\u00e3o.","og:type":"article","og:title":"Sal\u00e3o de antigos exp\u00f5e 240 carros cl\u00e1ssicos em Santana \u00bb Encontra Santana","og:description":"O Sal\u00e3o Internacional de Ve\u00edculos Antigos abre as portas ao p\u00fablico nesta quinta-feira (24), no Pavilh\u00e3o de Exposi\u00e7\u00f5es do Anhembi, em S\u00e3o Paulo. O evento, que vai at\u00e9 o pr\u00f3ximo domingo (27), deve atrair cerca de 30 mil apaixonados por modelos cl\u00e1ssicos, que poder\u00e3o conhecer do Kharmann Ghia do cantor e compositor Paulinho da Viola","og:url":"https:\/\/www.encontrasantana.com.br\/sobre\/salao-de-antigos-expoe-240-carros-classicos-em-santana\/","article:published_time":"2011-11-23T20:51:24+00:00","article:modified_time":"2019-04-15T13:01:42+00:00","twitter:card":"summary","twitter:title":"Sal\u00e3o de antigos exp\u00f5e 240 carros cl\u00e1ssicos em Santana \u00bb Encontra Santana","twitter:description":"O Sal\u00e3o Internacional de Ve\u00edculos Antigos abre as portas ao p\u00fablico nesta quinta-feira (24), no Pavilh\u00e3o de Exposi\u00e7\u00f5es do Anhembi, em S\u00e3o Paulo. O evento, que vai at\u00e9 o pr\u00f3ximo domingo (27), deve atrair cerca de 30 mil apaixonados por modelos cl\u00e1ssicos, que poder\u00e3o conhecer do Kharmann Ghia do cantor e compositor Paulinho da Viola"},"aioseo_meta_data":{"post_id":"2014","title":null,"description":null,"keywords":null,"keyphrases":null,"primary_term":null,"canonical_url":null,"og_title":null,"og_description":null,"og_object_type":"default","og_image_type":"default","og_image_url":null,"og_image_width":null,"og_image_height":null,"og_image_custom_url":null,"og_image_custom_fields":null,"og_video":null,"og_custom_url":null,"og_article_section":null,"og_article_tags":null,"twitter_use_og":false,"twitter_card":"default","twitter_image_type":"default","twitter_image_url":null,"twitter_image_custom_url":null,"twitter_image_custom_fields":null,"twitter_title":null,"twitter_description":null,"schema":{"blockGraphs":[],"customGraphs":[],"default":{"data":{"Article":[],"Course":[],"Dataset":[],"FAQPage":[],"Movie":[],"Person":[],"Product":[],"ProductReview":[],"Car":[],"Recipe":[],"Service":[],"SoftwareApplication":[],"WebPage":[]},"graphName":"Article","isEnabled":true},"graphs":[]},"schema_type":null,"schema_type_options":null,"pillar_content":false,"robots_default":true,"robots_noindex":false,"robots_noarchive":false,"robots_nosnippet":false,"robots_nofollow":false,"robots_noimageindex":false,"robots_noodp":false,"robots_notranslate":false,"robots_max_snippet":null,"robots_max_videopreview":null,"robots_max_imagepreview":"large","priority":null,"frequency":null,"local_seo":null,"limit_modified_date":false,"created":"2021-04-21 00:26:55","updated":"2026-08-06 10:15:09","focus_keyword":null,"additional_keywords":null,"truseo_locale":null,"ai":null,"breadcrumb_settings":null,"seo_analyzer_scan_date":null},"aioseo_breadcrumb":"<div class=\"aioseo-breadcrumbs\"><span class=\"aioseo-breadcrumb\">\n\t\t\t<a href=\"https:\/\/www.encontrasantana.com.br\/sobre\" title=\"In\u00edcio\">In\u00edcio<\/a>\n\t\t<\/span><span class=\"aioseo-breadcrumb-separator\">&raquo;<\/span><span class=\"aioseo-breadcrumb\">\n\t\t\t<a href=\"https:\/\/www.encontrasantana.com.br\/sobre\/noticias-em-santana\/\" title=\"Not\u00edcias Santana\">Not\u00edcias Santana<\/a>\n\t\t<\/span><span class=\"aioseo-breadcrumb-separator\">&raquo;<\/span><span class=\"aioseo-breadcrumb\">\n\t\t\tSal\u00e3o de antigos exp\u00f5e 240 carros cl\u00e1ssicos em Santana\n\t\t<\/span><\/div>","aioseo_breadcrumb_json":[{"label":"In\u00edcio","link":"https:\/\/www.encontrasantana.com.br\/sobre"},{"label":"Not\u00edcias Santana","link":"https:\/\/www.encontrasantana.com.br\/sobre\/noticias-em-santana\/"},{"label":"Sal\u00e3o de antigos exp\u00f5e 240 carros cl\u00e1ssicos em Santana","link":"https:\/\/www.encontrasantana.com.br\/sobre\/salao-de-antigos-expoe-240-carros-classicos-em-santana\/"}],"_links":{"self":[{"href":"https:\/\/www.encontrasantana.com.br\/sobre\/wp-json\/wp\/v2\/posts\/2014","targetHints":{"allow":["GET"]}}],"collection":[{"href":"https:\/\/www.encontrasantana.com.br\/sobre\/wp-json\/wp\/v2\/posts"}],"about":[{"href":"https:\/\/www.encontrasantana.com.br\/sobre\/wp-json\/wp\/v2\/types\/post"}],"author":[{"embeddable":true,"href":"https:\/\/www.encontrasantana.com.br\/sobre\/wp-json\/wp\/v2\/users\/1"}],"replies":[{"embeddable":true,"href":"https:\/\/www.encontrasantana.com.br\/sobre\/wp-json\/wp\/v2\/comments?post=2014"}],"version-history":[{"count":0,"href":"https:\/\/www.encontrasantana.com.br\/sobre\/wp-json\/wp\/v2\/posts\/2014\/revisions"}],"wp:attachment":[{"href":"https:\/\/www.encontrasantana.com.br\/sobre\/wp-json\/wp\/v2\/media?parent=2014"}],"wp:term":[{"taxonomy":"category","embeddable":true,"href":"https:\/\/www.encontrasantana.com.br\/sobre\/wp-json\/wp\/v2\/categories?post=2014"},{"taxonomy":"post_tag","embeddable":true,"href":"https:\/\/www.encontrasantana.com.br\/sobre\/wp-json\/wp\/v2\/tags?post=2014"}],"curies":[{"name":"wp","href":"https:\/\/api.w.org\/{rel}","templated":true}]}}