{"id":20307,"date":"2012-07-13T16:58:43","date_gmt":"2012-07-13T19:58:43","guid":{"rendered":"http:\/\/www.encontrasantana.com.br\/blog\/?p=20307"},"modified":"2019-04-15T09:59:06","modified_gmt":"2019-04-15T12:59:06","slug":"cet-interdita-hoje-a-noite-ruas-de-santana-para-a-marcha-para-jesus","status":"publish","type":"post","link":"https:\/\/www.encontrasantana.com.br\/sobre\/cet-interdita-hoje-a-noite-ruas-de-santana-para-a-marcha-para-jesus\/","title":{"rendered":"CET interdita hoje \u00e0 noite ruas de Santana para a Marcha para Jesus"},"content":{"rendered":"<div class=\"1acf8468e559fd3cbeec5aee3a269a52\" data-index=\"1\" style=\"float: none; margin:0px;\">\n<!-- Anuncio display - global -->\r\n<ins class=\"adsbygoogle\"\r\n     style=\"display:block\"\r\n     data-ad-client=\"ca-pub-8585364105181520\"\r\n     data-ad-slot=\"8789329856\"\r\n     data-ad-format=\"auto\"\r\n     data-full-width-responsive=\"true\"><\/ins>\r\n<script>\r\n     (adsbygoogle = window.adsbygoogle || []).push({});\r\n<\/script>\n<\/div>\n<p>Ruas e avenidas do Bom Retiro (regi\u00e3o central) e Santana (zona norte de SP) v\u00e3o sofrer interdi\u00e7\u00f5es a partir das 20h de hoje para a realiza\u00e7\u00e3o da Marcha para Jesus, o principal evento evang\u00e9lico da capital, marcado para amanh\u00e3.<\/p>\n<p>A marcha chega em 2012 a sua 20\u00aa edi\u00e7\u00e3o. Segundo a organiza\u00e7\u00e3o, em duas d\u00e9cadas, cerca de 10 milh\u00f5es de fi\u00e9is j\u00e1 participaram do evento.<\/p>\n<p>A estimativa de p\u00fablico para este ano n\u00e3o foi divulgada.<\/p>\n<p>Os fi\u00e9is v\u00e3o se reunir a partir da 10h, no metr\u00f4 Tiradentes (centro) e seguir\u00e3o para a <a href=\"http:\/\/www.encontrasantana.com.br\/santana\/praca-feb-em-santana.shtml\" target=\"_blank\">Pra\u00e7a dos Her\u00f3is da For\u00e7a Expedicion\u00e1ria Brasileira<\/a>, pr\u00f3ximo ao <a href=\"http:\/\/www.encontrasantana.com.br\/santana\/campo-de-marte-em-santana.shtml\" target=\"_blank\">Campo de Marte<\/a> (zona norte), onde acontecem os shows.<\/p>\n<p>O evento est\u00e1 programado para acabar \u00e0s 21h30.<\/p>\n<p><em>Fonte: Agora S\u00e3o Paulo<\/em><\/p>\n\n<div style=\"font-size: 0px; height: 0px; line-height: 0px; margin: 0; padding: 0; clear: both;\"><\/div>","protected":false},"excerpt":{"rendered":"<p>Ruas e avenidas do Bom Retiro (regi\u00e3o central) e Santana (zona norte de SP) v\u00e3o sofrer interdi\u00e7\u00f5es a partir das 20h de hoje para a realiza\u00e7\u00e3o da Marcha para Jesus, o principal evento evang\u00e9lico da capital, marcado para amanh\u00e3. A marcha chega em 2012 a sua 20\u00aa edi\u00e7\u00e3o. Segundo a organiza\u00e7\u00e3o, em duas d\u00e9cadas, cerca de 10 milh\u00f5es de fi\u00e9is j\u00e1 participaram do evento. A estimativa de p\u00fablico para este ano n\u00e3o foi divulgada. Os fi\u00e9is v\u00e3o se reunir a partir da 10h, no metr\u00f4 Tiradentes (centro) e seguir\u00e3o para a Pra\u00e7a dos Her\u00f3is da For\u00e7a Expedicion\u00e1ria Brasileira, pr\u00f3ximo ao <\/p>\n","protected":false},"author":1,"featured_media":0,"comment_status":"open","ping_status":"closed","sticky":false,"template":"","format":"standard","meta":{"footnotes":""},"categories":[3],"tags":[10],"class_list":["post-20307","post","type-post","status-publish","format-standard","hentry","category-noticias-em-santana","tag-santana"],"aioseo_notices":[],"aioseo_head":"\n\t\t<!-- All in One SEO 5.0.0.1 - aioseo.com -->\n\t<meta name=\"description\" content=\"Ruas e avenidas do Bom Retiro (regi\u00e3o central) e Santana (zona norte de SP) v\u00e3o sofrer interdi\u00e7\u00f5es a partir das 20h de hoje para a realiza\u00e7\u00e3o da Marcha para Jesus, o principal evento evang\u00e9lico da capital, marcado para amanh\u00e3. A marcha chega em 2012 a sua 20\u00aa edi\u00e7\u00e3o. Segundo a organiza\u00e7\u00e3o, em duas d\u00e9cadas, cerca\" \/>\n\t<meta name=\"robots\" content=\"max-image-preview:large\" \/>\n\t<meta name=\"author\" content=\"Encontra Santana\"\/>\n\t<link rel=\"canonical\" href=\"https:\/\/www.encontrasantana.com.br\/sobre\/cet-interdita-hoje-a-noite-ruas-de-santana-para-a-marcha-para-jesus\/\" \/>\n\t<meta name=\"generator\" content=\"All in One SEO (AIOSEO) 5.0.0.1\" \/>\n\t\t<meta property=\"og:locale\" content=\"pt_BR\" \/>\n\t\t<meta property=\"og:site_name\" content=\"Encontra Santana | Not\u00edcias, eventos, informa\u00e7\u00f5es e dicas no bairro de Santana e regi\u00e3o.\" \/>\n\t\t<meta property=\"og:type\" content=\"article\" \/>\n\t\t<meta property=\"og:title\" content=\"CET interdita hoje \u00e0 noite ruas de Santana para a Marcha para Jesus \u00bb Encontra Santana\" \/>\n\t\t<meta property=\"og:description\" content=\"Ruas e avenidas do Bom Retiro (regi\u00e3o central) e Santana (zona norte de SP) v\u00e3o sofrer interdi\u00e7\u00f5es a partir das 20h de hoje para a realiza\u00e7\u00e3o da Marcha para Jesus, o principal evento evang\u00e9lico da capital, marcado para amanh\u00e3. A marcha chega em 2012 a sua 20\u00aa edi\u00e7\u00e3o. Segundo a organiza\u00e7\u00e3o, em duas d\u00e9cadas, cerca\" \/>\n\t\t<meta property=\"og:url\" content=\"https:\/\/www.encontrasantana.com.br\/sobre\/cet-interdita-hoje-a-noite-ruas-de-santana-para-a-marcha-para-jesus\/\" \/>\n\t\t<meta property=\"article:published_time\" content=\"2012-07-13T19:58:43+00:00\" \/>\n\t\t<meta property=\"article:modified_time\" content=\"2019-04-15T12:59:06+00:00\" \/>\n\t\t<meta name=\"twitter:card\" content=\"summary\" \/>\n\t\t<meta name=\"twitter:title\" content=\"CET interdita hoje \u00e0 noite ruas de Santana para a Marcha para Jesus \u00bb Encontra Santana\" \/>\n\t\t<meta name=\"twitter:description\" content=\"Ruas e avenidas do Bom Retiro (regi\u00e3o central) e Santana (zona norte de SP) v\u00e3o sofrer interdi\u00e7\u00f5es a partir das 20h de hoje para a realiza\u00e7\u00e3o da Marcha para Jesus, o principal evento evang\u00e9lico da capital, marcado para amanh\u00e3. A marcha chega em 2012 a sua 20\u00aa edi\u00e7\u00e3o. Segundo a organiza\u00e7\u00e3o, em duas d\u00e9cadas, cerca\" \/>\n\t\t<script type=\"application\/ld+json\" class=\"aioseo-schema\">\n\t\t\t{\"@context\":\"https:\\\/\\\/schema.org\",\"@graph\":[{\"@type\":\"Article\",\"@id\":\"https:\\\/\\\/www.encontrasantana.com.br\\\/sobre\\\/cet-interdita-hoje-a-noite-ruas-de-santana-para-a-marcha-para-jesus\\\/#article\",\"name\":\"CET interdita hoje \\u00e0 noite ruas de Santana para a Marcha para Jesus \\u00bb Encontra Santana\",\"headline\":\"CET interdita hoje \\u00e0 noite ruas de Santana para a Marcha para Jesus\",\"author\":{\"@id\":\"https:\\\/\\\/www.encontrasantana.com.br\\\/sobre\\\/author\\\/esantana\\\/#author\"},\"publisher\":{\"@id\":\"https:\\\/\\\/www.encontrasantana.com.br\\\/sobre\\\/#organization\"},\"datePublished\":\"2012-07-13T16:58:43-03:00\",\"dateModified\":\"2019-04-15T09:59:06-03:00\",\"inLanguage\":\"pt-BR\",\"mainEntityOfPage\":{\"@id\":\"https:\\\/\\\/www.encontrasantana.com.br\\\/sobre\\\/cet-interdita-hoje-a-noite-ruas-de-santana-para-a-marcha-para-jesus\\\/#webpage\"},\"isPartOf\":{\"@id\":\"https:\\\/\\\/www.encontrasantana.com.br\\\/sobre\\\/cet-interdita-hoje-a-noite-ruas-de-santana-para-a-marcha-para-jesus\\\/#webpage\"},\"articleSection\":\"Not\\u00edcias Santana, Santana\"},{\"@type\":\"BreadcrumbList\",\"@id\":\"https:\\\/\\\/www.encontrasantana.com.br\\\/sobre\\\/cet-interdita-hoje-a-noite-ruas-de-santana-para-a-marcha-para-jesus\\\/#breadcrumblist\",\"itemListElement\":[{\"@type\":\"ListItem\",\"@id\":\"https:\\\/\\\/www.encontrasantana.com.br\\\/sobre#listItem\",\"position\":1,\"name\":\"In\\u00edcio\",\"item\":\"https:\\\/\\\/www.encontrasantana.com.br\\\/sobre\",\"nextItem\":{\"@type\":\"ListItem\",\"@id\":\"https:\\\/\\\/www.encontrasantana.com.br\\\/sobre\\\/noticias-em-santana\\\/#listItem\",\"name\":\"Not\\u00edcias Santana\"}},{\"@type\":\"ListItem\",\"@id\":\"https:\\\/\\\/www.encontrasantana.com.br\\\/sobre\\\/noticias-em-santana\\\/#listItem\",\"position\":2,\"name\":\"Not\\u00edcias Santana\",\"item\":\"https:\\\/\\\/www.encontrasantana.com.br\\\/sobre\\\/noticias-em-santana\\\/\",\"nextItem\":{\"@type\":\"ListItem\",\"@id\":\"https:\\\/\\\/www.encontrasantana.com.br\\\/sobre\\\/cet-interdita-hoje-a-noite-ruas-de-santana-para-a-marcha-para-jesus\\\/#listItem\",\"name\":\"CET interdita hoje \\u00e0 noite ruas de Santana para a Marcha para Jesus\"},\"previousItem\":{\"@type\":\"ListItem\",\"@id\":\"https:\\\/\\\/www.encontrasantana.com.br\\\/sobre#listItem\",\"name\":\"In\\u00edcio\"}},{\"@type\":\"ListItem\",\"@id\":\"https:\\\/\\\/www.encontrasantana.com.br\\\/sobre\\\/cet-interdita-hoje-a-noite-ruas-de-santana-para-a-marcha-para-jesus\\\/#listItem\",\"position\":3,\"name\":\"CET interdita hoje \\u00e0 noite ruas de Santana para a Marcha para Jesus\",\"previousItem\":{\"@type\":\"ListItem\",\"@id\":\"https:\\\/\\\/www.encontrasantana.com.br\\\/sobre\\\/noticias-em-santana\\\/#listItem\",\"name\":\"Not\\u00edcias Santana\"}}]},{\"@type\":\"Organization\",\"@id\":\"https:\\\/\\\/www.encontrasantana.com.br\\\/sobre\\\/#organization\",\"name\":\"Encontra Santana\",\"description\":\"Not\\u00edcias, eventos, informa\\u00e7\\u00f5es e dicas no bairro de Santana e regi\\u00e3o.\",\"url\":\"https:\\\/\\\/www.encontrasantana.com.br\\\/sobre\\\/\"},{\"@type\":\"Person\",\"@id\":\"https:\\\/\\\/www.encontrasantana.com.br\\\/sobre\\\/author\\\/esantana\\\/#author\",\"url\":\"https:\\\/\\\/www.encontrasantana.com.br\\\/sobre\\\/author\\\/esantana\\\/\",\"name\":\"Encontra Santana\",\"image\":{\"@type\":\"ImageObject\",\"@id\":\"https:\\\/\\\/www.encontrasantana.com.br\\\/sobre\\\/cet-interdita-hoje-a-noite-ruas-de-santana-para-a-marcha-para-jesus\\\/#authorImage\",\"url\":\"https:\\\/\\\/secure.gravatar.com\\\/avatar\\\/0fbed662e37531ae23e68f85f9517b2454e50c1dfebf80eb9b721449ac95e0b9?s=96&d=mm&r=g\",\"width\":96,\"height\":96,\"caption\":\"Encontra Santana\"}},{\"@type\":\"WebPage\",\"@id\":\"https:\\\/\\\/www.encontrasantana.com.br\\\/sobre\\\/cet-interdita-hoje-a-noite-ruas-de-santana-para-a-marcha-para-jesus\\\/#webpage\",\"url\":\"https:\\\/\\\/www.encontrasantana.com.br\\\/sobre\\\/cet-interdita-hoje-a-noite-ruas-de-santana-para-a-marcha-para-jesus\\\/\",\"name\":\"CET interdita hoje \\u00e0 noite ruas de Santana para a Marcha para Jesus \\u00bb Encontra Santana\",\"description\":\"Ruas e avenidas do Bom Retiro (regi\\u00e3o central) e Santana (zona norte de SP) v\\u00e3o sofrer interdi\\u00e7\\u00f5es a partir das 20h de hoje para a realiza\\u00e7\\u00e3o da Marcha para Jesus, o principal evento evang\\u00e9lico da capital, marcado para amanh\\u00e3. A marcha chega em 2012 a sua 20\\u00aa edi\\u00e7\\u00e3o. Segundo a organiza\\u00e7\\u00e3o, em duas d\\u00e9cadas, cerca\",\"inLanguage\":\"pt-BR\",\"isPartOf\":{\"@id\":\"https:\\\/\\\/www.encontrasantana.com.br\\\/sobre\\\/#website\"},\"breadcrumb\":{\"@id\":\"https:\\\/\\\/www.encontrasantana.com.br\\\/sobre\\\/cet-interdita-hoje-a-noite-ruas-de-santana-para-a-marcha-para-jesus\\\/#breadcrumblist\"},\"author\":{\"@id\":\"https:\\\/\\\/www.encontrasantana.com.br\\\/sobre\\\/author\\\/esantana\\\/#author\"},\"creator\":{\"@id\":\"https:\\\/\\\/www.encontrasantana.com.br\\\/sobre\\\/author\\\/esantana\\\/#author\"},\"datePublished\":\"2012-07-13T16:58:43-03:00\",\"dateModified\":\"2019-04-15T09:59:06-03:00\"},{\"@type\":\"WebSite\",\"@id\":\"https:\\\/\\\/www.encontrasantana.com.br\\\/sobre\\\/#website\",\"url\":\"https:\\\/\\\/www.encontrasantana.com.br\\\/sobre\\\/\",\"name\":\"Encontra Santana\",\"description\":\"Not\\u00edcias, eventos, informa\\u00e7\\u00f5es e dicas no bairro de Santana e regi\\u00e3o.\",\"inLanguage\":\"pt-BR\",\"publisher\":{\"@id\":\"https:\\\/\\\/www.encontrasantana.com.br\\\/sobre\\\/#organization\"}}]}\n\t\t<\/script>\n\t\t<!-- All in One SEO -->\n\n","aioseo_head_json":{"title":"CET interdita hoje \u00e0 noite ruas de Santana para a Marcha para Jesus \u00bb Encontra Santana","description":"Ruas e avenidas do Bom Retiro (regi\u00e3o central) e Santana (zona norte de SP) v\u00e3o sofrer interdi\u00e7\u00f5es a partir das 20h de hoje para a realiza\u00e7\u00e3o da Marcha para Jesus, o principal evento evang\u00e9lico da capital, marcado para amanh\u00e3. A marcha chega em 2012 a sua 20\u00aa edi\u00e7\u00e3o. Segundo a organiza\u00e7\u00e3o, em duas d\u00e9cadas, cerca","canonical_url":"https:\/\/www.encontrasantana.com.br\/sobre\/cet-interdita-hoje-a-noite-ruas-de-santana-para-a-marcha-para-jesus\/","robots":"max-image-preview:large","keywords":"","webmasterTools":{"miscellaneous":""},"schema":{"@context":"https:\/\/schema.org","@graph":[{"@type":"Article","@id":"https:\/\/www.encontrasantana.com.br\/sobre\/cet-interdita-hoje-a-noite-ruas-de-santana-para-a-marcha-para-jesus\/#article","name":"CET interdita hoje \u00e0 noite ruas de Santana para a Marcha para Jesus \u00bb Encontra Santana","headline":"CET interdita hoje \u00e0 noite ruas de Santana para a Marcha para Jesus","author":{"@id":"https:\/\/www.encontrasantana.com.br\/sobre\/author\/esantana\/#author"},"publisher":{"@id":"https:\/\/www.encontrasantana.com.br\/sobre\/#organization"},"datePublished":"2012-07-13T16:58:43-03:00","dateModified":"2019-04-15T09:59:06-03:00","inLanguage":"pt-BR","mainEntityOfPage":{"@id":"https:\/\/www.encontrasantana.com.br\/sobre\/cet-interdita-hoje-a-noite-ruas-de-santana-para-a-marcha-para-jesus\/#webpage"},"isPartOf":{"@id":"https:\/\/www.encontrasantana.com.br\/sobre\/cet-interdita-hoje-a-noite-ruas-de-santana-para-a-marcha-para-jesus\/#webpage"},"articleSection":"Not\u00edcias Santana, Santana"},{"@type":"BreadcrumbList","@id":"https:\/\/www.encontrasantana.com.br\/sobre\/cet-interdita-hoje-a-noite-ruas-de-santana-para-a-marcha-para-jesus\/#breadcrumblist","itemListElement":[{"@type":"ListItem","@id":"https:\/\/www.encontrasantana.com.br\/sobre#listItem","position":1,"name":"In\u00edcio","item":"https:\/\/www.encontrasantana.com.br\/sobre","nextItem":{"@type":"ListItem","@id":"https:\/\/www.encontrasantana.com.br\/sobre\/noticias-em-santana\/#listItem","name":"Not\u00edcias Santana"}},{"@type":"ListItem","@id":"https:\/\/www.encontrasantana.com.br\/sobre\/noticias-em-santana\/#listItem","position":2,"name":"Not\u00edcias Santana","item":"https:\/\/www.encontrasantana.com.br\/sobre\/noticias-em-santana\/","nextItem":{"@type":"ListItem","@id":"https:\/\/www.encontrasantana.com.br\/sobre\/cet-interdita-hoje-a-noite-ruas-de-santana-para-a-marcha-para-jesus\/#listItem","name":"CET interdita hoje \u00e0 noite ruas de Santana para a Marcha para Jesus"},"previousItem":{"@type":"ListItem","@id":"https:\/\/www.encontrasantana.com.br\/sobre#listItem","name":"In\u00edcio"}},{"@type":"ListItem","@id":"https:\/\/www.encontrasantana.com.br\/sobre\/cet-interdita-hoje-a-noite-ruas-de-santana-para-a-marcha-para-jesus\/#listItem","position":3,"name":"CET interdita hoje \u00e0 noite ruas de Santana para a Marcha para Jesus","previousItem":{"@type":"ListItem","@id":"https:\/\/www.encontrasantana.com.br\/sobre\/noticias-em-santana\/#listItem","name":"Not\u00edcias Santana"}}]},{"@type":"Organization","@id":"https:\/\/www.encontrasantana.com.br\/sobre\/#organization","name":"Encontra Santana","description":"Not\u00edcias, eventos, informa\u00e7\u00f5es e dicas no bairro de Santana e regi\u00e3o.","url":"https:\/\/www.encontrasantana.com.br\/sobre\/"},{"@type":"Person","@id":"https:\/\/www.encontrasantana.com.br\/sobre\/author\/esantana\/#author","url":"https:\/\/www.encontrasantana.com.br\/sobre\/author\/esantana\/","name":"Encontra Santana","image":{"@type":"ImageObject","@id":"https:\/\/www.encontrasantana.com.br\/sobre\/cet-interdita-hoje-a-noite-ruas-de-santana-para-a-marcha-para-jesus\/#authorImage","url":"https:\/\/secure.gravatar.com\/avatar\/0fbed662e37531ae23e68f85f9517b2454e50c1dfebf80eb9b721449ac95e0b9?s=96&d=mm&r=g","width":96,"height":96,"caption":"Encontra Santana"}},{"@type":"WebPage","@id":"https:\/\/www.encontrasantana.com.br\/sobre\/cet-interdita-hoje-a-noite-ruas-de-santana-para-a-marcha-para-jesus\/#webpage","url":"https:\/\/www.encontrasantana.com.br\/sobre\/cet-interdita-hoje-a-noite-ruas-de-santana-para-a-marcha-para-jesus\/","name":"CET interdita hoje \u00e0 noite ruas de Santana para a Marcha para Jesus \u00bb Encontra Santana","description":"Ruas e avenidas do Bom Retiro (regi\u00e3o central) e Santana (zona norte de SP) v\u00e3o sofrer interdi\u00e7\u00f5es a partir das 20h de hoje para a realiza\u00e7\u00e3o da Marcha para Jesus, o principal evento evang\u00e9lico da capital, marcado para amanh\u00e3. A marcha chega em 2012 a sua 20\u00aa edi\u00e7\u00e3o. Segundo a organiza\u00e7\u00e3o, em duas d\u00e9cadas, cerca","inLanguage":"pt-BR","isPartOf":{"@id":"https:\/\/www.encontrasantana.com.br\/sobre\/#website"},"breadcrumb":{"@id":"https:\/\/www.encontrasantana.com.br\/sobre\/cet-interdita-hoje-a-noite-ruas-de-santana-para-a-marcha-para-jesus\/#breadcrumblist"},"author":{"@id":"https:\/\/www.encontrasantana.com.br\/sobre\/author\/esantana\/#author"},"creator":{"@id":"https:\/\/www.encontrasantana.com.br\/sobre\/author\/esantana\/#author"},"datePublished":"2012-07-13T16:58:43-03:00","dateModified":"2019-04-15T09:59:06-03:00"},{"@type":"WebSite","@id":"https:\/\/www.encontrasantana.com.br\/sobre\/#website","url":"https:\/\/www.encontrasantana.com.br\/sobre\/","name":"Encontra Santana","description":"Not\u00edcias, eventos, informa\u00e7\u00f5es e dicas no bairro de Santana e regi\u00e3o.","inLanguage":"pt-BR","publisher":{"@id":"https:\/\/www.encontrasantana.com.br\/sobre\/#organization"}}]},"og:locale":"pt_BR","og:site_name":"Encontra Santana | Not\u00edcias, eventos, informa\u00e7\u00f5es e dicas no bairro de Santana e regi\u00e3o.","og:type":"article","og:title":"CET interdita hoje \u00e0 noite ruas de Santana para a Marcha para Jesus \u00bb Encontra Santana","og:description":"Ruas e avenidas do Bom Retiro (regi\u00e3o central) e Santana (zona norte de SP) v\u00e3o sofrer interdi\u00e7\u00f5es a partir das 20h de hoje para a realiza\u00e7\u00e3o da Marcha para Jesus, o principal evento evang\u00e9lico da capital, marcado para amanh\u00e3. A marcha chega em 2012 a sua 20\u00aa edi\u00e7\u00e3o. Segundo a organiza\u00e7\u00e3o, em duas d\u00e9cadas, cerca","og:url":"https:\/\/www.encontrasantana.com.br\/sobre\/cet-interdita-hoje-a-noite-ruas-de-santana-para-a-marcha-para-jesus\/","article:published_time":"2012-07-13T19:58:43+00:00","article:modified_time":"2019-04-15T12:59:06+00:00","twitter:card":"summary","twitter:title":"CET interdita hoje \u00e0 noite ruas de Santana para a Marcha para Jesus \u00bb Encontra Santana","twitter:description":"Ruas e avenidas do Bom Retiro (regi\u00e3o central) e Santana (zona norte de SP) v\u00e3o sofrer interdi\u00e7\u00f5es a partir das 20h de hoje para a realiza\u00e7\u00e3o da Marcha para Jesus, o principal evento evang\u00e9lico da capital, marcado para amanh\u00e3. A marcha chega em 2012 a sua 20\u00aa edi\u00e7\u00e3o. Segundo a organiza\u00e7\u00e3o, em duas d\u00e9cadas, cerca"},"aioseo_meta_data":{"post_id":"20307","title":null,"description":null,"keywords":null,"keyphrases":null,"primary_term":null,"canonical_url":null,"og_title":null,"og_description":null,"og_object_type":"default","og_image_type":"default","og_image_url":null,"og_image_width":null,"og_image_height":null,"og_image_custom_url":null,"og_image_custom_fields":null,"og_video":null,"og_custom_url":null,"og_article_section":null,"og_article_tags":null,"twitter_use_og":false,"twitter_card":"default","twitter_image_type":"default","twitter_image_url":null,"twitter_image_custom_url":null,"twitter_image_custom_fields":null,"twitter_title":null,"twitter_description":null,"schema":{"blockGraphs":[],"customGraphs":[],"default":{"data":{"Article":[],"Course":[],"Dataset":[],"FAQPage":[],"Movie":[],"Person":[],"Product":[],"ProductReview":[],"Car":[],"Recipe":[],"Service":[],"SoftwareApplication":[],"WebPage":[]},"graphName":"Article","isEnabled":true},"graphs":[]},"schema_type":null,"schema_type_options":null,"pillar_content":false,"robots_default":true,"robots_noindex":false,"robots_noarchive":false,"robots_nosnippet":false,"robots_nofollow":false,"robots_noimageindex":false,"robots_noodp":false,"robots_notranslate":false,"robots_max_snippet":null,"robots_max_videopreview":null,"robots_max_imagepreview":"large","priority":null,"frequency":null,"local_seo":null,"limit_modified_date":false,"created":"2021-04-20 20:07:58","updated":"2026-08-06 17:21:46","focus_keyword":null,"additional_keywords":null,"truseo_locale":null,"ai":null,"breadcrumb_settings":null,"seo_analyzer_scan_date":null},"aioseo_breadcrumb":"<div class=\"aioseo-breadcrumbs\"><span class=\"aioseo-breadcrumb\">\n\t\t\t<a href=\"https:\/\/www.encontrasantana.com.br\/sobre\" title=\"In\u00edcio\">In\u00edcio<\/a>\n\t\t<\/span><span class=\"aioseo-breadcrumb-separator\">&raquo;<\/span><span class=\"aioseo-breadcrumb\">\n\t\t\t<a href=\"https:\/\/www.encontrasantana.com.br\/sobre\/noticias-em-santana\/\" title=\"Not\u00edcias Santana\">Not\u00edcias Santana<\/a>\n\t\t<\/span><span class=\"aioseo-breadcrumb-separator\">&raquo;<\/span><span class=\"aioseo-breadcrumb\">\n\t\t\tCET interdita hoje \u00e0 noite ruas de Santana para a Marcha para Jesus\n\t\t<\/span><\/div>","aioseo_breadcrumb_json":[{"label":"In\u00edcio","link":"https:\/\/www.encontrasantana.com.br\/sobre"},{"label":"Not\u00edcias Santana","link":"https:\/\/www.encontrasantana.com.br\/sobre\/noticias-em-santana\/"},{"label":"CET interdita hoje \u00e0 noite ruas de Santana para a Marcha para Jesus","link":"https:\/\/www.encontrasantana.com.br\/sobre\/cet-interdita-hoje-a-noite-ruas-de-santana-para-a-marcha-para-jesus\/"}],"_links":{"self":[{"href":"https:\/\/www.encontrasantana.com.br\/sobre\/wp-json\/wp\/v2\/posts\/20307","targetHints":{"allow":["GET"]}}],"collection":[{"href":"https:\/\/www.encontrasantana.com.br\/sobre\/wp-json\/wp\/v2\/posts"}],"about":[{"href":"https:\/\/www.encontrasantana.com.br\/sobre\/wp-json\/wp\/v2\/types\/post"}],"author":[{"embeddable":true,"href":"https:\/\/www.encontrasantana.com.br\/sobre\/wp-json\/wp\/v2\/users\/1"}],"replies":[{"embeddable":true,"href":"https:\/\/www.encontrasantana.com.br\/sobre\/wp-json\/wp\/v2\/comments?post=20307"}],"version-history":[{"count":0,"href":"https:\/\/www.encontrasantana.com.br\/sobre\/wp-json\/wp\/v2\/posts\/20307\/revisions"}],"wp:attachment":[{"href":"https:\/\/www.encontrasantana.com.br\/sobre\/wp-json\/wp\/v2\/media?parent=20307"}],"wp:term":[{"taxonomy":"category","embeddable":true,"href":"https:\/\/www.encontrasantana.com.br\/sobre\/wp-json\/wp\/v2\/categories?post=20307"},{"taxonomy":"post_tag","embeddable":true,"href":"https:\/\/www.encontrasantana.com.br\/sobre\/wp-json\/wp\/v2\/tags?post=20307"}],"curies":[{"name":"wp","href":"https:\/\/api.w.org\/{rel}","templated":true}]}}