{"id":20309,"date":"2012-07-13T17:03:48","date_gmt":"2012-07-13T20:03:48","guid":{"rendered":"http:\/\/www.encontrasantana.com.br\/blog\/?p=20309"},"modified":"2019-04-15T09:59:06","modified_gmt":"2019-04-15T12:59:06","slug":"santana-teatro-alfredo-mesquita-reabre-reformado-e-ampliado","status":"publish","type":"post","link":"https:\/\/www.encontrasantana.com.br\/sobre\/santana-teatro-alfredo-mesquita-reabre-reformado-e-ampliado\/","title":{"rendered":"Santana: Teatro Alfredo Mesquita reabre reformado e ampliado"},"content":{"rendered":"<div class=\"1acf8468e559fd3cbeec5aee3a269a52\" data-index=\"1\" style=\"float: none; margin:0px;\">\n<!-- Anuncio display - global -->\r\n<ins class=\"adsbygoogle\"\r\n     style=\"display:block\"\r\n     data-ad-client=\"ca-pub-8585364105181520\"\r\n     data-ad-slot=\"8789329856\"\r\n     data-ad-format=\"auto\"\r\n     data-full-width-responsive=\"true\"><\/ins>\r\n<script>\r\n     (adsbygoogle = window.adsbygoogle || []).push({});\r\n<\/script>\n<\/div>\n<p>A Prefeitura de S\u00e3o Paulo entregou nesta sexta-feira (13) o <a href=\"http:\/\/www.encontrasantana.com.br\/santana\/teatro-alfredo-mesquita-em-santana.shtml\" target=\"_blank\">Teatro Alfredo Mesquita<\/a>, em Santana, Zona Norte de SP. O local foi totalmente reconstru\u00eddo, com obras de reforma e amplia\u00e7\u00e3o, seguindo os padr\u00f5es adotados por toda a rede de teatro distrital. O investimento na obra, que leva o nome de um dos principais formadores do teatro brasileiro, foi de R$ 4,5 milh\u00f5es.<\/p>\n<p>As obras englobam a reforma total do piso da plateia, foyer, sala da administra\u00e7\u00e3o, bilheteria e sanit\u00e1rios p\u00fablicos. Foi implantada a estrutura met\u00e1lica da cobertura e dos mezaninos e outras obras: revestimento de massas nas paredes externas e internas; reforma do piso da plat\u00e9ia; instala\u00e7\u00e3o da rede de drenagem para capta\u00e7\u00e3o de \u00e1guas de chuva; reforma das instala\u00e7\u00f5es el\u00e9tricas e hidr\u00e1ulicas e dos dutos de ar condicionado; e coloca\u00e7\u00e3o dos batentes das portas. Al\u00e9m disso, um pr\u00e9dio foi constru\u00eddo anexo para abrigar dois camarins para os artistas, oficina c\u00eanica, dep\u00f3sito, sala de ensaios, sanit\u00e1rios, copa e \u00e1rea de servi\u00e7o. Na \u00e1rea de atendimento, para melhor acessibilidade, foram implantadas rampas, corrim\u00e3os, vagas de autom\u00f3veis para deficientes e assento para obesos.<\/p>\n<p>A edifica\u00e7\u00e3o recebeu isolamento ac\u00fastico em tetos e paredes, vestimenta c\u00eanica completa, estruturas met\u00e1licas das varandas de servi\u00e7o, aparelhos c\u00eanicos, refletores e pain\u00e9is de comando. Com a conclus\u00e3o da obra, o teatro passar\u00e1 de 400 m\u00b2 para 1.109,30 m\u00b2. A plateia tem capacidade para 198 lugares, incluindo assentos para pessoas com mobilidade reduzida, obesos, e lugares reservados para cadeirantes.<\/p>\n<p>O teatro tamb\u00e9m conta com sistema de isolamento ac\u00fastico da cobertura &#8211; que possui telha met\u00e1lica dupla, com preenchimento de l\u00e3 de fibra de vidro entre as telhas e camadas de isolamento sob a telha para elimina\u00e7\u00e3o de ru\u00eddos externos.\u00a0 A caixa c\u00eanica foi aumentada como forma de permitir a movimenta\u00e7\u00e3o vertical dos cen\u00e1rios e cabos laterais de comando das varas de ilumina\u00e7\u00e3o e cortinas. A obra compreendeu ainda o plantio de \u00e1rvores, conforme projeto de compensa\u00e7\u00e3o ambiental aprovado pela Secretaria do Verde e Meio Ambiente.<\/p>\n<p>O piso do palco foi substitu\u00eddo por assoalho de madeira de lei, j\u00e1 adequado para as novas dimens\u00f5es e para a intensa utiliza\u00e7\u00e3o. O hall principal recebeu revestimento de piso de granito de cor clara, e as \u00e1reas de servi\u00e7os e de apoio receberam revestimento em porcelanato. As instala\u00e7\u00f5es el\u00e9tricas e hidr\u00e1ulicas foram totalmente substitu\u00eddas, redimensionadas \u00e0s exig\u00eancias das instala\u00e7\u00f5es realizadas. Na \u00e1rea externa foi constru\u00edda uma torre com caixa d\u2019\u00e1gua com capacidade de 20 mil litros para abastecimento geral e reserva para caso de inc\u00eandio. A pavimenta\u00e7\u00e3o do entorno recebeu piso com blocos de concreto intertravado. O sistema de drenagem \u00e9 interligado aos po\u00e7os enterrados para reten\u00e7\u00e3o de \u00e1guas de chuva.<\/p>\n<p>Para marcar a reabertura do Teatro Alfredo Mesquita, foi programada a Mostra Daniel Maclvor, com espet\u00e1culos dirigidos por Enrique Diaz, um dos diretores mais talentosos do teatro contempor\u00e2neo, que tem Drica Moraes, Mariana Lima e Em\u00edlio de Mello em sua companhia. Na sequ\u00eancia, a casa apresenta a Mostra Nelson Rodrigues, no ano de seu centen\u00e1rio, com pe\u00e7as montadas por alguns de nossos melhores encenadores e companhias, como Marco Antonio Braz, Nelson Baskerville,\u00a0 Z\u00e9\u00a0 Henrique de Paula, o Grupo Gattu, e o oswaldiano Renato Borghi. O Bal\u00e9 da Cidade de S\u00e3o Paulo, com tr\u00eas coreografias, encerra a primeira temporada do novo Alfredo, em clima de Festival.<\/p>\n<p><em>Fonte: Prefeitura de S\u00e3o Paulo<\/em><\/p>\n\n<div style=\"font-size: 0px; height: 0px; line-height: 0px; margin: 0; padding: 0; clear: both;\"><\/div>","protected":false},"excerpt":{"rendered":"<p>A Prefeitura de S\u00e3o Paulo entregou nesta sexta-feira (13) o Teatro Alfredo Mesquita, em Santana, Zona Norte de SP. O local foi totalmente reconstru\u00eddo, com obras de reforma e amplia\u00e7\u00e3o, seguindo os padr\u00f5es adotados por toda a rede de teatro distrital. O investimento na obra, que leva o nome de um dos principais formadores do teatro brasileiro, foi de R$ 4,5 milh\u00f5es. As obras englobam a reforma total do piso da plateia, foyer, sala da administra\u00e7\u00e3o, bilheteria e sanit\u00e1rios p\u00fablicos. Foi implantada a estrutura met\u00e1lica da cobertura e dos mezaninos e outras obras: revestimento de massas nas paredes externas e <\/p>\n","protected":false},"author":1,"featured_media":0,"comment_status":"open","ping_status":"closed","sticky":false,"template":"","format":"standard","meta":{"footnotes":""},"categories":[3],"tags":[10],"class_list":["post-20309","post","type-post","status-publish","format-standard","hentry","category-noticias-em-santana","tag-santana"],"aioseo_notices":[],"aioseo_head":"\n\t\t<!-- All in One SEO 5.0.0.1 - aioseo.com -->\n\t<meta name=\"description\" content=\"A Prefeitura de S\u00e3o Paulo entregou nesta sexta-feira (13) o Teatro Alfredo Mesquita, em Santana, Zona Norte de SP. O local foi totalmente reconstru\u00eddo, com obras de reforma e amplia\u00e7\u00e3o, seguindo os padr\u00f5es adotados por toda a rede de teatro distrital. O investimento na obra, que leva o nome de um dos principais formadores do\" \/>\n\t<meta name=\"robots\" content=\"max-image-preview:large\" \/>\n\t<meta name=\"author\" content=\"Encontra Santana\"\/>\n\t<link rel=\"canonical\" href=\"https:\/\/www.encontrasantana.com.br\/sobre\/santana-teatro-alfredo-mesquita-reabre-reformado-e-ampliado\/\" \/>\n\t<meta name=\"generator\" content=\"All in One SEO (AIOSEO) 5.0.0.1\" \/>\n\t\t<meta property=\"og:locale\" content=\"pt_BR\" \/>\n\t\t<meta property=\"og:site_name\" content=\"Encontra Santana | Not\u00edcias, eventos, informa\u00e7\u00f5es e dicas no bairro de Santana e regi\u00e3o.\" \/>\n\t\t<meta property=\"og:type\" content=\"article\" \/>\n\t\t<meta property=\"og:title\" content=\"Santana: Teatro Alfredo Mesquita reabre reformado e ampliado \u00bb Encontra Santana\" \/>\n\t\t<meta property=\"og:description\" content=\"A Prefeitura de S\u00e3o Paulo entregou nesta sexta-feira (13) o Teatro Alfredo Mesquita, em Santana, Zona Norte de SP. O local foi totalmente reconstru\u00eddo, com obras de reforma e amplia\u00e7\u00e3o, seguindo os padr\u00f5es adotados por toda a rede de teatro distrital. O investimento na obra, que leva o nome de um dos principais formadores do\" \/>\n\t\t<meta property=\"og:url\" content=\"https:\/\/www.encontrasantana.com.br\/sobre\/santana-teatro-alfredo-mesquita-reabre-reformado-e-ampliado\/\" \/>\n\t\t<meta property=\"article:published_time\" content=\"2012-07-13T20:03:48+00:00\" \/>\n\t\t<meta property=\"article:modified_time\" content=\"2019-04-15T12:59:06+00:00\" \/>\n\t\t<meta name=\"twitter:card\" content=\"summary\" \/>\n\t\t<meta name=\"twitter:title\" content=\"Santana: Teatro Alfredo Mesquita reabre reformado e ampliado \u00bb Encontra Santana\" \/>\n\t\t<meta name=\"twitter:description\" content=\"A Prefeitura de S\u00e3o Paulo entregou nesta sexta-feira (13) o Teatro Alfredo Mesquita, em Santana, Zona Norte de SP. O local foi totalmente reconstru\u00eddo, com obras de reforma e amplia\u00e7\u00e3o, seguindo os padr\u00f5es adotados por toda a rede de teatro distrital. O investimento na obra, que leva o nome de um dos principais formadores do\" \/>\n\t\t<script type=\"application\/ld+json\" class=\"aioseo-schema\">\n\t\t\t{\"@context\":\"https:\\\/\\\/schema.org\",\"@graph\":[{\"@type\":\"Article\",\"@id\":\"https:\\\/\\\/www.encontrasantana.com.br\\\/sobre\\\/santana-teatro-alfredo-mesquita-reabre-reformado-e-ampliado\\\/#article\",\"name\":\"Santana: Teatro Alfredo Mesquita reabre reformado e ampliado \\u00bb Encontra Santana\",\"headline\":\"Santana: Teatro Alfredo Mesquita reabre reformado e ampliado\",\"author\":{\"@id\":\"https:\\\/\\\/www.encontrasantana.com.br\\\/sobre\\\/author\\\/esantana\\\/#author\"},\"publisher\":{\"@id\":\"https:\\\/\\\/www.encontrasantana.com.br\\\/sobre\\\/#organization\"},\"datePublished\":\"2012-07-13T17:03:48-03:00\",\"dateModified\":\"2019-04-15T09:59:06-03:00\",\"inLanguage\":\"pt-BR\",\"mainEntityOfPage\":{\"@id\":\"https:\\\/\\\/www.encontrasantana.com.br\\\/sobre\\\/santana-teatro-alfredo-mesquita-reabre-reformado-e-ampliado\\\/#webpage\"},\"isPartOf\":{\"@id\":\"https:\\\/\\\/www.encontrasantana.com.br\\\/sobre\\\/santana-teatro-alfredo-mesquita-reabre-reformado-e-ampliado\\\/#webpage\"},\"articleSection\":\"Not\\u00edcias Santana, Santana\"},{\"@type\":\"BreadcrumbList\",\"@id\":\"https:\\\/\\\/www.encontrasantana.com.br\\\/sobre\\\/santana-teatro-alfredo-mesquita-reabre-reformado-e-ampliado\\\/#breadcrumblist\",\"itemListElement\":[{\"@type\":\"ListItem\",\"@id\":\"https:\\\/\\\/www.encontrasantana.com.br\\\/sobre#listItem\",\"position\":1,\"name\":\"In\\u00edcio\",\"item\":\"https:\\\/\\\/www.encontrasantana.com.br\\\/sobre\",\"nextItem\":{\"@type\":\"ListItem\",\"@id\":\"https:\\\/\\\/www.encontrasantana.com.br\\\/sobre\\\/noticias-em-santana\\\/#listItem\",\"name\":\"Not\\u00edcias Santana\"}},{\"@type\":\"ListItem\",\"@id\":\"https:\\\/\\\/www.encontrasantana.com.br\\\/sobre\\\/noticias-em-santana\\\/#listItem\",\"position\":2,\"name\":\"Not\\u00edcias Santana\",\"item\":\"https:\\\/\\\/www.encontrasantana.com.br\\\/sobre\\\/noticias-em-santana\\\/\",\"nextItem\":{\"@type\":\"ListItem\",\"@id\":\"https:\\\/\\\/www.encontrasantana.com.br\\\/sobre\\\/santana-teatro-alfredo-mesquita-reabre-reformado-e-ampliado\\\/#listItem\",\"name\":\"Santana: Teatro Alfredo Mesquita reabre reformado e ampliado\"},\"previousItem\":{\"@type\":\"ListItem\",\"@id\":\"https:\\\/\\\/www.encontrasantana.com.br\\\/sobre#listItem\",\"name\":\"In\\u00edcio\"}},{\"@type\":\"ListItem\",\"@id\":\"https:\\\/\\\/www.encontrasantana.com.br\\\/sobre\\\/santana-teatro-alfredo-mesquita-reabre-reformado-e-ampliado\\\/#listItem\",\"position\":3,\"name\":\"Santana: Teatro Alfredo Mesquita reabre reformado e ampliado\",\"previousItem\":{\"@type\":\"ListItem\",\"@id\":\"https:\\\/\\\/www.encontrasantana.com.br\\\/sobre\\\/noticias-em-santana\\\/#listItem\",\"name\":\"Not\\u00edcias Santana\"}}]},{\"@type\":\"Organization\",\"@id\":\"https:\\\/\\\/www.encontrasantana.com.br\\\/sobre\\\/#organization\",\"name\":\"Encontra Santana\",\"description\":\"Not\\u00edcias, eventos, informa\\u00e7\\u00f5es e dicas no bairro de Santana e regi\\u00e3o.\",\"url\":\"https:\\\/\\\/www.encontrasantana.com.br\\\/sobre\\\/\"},{\"@type\":\"Person\",\"@id\":\"https:\\\/\\\/www.encontrasantana.com.br\\\/sobre\\\/author\\\/esantana\\\/#author\",\"url\":\"https:\\\/\\\/www.encontrasantana.com.br\\\/sobre\\\/author\\\/esantana\\\/\",\"name\":\"Encontra Santana\",\"image\":{\"@type\":\"ImageObject\",\"@id\":\"https:\\\/\\\/www.encontrasantana.com.br\\\/sobre\\\/santana-teatro-alfredo-mesquita-reabre-reformado-e-ampliado\\\/#authorImage\",\"url\":\"https:\\\/\\\/secure.gravatar.com\\\/avatar\\\/0fbed662e37531ae23e68f85f9517b2454e50c1dfebf80eb9b721449ac95e0b9?s=96&d=mm&r=g\",\"width\":96,\"height\":96,\"caption\":\"Encontra Santana\"}},{\"@type\":\"WebPage\",\"@id\":\"https:\\\/\\\/www.encontrasantana.com.br\\\/sobre\\\/santana-teatro-alfredo-mesquita-reabre-reformado-e-ampliado\\\/#webpage\",\"url\":\"https:\\\/\\\/www.encontrasantana.com.br\\\/sobre\\\/santana-teatro-alfredo-mesquita-reabre-reformado-e-ampliado\\\/\",\"name\":\"Santana: Teatro Alfredo Mesquita reabre reformado e ampliado \\u00bb Encontra Santana\",\"description\":\"A Prefeitura de S\\u00e3o Paulo entregou nesta sexta-feira (13) o Teatro Alfredo Mesquita, em Santana, Zona Norte de SP. O local foi totalmente reconstru\\u00eddo, com obras de reforma e amplia\\u00e7\\u00e3o, seguindo os padr\\u00f5es adotados por toda a rede de teatro distrital. O investimento na obra, que leva o nome de um dos principais formadores do\",\"inLanguage\":\"pt-BR\",\"isPartOf\":{\"@id\":\"https:\\\/\\\/www.encontrasantana.com.br\\\/sobre\\\/#website\"},\"breadcrumb\":{\"@id\":\"https:\\\/\\\/www.encontrasantana.com.br\\\/sobre\\\/santana-teatro-alfredo-mesquita-reabre-reformado-e-ampliado\\\/#breadcrumblist\"},\"author\":{\"@id\":\"https:\\\/\\\/www.encontrasantana.com.br\\\/sobre\\\/author\\\/esantana\\\/#author\"},\"creator\":{\"@id\":\"https:\\\/\\\/www.encontrasantana.com.br\\\/sobre\\\/author\\\/esantana\\\/#author\"},\"datePublished\":\"2012-07-13T17:03:48-03:00\",\"dateModified\":\"2019-04-15T09:59:06-03:00\"},{\"@type\":\"WebSite\",\"@id\":\"https:\\\/\\\/www.encontrasantana.com.br\\\/sobre\\\/#website\",\"url\":\"https:\\\/\\\/www.encontrasantana.com.br\\\/sobre\\\/\",\"name\":\"Encontra Santana\",\"description\":\"Not\\u00edcias, eventos, informa\\u00e7\\u00f5es e dicas no bairro de Santana e regi\\u00e3o.\",\"inLanguage\":\"pt-BR\",\"publisher\":{\"@id\":\"https:\\\/\\\/www.encontrasantana.com.br\\\/sobre\\\/#organization\"}}]}\n\t\t<\/script>\n\t\t<!-- All in One SEO -->\n\n","aioseo_head_json":{"title":"Santana: Teatro Alfredo Mesquita reabre reformado e ampliado \u00bb Encontra Santana","description":"A Prefeitura de S\u00e3o Paulo entregou nesta sexta-feira (13) o Teatro Alfredo Mesquita, em Santana, Zona Norte de SP. O local foi totalmente reconstru\u00eddo, com obras de reforma e amplia\u00e7\u00e3o, seguindo os padr\u00f5es adotados por toda a rede de teatro distrital. O investimento na obra, que leva o nome de um dos principais formadores do","canonical_url":"https:\/\/www.encontrasantana.com.br\/sobre\/santana-teatro-alfredo-mesquita-reabre-reformado-e-ampliado\/","robots":"max-image-preview:large","keywords":"","webmasterTools":{"miscellaneous":""},"schema":{"@context":"https:\/\/schema.org","@graph":[{"@type":"Article","@id":"https:\/\/www.encontrasantana.com.br\/sobre\/santana-teatro-alfredo-mesquita-reabre-reformado-e-ampliado\/#article","name":"Santana: Teatro Alfredo Mesquita reabre reformado e ampliado \u00bb Encontra Santana","headline":"Santana: Teatro Alfredo Mesquita reabre reformado e ampliado","author":{"@id":"https:\/\/www.encontrasantana.com.br\/sobre\/author\/esantana\/#author"},"publisher":{"@id":"https:\/\/www.encontrasantana.com.br\/sobre\/#organization"},"datePublished":"2012-07-13T17:03:48-03:00","dateModified":"2019-04-15T09:59:06-03:00","inLanguage":"pt-BR","mainEntityOfPage":{"@id":"https:\/\/www.encontrasantana.com.br\/sobre\/santana-teatro-alfredo-mesquita-reabre-reformado-e-ampliado\/#webpage"},"isPartOf":{"@id":"https:\/\/www.encontrasantana.com.br\/sobre\/santana-teatro-alfredo-mesquita-reabre-reformado-e-ampliado\/#webpage"},"articleSection":"Not\u00edcias Santana, Santana"},{"@type":"BreadcrumbList","@id":"https:\/\/www.encontrasantana.com.br\/sobre\/santana-teatro-alfredo-mesquita-reabre-reformado-e-ampliado\/#breadcrumblist","itemListElement":[{"@type":"ListItem","@id":"https:\/\/www.encontrasantana.com.br\/sobre#listItem","position":1,"name":"In\u00edcio","item":"https:\/\/www.encontrasantana.com.br\/sobre","nextItem":{"@type":"ListItem","@id":"https:\/\/www.encontrasantana.com.br\/sobre\/noticias-em-santana\/#listItem","name":"Not\u00edcias Santana"}},{"@type":"ListItem","@id":"https:\/\/www.encontrasantana.com.br\/sobre\/noticias-em-santana\/#listItem","position":2,"name":"Not\u00edcias Santana","item":"https:\/\/www.encontrasantana.com.br\/sobre\/noticias-em-santana\/","nextItem":{"@type":"ListItem","@id":"https:\/\/www.encontrasantana.com.br\/sobre\/santana-teatro-alfredo-mesquita-reabre-reformado-e-ampliado\/#listItem","name":"Santana: Teatro Alfredo Mesquita reabre reformado e ampliado"},"previousItem":{"@type":"ListItem","@id":"https:\/\/www.encontrasantana.com.br\/sobre#listItem","name":"In\u00edcio"}},{"@type":"ListItem","@id":"https:\/\/www.encontrasantana.com.br\/sobre\/santana-teatro-alfredo-mesquita-reabre-reformado-e-ampliado\/#listItem","position":3,"name":"Santana: Teatro Alfredo Mesquita reabre reformado e ampliado","previousItem":{"@type":"ListItem","@id":"https:\/\/www.encontrasantana.com.br\/sobre\/noticias-em-santana\/#listItem","name":"Not\u00edcias Santana"}}]},{"@type":"Organization","@id":"https:\/\/www.encontrasantana.com.br\/sobre\/#organization","name":"Encontra Santana","description":"Not\u00edcias, eventos, informa\u00e7\u00f5es e dicas no bairro de Santana e regi\u00e3o.","url":"https:\/\/www.encontrasantana.com.br\/sobre\/"},{"@type":"Person","@id":"https:\/\/www.encontrasantana.com.br\/sobre\/author\/esantana\/#author","url":"https:\/\/www.encontrasantana.com.br\/sobre\/author\/esantana\/","name":"Encontra Santana","image":{"@type":"ImageObject","@id":"https:\/\/www.encontrasantana.com.br\/sobre\/santana-teatro-alfredo-mesquita-reabre-reformado-e-ampliado\/#authorImage","url":"https:\/\/secure.gravatar.com\/avatar\/0fbed662e37531ae23e68f85f9517b2454e50c1dfebf80eb9b721449ac95e0b9?s=96&d=mm&r=g","width":96,"height":96,"caption":"Encontra Santana"}},{"@type":"WebPage","@id":"https:\/\/www.encontrasantana.com.br\/sobre\/santana-teatro-alfredo-mesquita-reabre-reformado-e-ampliado\/#webpage","url":"https:\/\/www.encontrasantana.com.br\/sobre\/santana-teatro-alfredo-mesquita-reabre-reformado-e-ampliado\/","name":"Santana: Teatro Alfredo Mesquita reabre reformado e ampliado \u00bb Encontra Santana","description":"A Prefeitura de S\u00e3o Paulo entregou nesta sexta-feira (13) o Teatro Alfredo Mesquita, em Santana, Zona Norte de SP. O local foi totalmente reconstru\u00eddo, com obras de reforma e amplia\u00e7\u00e3o, seguindo os padr\u00f5es adotados por toda a rede de teatro distrital. O investimento na obra, que leva o nome de um dos principais formadores do","inLanguage":"pt-BR","isPartOf":{"@id":"https:\/\/www.encontrasantana.com.br\/sobre\/#website"},"breadcrumb":{"@id":"https:\/\/www.encontrasantana.com.br\/sobre\/santana-teatro-alfredo-mesquita-reabre-reformado-e-ampliado\/#breadcrumblist"},"author":{"@id":"https:\/\/www.encontrasantana.com.br\/sobre\/author\/esantana\/#author"},"creator":{"@id":"https:\/\/www.encontrasantana.com.br\/sobre\/author\/esantana\/#author"},"datePublished":"2012-07-13T17:03:48-03:00","dateModified":"2019-04-15T09:59:06-03:00"},{"@type":"WebSite","@id":"https:\/\/www.encontrasantana.com.br\/sobre\/#website","url":"https:\/\/www.encontrasantana.com.br\/sobre\/","name":"Encontra Santana","description":"Not\u00edcias, eventos, informa\u00e7\u00f5es e dicas no bairro de Santana e regi\u00e3o.","inLanguage":"pt-BR","publisher":{"@id":"https:\/\/www.encontrasantana.com.br\/sobre\/#organization"}}]},"og:locale":"pt_BR","og:site_name":"Encontra Santana | Not\u00edcias, eventos, informa\u00e7\u00f5es e dicas no bairro de Santana e regi\u00e3o.","og:type":"article","og:title":"Santana: Teatro Alfredo Mesquita reabre reformado e ampliado \u00bb Encontra Santana","og:description":"A Prefeitura de S\u00e3o Paulo entregou nesta sexta-feira (13) o Teatro Alfredo Mesquita, em Santana, Zona Norte de SP. O local foi totalmente reconstru\u00eddo, com obras de reforma e amplia\u00e7\u00e3o, seguindo os padr\u00f5es adotados por toda a rede de teatro distrital. O investimento na obra, que leva o nome de um dos principais formadores do","og:url":"https:\/\/www.encontrasantana.com.br\/sobre\/santana-teatro-alfredo-mesquita-reabre-reformado-e-ampliado\/","article:published_time":"2012-07-13T20:03:48+00:00","article:modified_time":"2019-04-15T12:59:06+00:00","twitter:card":"summary","twitter:title":"Santana: Teatro Alfredo Mesquita reabre reformado e ampliado \u00bb Encontra Santana","twitter:description":"A Prefeitura de S\u00e3o Paulo entregou nesta sexta-feira (13) o Teatro Alfredo Mesquita, em Santana, Zona Norte de SP. O local foi totalmente reconstru\u00eddo, com obras de reforma e amplia\u00e7\u00e3o, seguindo os padr\u00f5es adotados por toda a rede de teatro distrital. O investimento na obra, que leva o nome de um dos principais formadores do"},"aioseo_meta_data":{"post_id":"20309","title":null,"description":null,"keywords":null,"keyphrases":null,"primary_term":null,"canonical_url":null,"og_title":null,"og_description":null,"og_object_type":"default","og_image_type":"default","og_image_url":null,"og_image_width":null,"og_image_height":null,"og_image_custom_url":null,"og_image_custom_fields":null,"og_video":null,"og_custom_url":null,"og_article_section":null,"og_article_tags":null,"twitter_use_og":false,"twitter_card":"default","twitter_image_type":"default","twitter_image_url":null,"twitter_image_custom_url":null,"twitter_image_custom_fields":null,"twitter_title":null,"twitter_description":null,"schema":{"blockGraphs":[],"customGraphs":[],"default":{"data":{"Article":[],"Course":[],"Dataset":[],"FAQPage":[],"Movie":[],"Person":[],"Product":[],"ProductReview":[],"Car":[],"Recipe":[],"Service":[],"SoftwareApplication":[],"WebPage":[]},"graphName":"Article","isEnabled":true},"graphs":[]},"schema_type":null,"schema_type_options":null,"pillar_content":false,"robots_default":true,"robots_noindex":false,"robots_noarchive":false,"robots_nosnippet":false,"robots_nofollow":false,"robots_noimageindex":false,"robots_noodp":false,"robots_notranslate":false,"robots_max_snippet":null,"robots_max_videopreview":null,"robots_max_imagepreview":"large","priority":null,"frequency":null,"local_seo":null,"limit_modified_date":false,"created":"2021-04-20 20:07:58","updated":"2026-08-06 17:32:29","focus_keyword":null,"additional_keywords":null,"truseo_locale":null,"ai":null,"breadcrumb_settings":null,"seo_analyzer_scan_date":null},"aioseo_breadcrumb":"<div class=\"aioseo-breadcrumbs\"><span class=\"aioseo-breadcrumb\">\n\t\t\t<a href=\"https:\/\/www.encontrasantana.com.br\/sobre\" title=\"In\u00edcio\">In\u00edcio<\/a>\n\t\t<\/span><span class=\"aioseo-breadcrumb-separator\">&raquo;<\/span><span class=\"aioseo-breadcrumb\">\n\t\t\t<a href=\"https:\/\/www.encontrasantana.com.br\/sobre\/noticias-em-santana\/\" title=\"Not\u00edcias Santana\">Not\u00edcias Santana<\/a>\n\t\t<\/span><span class=\"aioseo-breadcrumb-separator\">&raquo;<\/span><span class=\"aioseo-breadcrumb\">\n\t\t\tSantana: Teatro Alfredo Mesquita reabre reformado e ampliado\n\t\t<\/span><\/div>","aioseo_breadcrumb_json":[{"label":"In\u00edcio","link":"https:\/\/www.encontrasantana.com.br\/sobre"},{"label":"Not\u00edcias Santana","link":"https:\/\/www.encontrasantana.com.br\/sobre\/noticias-em-santana\/"},{"label":"Santana: Teatro Alfredo Mesquita reabre reformado e ampliado","link":"https:\/\/www.encontrasantana.com.br\/sobre\/santana-teatro-alfredo-mesquita-reabre-reformado-e-ampliado\/"}],"_links":{"self":[{"href":"https:\/\/www.encontrasantana.com.br\/sobre\/wp-json\/wp\/v2\/posts\/20309","targetHints":{"allow":["GET"]}}],"collection":[{"href":"https:\/\/www.encontrasantana.com.br\/sobre\/wp-json\/wp\/v2\/posts"}],"about":[{"href":"https:\/\/www.encontrasantana.com.br\/sobre\/wp-json\/wp\/v2\/types\/post"}],"author":[{"embeddable":true,"href":"https:\/\/www.encontrasantana.com.br\/sobre\/wp-json\/wp\/v2\/users\/1"}],"replies":[{"embeddable":true,"href":"https:\/\/www.encontrasantana.com.br\/sobre\/wp-json\/wp\/v2\/comments?post=20309"}],"version-history":[{"count":0,"href":"https:\/\/www.encontrasantana.com.br\/sobre\/wp-json\/wp\/v2\/posts\/20309\/revisions"}],"wp:attachment":[{"href":"https:\/\/www.encontrasantana.com.br\/sobre\/wp-json\/wp\/v2\/media?parent=20309"}],"wp:term":[{"taxonomy":"category","embeddable":true,"href":"https:\/\/www.encontrasantana.com.br\/sobre\/wp-json\/wp\/v2\/categories?post=20309"},{"taxonomy":"post_tag","embeddable":true,"href":"https:\/\/www.encontrasantana.com.br\/sobre\/wp-json\/wp\/v2\/tags?post=20309"}],"curies":[{"name":"wp","href":"https:\/\/api.w.org\/{rel}","templated":true}]}}