{"id":20438,"date":"2012-07-16T18:19:49","date_gmt":"2012-07-16T21:19:49","guid":{"rendered":"http:\/\/www.encontrasantana.com.br\/blog\/?p=20438"},"modified":"2019-04-15T09:59:06","modified_gmt":"2019-04-15T12:59:06","slug":"segundo-datafolha-marcha-evangelica-reuniu-335-mil-em-santana","status":"publish","type":"post","link":"https:\/\/www.encontrasantana.com.br\/sobre\/segundo-datafolha-marcha-evangelica-reuniu-335-mil-em-santana\/","title":{"rendered":"Segundo Datafolha, Marcha evang\u00e9lica reuniu 335 mil em Santana"},"content":{"rendered":"<div class=\"1acf8468e559fd3cbeec5aee3a269a52\" data-index=\"1\" style=\"float: none; margin:0px;\">\n<!-- Anuncio display - global -->\r\n<ins class=\"adsbygoogle\"\r\n     style=\"display:block\"\r\n     data-ad-client=\"ca-pub-8585364105181520\"\r\n     data-ad-slot=\"8789329856\"\r\n     data-ad-format=\"auto\"\r\n     data-full-width-responsive=\"true\"><\/ins>\r\n<script>\r\n     (adsbygoogle = window.adsbygoogle || []).push({});\r\n<\/script>\n<\/div>\n<p>A 20\u00aa edi\u00e7\u00e3o da Marcha para Jesus, um dos principais eventos de rua na cidade de S\u00e3o Paulo, reuniu anteontem 335 mil pessoas ao longo do dia, segundo o Datafolha.<\/p>\n<p>Desse total, 28 mil participaram de todas as atividades da marcha &#8211;come\u00e7ando com a caminhada que partiu \u00e0s 10h perto da esta\u00e7\u00e3o da Luz (centro) e foi at\u00e9 a pra\u00e7a Her\u00f3is da FEB (zona norte de SP), onde houve shows de m\u00fasica gospel num palco at\u00e9 as 22h.<\/p>\n<p>Foi a primeira vez na hist\u00f3ria que essa manifesta\u00e7\u00e3o teve uma medi\u00e7\u00e3o de p\u00fablico com car\u00e1ter cient\u00edfico.<\/p>\n<p>O c\u00e1lculo mostra que a quantidade de participantes ficou muito aqu\u00e9m do anunciado pelo l\u00edder da marcha, Estevam Hernandes, da Igreja Renascer em Cristo.<\/p>\n<p>Ele afirmou que o p\u00fablico havia sido acima da edi\u00e7\u00e3o de 2011, quando os organizadores estimaram 5 milh\u00f5es de presentes. A PM falava em mais de 1 milh\u00e3o de pessoas.<\/p>\n<p>O c\u00e1lculo do instituto foi feito por 71 pesquisadores ao longo dos 2,85 km de percurso. O pico da marcha foi \u00e0s 13h &#8211;quando ela chegou a concentrar 217 mil pessoas.<\/p>\n<p>Por meio de sua assessoria, Hernandes disse ontem que &#8220;respeita o trabalho do Datafolha&#8221;, mas que &#8220;acredita que havia mais&#8221; gente na marcha do que o calculado.<\/p>\n<p><em>Fonte: Folha.com<\/em><\/p>\n\n<div style=\"font-size: 0px; height: 0px; line-height: 0px; margin: 0; padding: 0; clear: both;\"><\/div>","protected":false},"excerpt":{"rendered":"<p>A 20\u00aa edi\u00e7\u00e3o da Marcha para Jesus, um dos principais eventos de rua na cidade de S\u00e3o Paulo, reuniu anteontem 335 mil pessoas ao longo do dia, segundo o Datafolha. Desse total, 28 mil participaram de todas as atividades da marcha &#8211;come\u00e7ando com a caminhada que partiu \u00e0s 10h perto da esta\u00e7\u00e3o da Luz (centro) e foi at\u00e9 a pra\u00e7a Her\u00f3is da FEB (zona norte de SP), onde houve shows de m\u00fasica gospel num palco at\u00e9 as 22h. Foi a primeira vez na hist\u00f3ria que essa manifesta\u00e7\u00e3o teve uma medi\u00e7\u00e3o de p\u00fablico com car\u00e1ter cient\u00edfico. O c\u00e1lculo mostra que a <\/p>\n","protected":false},"author":1,"featured_media":0,"comment_status":"open","ping_status":"closed","sticky":false,"template":"","format":"standard","meta":{"footnotes":""},"categories":[3],"tags":[10],"class_list":["post-20438","post","type-post","status-publish","format-standard","hentry","category-noticias-em-santana","tag-santana"],"aioseo_notices":[],"aioseo_head":"\n\t\t<!-- All in One SEO 5.0.0.1 - aioseo.com -->\n\t<meta name=\"description\" content=\"A 20\u00aa edi\u00e7\u00e3o da Marcha para Jesus, um dos principais eventos de rua na cidade de S\u00e3o Paulo, reuniu anteontem 335 mil pessoas ao longo do dia, segundo o Datafolha. Desse total, 28 mil participaram de todas as atividades da marcha --come\u00e7ando com a caminhada que partiu \u00e0s 10h perto da esta\u00e7\u00e3o da Luz (centro)\" \/>\n\t<meta name=\"robots\" content=\"max-image-preview:large\" \/>\n\t<meta name=\"author\" content=\"Encontra Santana\"\/>\n\t<link rel=\"canonical\" href=\"https:\/\/www.encontrasantana.com.br\/sobre\/segundo-datafolha-marcha-evangelica-reuniu-335-mil-em-santana\/\" \/>\n\t<meta name=\"generator\" content=\"All in One SEO (AIOSEO) 5.0.0.1\" \/>\n\t\t<meta property=\"og:locale\" content=\"pt_BR\" \/>\n\t\t<meta property=\"og:site_name\" content=\"Encontra Santana | Not\u00edcias, eventos, informa\u00e7\u00f5es e dicas no bairro de Santana e regi\u00e3o.\" \/>\n\t\t<meta property=\"og:type\" content=\"article\" \/>\n\t\t<meta property=\"og:title\" content=\"Segundo Datafolha, Marcha evang\u00e9lica reuniu 335 mil em Santana \u00bb Encontra Santana\" \/>\n\t\t<meta property=\"og:description\" content=\"A 20\u00aa edi\u00e7\u00e3o da Marcha para Jesus, um dos principais eventos de rua na cidade de S\u00e3o Paulo, reuniu anteontem 335 mil pessoas ao longo do dia, segundo o Datafolha. Desse total, 28 mil participaram de todas as atividades da marcha --come\u00e7ando com a caminhada que partiu \u00e0s 10h perto da esta\u00e7\u00e3o da Luz (centro)\" \/>\n\t\t<meta property=\"og:url\" content=\"https:\/\/www.encontrasantana.com.br\/sobre\/segundo-datafolha-marcha-evangelica-reuniu-335-mil-em-santana\/\" \/>\n\t\t<meta property=\"article:published_time\" content=\"2012-07-16T21:19:49+00:00\" \/>\n\t\t<meta property=\"article:modified_time\" content=\"2019-04-15T12:59:06+00:00\" \/>\n\t\t<meta name=\"twitter:card\" content=\"summary\" \/>\n\t\t<meta name=\"twitter:title\" content=\"Segundo Datafolha, Marcha evang\u00e9lica reuniu 335 mil em Santana \u00bb Encontra Santana\" \/>\n\t\t<meta name=\"twitter:description\" content=\"A 20\u00aa edi\u00e7\u00e3o da Marcha para Jesus, um dos principais eventos de rua na cidade de S\u00e3o Paulo, reuniu anteontem 335 mil pessoas ao longo do dia, segundo o Datafolha. Desse total, 28 mil participaram de todas as atividades da marcha --come\u00e7ando com a caminhada que partiu \u00e0s 10h perto da esta\u00e7\u00e3o da Luz (centro)\" \/>\n\t\t<script type=\"application\/ld+json\" class=\"aioseo-schema\">\n\t\t\t{\"@context\":\"https:\\\/\\\/schema.org\",\"@graph\":[{\"@type\":\"Article\",\"@id\":\"https:\\\/\\\/www.encontrasantana.com.br\\\/sobre\\\/segundo-datafolha-marcha-evangelica-reuniu-335-mil-em-santana\\\/#article\",\"name\":\"Segundo Datafolha, Marcha evang\\u00e9lica reuniu 335 mil em Santana \\u00bb Encontra Santana\",\"headline\":\"Segundo Datafolha, Marcha evang\\u00e9lica reuniu 335 mil em Santana\",\"author\":{\"@id\":\"https:\\\/\\\/www.encontrasantana.com.br\\\/sobre\\\/author\\\/esantana\\\/#author\"},\"publisher\":{\"@id\":\"https:\\\/\\\/www.encontrasantana.com.br\\\/sobre\\\/#organization\"},\"datePublished\":\"2012-07-16T18:19:49-03:00\",\"dateModified\":\"2019-04-15T09:59:06-03:00\",\"inLanguage\":\"pt-BR\",\"mainEntityOfPage\":{\"@id\":\"https:\\\/\\\/www.encontrasantana.com.br\\\/sobre\\\/segundo-datafolha-marcha-evangelica-reuniu-335-mil-em-santana\\\/#webpage\"},\"isPartOf\":{\"@id\":\"https:\\\/\\\/www.encontrasantana.com.br\\\/sobre\\\/segundo-datafolha-marcha-evangelica-reuniu-335-mil-em-santana\\\/#webpage\"},\"articleSection\":\"Not\\u00edcias Santana, Santana\"},{\"@type\":\"BreadcrumbList\",\"@id\":\"https:\\\/\\\/www.encontrasantana.com.br\\\/sobre\\\/segundo-datafolha-marcha-evangelica-reuniu-335-mil-em-santana\\\/#breadcrumblist\",\"itemListElement\":[{\"@type\":\"ListItem\",\"@id\":\"https:\\\/\\\/www.encontrasantana.com.br\\\/sobre#listItem\",\"position\":1,\"name\":\"In\\u00edcio\",\"item\":\"https:\\\/\\\/www.encontrasantana.com.br\\\/sobre\",\"nextItem\":{\"@type\":\"ListItem\",\"@id\":\"https:\\\/\\\/www.encontrasantana.com.br\\\/sobre\\\/noticias-em-santana\\\/#listItem\",\"name\":\"Not\\u00edcias Santana\"}},{\"@type\":\"ListItem\",\"@id\":\"https:\\\/\\\/www.encontrasantana.com.br\\\/sobre\\\/noticias-em-santana\\\/#listItem\",\"position\":2,\"name\":\"Not\\u00edcias Santana\",\"item\":\"https:\\\/\\\/www.encontrasantana.com.br\\\/sobre\\\/noticias-em-santana\\\/\",\"nextItem\":{\"@type\":\"ListItem\",\"@id\":\"https:\\\/\\\/www.encontrasantana.com.br\\\/sobre\\\/segundo-datafolha-marcha-evangelica-reuniu-335-mil-em-santana\\\/#listItem\",\"name\":\"Segundo Datafolha, Marcha evang\\u00e9lica reuniu 335 mil em Santana\"},\"previousItem\":{\"@type\":\"ListItem\",\"@id\":\"https:\\\/\\\/www.encontrasantana.com.br\\\/sobre#listItem\",\"name\":\"In\\u00edcio\"}},{\"@type\":\"ListItem\",\"@id\":\"https:\\\/\\\/www.encontrasantana.com.br\\\/sobre\\\/segundo-datafolha-marcha-evangelica-reuniu-335-mil-em-santana\\\/#listItem\",\"position\":3,\"name\":\"Segundo Datafolha, Marcha evang\\u00e9lica reuniu 335 mil em Santana\",\"previousItem\":{\"@type\":\"ListItem\",\"@id\":\"https:\\\/\\\/www.encontrasantana.com.br\\\/sobre\\\/noticias-em-santana\\\/#listItem\",\"name\":\"Not\\u00edcias Santana\"}}]},{\"@type\":\"Organization\",\"@id\":\"https:\\\/\\\/www.encontrasantana.com.br\\\/sobre\\\/#organization\",\"name\":\"Encontra Santana\",\"description\":\"Not\\u00edcias, eventos, informa\\u00e7\\u00f5es e dicas no bairro de Santana e regi\\u00e3o.\",\"url\":\"https:\\\/\\\/www.encontrasantana.com.br\\\/sobre\\\/\"},{\"@type\":\"Person\",\"@id\":\"https:\\\/\\\/www.encontrasantana.com.br\\\/sobre\\\/author\\\/esantana\\\/#author\",\"url\":\"https:\\\/\\\/www.encontrasantana.com.br\\\/sobre\\\/author\\\/esantana\\\/\",\"name\":\"Encontra Santana\",\"image\":{\"@type\":\"ImageObject\",\"@id\":\"https:\\\/\\\/www.encontrasantana.com.br\\\/sobre\\\/segundo-datafolha-marcha-evangelica-reuniu-335-mil-em-santana\\\/#authorImage\",\"url\":\"https:\\\/\\\/secure.gravatar.com\\\/avatar\\\/0fbed662e37531ae23e68f85f9517b2454e50c1dfebf80eb9b721449ac95e0b9?s=96&d=mm&r=g\",\"width\":96,\"height\":96,\"caption\":\"Encontra Santana\"}},{\"@type\":\"WebPage\",\"@id\":\"https:\\\/\\\/www.encontrasantana.com.br\\\/sobre\\\/segundo-datafolha-marcha-evangelica-reuniu-335-mil-em-santana\\\/#webpage\",\"url\":\"https:\\\/\\\/www.encontrasantana.com.br\\\/sobre\\\/segundo-datafolha-marcha-evangelica-reuniu-335-mil-em-santana\\\/\",\"name\":\"Segundo Datafolha, Marcha evang\\u00e9lica reuniu 335 mil em Santana \\u00bb Encontra Santana\",\"description\":\"A 20\\u00aa edi\\u00e7\\u00e3o da Marcha para Jesus, um dos principais eventos de rua na cidade de S\\u00e3o Paulo, reuniu anteontem 335 mil pessoas ao longo do dia, segundo o Datafolha. Desse total, 28 mil participaram de todas as atividades da marcha --come\\u00e7ando com a caminhada que partiu \\u00e0s 10h perto da esta\\u00e7\\u00e3o da Luz (centro)\",\"inLanguage\":\"pt-BR\",\"isPartOf\":{\"@id\":\"https:\\\/\\\/www.encontrasantana.com.br\\\/sobre\\\/#website\"},\"breadcrumb\":{\"@id\":\"https:\\\/\\\/www.encontrasantana.com.br\\\/sobre\\\/segundo-datafolha-marcha-evangelica-reuniu-335-mil-em-santana\\\/#breadcrumblist\"},\"author\":{\"@id\":\"https:\\\/\\\/www.encontrasantana.com.br\\\/sobre\\\/author\\\/esantana\\\/#author\"},\"creator\":{\"@id\":\"https:\\\/\\\/www.encontrasantana.com.br\\\/sobre\\\/author\\\/esantana\\\/#author\"},\"datePublished\":\"2012-07-16T18:19:49-03:00\",\"dateModified\":\"2019-04-15T09:59:06-03:00\"},{\"@type\":\"WebSite\",\"@id\":\"https:\\\/\\\/www.encontrasantana.com.br\\\/sobre\\\/#website\",\"url\":\"https:\\\/\\\/www.encontrasantana.com.br\\\/sobre\\\/\",\"name\":\"Encontra Santana\",\"description\":\"Not\\u00edcias, eventos, informa\\u00e7\\u00f5es e dicas no bairro de Santana e regi\\u00e3o.\",\"inLanguage\":\"pt-BR\",\"publisher\":{\"@id\":\"https:\\\/\\\/www.encontrasantana.com.br\\\/sobre\\\/#organization\"}}]}\n\t\t<\/script>\n\t\t<!-- All in One SEO -->\n\n","aioseo_head_json":{"title":"Segundo Datafolha, Marcha evang\u00e9lica reuniu 335 mil em Santana \u00bb Encontra Santana","description":"A 20\u00aa edi\u00e7\u00e3o da Marcha para Jesus, um dos principais eventos de rua na cidade de S\u00e3o Paulo, reuniu anteontem 335 mil pessoas ao longo do dia, segundo o Datafolha. Desse total, 28 mil participaram de todas as atividades da marcha --come\u00e7ando com a caminhada que partiu \u00e0s 10h perto da esta\u00e7\u00e3o da Luz (centro)","canonical_url":"https:\/\/www.encontrasantana.com.br\/sobre\/segundo-datafolha-marcha-evangelica-reuniu-335-mil-em-santana\/","robots":"max-image-preview:large","keywords":"","webmasterTools":{"miscellaneous":""},"schema":{"@context":"https:\/\/schema.org","@graph":[{"@type":"Article","@id":"https:\/\/www.encontrasantana.com.br\/sobre\/segundo-datafolha-marcha-evangelica-reuniu-335-mil-em-santana\/#article","name":"Segundo Datafolha, Marcha evang\u00e9lica reuniu 335 mil em Santana \u00bb Encontra Santana","headline":"Segundo Datafolha, Marcha evang\u00e9lica reuniu 335 mil em Santana","author":{"@id":"https:\/\/www.encontrasantana.com.br\/sobre\/author\/esantana\/#author"},"publisher":{"@id":"https:\/\/www.encontrasantana.com.br\/sobre\/#organization"},"datePublished":"2012-07-16T18:19:49-03:00","dateModified":"2019-04-15T09:59:06-03:00","inLanguage":"pt-BR","mainEntityOfPage":{"@id":"https:\/\/www.encontrasantana.com.br\/sobre\/segundo-datafolha-marcha-evangelica-reuniu-335-mil-em-santana\/#webpage"},"isPartOf":{"@id":"https:\/\/www.encontrasantana.com.br\/sobre\/segundo-datafolha-marcha-evangelica-reuniu-335-mil-em-santana\/#webpage"},"articleSection":"Not\u00edcias Santana, Santana"},{"@type":"BreadcrumbList","@id":"https:\/\/www.encontrasantana.com.br\/sobre\/segundo-datafolha-marcha-evangelica-reuniu-335-mil-em-santana\/#breadcrumblist","itemListElement":[{"@type":"ListItem","@id":"https:\/\/www.encontrasantana.com.br\/sobre#listItem","position":1,"name":"In\u00edcio","item":"https:\/\/www.encontrasantana.com.br\/sobre","nextItem":{"@type":"ListItem","@id":"https:\/\/www.encontrasantana.com.br\/sobre\/noticias-em-santana\/#listItem","name":"Not\u00edcias Santana"}},{"@type":"ListItem","@id":"https:\/\/www.encontrasantana.com.br\/sobre\/noticias-em-santana\/#listItem","position":2,"name":"Not\u00edcias Santana","item":"https:\/\/www.encontrasantana.com.br\/sobre\/noticias-em-santana\/","nextItem":{"@type":"ListItem","@id":"https:\/\/www.encontrasantana.com.br\/sobre\/segundo-datafolha-marcha-evangelica-reuniu-335-mil-em-santana\/#listItem","name":"Segundo Datafolha, Marcha evang\u00e9lica reuniu 335 mil em Santana"},"previousItem":{"@type":"ListItem","@id":"https:\/\/www.encontrasantana.com.br\/sobre#listItem","name":"In\u00edcio"}},{"@type":"ListItem","@id":"https:\/\/www.encontrasantana.com.br\/sobre\/segundo-datafolha-marcha-evangelica-reuniu-335-mil-em-santana\/#listItem","position":3,"name":"Segundo Datafolha, Marcha evang\u00e9lica reuniu 335 mil em Santana","previousItem":{"@type":"ListItem","@id":"https:\/\/www.encontrasantana.com.br\/sobre\/noticias-em-santana\/#listItem","name":"Not\u00edcias Santana"}}]},{"@type":"Organization","@id":"https:\/\/www.encontrasantana.com.br\/sobre\/#organization","name":"Encontra Santana","description":"Not\u00edcias, eventos, informa\u00e7\u00f5es e dicas no bairro de Santana e regi\u00e3o.","url":"https:\/\/www.encontrasantana.com.br\/sobre\/"},{"@type":"Person","@id":"https:\/\/www.encontrasantana.com.br\/sobre\/author\/esantana\/#author","url":"https:\/\/www.encontrasantana.com.br\/sobre\/author\/esantana\/","name":"Encontra Santana","image":{"@type":"ImageObject","@id":"https:\/\/www.encontrasantana.com.br\/sobre\/segundo-datafolha-marcha-evangelica-reuniu-335-mil-em-santana\/#authorImage","url":"https:\/\/secure.gravatar.com\/avatar\/0fbed662e37531ae23e68f85f9517b2454e50c1dfebf80eb9b721449ac95e0b9?s=96&d=mm&r=g","width":96,"height":96,"caption":"Encontra Santana"}},{"@type":"WebPage","@id":"https:\/\/www.encontrasantana.com.br\/sobre\/segundo-datafolha-marcha-evangelica-reuniu-335-mil-em-santana\/#webpage","url":"https:\/\/www.encontrasantana.com.br\/sobre\/segundo-datafolha-marcha-evangelica-reuniu-335-mil-em-santana\/","name":"Segundo Datafolha, Marcha evang\u00e9lica reuniu 335 mil em Santana \u00bb Encontra Santana","description":"A 20\u00aa edi\u00e7\u00e3o da Marcha para Jesus, um dos principais eventos de rua na cidade de S\u00e3o Paulo, reuniu anteontem 335 mil pessoas ao longo do dia, segundo o Datafolha. Desse total, 28 mil participaram de todas as atividades da marcha --come\u00e7ando com a caminhada que partiu \u00e0s 10h perto da esta\u00e7\u00e3o da Luz (centro)","inLanguage":"pt-BR","isPartOf":{"@id":"https:\/\/www.encontrasantana.com.br\/sobre\/#website"},"breadcrumb":{"@id":"https:\/\/www.encontrasantana.com.br\/sobre\/segundo-datafolha-marcha-evangelica-reuniu-335-mil-em-santana\/#breadcrumblist"},"author":{"@id":"https:\/\/www.encontrasantana.com.br\/sobre\/author\/esantana\/#author"},"creator":{"@id":"https:\/\/www.encontrasantana.com.br\/sobre\/author\/esantana\/#author"},"datePublished":"2012-07-16T18:19:49-03:00","dateModified":"2019-04-15T09:59:06-03:00"},{"@type":"WebSite","@id":"https:\/\/www.encontrasantana.com.br\/sobre\/#website","url":"https:\/\/www.encontrasantana.com.br\/sobre\/","name":"Encontra Santana","description":"Not\u00edcias, eventos, informa\u00e7\u00f5es e dicas no bairro de Santana e regi\u00e3o.","inLanguage":"pt-BR","publisher":{"@id":"https:\/\/www.encontrasantana.com.br\/sobre\/#organization"}}]},"og:locale":"pt_BR","og:site_name":"Encontra Santana | Not\u00edcias, eventos, informa\u00e7\u00f5es e dicas no bairro de Santana e regi\u00e3o.","og:type":"article","og:title":"Segundo Datafolha, Marcha evang\u00e9lica reuniu 335 mil em Santana \u00bb Encontra Santana","og:description":"A 20\u00aa edi\u00e7\u00e3o da Marcha para Jesus, um dos principais eventos de rua na cidade de S\u00e3o Paulo, reuniu anteontem 335 mil pessoas ao longo do dia, segundo o Datafolha. Desse total, 28 mil participaram de todas as atividades da marcha --come\u00e7ando com a caminhada que partiu \u00e0s 10h perto da esta\u00e7\u00e3o da Luz (centro)","og:url":"https:\/\/www.encontrasantana.com.br\/sobre\/segundo-datafolha-marcha-evangelica-reuniu-335-mil-em-santana\/","article:published_time":"2012-07-16T21:19:49+00:00","article:modified_time":"2019-04-15T12:59:06+00:00","twitter:card":"summary","twitter:title":"Segundo Datafolha, Marcha evang\u00e9lica reuniu 335 mil em Santana \u00bb Encontra Santana","twitter:description":"A 20\u00aa edi\u00e7\u00e3o da Marcha para Jesus, um dos principais eventos de rua na cidade de S\u00e3o Paulo, reuniu anteontem 335 mil pessoas ao longo do dia, segundo o Datafolha. Desse total, 28 mil participaram de todas as atividades da marcha --come\u00e7ando com a caminhada que partiu \u00e0s 10h perto da esta\u00e7\u00e3o da Luz (centro)"},"aioseo_meta_data":{"post_id":"20438","title":null,"description":null,"keywords":null,"keyphrases":null,"primary_term":null,"canonical_url":null,"og_title":null,"og_description":null,"og_object_type":"default","og_image_type":"default","og_image_url":null,"og_image_width":null,"og_image_height":null,"og_image_custom_url":null,"og_image_custom_fields":null,"og_video":null,"og_custom_url":null,"og_article_section":null,"og_article_tags":null,"twitter_use_og":false,"twitter_card":"default","twitter_image_type":"default","twitter_image_url":null,"twitter_image_custom_url":null,"twitter_image_custom_fields":null,"twitter_title":null,"twitter_description":null,"schema":{"blockGraphs":[],"customGraphs":[],"default":{"data":{"Article":[],"Course":[],"Dataset":[],"FAQPage":[],"Movie":[],"Person":[],"Product":[],"ProductReview":[],"Car":[],"Recipe":[],"Service":[],"SoftwareApplication":[],"WebPage":[]},"graphName":"Article","isEnabled":true},"graphs":[]},"schema_type":null,"schema_type_options":null,"pillar_content":false,"robots_default":true,"robots_noindex":false,"robots_noarchive":false,"robots_nosnippet":false,"robots_nofollow":false,"robots_noimageindex":false,"robots_noodp":false,"robots_notranslate":false,"robots_max_snippet":null,"robots_max_videopreview":null,"robots_max_imagepreview":"large","priority":null,"frequency":null,"local_seo":null,"limit_modified_date":false,"created":"2021-04-20 20:03:29","updated":"2026-08-06 17:21:46","focus_keyword":null,"additional_keywords":null,"truseo_locale":null,"ai":null,"breadcrumb_settings":null,"seo_analyzer_scan_date":null},"aioseo_breadcrumb":"<div class=\"aioseo-breadcrumbs\"><span class=\"aioseo-breadcrumb\">\n\t\t\t<a href=\"https:\/\/www.encontrasantana.com.br\/sobre\" title=\"In\u00edcio\">In\u00edcio<\/a>\n\t\t<\/span><span class=\"aioseo-breadcrumb-separator\">&raquo;<\/span><span class=\"aioseo-breadcrumb\">\n\t\t\t<a href=\"https:\/\/www.encontrasantana.com.br\/sobre\/noticias-em-santana\/\" title=\"Not\u00edcias Santana\">Not\u00edcias Santana<\/a>\n\t\t<\/span><span class=\"aioseo-breadcrumb-separator\">&raquo;<\/span><span class=\"aioseo-breadcrumb\">\n\t\t\tSegundo Datafolha, Marcha evang\u00e9lica reuniu 335 mil em Santana\n\t\t<\/span><\/div>","aioseo_breadcrumb_json":[{"label":"In\u00edcio","link":"https:\/\/www.encontrasantana.com.br\/sobre"},{"label":"Not\u00edcias Santana","link":"https:\/\/www.encontrasantana.com.br\/sobre\/noticias-em-santana\/"},{"label":"Segundo Datafolha, Marcha evang\u00e9lica reuniu 335 mil em Santana","link":"https:\/\/www.encontrasantana.com.br\/sobre\/segundo-datafolha-marcha-evangelica-reuniu-335-mil-em-santana\/"}],"_links":{"self":[{"href":"https:\/\/www.encontrasantana.com.br\/sobre\/wp-json\/wp\/v2\/posts\/20438","targetHints":{"allow":["GET"]}}],"collection":[{"href":"https:\/\/www.encontrasantana.com.br\/sobre\/wp-json\/wp\/v2\/posts"}],"about":[{"href":"https:\/\/www.encontrasantana.com.br\/sobre\/wp-json\/wp\/v2\/types\/post"}],"author":[{"embeddable":true,"href":"https:\/\/www.encontrasantana.com.br\/sobre\/wp-json\/wp\/v2\/users\/1"}],"replies":[{"embeddable":true,"href":"https:\/\/www.encontrasantana.com.br\/sobre\/wp-json\/wp\/v2\/comments?post=20438"}],"version-history":[{"count":0,"href":"https:\/\/www.encontrasantana.com.br\/sobre\/wp-json\/wp\/v2\/posts\/20438\/revisions"}],"wp:attachment":[{"href":"https:\/\/www.encontrasantana.com.br\/sobre\/wp-json\/wp\/v2\/media?parent=20438"}],"wp:term":[{"taxonomy":"category","embeddable":true,"href":"https:\/\/www.encontrasantana.com.br\/sobre\/wp-json\/wp\/v2\/categories?post=20438"},{"taxonomy":"post_tag","embeddable":true,"href":"https:\/\/www.encontrasantana.com.br\/sobre\/wp-json\/wp\/v2\/tags?post=20438"}],"curies":[{"name":"wp","href":"https:\/\/api.w.org\/{rel}","templated":true}]}}