{"id":21105,"date":"2012-08-02T18:08:02","date_gmt":"2012-08-02T21:08:02","guid":{"rendered":"http:\/\/www.encontrasantana.com.br\/blog\/?p=21105"},"modified":"2019-04-15T09:59:01","modified_gmt":"2019-04-15T12:59:01","slug":"anhembi-recebe-a-bienal-do-livro-de-sp-em-agosto","status":"publish","type":"post","link":"https:\/\/www.encontrasantana.com.br\/sobre\/anhembi-recebe-a-bienal-do-livro-de-sp-em-agosto\/","title":{"rendered":"Anhembi recebe a Bienal do Livro de SP em agosto"},"content":{"rendered":"<div class=\"1acf8468e559fd3cbeec5aee3a269a52\" data-index=\"1\" style=\"float: none; margin:0px;\">\n<!-- Anuncio display - global -->\r\n<ins class=\"adsbygoogle\"\r\n     style=\"display:block\"\r\n     data-ad-client=\"ca-pub-8585364105181520\"\r\n     data-ad-slot=\"8789329856\"\r\n     data-ad-format=\"auto\"\r\n     data-full-width-responsive=\"true\"><\/ins>\r\n<script>\r\n     (adsbygoogle = window.adsbygoogle || []).push({});\r\n<\/script>\n<\/div>\n<p>O <a href=\"http:\/\/www.encontrasantana.com.br\/santana\/anhembi-em-santana.shtml\" target=\"_blank\">Pavilh\u00e3o de Exposi\u00e7\u00f5es do Anhembi<\/a> recebe entre os dias 9 e 19 de agosto a 22\u00aa Bienal Internacional do Livro de S\u00e3o Paulo. O evento reunir\u00e1 representantes da cadeia produtiva e criativa do livro como empres\u00e1rios, jornalistas e escritores do mundo inteiro, com lan\u00e7amentos e sess\u00f5es de aut\u00f3grafos.<\/p>\n<p>Uma das atra\u00e7\u00f5es da feira, que deve receber mais de 800 mil pessoas, ser\u00e1 a escritora Cecily Von Ziegesar, autora das s\u00e9ries\u00a0<em>Gossip Girl<\/em>\u00a0e\u00a0<em>It Girl<\/em>, que lan\u00e7ar\u00e1 sua nova obra,\u00a0<em>Gossip Girl Psycho Killer<\/em>.<\/p>\n<p>Grupos de alunos, professores, bibliotec\u00e1rios e profissionais da cadeia do livro t\u00eam entrada gratuita na 22\u00aa Bienal, basta se inscrever no\u00a0site da feira.<\/p>\n<p><strong>Servi\u00e7o<\/strong><\/p>\n<p><strong>22\u00aa Bienal Internacional do Livro de S\u00e3o Paulo<br \/>\nData:<\/strong>\u00a09 a 19 de agosto<br \/>\n<strong>Visita\u00e7\u00e3o:<\/strong>\u00a0Quinta-feira a domingo, das 10h \u00e0s 22h; Dia 19 de agosto, das 10h \u00e0s 20h<br \/>\n<strong>Local:<\/strong>\u00a0Anhembi Parque &#8211; Pavilh\u00e3o de Exposi\u00e7\u00f5es<br \/>\n<strong>Endere\u00e7o:<\/strong>\u00a0Av. Olavo Fontoura, 1209<br \/>\n<strong>Pre\u00e7o:<\/strong>\u00a012,00 (inteira) e R$ 6,00 (meia); Entrada gratuita para maiores de 60 anos e crian\u00e7as at\u00e9 12 anos<br \/>\n<strong>Estacionamento:<\/strong>\u00a0Port\u00f5es 30 e 38 (principal) &#8211; carros R$30, motos R$20; Terreno em frente ao <a href=\"http:\/\/www.encontrasantana.com.br\/santana\/sambodromo-santana.shtml\" target=\"_blank\">Samb\u00f3dromo<\/a> carros R$25, motos R$20<\/p>\n<p><em>Fonte: Prefeitura de S\u00e3o Paulo<\/em><\/p>\n\n<div style=\"font-size: 0px; height: 0px; line-height: 0px; margin: 0; padding: 0; clear: both;\"><\/div>","protected":false},"excerpt":{"rendered":"<p>O Pavilh\u00e3o de Exposi\u00e7\u00f5es do Anhembi recebe entre os dias 9 e 19 de agosto a 22\u00aa Bienal Internacional do Livro de S\u00e3o Paulo. O evento reunir\u00e1 representantes da cadeia produtiva e criativa do livro como empres\u00e1rios, jornalistas e escritores do mundo inteiro, com lan\u00e7amentos e sess\u00f5es de aut\u00f3grafos. Uma das atra\u00e7\u00f5es da feira, que deve receber mais de 800 mil pessoas, ser\u00e1 a escritora Cecily Von Ziegesar, autora das s\u00e9ries\u00a0Gossip Girl\u00a0e\u00a0It Girl, que lan\u00e7ar\u00e1 sua nova obra,\u00a0Gossip Girl Psycho Killer. Grupos de alunos, professores, bibliotec\u00e1rios e profissionais da cadeia do livro t\u00eam entrada gratuita na 22\u00aa Bienal, basta se <\/p>\n","protected":false},"author":1,"featured_media":0,"comment_status":"open","ping_status":"closed","sticky":false,"template":"","format":"standard","meta":{"footnotes":""},"categories":[3],"tags":[10],"class_list":["post-21105","post","type-post","status-publish","format-standard","hentry","category-noticias-em-santana","tag-santana"],"aioseo_notices":[],"aioseo_head":"\n\t\t<!-- All in One SEO 5.0.0.1 - aioseo.com -->\n\t<meta name=\"description\" content=\"O Pavilh\u00e3o de Exposi\u00e7\u00f5es do Anhembi recebe entre os dias 9 e 19 de agosto a 22\u00aa Bienal Internacional do Livro de S\u00e3o Paulo. O evento reunir\u00e1 representantes da cadeia produtiva e criativa do livro como empres\u00e1rios, jornalistas e escritores do mundo inteiro, com lan\u00e7amentos e sess\u00f5es de aut\u00f3grafos. Uma das atra\u00e7\u00f5es da feira, que\" \/>\n\t<meta name=\"robots\" content=\"max-image-preview:large\" \/>\n\t<meta name=\"author\" content=\"Encontra Santana\"\/>\n\t<link rel=\"canonical\" href=\"https:\/\/www.encontrasantana.com.br\/sobre\/anhembi-recebe-a-bienal-do-livro-de-sp-em-agosto\/\" \/>\n\t<meta name=\"generator\" content=\"All in One SEO (AIOSEO) 5.0.0.1\" \/>\n\t\t<meta property=\"og:locale\" content=\"pt_BR\" \/>\n\t\t<meta property=\"og:site_name\" content=\"Encontra Santana | Not\u00edcias, eventos, informa\u00e7\u00f5es e dicas no bairro de Santana e regi\u00e3o.\" \/>\n\t\t<meta property=\"og:type\" content=\"article\" \/>\n\t\t<meta property=\"og:title\" content=\"Anhembi recebe a Bienal do Livro de SP em agosto \u00bb Encontra Santana\" \/>\n\t\t<meta property=\"og:description\" content=\"O Pavilh\u00e3o de Exposi\u00e7\u00f5es do Anhembi recebe entre os dias 9 e 19 de agosto a 22\u00aa Bienal Internacional do Livro de S\u00e3o Paulo. O evento reunir\u00e1 representantes da cadeia produtiva e criativa do livro como empres\u00e1rios, jornalistas e escritores do mundo inteiro, com lan\u00e7amentos e sess\u00f5es de aut\u00f3grafos. Uma das atra\u00e7\u00f5es da feira, que\" \/>\n\t\t<meta property=\"og:url\" content=\"https:\/\/www.encontrasantana.com.br\/sobre\/anhembi-recebe-a-bienal-do-livro-de-sp-em-agosto\/\" \/>\n\t\t<meta property=\"article:published_time\" content=\"2012-08-02T21:08:02+00:00\" \/>\n\t\t<meta property=\"article:modified_time\" content=\"2019-04-15T12:59:01+00:00\" \/>\n\t\t<meta name=\"twitter:card\" content=\"summary\" \/>\n\t\t<meta name=\"twitter:title\" content=\"Anhembi recebe a Bienal do Livro de SP em agosto \u00bb Encontra Santana\" \/>\n\t\t<meta name=\"twitter:description\" content=\"O Pavilh\u00e3o de Exposi\u00e7\u00f5es do Anhembi recebe entre os dias 9 e 19 de agosto a 22\u00aa Bienal Internacional do Livro de S\u00e3o Paulo. O evento reunir\u00e1 representantes da cadeia produtiva e criativa do livro como empres\u00e1rios, jornalistas e escritores do mundo inteiro, com lan\u00e7amentos e sess\u00f5es de aut\u00f3grafos. Uma das atra\u00e7\u00f5es da feira, que\" \/>\n\t\t<script type=\"application\/ld+json\" class=\"aioseo-schema\">\n\t\t\t{\"@context\":\"https:\\\/\\\/schema.org\",\"@graph\":[{\"@type\":\"Article\",\"@id\":\"https:\\\/\\\/www.encontrasantana.com.br\\\/sobre\\\/anhembi-recebe-a-bienal-do-livro-de-sp-em-agosto\\\/#article\",\"name\":\"Anhembi recebe a Bienal do Livro de SP em agosto \\u00bb Encontra Santana\",\"headline\":\"Anhembi recebe a Bienal do Livro de SP em agosto\",\"author\":{\"@id\":\"https:\\\/\\\/www.encontrasantana.com.br\\\/sobre\\\/author\\\/esantana\\\/#author\"},\"publisher\":{\"@id\":\"https:\\\/\\\/www.encontrasantana.com.br\\\/sobre\\\/#organization\"},\"datePublished\":\"2012-08-02T18:08:02-03:00\",\"dateModified\":\"2019-04-15T09:59:01-03:00\",\"inLanguage\":\"pt-BR\",\"mainEntityOfPage\":{\"@id\":\"https:\\\/\\\/www.encontrasantana.com.br\\\/sobre\\\/anhembi-recebe-a-bienal-do-livro-de-sp-em-agosto\\\/#webpage\"},\"isPartOf\":{\"@id\":\"https:\\\/\\\/www.encontrasantana.com.br\\\/sobre\\\/anhembi-recebe-a-bienal-do-livro-de-sp-em-agosto\\\/#webpage\"},\"articleSection\":\"Not\\u00edcias Santana, Santana\"},{\"@type\":\"BreadcrumbList\",\"@id\":\"https:\\\/\\\/www.encontrasantana.com.br\\\/sobre\\\/anhembi-recebe-a-bienal-do-livro-de-sp-em-agosto\\\/#breadcrumblist\",\"itemListElement\":[{\"@type\":\"ListItem\",\"@id\":\"https:\\\/\\\/www.encontrasantana.com.br\\\/sobre#listItem\",\"position\":1,\"name\":\"In\\u00edcio\",\"item\":\"https:\\\/\\\/www.encontrasantana.com.br\\\/sobre\",\"nextItem\":{\"@type\":\"ListItem\",\"@id\":\"https:\\\/\\\/www.encontrasantana.com.br\\\/sobre\\\/noticias-em-santana\\\/#listItem\",\"name\":\"Not\\u00edcias Santana\"}},{\"@type\":\"ListItem\",\"@id\":\"https:\\\/\\\/www.encontrasantana.com.br\\\/sobre\\\/noticias-em-santana\\\/#listItem\",\"position\":2,\"name\":\"Not\\u00edcias Santana\",\"item\":\"https:\\\/\\\/www.encontrasantana.com.br\\\/sobre\\\/noticias-em-santana\\\/\",\"nextItem\":{\"@type\":\"ListItem\",\"@id\":\"https:\\\/\\\/www.encontrasantana.com.br\\\/sobre\\\/anhembi-recebe-a-bienal-do-livro-de-sp-em-agosto\\\/#listItem\",\"name\":\"Anhembi recebe a Bienal do Livro de SP em agosto\"},\"previousItem\":{\"@type\":\"ListItem\",\"@id\":\"https:\\\/\\\/www.encontrasantana.com.br\\\/sobre#listItem\",\"name\":\"In\\u00edcio\"}},{\"@type\":\"ListItem\",\"@id\":\"https:\\\/\\\/www.encontrasantana.com.br\\\/sobre\\\/anhembi-recebe-a-bienal-do-livro-de-sp-em-agosto\\\/#listItem\",\"position\":3,\"name\":\"Anhembi recebe a Bienal do Livro de SP em agosto\",\"previousItem\":{\"@type\":\"ListItem\",\"@id\":\"https:\\\/\\\/www.encontrasantana.com.br\\\/sobre\\\/noticias-em-santana\\\/#listItem\",\"name\":\"Not\\u00edcias Santana\"}}]},{\"@type\":\"Organization\",\"@id\":\"https:\\\/\\\/www.encontrasantana.com.br\\\/sobre\\\/#organization\",\"name\":\"Encontra Santana\",\"description\":\"Not\\u00edcias, eventos, informa\\u00e7\\u00f5es e dicas no bairro de Santana e regi\\u00e3o.\",\"url\":\"https:\\\/\\\/www.encontrasantana.com.br\\\/sobre\\\/\"},{\"@type\":\"Person\",\"@id\":\"https:\\\/\\\/www.encontrasantana.com.br\\\/sobre\\\/author\\\/esantana\\\/#author\",\"url\":\"https:\\\/\\\/www.encontrasantana.com.br\\\/sobre\\\/author\\\/esantana\\\/\",\"name\":\"Encontra Santana\",\"image\":{\"@type\":\"ImageObject\",\"@id\":\"https:\\\/\\\/www.encontrasantana.com.br\\\/sobre\\\/anhembi-recebe-a-bienal-do-livro-de-sp-em-agosto\\\/#authorImage\",\"url\":\"https:\\\/\\\/secure.gravatar.com\\\/avatar\\\/0fbed662e37531ae23e68f85f9517b2454e50c1dfebf80eb9b721449ac95e0b9?s=96&d=mm&r=g\",\"width\":96,\"height\":96,\"caption\":\"Encontra Santana\"}},{\"@type\":\"WebPage\",\"@id\":\"https:\\\/\\\/www.encontrasantana.com.br\\\/sobre\\\/anhembi-recebe-a-bienal-do-livro-de-sp-em-agosto\\\/#webpage\",\"url\":\"https:\\\/\\\/www.encontrasantana.com.br\\\/sobre\\\/anhembi-recebe-a-bienal-do-livro-de-sp-em-agosto\\\/\",\"name\":\"Anhembi recebe a Bienal do Livro de SP em agosto \\u00bb Encontra Santana\",\"description\":\"O Pavilh\\u00e3o de Exposi\\u00e7\\u00f5es do Anhembi recebe entre os dias 9 e 19 de agosto a 22\\u00aa Bienal Internacional do Livro de S\\u00e3o Paulo. O evento reunir\\u00e1 representantes da cadeia produtiva e criativa do livro como empres\\u00e1rios, jornalistas e escritores do mundo inteiro, com lan\\u00e7amentos e sess\\u00f5es de aut\\u00f3grafos. Uma das atra\\u00e7\\u00f5es da feira, que\",\"inLanguage\":\"pt-BR\",\"isPartOf\":{\"@id\":\"https:\\\/\\\/www.encontrasantana.com.br\\\/sobre\\\/#website\"},\"breadcrumb\":{\"@id\":\"https:\\\/\\\/www.encontrasantana.com.br\\\/sobre\\\/anhembi-recebe-a-bienal-do-livro-de-sp-em-agosto\\\/#breadcrumblist\"},\"author\":{\"@id\":\"https:\\\/\\\/www.encontrasantana.com.br\\\/sobre\\\/author\\\/esantana\\\/#author\"},\"creator\":{\"@id\":\"https:\\\/\\\/www.encontrasantana.com.br\\\/sobre\\\/author\\\/esantana\\\/#author\"},\"datePublished\":\"2012-08-02T18:08:02-03:00\",\"dateModified\":\"2019-04-15T09:59:01-03:00\"},{\"@type\":\"WebSite\",\"@id\":\"https:\\\/\\\/www.encontrasantana.com.br\\\/sobre\\\/#website\",\"url\":\"https:\\\/\\\/www.encontrasantana.com.br\\\/sobre\\\/\",\"name\":\"Encontra Santana\",\"description\":\"Not\\u00edcias, eventos, informa\\u00e7\\u00f5es e dicas no bairro de Santana e regi\\u00e3o.\",\"inLanguage\":\"pt-BR\",\"publisher\":{\"@id\":\"https:\\\/\\\/www.encontrasantana.com.br\\\/sobre\\\/#organization\"}}]}\n\t\t<\/script>\n\t\t<!-- All in One SEO -->\n\n","aioseo_head_json":{"title":"Anhembi recebe a Bienal do Livro de SP em agosto \u00bb Encontra Santana","description":"O Pavilh\u00e3o de Exposi\u00e7\u00f5es do Anhembi recebe entre os dias 9 e 19 de agosto a 22\u00aa Bienal Internacional do Livro de S\u00e3o Paulo. O evento reunir\u00e1 representantes da cadeia produtiva e criativa do livro como empres\u00e1rios, jornalistas e escritores do mundo inteiro, com lan\u00e7amentos e sess\u00f5es de aut\u00f3grafos. Uma das atra\u00e7\u00f5es da feira, que","canonical_url":"https:\/\/www.encontrasantana.com.br\/sobre\/anhembi-recebe-a-bienal-do-livro-de-sp-em-agosto\/","robots":"max-image-preview:large","keywords":"","webmasterTools":{"miscellaneous":""},"schema":{"@context":"https:\/\/schema.org","@graph":[{"@type":"Article","@id":"https:\/\/www.encontrasantana.com.br\/sobre\/anhembi-recebe-a-bienal-do-livro-de-sp-em-agosto\/#article","name":"Anhembi recebe a Bienal do Livro de SP em agosto \u00bb Encontra Santana","headline":"Anhembi recebe a Bienal do Livro de SP em agosto","author":{"@id":"https:\/\/www.encontrasantana.com.br\/sobre\/author\/esantana\/#author"},"publisher":{"@id":"https:\/\/www.encontrasantana.com.br\/sobre\/#organization"},"datePublished":"2012-08-02T18:08:02-03:00","dateModified":"2019-04-15T09:59:01-03:00","inLanguage":"pt-BR","mainEntityOfPage":{"@id":"https:\/\/www.encontrasantana.com.br\/sobre\/anhembi-recebe-a-bienal-do-livro-de-sp-em-agosto\/#webpage"},"isPartOf":{"@id":"https:\/\/www.encontrasantana.com.br\/sobre\/anhembi-recebe-a-bienal-do-livro-de-sp-em-agosto\/#webpage"},"articleSection":"Not\u00edcias Santana, Santana"},{"@type":"BreadcrumbList","@id":"https:\/\/www.encontrasantana.com.br\/sobre\/anhembi-recebe-a-bienal-do-livro-de-sp-em-agosto\/#breadcrumblist","itemListElement":[{"@type":"ListItem","@id":"https:\/\/www.encontrasantana.com.br\/sobre#listItem","position":1,"name":"In\u00edcio","item":"https:\/\/www.encontrasantana.com.br\/sobre","nextItem":{"@type":"ListItem","@id":"https:\/\/www.encontrasantana.com.br\/sobre\/noticias-em-santana\/#listItem","name":"Not\u00edcias Santana"}},{"@type":"ListItem","@id":"https:\/\/www.encontrasantana.com.br\/sobre\/noticias-em-santana\/#listItem","position":2,"name":"Not\u00edcias Santana","item":"https:\/\/www.encontrasantana.com.br\/sobre\/noticias-em-santana\/","nextItem":{"@type":"ListItem","@id":"https:\/\/www.encontrasantana.com.br\/sobre\/anhembi-recebe-a-bienal-do-livro-de-sp-em-agosto\/#listItem","name":"Anhembi recebe a Bienal do Livro de SP em agosto"},"previousItem":{"@type":"ListItem","@id":"https:\/\/www.encontrasantana.com.br\/sobre#listItem","name":"In\u00edcio"}},{"@type":"ListItem","@id":"https:\/\/www.encontrasantana.com.br\/sobre\/anhembi-recebe-a-bienal-do-livro-de-sp-em-agosto\/#listItem","position":3,"name":"Anhembi recebe a Bienal do Livro de SP em agosto","previousItem":{"@type":"ListItem","@id":"https:\/\/www.encontrasantana.com.br\/sobre\/noticias-em-santana\/#listItem","name":"Not\u00edcias Santana"}}]},{"@type":"Organization","@id":"https:\/\/www.encontrasantana.com.br\/sobre\/#organization","name":"Encontra Santana","description":"Not\u00edcias, eventos, informa\u00e7\u00f5es e dicas no bairro de Santana e regi\u00e3o.","url":"https:\/\/www.encontrasantana.com.br\/sobre\/"},{"@type":"Person","@id":"https:\/\/www.encontrasantana.com.br\/sobre\/author\/esantana\/#author","url":"https:\/\/www.encontrasantana.com.br\/sobre\/author\/esantana\/","name":"Encontra Santana","image":{"@type":"ImageObject","@id":"https:\/\/www.encontrasantana.com.br\/sobre\/anhembi-recebe-a-bienal-do-livro-de-sp-em-agosto\/#authorImage","url":"https:\/\/secure.gravatar.com\/avatar\/0fbed662e37531ae23e68f85f9517b2454e50c1dfebf80eb9b721449ac95e0b9?s=96&d=mm&r=g","width":96,"height":96,"caption":"Encontra Santana"}},{"@type":"WebPage","@id":"https:\/\/www.encontrasantana.com.br\/sobre\/anhembi-recebe-a-bienal-do-livro-de-sp-em-agosto\/#webpage","url":"https:\/\/www.encontrasantana.com.br\/sobre\/anhembi-recebe-a-bienal-do-livro-de-sp-em-agosto\/","name":"Anhembi recebe a Bienal do Livro de SP em agosto \u00bb Encontra Santana","description":"O Pavilh\u00e3o de Exposi\u00e7\u00f5es do Anhembi recebe entre os dias 9 e 19 de agosto a 22\u00aa Bienal Internacional do Livro de S\u00e3o Paulo. O evento reunir\u00e1 representantes da cadeia produtiva e criativa do livro como empres\u00e1rios, jornalistas e escritores do mundo inteiro, com lan\u00e7amentos e sess\u00f5es de aut\u00f3grafos. Uma das atra\u00e7\u00f5es da feira, que","inLanguage":"pt-BR","isPartOf":{"@id":"https:\/\/www.encontrasantana.com.br\/sobre\/#website"},"breadcrumb":{"@id":"https:\/\/www.encontrasantana.com.br\/sobre\/anhembi-recebe-a-bienal-do-livro-de-sp-em-agosto\/#breadcrumblist"},"author":{"@id":"https:\/\/www.encontrasantana.com.br\/sobre\/author\/esantana\/#author"},"creator":{"@id":"https:\/\/www.encontrasantana.com.br\/sobre\/author\/esantana\/#author"},"datePublished":"2012-08-02T18:08:02-03:00","dateModified":"2019-04-15T09:59:01-03:00"},{"@type":"WebSite","@id":"https:\/\/www.encontrasantana.com.br\/sobre\/#website","url":"https:\/\/www.encontrasantana.com.br\/sobre\/","name":"Encontra Santana","description":"Not\u00edcias, eventos, informa\u00e7\u00f5es e dicas no bairro de Santana e regi\u00e3o.","inLanguage":"pt-BR","publisher":{"@id":"https:\/\/www.encontrasantana.com.br\/sobre\/#organization"}}]},"og:locale":"pt_BR","og:site_name":"Encontra Santana | Not\u00edcias, eventos, informa\u00e7\u00f5es e dicas no bairro de Santana e regi\u00e3o.","og:type":"article","og:title":"Anhembi recebe a Bienal do Livro de SP em agosto \u00bb Encontra Santana","og:description":"O Pavilh\u00e3o de Exposi\u00e7\u00f5es do Anhembi recebe entre os dias 9 e 19 de agosto a 22\u00aa Bienal Internacional do Livro de S\u00e3o Paulo. O evento reunir\u00e1 representantes da cadeia produtiva e criativa do livro como empres\u00e1rios, jornalistas e escritores do mundo inteiro, com lan\u00e7amentos e sess\u00f5es de aut\u00f3grafos. Uma das atra\u00e7\u00f5es da feira, que","og:url":"https:\/\/www.encontrasantana.com.br\/sobre\/anhembi-recebe-a-bienal-do-livro-de-sp-em-agosto\/","article:published_time":"2012-08-02T21:08:02+00:00","article:modified_time":"2019-04-15T12:59:01+00:00","twitter:card":"summary","twitter:title":"Anhembi recebe a Bienal do Livro de SP em agosto \u00bb Encontra Santana","twitter:description":"O Pavilh\u00e3o de Exposi\u00e7\u00f5es do Anhembi recebe entre os dias 9 e 19 de agosto a 22\u00aa Bienal Internacional do Livro de S\u00e3o Paulo. O evento reunir\u00e1 representantes da cadeia produtiva e criativa do livro como empres\u00e1rios, jornalistas e escritores do mundo inteiro, com lan\u00e7amentos e sess\u00f5es de aut\u00f3grafos. Uma das atra\u00e7\u00f5es da feira, que"},"aioseo_meta_data":{"post_id":"21105","title":null,"description":null,"keywords":null,"keyphrases":null,"primary_term":null,"canonical_url":null,"og_title":null,"og_description":null,"og_object_type":"default","og_image_type":"default","og_image_url":null,"og_image_width":null,"og_image_height":null,"og_image_custom_url":null,"og_image_custom_fields":null,"og_video":null,"og_custom_url":null,"og_article_section":null,"og_article_tags":null,"twitter_use_og":false,"twitter_card":"default","twitter_image_type":"default","twitter_image_url":null,"twitter_image_custom_url":null,"twitter_image_custom_fields":null,"twitter_title":null,"twitter_description":null,"schema":{"blockGraphs":[],"customGraphs":[],"default":{"data":{"Article":[],"Course":[],"Dataset":[],"FAQPage":[],"Movie":[],"Person":[],"Product":[],"ProductReview":[],"Car":[],"Recipe":[],"Service":[],"SoftwareApplication":[],"WebPage":[]},"graphName":"Article","isEnabled":true},"graphs":[]},"schema_type":null,"schema_type_options":null,"pillar_content":false,"robots_default":true,"robots_noindex":false,"robots_noarchive":false,"robots_nosnippet":false,"robots_nofollow":false,"robots_noimageindex":false,"robots_noodp":false,"robots_notranslate":false,"robots_max_snippet":null,"robots_max_videopreview":null,"robots_max_imagepreview":"large","priority":null,"frequency":null,"local_seo":null,"limit_modified_date":false,"created":"2021-04-20 19:45:56","updated":"2026-08-06 18:00:12","focus_keyword":null,"additional_keywords":null,"truseo_locale":null,"ai":null,"breadcrumb_settings":null,"seo_analyzer_scan_date":null},"aioseo_breadcrumb":"<div class=\"aioseo-breadcrumbs\"><span class=\"aioseo-breadcrumb\">\n\t\t\t<a href=\"https:\/\/www.encontrasantana.com.br\/sobre\" title=\"In\u00edcio\">In\u00edcio<\/a>\n\t\t<\/span><span class=\"aioseo-breadcrumb-separator\">&raquo;<\/span><span class=\"aioseo-breadcrumb\">\n\t\t\t<a href=\"https:\/\/www.encontrasantana.com.br\/sobre\/noticias-em-santana\/\" title=\"Not\u00edcias Santana\">Not\u00edcias Santana<\/a>\n\t\t<\/span><span class=\"aioseo-breadcrumb-separator\">&raquo;<\/span><span class=\"aioseo-breadcrumb\">\n\t\t\tAnhembi recebe a Bienal do Livro de SP em agosto\n\t\t<\/span><\/div>","aioseo_breadcrumb_json":[{"label":"In\u00edcio","link":"https:\/\/www.encontrasantana.com.br\/sobre"},{"label":"Not\u00edcias Santana","link":"https:\/\/www.encontrasantana.com.br\/sobre\/noticias-em-santana\/"},{"label":"Anhembi recebe a Bienal do Livro de SP em agosto","link":"https:\/\/www.encontrasantana.com.br\/sobre\/anhembi-recebe-a-bienal-do-livro-de-sp-em-agosto\/"}],"_links":{"self":[{"href":"https:\/\/www.encontrasantana.com.br\/sobre\/wp-json\/wp\/v2\/posts\/21105","targetHints":{"allow":["GET"]}}],"collection":[{"href":"https:\/\/www.encontrasantana.com.br\/sobre\/wp-json\/wp\/v2\/posts"}],"about":[{"href":"https:\/\/www.encontrasantana.com.br\/sobre\/wp-json\/wp\/v2\/types\/post"}],"author":[{"embeddable":true,"href":"https:\/\/www.encontrasantana.com.br\/sobre\/wp-json\/wp\/v2\/users\/1"}],"replies":[{"embeddable":true,"href":"https:\/\/www.encontrasantana.com.br\/sobre\/wp-json\/wp\/v2\/comments?post=21105"}],"version-history":[{"count":0,"href":"https:\/\/www.encontrasantana.com.br\/sobre\/wp-json\/wp\/v2\/posts\/21105\/revisions"}],"wp:attachment":[{"href":"https:\/\/www.encontrasantana.com.br\/sobre\/wp-json\/wp\/v2\/media?parent=21105"}],"wp:term":[{"taxonomy":"category","embeddable":true,"href":"https:\/\/www.encontrasantana.com.br\/sobre\/wp-json\/wp\/v2\/categories?post=21105"},{"taxonomy":"post_tag","embeddable":true,"href":"https:\/\/www.encontrasantana.com.br\/sobre\/wp-json\/wp\/v2\/tags?post=21105"}],"curies":[{"name":"wp","href":"https:\/\/api.w.org\/{rel}","templated":true}]}}