{"id":21314,"date":"2012-08-08T18:01:06","date_gmt":"2012-08-08T21:01:06","guid":{"rendered":"http:\/\/www.encontrasantana.com.br\/blog\/?p=21314"},"modified":"2019-04-15T09:59:01","modified_gmt":"2019-04-15T12:59:01","slug":"cet-monitora-transito-no-anhembi-para-a-bienal-do-livro-em-santana","status":"publish","type":"post","link":"https:\/\/www.encontrasantana.com.br\/sobre\/cet-monitora-transito-no-anhembi-para-a-bienal-do-livro-em-santana\/","title":{"rendered":"CET monitora tr\u00e2nsito no Anhembi para a Bienal do Livro em Santana"},"content":{"rendered":"<div class=\"1acf8468e559fd3cbeec5aee3a269a52\" data-index=\"1\" style=\"float: none; margin:0px;\">\n<!-- Anuncio display - global -->\r\n<ins class=\"adsbygoogle\"\r\n     style=\"display:block\"\r\n     data-ad-client=\"ca-pub-8585364105181520\"\r\n     data-ad-slot=\"8789329856\"\r\n     data-ad-format=\"auto\"\r\n     data-full-width-responsive=\"true\"><\/ins>\r\n<script>\r\n     (adsbygoogle = window.adsbygoogle || []).push({});\r\n<\/script>\n<\/div>\n<p>A Companhia de Engenharia de Tr\u00e1fego (CET) vai monitorar o tr\u00e2nsito nas imedia\u00e7\u00f5es do <a href=\"http:\/\/www.encontrasantana.com.br\/santana\/anhembi-em-santana.shtml\" target=\"_blank\">Anhembi<\/a>, entre quinta-feira (9\/8) e s\u00e1bado (18\/8), das 10h \u00e0s 22h; e domingo (19\/8), das 10h \u00e0s 20h, para a realiza\u00e7\u00e3o da\u00a0<em>22\u00aa Bienal Internacional do Livro de S\u00e3o Paulo<\/em>. Estima-se a presen\u00e7a de 70 mil pessoas por dia no evento.<\/p>\n<p>O Pavilh\u00e3o de Exposi\u00e7\u00f5es do Anhembi localiza-se entre a Avenida Olavo Fontoura e a Marginal Tiet\u00ea, sentido Castello Branco, entre as pontes da Casa Verde e das Bandeiras. As principais vias de acesso ao pavilh\u00e3o s\u00e3o as avenidas Olavo Fontoura, Santos Dumont e a Marginal Tiet\u00ea. Os acessos principais aos estacionamentos est\u00e3o localizados na Avenida Olavo Fontoura, bem como os port\u00f5es de entrada e sa\u00edda do p\u00fablico visitante.<\/p>\n<p>Entre os dias 13 e 17 de agosto, das 8h \u00e0s 16h e das 19h \u00e0s 20h, ser\u00e1 monitorada a movimenta\u00e7\u00e3o de \u00f4nibus escolares. O estacionamento dos \u00f4nibus fretados cadastrados ter\u00e1 acesso pela Rua Massinet Sorcinelli, port\u00e3o 5. Est\u00e3o previstos 420 ve\u00edculos por dia.<\/p>\n<p>Para os \u00f4nibus fretados n\u00e3o cadastrados, o embarque e desembarque ser\u00e1 na Rua Professor Milton Rodrigues, port\u00e3o 30. Estima-se 250 ve\u00edculos por dia nestas condi\u00e7\u00f5es.<\/p>\n<p><strong>Altera\u00e7\u00f5es<\/strong><\/p>\n<p>&#8211; Caso necess\u00e1rio, haver\u00e1 bloqueio e canaliza\u00e7\u00f5es ao longo do canteiro central da Avenida Olavo Fontoura;<\/p>\n<p>&#8211; Na ocorr\u00eancia de lentid\u00e3o nas avenidas Olavo Fontoura, Assis Chateaubriand e Santos Dumont, os motoristas poder\u00e3o utilizar a Avenida Braz Leme;<\/p>\n<p>&#8211; Sugerimos que, durante o evento, os motoristas evitem a <a href=\"http:\/\/www.encontrasantana.com.br\/santana\/\" target=\"_blank\">Pra\u00e7a Campo de Bagatelle<\/a>;<\/p>\n<p>&#8211; Haver\u00e1 transporte coletivo com translado gratuito partindo do Metr\u00f4 Barra Funda e do <a href=\"http:\/\/www.encontrasantana.com.br\/santana\/metro-portuguesa-tiete.shtml\" target=\"_blank\">metr\u00f4 Metr\u00f4 Tiet\u00ea<\/a>.<\/p>\n<p><strong>Transporte gratuito do Servi\u00e7o Atende<\/strong><\/p>\n<p>A S\u00e3o Paulo Transporte (SPTrans) informa que 28 ve\u00edculos do Atendimento Especial ao Deficiente \u2013 Atende, proporcionar\u00e1 o transporte gratuito para o evento da Bienal do Livro 2012, no fim de semana ou seja, nos dias 11 (s\u00e1bado), 12 (domingo), 18 (s\u00e1bado) e 19 de agosto (domingo), das 9h \u00e0s 23h.<\/p>\n<p>Locais dos ve\u00edculos para o transporte:<\/p>\n<p>\u2022 Metr\u00f4 Tiet\u00ea (ve\u00edculos \u00e0 disposi\u00e7\u00e3o: 03);- alocados na Rua General Odylio Denis, pr\u00f3ximo a Av. Cruzeiro do Sul e Rua Volunt\u00e1rios da P\u00e1tria;<\/p>\n<p>\u2022 Metr\u00f4 Barra Funda (ve\u00edculos \u00e0 disposi\u00e7\u00e3o: 02);- alocados no interior do terminal de \u00f4nibus, na Rua Auro Soares de Moura Andrade, ao lado da rampa acess\u00edvel;<\/p>\n<p>\u2022 Pavilh\u00e3o do Anhembi (ve\u00edculos \u00e0 disposi\u00e7\u00e3o: 02);- alocados no interior do estacionamento pr\u00f3ximo ao port\u00e3o 05 com o intuito de realizar o retorno dos usu\u00e1rios.<\/p>\n<p><em>Fonte: Prefeitura de S\u00e3o Paulo<\/em><\/p>\n\n<div style=\"font-size: 0px; height: 0px; line-height: 0px; margin: 0; padding: 0; clear: both;\"><\/div>","protected":false},"excerpt":{"rendered":"<p>A Companhia de Engenharia de Tr\u00e1fego (CET) vai monitorar o tr\u00e2nsito nas imedia\u00e7\u00f5es do Anhembi, entre quinta-feira (9\/8) e s\u00e1bado (18\/8), das 10h \u00e0s 22h; e domingo (19\/8), das 10h \u00e0s 20h, para a realiza\u00e7\u00e3o da\u00a022\u00aa Bienal Internacional do Livro de S\u00e3o Paulo. Estima-se a presen\u00e7a de 70 mil pessoas por dia no evento. O Pavilh\u00e3o de Exposi\u00e7\u00f5es do Anhembi localiza-se entre a Avenida Olavo Fontoura e a Marginal Tiet\u00ea, sentido Castello Branco, entre as pontes da Casa Verde e das Bandeiras. As principais vias de acesso ao pavilh\u00e3o s\u00e3o as avenidas Olavo Fontoura, Santos Dumont e a Marginal Tiet\u00ea. <\/p>\n","protected":false},"author":1,"featured_media":0,"comment_status":"open","ping_status":"closed","sticky":false,"template":"","format":"standard","meta":{"footnotes":""},"categories":[3],"tags":[10],"class_list":["post-21314","post","type-post","status-publish","format-standard","hentry","category-noticias-em-santana","tag-santana"],"aioseo_notices":[],"_links":{"self":[{"href":"https:\/\/www.encontrasantana.com.br\/sobre\/wp-json\/wp\/v2\/posts\/21314"}],"collection":[{"href":"https:\/\/www.encontrasantana.com.br\/sobre\/wp-json\/wp\/v2\/posts"}],"about":[{"href":"https:\/\/www.encontrasantana.com.br\/sobre\/wp-json\/wp\/v2\/types\/post"}],"author":[{"embeddable":true,"href":"https:\/\/www.encontrasantana.com.br\/sobre\/wp-json\/wp\/v2\/users\/1"}],"replies":[{"embeddable":true,"href":"https:\/\/www.encontrasantana.com.br\/sobre\/wp-json\/wp\/v2\/comments?post=21314"}],"version-history":[{"count":0,"href":"https:\/\/www.encontrasantana.com.br\/sobre\/wp-json\/wp\/v2\/posts\/21314\/revisions"}],"wp:attachment":[{"href":"https:\/\/www.encontrasantana.com.br\/sobre\/wp-json\/wp\/v2\/media?parent=21314"}],"wp:term":[{"taxonomy":"category","embeddable":true,"href":"https:\/\/www.encontrasantana.com.br\/sobre\/wp-json\/wp\/v2\/categories?post=21314"},{"taxonomy":"post_tag","embeddable":true,"href":"https:\/\/www.encontrasantana.com.br\/sobre\/wp-json\/wp\/v2\/tags?post=21314"}],"curies":[{"name":"wp","href":"https:\/\/api.w.org\/{rel}","templated":true}]}}