{"id":21319,"date":"2012-08-08T18:21:04","date_gmt":"2012-08-08T21:21:04","guid":{"rendered":"http:\/\/www.encontrasantana.com.br\/blog\/?p=21319"},"modified":"2019-04-15T09:59:00","modified_gmt":"2019-04-15T12:59:00","slug":"salao-internacional-do-automovel-de-sao-paulo-chega-a-santana-em-outubro","status":"publish","type":"post","link":"https:\/\/www.encontrasantana.com.br\/sobre\/salao-internacional-do-automovel-de-sao-paulo-chega-a-santana-em-outubro\/","title":{"rendered":"Sal\u00e3o Internacional do Autom\u00f3vel de S\u00e3o Paulo chega a Santana em outubro"},"content":{"rendered":"<div class=\"1acf8468e559fd3cbeec5aee3a269a52\" data-index=\"1\" style=\"float: none; margin:0px;\">\n<!-- Anuncio display - global -->\r\n<ins class=\"adsbygoogle\"\r\n     style=\"display:block\"\r\n     data-ad-client=\"ca-pub-8585364105181520\"\r\n     data-ad-slot=\"8789329856\"\r\n     data-ad-format=\"auto\"\r\n     data-full-width-responsive=\"true\"><\/ins>\r\n<script>\r\n     (adsbygoogle = window.adsbygoogle || []).push({});\r\n<\/script>\n<\/div>\n<p>Apaixonados por carros: os ve\u00edculos mais modernos do mundo se re\u00fanem em um \u00fanico evento, que chega a sua 27\u00ba edi\u00e7\u00e3o em 2012, \u00e9 o\u00a0Sal\u00e3o Internacional do Autom\u00f3vel de S\u00e3o Paulo. O sal\u00e3o acontece entre os dias 24 de outubro e 4 de novembro, no <a href=\"http:\/\/www.encontrasantana.com.br\/santana\/anhembi-em-santana.shtml\" target=\"_blank\">Pavilh\u00e3o de Exposi\u00e7\u00f5es do Anhembi<\/a>.<\/p>\n<p>As principais marcas de autom\u00f3veis j\u00e1 est\u00e3o confirmadas para a apresenta\u00e7\u00e3o de suas novidades. A\u00a0Peugeot\u00a0trar\u00e1 seu modelo\u00a0208, que tem lan\u00e7amento previsto para o in\u00edcio de 2013, e\u00a0308, com motor 1.6 de 165 cavalos. A\u00a0Kia\u00a0chega com o\u00a0K9, primeiro sed\u00e3 com tra\u00e7\u00e3o traseira e oito marchas.<\/p>\n<p>Dodge Durango\u00a0e\u00a0Jeep Grand Cherokee\u00a0tamb\u00e9m estar\u00e3o no evento, e a marca Jeep promete trazer a vers\u00e3o diesel utilit\u00e1rio-esportivo ao Sal\u00e3o. AVolkswagen\u00a0planeja a presen\u00e7a do\u00a0Bulli, um nova kombi, apresentada no Sal\u00e3o de Genebra.<\/p>\n<p>A\u00a0Fiat\u00a0aposta no modelo\u00a0500C, vers\u00e3o convers\u00edvel, e a\u00a0Chevroletapresenta o\u00a0Enjoy, com motor 1.8 de at\u00e9 144 cavalos, para competir com o\u00a0Renault Duster\u00a0e o\u00a0Ford Ecosport. Tudo isso, al\u00e9m dos luxuososPorsches\u00a0e\u00a0Lamborghinis, que atraem os olhares de todos.<\/p>\n<p>O evento \u00e9 subdividido nas se\u00e7\u00f5es \u201cAutom\u00f3veis\u201d, \u201cSom, antenas e acess\u00f3rios\u201d, \u201cPneus e Rodas\u201d, \u201cAcess\u00f3rios em geral\u201d, \u201cCombust\u00edveis, lubrificantes, aditivos, ceras e material de limpeza\u201d e \u201cInstitui\u00e7\u00f5es financeiras, entidades, publica\u00e7\u00f5es e servi\u00e7os\u201d. Isto \u00e9 para que o apreciador de autom\u00f3veis tenha acesso \u00e0s marcas e servi\u00e7os completos do setor.<\/p>\n<p><strong>Servi\u00e7o:<\/strong><\/p>\n<p><strong>27\u00ba Sal\u00e3o Internacional do Autom\u00f3vel de S\u00e3o Paulo<\/strong><br \/>\nData: de 24 de outubro a 4 de novembro de 2012.<br \/>\nHor\u00e1rio: 24\/10, das 14h \u00e0s 22h; de 25\/10 a 3\/11, das 13h \u00e0s 22h; e 4\/11, das 11h \u00e0s 19h.<br \/>\nLocal: Pavilh\u00e3o de Exposi\u00e7\u00f5es do Anhembi.<br \/>\nEnd.: Av. Olavo Fontoura, 1.209 &#8211; Santana.<br \/>\nPre\u00e7o: R$ 50 (inteira); R$ 25 (meia-entrada) &#8211; ingresso individual.<br \/>\nTel.: (11) 3868-0300.<br \/>\nsalaodoautomovel.com.br<\/p>\n<p><em>Fonte: SPTuris<\/em><\/p>\n\n<div style=\"font-size: 0px; height: 0px; line-height: 0px; margin: 0; padding: 0; clear: both;\"><\/div>","protected":false},"excerpt":{"rendered":"<p>Apaixonados por carros: os ve\u00edculos mais modernos do mundo se re\u00fanem em um \u00fanico evento, que chega a sua 27\u00ba edi\u00e7\u00e3o em 2012, \u00e9 o\u00a0Sal\u00e3o Internacional do Autom\u00f3vel de S\u00e3o Paulo. O sal\u00e3o acontece entre os dias 24 de outubro e 4 de novembro, no Pavilh\u00e3o de Exposi\u00e7\u00f5es do Anhembi. As principais marcas de autom\u00f3veis j\u00e1 est\u00e3o confirmadas para a apresenta\u00e7\u00e3o de suas novidades. A\u00a0Peugeot\u00a0trar\u00e1 seu modelo\u00a0208, que tem lan\u00e7amento previsto para o in\u00edcio de 2013, e\u00a0308, com motor 1.6 de 165 cavalos. A\u00a0Kia\u00a0chega com o\u00a0K9, primeiro sed\u00e3 com tra\u00e7\u00e3o traseira e oito marchas. Dodge Durango\u00a0e\u00a0Jeep Grand Cherokee\u00a0tamb\u00e9m estar\u00e3o no <\/p>\n","protected":false},"author":1,"featured_media":0,"comment_status":"open","ping_status":"closed","sticky":false,"template":"","format":"standard","meta":{"footnotes":""},"categories":[3],"tags":[10],"class_list":["post-21319","post","type-post","status-publish","format-standard","hentry","category-noticias-em-santana","tag-santana"],"aioseo_notices":[],"aioseo_head":"\n\t\t<!-- All in One SEO 5.0.0.1 - aioseo.com -->\n\t<meta name=\"description\" content=\"Apaixonados por carros: os ve\u00edculos mais modernos do mundo se re\u00fanem em um \u00fanico evento, que chega a sua 27\u00ba edi\u00e7\u00e3o em 2012, \u00e9 o Sal\u00e3o Internacional do Autom\u00f3vel de S\u00e3o Paulo. O sal\u00e3o acontece entre os dias 24 de outubro e 4 de novembro, no Pavilh\u00e3o de Exposi\u00e7\u00f5es do Anhembi. As principais marcas de autom\u00f3veis\" \/>\n\t<meta name=\"robots\" content=\"max-image-preview:large\" \/>\n\t<meta name=\"author\" content=\"Encontra Santana\"\/>\n\t<link rel=\"canonical\" href=\"https:\/\/www.encontrasantana.com.br\/sobre\/salao-internacional-do-automovel-de-sao-paulo-chega-a-santana-em-outubro\/\" \/>\n\t<meta name=\"generator\" content=\"All in One SEO (AIOSEO) 5.0.0.1\" \/>\n\t\t<meta property=\"og:locale\" content=\"pt_BR\" \/>\n\t\t<meta property=\"og:site_name\" content=\"Encontra Santana | Not\u00edcias, eventos, informa\u00e7\u00f5es e dicas no bairro de Santana e regi\u00e3o.\" \/>\n\t\t<meta property=\"og:type\" content=\"article\" \/>\n\t\t<meta property=\"og:title\" content=\"Sal\u00e3o Internacional do Autom\u00f3vel de S\u00e3o Paulo chega a Santana em outubro \u00bb Encontra Santana\" \/>\n\t\t<meta property=\"og:description\" content=\"Apaixonados por carros: os ve\u00edculos mais modernos do mundo se re\u00fanem em um \u00fanico evento, que chega a sua 27\u00ba edi\u00e7\u00e3o em 2012, \u00e9 o Sal\u00e3o Internacional do Autom\u00f3vel de S\u00e3o Paulo. O sal\u00e3o acontece entre os dias 24 de outubro e 4 de novembro, no Pavilh\u00e3o de Exposi\u00e7\u00f5es do Anhembi. As principais marcas de autom\u00f3veis\" \/>\n\t\t<meta property=\"og:url\" content=\"https:\/\/www.encontrasantana.com.br\/sobre\/salao-internacional-do-automovel-de-sao-paulo-chega-a-santana-em-outubro\/\" \/>\n\t\t<meta property=\"article:published_time\" content=\"2012-08-08T21:21:04+00:00\" \/>\n\t\t<meta property=\"article:modified_time\" content=\"2019-04-15T12:59:00+00:00\" \/>\n\t\t<meta name=\"twitter:card\" content=\"summary\" \/>\n\t\t<meta name=\"twitter:title\" content=\"Sal\u00e3o Internacional do Autom\u00f3vel de S\u00e3o Paulo chega a Santana em outubro \u00bb Encontra Santana\" \/>\n\t\t<meta name=\"twitter:description\" content=\"Apaixonados por carros: os ve\u00edculos mais modernos do mundo se re\u00fanem em um \u00fanico evento, que chega a sua 27\u00ba edi\u00e7\u00e3o em 2012, \u00e9 o Sal\u00e3o Internacional do Autom\u00f3vel de S\u00e3o Paulo. O sal\u00e3o acontece entre os dias 24 de outubro e 4 de novembro, no Pavilh\u00e3o de Exposi\u00e7\u00f5es do Anhembi. As principais marcas de autom\u00f3veis\" \/>\n\t\t<script type=\"application\/ld+json\" class=\"aioseo-schema\">\n\t\t\t{\"@context\":\"https:\\\/\\\/schema.org\",\"@graph\":[{\"@type\":\"Article\",\"@id\":\"https:\\\/\\\/www.encontrasantana.com.br\\\/sobre\\\/salao-internacional-do-automovel-de-sao-paulo-chega-a-santana-em-outubro\\\/#article\",\"name\":\"Sal\\u00e3o Internacional do Autom\\u00f3vel de S\\u00e3o Paulo chega a Santana em outubro \\u00bb Encontra Santana\",\"headline\":\"Sal\\u00e3o Internacional do Autom\\u00f3vel de S\\u00e3o Paulo chega a Santana em outubro\",\"author\":{\"@id\":\"https:\\\/\\\/www.encontrasantana.com.br\\\/sobre\\\/author\\\/esantana\\\/#author\"},\"publisher\":{\"@id\":\"https:\\\/\\\/www.encontrasantana.com.br\\\/sobre\\\/#organization\"},\"datePublished\":\"2012-08-08T18:21:04-03:00\",\"dateModified\":\"2019-04-15T09:59:00-03:00\",\"inLanguage\":\"pt-BR\",\"mainEntityOfPage\":{\"@id\":\"https:\\\/\\\/www.encontrasantana.com.br\\\/sobre\\\/salao-internacional-do-automovel-de-sao-paulo-chega-a-santana-em-outubro\\\/#webpage\"},\"isPartOf\":{\"@id\":\"https:\\\/\\\/www.encontrasantana.com.br\\\/sobre\\\/salao-internacional-do-automovel-de-sao-paulo-chega-a-santana-em-outubro\\\/#webpage\"},\"articleSection\":\"Not\\u00edcias Santana, Santana\"},{\"@type\":\"BreadcrumbList\",\"@id\":\"https:\\\/\\\/www.encontrasantana.com.br\\\/sobre\\\/salao-internacional-do-automovel-de-sao-paulo-chega-a-santana-em-outubro\\\/#breadcrumblist\",\"itemListElement\":[{\"@type\":\"ListItem\",\"@id\":\"https:\\\/\\\/www.encontrasantana.com.br\\\/sobre#listItem\",\"position\":1,\"name\":\"In\\u00edcio\",\"item\":\"https:\\\/\\\/www.encontrasantana.com.br\\\/sobre\",\"nextItem\":{\"@type\":\"ListItem\",\"@id\":\"https:\\\/\\\/www.encontrasantana.com.br\\\/sobre\\\/noticias-em-santana\\\/#listItem\",\"name\":\"Not\\u00edcias Santana\"}},{\"@type\":\"ListItem\",\"@id\":\"https:\\\/\\\/www.encontrasantana.com.br\\\/sobre\\\/noticias-em-santana\\\/#listItem\",\"position\":2,\"name\":\"Not\\u00edcias Santana\",\"item\":\"https:\\\/\\\/www.encontrasantana.com.br\\\/sobre\\\/noticias-em-santana\\\/\",\"nextItem\":{\"@type\":\"ListItem\",\"@id\":\"https:\\\/\\\/www.encontrasantana.com.br\\\/sobre\\\/salao-internacional-do-automovel-de-sao-paulo-chega-a-santana-em-outubro\\\/#listItem\",\"name\":\"Sal\\u00e3o Internacional do Autom\\u00f3vel de S\\u00e3o Paulo chega a Santana em outubro\"},\"previousItem\":{\"@type\":\"ListItem\",\"@id\":\"https:\\\/\\\/www.encontrasantana.com.br\\\/sobre#listItem\",\"name\":\"In\\u00edcio\"}},{\"@type\":\"ListItem\",\"@id\":\"https:\\\/\\\/www.encontrasantana.com.br\\\/sobre\\\/salao-internacional-do-automovel-de-sao-paulo-chega-a-santana-em-outubro\\\/#listItem\",\"position\":3,\"name\":\"Sal\\u00e3o Internacional do Autom\\u00f3vel de S\\u00e3o Paulo chega a Santana em outubro\",\"previousItem\":{\"@type\":\"ListItem\",\"@id\":\"https:\\\/\\\/www.encontrasantana.com.br\\\/sobre\\\/noticias-em-santana\\\/#listItem\",\"name\":\"Not\\u00edcias Santana\"}}]},{\"@type\":\"Organization\",\"@id\":\"https:\\\/\\\/www.encontrasantana.com.br\\\/sobre\\\/#organization\",\"name\":\"Encontra Santana\",\"description\":\"Not\\u00edcias, eventos, informa\\u00e7\\u00f5es e dicas no bairro de Santana e regi\\u00e3o.\",\"url\":\"https:\\\/\\\/www.encontrasantana.com.br\\\/sobre\\\/\"},{\"@type\":\"Person\",\"@id\":\"https:\\\/\\\/www.encontrasantana.com.br\\\/sobre\\\/author\\\/esantana\\\/#author\",\"url\":\"https:\\\/\\\/www.encontrasantana.com.br\\\/sobre\\\/author\\\/esantana\\\/\",\"name\":\"Encontra Santana\",\"image\":{\"@type\":\"ImageObject\",\"@id\":\"https:\\\/\\\/www.encontrasantana.com.br\\\/sobre\\\/salao-internacional-do-automovel-de-sao-paulo-chega-a-santana-em-outubro\\\/#authorImage\",\"url\":\"https:\\\/\\\/secure.gravatar.com\\\/avatar\\\/0fbed662e37531ae23e68f85f9517b2454e50c1dfebf80eb9b721449ac95e0b9?s=96&d=mm&r=g\",\"width\":96,\"height\":96,\"caption\":\"Encontra Santana\"}},{\"@type\":\"WebPage\",\"@id\":\"https:\\\/\\\/www.encontrasantana.com.br\\\/sobre\\\/salao-internacional-do-automovel-de-sao-paulo-chega-a-santana-em-outubro\\\/#webpage\",\"url\":\"https:\\\/\\\/www.encontrasantana.com.br\\\/sobre\\\/salao-internacional-do-automovel-de-sao-paulo-chega-a-santana-em-outubro\\\/\",\"name\":\"Sal\\u00e3o Internacional do Autom\\u00f3vel de S\\u00e3o Paulo chega a Santana em outubro \\u00bb Encontra Santana\",\"description\":\"Apaixonados por carros: os ve\\u00edculos mais modernos do mundo se re\\u00fanem em um \\u00fanico evento, que chega a sua 27\\u00ba edi\\u00e7\\u00e3o em 2012, \\u00e9 o Sal\\u00e3o Internacional do Autom\\u00f3vel de S\\u00e3o Paulo. O sal\\u00e3o acontece entre os dias 24 de outubro e 4 de novembro, no Pavilh\\u00e3o de Exposi\\u00e7\\u00f5es do Anhembi. As principais marcas de autom\\u00f3veis\",\"inLanguage\":\"pt-BR\",\"isPartOf\":{\"@id\":\"https:\\\/\\\/www.encontrasantana.com.br\\\/sobre\\\/#website\"},\"breadcrumb\":{\"@id\":\"https:\\\/\\\/www.encontrasantana.com.br\\\/sobre\\\/salao-internacional-do-automovel-de-sao-paulo-chega-a-santana-em-outubro\\\/#breadcrumblist\"},\"author\":{\"@id\":\"https:\\\/\\\/www.encontrasantana.com.br\\\/sobre\\\/author\\\/esantana\\\/#author\"},\"creator\":{\"@id\":\"https:\\\/\\\/www.encontrasantana.com.br\\\/sobre\\\/author\\\/esantana\\\/#author\"},\"datePublished\":\"2012-08-08T18:21:04-03:00\",\"dateModified\":\"2019-04-15T09:59:00-03:00\"},{\"@type\":\"WebSite\",\"@id\":\"https:\\\/\\\/www.encontrasantana.com.br\\\/sobre\\\/#website\",\"url\":\"https:\\\/\\\/www.encontrasantana.com.br\\\/sobre\\\/\",\"name\":\"Encontra Santana\",\"description\":\"Not\\u00edcias, eventos, informa\\u00e7\\u00f5es e dicas no bairro de Santana e regi\\u00e3o.\",\"inLanguage\":\"pt-BR\",\"publisher\":{\"@id\":\"https:\\\/\\\/www.encontrasantana.com.br\\\/sobre\\\/#organization\"}}]}\n\t\t<\/script>\n\t\t<!-- All in One SEO -->\n\n","aioseo_head_json":{"title":"Sal\u00e3o Internacional do Autom\u00f3vel de S\u00e3o Paulo chega a Santana em outubro \u00bb Encontra Santana","description":"Apaixonados por carros: os ve\u00edculos mais modernos do mundo se re\u00fanem em um \u00fanico evento, que chega a sua 27\u00ba edi\u00e7\u00e3o em 2012, \u00e9 o Sal\u00e3o Internacional do Autom\u00f3vel de S\u00e3o Paulo. O sal\u00e3o acontece entre os dias 24 de outubro e 4 de novembro, no Pavilh\u00e3o de Exposi\u00e7\u00f5es do Anhembi. As principais marcas de autom\u00f3veis","canonical_url":"https:\/\/www.encontrasantana.com.br\/sobre\/salao-internacional-do-automovel-de-sao-paulo-chega-a-santana-em-outubro\/","robots":"max-image-preview:large","keywords":"","webmasterTools":{"miscellaneous":""},"schema":{"@context":"https:\/\/schema.org","@graph":[{"@type":"Article","@id":"https:\/\/www.encontrasantana.com.br\/sobre\/salao-internacional-do-automovel-de-sao-paulo-chega-a-santana-em-outubro\/#article","name":"Sal\u00e3o Internacional do Autom\u00f3vel de S\u00e3o Paulo chega a Santana em outubro \u00bb Encontra Santana","headline":"Sal\u00e3o Internacional do Autom\u00f3vel de S\u00e3o Paulo chega a Santana em outubro","author":{"@id":"https:\/\/www.encontrasantana.com.br\/sobre\/author\/esantana\/#author"},"publisher":{"@id":"https:\/\/www.encontrasantana.com.br\/sobre\/#organization"},"datePublished":"2012-08-08T18:21:04-03:00","dateModified":"2019-04-15T09:59:00-03:00","inLanguage":"pt-BR","mainEntityOfPage":{"@id":"https:\/\/www.encontrasantana.com.br\/sobre\/salao-internacional-do-automovel-de-sao-paulo-chega-a-santana-em-outubro\/#webpage"},"isPartOf":{"@id":"https:\/\/www.encontrasantana.com.br\/sobre\/salao-internacional-do-automovel-de-sao-paulo-chega-a-santana-em-outubro\/#webpage"},"articleSection":"Not\u00edcias Santana, Santana"},{"@type":"BreadcrumbList","@id":"https:\/\/www.encontrasantana.com.br\/sobre\/salao-internacional-do-automovel-de-sao-paulo-chega-a-santana-em-outubro\/#breadcrumblist","itemListElement":[{"@type":"ListItem","@id":"https:\/\/www.encontrasantana.com.br\/sobre#listItem","position":1,"name":"In\u00edcio","item":"https:\/\/www.encontrasantana.com.br\/sobre","nextItem":{"@type":"ListItem","@id":"https:\/\/www.encontrasantana.com.br\/sobre\/noticias-em-santana\/#listItem","name":"Not\u00edcias Santana"}},{"@type":"ListItem","@id":"https:\/\/www.encontrasantana.com.br\/sobre\/noticias-em-santana\/#listItem","position":2,"name":"Not\u00edcias Santana","item":"https:\/\/www.encontrasantana.com.br\/sobre\/noticias-em-santana\/","nextItem":{"@type":"ListItem","@id":"https:\/\/www.encontrasantana.com.br\/sobre\/salao-internacional-do-automovel-de-sao-paulo-chega-a-santana-em-outubro\/#listItem","name":"Sal\u00e3o Internacional do Autom\u00f3vel de S\u00e3o Paulo chega a Santana em outubro"},"previousItem":{"@type":"ListItem","@id":"https:\/\/www.encontrasantana.com.br\/sobre#listItem","name":"In\u00edcio"}},{"@type":"ListItem","@id":"https:\/\/www.encontrasantana.com.br\/sobre\/salao-internacional-do-automovel-de-sao-paulo-chega-a-santana-em-outubro\/#listItem","position":3,"name":"Sal\u00e3o Internacional do Autom\u00f3vel de S\u00e3o Paulo chega a Santana em outubro","previousItem":{"@type":"ListItem","@id":"https:\/\/www.encontrasantana.com.br\/sobre\/noticias-em-santana\/#listItem","name":"Not\u00edcias Santana"}}]},{"@type":"Organization","@id":"https:\/\/www.encontrasantana.com.br\/sobre\/#organization","name":"Encontra Santana","description":"Not\u00edcias, eventos, informa\u00e7\u00f5es e dicas no bairro de Santana e regi\u00e3o.","url":"https:\/\/www.encontrasantana.com.br\/sobre\/"},{"@type":"Person","@id":"https:\/\/www.encontrasantana.com.br\/sobre\/author\/esantana\/#author","url":"https:\/\/www.encontrasantana.com.br\/sobre\/author\/esantana\/","name":"Encontra Santana","image":{"@type":"ImageObject","@id":"https:\/\/www.encontrasantana.com.br\/sobre\/salao-internacional-do-automovel-de-sao-paulo-chega-a-santana-em-outubro\/#authorImage","url":"https:\/\/secure.gravatar.com\/avatar\/0fbed662e37531ae23e68f85f9517b2454e50c1dfebf80eb9b721449ac95e0b9?s=96&d=mm&r=g","width":96,"height":96,"caption":"Encontra Santana"}},{"@type":"WebPage","@id":"https:\/\/www.encontrasantana.com.br\/sobre\/salao-internacional-do-automovel-de-sao-paulo-chega-a-santana-em-outubro\/#webpage","url":"https:\/\/www.encontrasantana.com.br\/sobre\/salao-internacional-do-automovel-de-sao-paulo-chega-a-santana-em-outubro\/","name":"Sal\u00e3o Internacional do Autom\u00f3vel de S\u00e3o Paulo chega a Santana em outubro \u00bb Encontra Santana","description":"Apaixonados por carros: os ve\u00edculos mais modernos do mundo se re\u00fanem em um \u00fanico evento, que chega a sua 27\u00ba edi\u00e7\u00e3o em 2012, \u00e9 o Sal\u00e3o Internacional do Autom\u00f3vel de S\u00e3o Paulo. O sal\u00e3o acontece entre os dias 24 de outubro e 4 de novembro, no Pavilh\u00e3o de Exposi\u00e7\u00f5es do Anhembi. As principais marcas de autom\u00f3veis","inLanguage":"pt-BR","isPartOf":{"@id":"https:\/\/www.encontrasantana.com.br\/sobre\/#website"},"breadcrumb":{"@id":"https:\/\/www.encontrasantana.com.br\/sobre\/salao-internacional-do-automovel-de-sao-paulo-chega-a-santana-em-outubro\/#breadcrumblist"},"author":{"@id":"https:\/\/www.encontrasantana.com.br\/sobre\/author\/esantana\/#author"},"creator":{"@id":"https:\/\/www.encontrasantana.com.br\/sobre\/author\/esantana\/#author"},"datePublished":"2012-08-08T18:21:04-03:00","dateModified":"2019-04-15T09:59:00-03:00"},{"@type":"WebSite","@id":"https:\/\/www.encontrasantana.com.br\/sobre\/#website","url":"https:\/\/www.encontrasantana.com.br\/sobre\/","name":"Encontra Santana","description":"Not\u00edcias, eventos, informa\u00e7\u00f5es e dicas no bairro de Santana e regi\u00e3o.","inLanguage":"pt-BR","publisher":{"@id":"https:\/\/www.encontrasantana.com.br\/sobre\/#organization"}}]},"og:locale":"pt_BR","og:site_name":"Encontra Santana | Not\u00edcias, eventos, informa\u00e7\u00f5es e dicas no bairro de Santana e regi\u00e3o.","og:type":"article","og:title":"Sal\u00e3o Internacional do Autom\u00f3vel de S\u00e3o Paulo chega a Santana em outubro \u00bb Encontra Santana","og:description":"Apaixonados por carros: os ve\u00edculos mais modernos do mundo se re\u00fanem em um \u00fanico evento, que chega a sua 27\u00ba edi\u00e7\u00e3o em 2012, \u00e9 o Sal\u00e3o Internacional do Autom\u00f3vel de S\u00e3o Paulo. O sal\u00e3o acontece entre os dias 24 de outubro e 4 de novembro, no Pavilh\u00e3o de Exposi\u00e7\u00f5es do Anhembi. As principais marcas de autom\u00f3veis","og:url":"https:\/\/www.encontrasantana.com.br\/sobre\/salao-internacional-do-automovel-de-sao-paulo-chega-a-santana-em-outubro\/","article:published_time":"2012-08-08T21:21:04+00:00","article:modified_time":"2019-04-15T12:59:00+00:00","twitter:card":"summary","twitter:title":"Sal\u00e3o Internacional do Autom\u00f3vel de S\u00e3o Paulo chega a Santana em outubro \u00bb Encontra Santana","twitter:description":"Apaixonados por carros: os ve\u00edculos mais modernos do mundo se re\u00fanem em um \u00fanico evento, que chega a sua 27\u00ba edi\u00e7\u00e3o em 2012, \u00e9 o Sal\u00e3o Internacional do Autom\u00f3vel de S\u00e3o Paulo. O sal\u00e3o acontece entre os dias 24 de outubro e 4 de novembro, no Pavilh\u00e3o de Exposi\u00e7\u00f5es do Anhembi. As principais marcas de autom\u00f3veis"},"aioseo_meta_data":{"post_id":"21319","title":null,"description":null,"keywords":null,"keyphrases":null,"primary_term":null,"canonical_url":null,"og_title":null,"og_description":null,"og_object_type":"default","og_image_type":"default","og_image_url":null,"og_image_width":null,"og_image_height":null,"og_image_custom_url":null,"og_image_custom_fields":null,"og_video":null,"og_custom_url":null,"og_article_section":null,"og_article_tags":null,"twitter_use_og":false,"twitter_card":"default","twitter_image_type":"default","twitter_image_url":null,"twitter_image_custom_url":null,"twitter_image_custom_fields":null,"twitter_title":null,"twitter_description":null,"schema":{"blockGraphs":[],"customGraphs":[],"default":{"data":{"Article":[],"Course":[],"Dataset":[],"FAQPage":[],"Movie":[],"Person":[],"Product":[],"ProductReview":[],"Car":[],"Recipe":[],"Service":[],"SoftwareApplication":[],"WebPage":[]},"graphName":"Article","isEnabled":true},"graphs":[]},"schema_type":null,"schema_type_options":null,"pillar_content":false,"robots_default":true,"robots_noindex":false,"robots_noarchive":false,"robots_nosnippet":false,"robots_nofollow":false,"robots_noimageindex":false,"robots_noodp":false,"robots_notranslate":false,"robots_max_snippet":null,"robots_max_videopreview":null,"robots_max_imagepreview":"large","priority":null,"frequency":null,"local_seo":null,"limit_modified_date":false,"created":"2021-04-20 19:37:58","updated":"2026-08-06 18:02:18","focus_keyword":null,"additional_keywords":null,"truseo_locale":null,"ai":null,"breadcrumb_settings":null,"seo_analyzer_scan_date":null},"aioseo_breadcrumb":"<div class=\"aioseo-breadcrumbs\"><span class=\"aioseo-breadcrumb\">\n\t\t\t<a href=\"https:\/\/www.encontrasantana.com.br\/sobre\" title=\"In\u00edcio\">In\u00edcio<\/a>\n\t\t<\/span><span class=\"aioseo-breadcrumb-separator\">&raquo;<\/span><span class=\"aioseo-breadcrumb\">\n\t\t\t<a href=\"https:\/\/www.encontrasantana.com.br\/sobre\/noticias-em-santana\/\" title=\"Not\u00edcias Santana\">Not\u00edcias Santana<\/a>\n\t\t<\/span><span class=\"aioseo-breadcrumb-separator\">&raquo;<\/span><span class=\"aioseo-breadcrumb\">\n\t\t\tSal\u00e3o Internacional do Autom\u00f3vel de S\u00e3o Paulo chega a Santana em outubro\n\t\t<\/span><\/div>","aioseo_breadcrumb_json":[{"label":"In\u00edcio","link":"https:\/\/www.encontrasantana.com.br\/sobre"},{"label":"Not\u00edcias Santana","link":"https:\/\/www.encontrasantana.com.br\/sobre\/noticias-em-santana\/"},{"label":"Sal\u00e3o Internacional do Autom\u00f3vel de S\u00e3o Paulo chega a Santana em outubro","link":"https:\/\/www.encontrasantana.com.br\/sobre\/salao-internacional-do-automovel-de-sao-paulo-chega-a-santana-em-outubro\/"}],"_links":{"self":[{"href":"https:\/\/www.encontrasantana.com.br\/sobre\/wp-json\/wp\/v2\/posts\/21319","targetHints":{"allow":["GET"]}}],"collection":[{"href":"https:\/\/www.encontrasantana.com.br\/sobre\/wp-json\/wp\/v2\/posts"}],"about":[{"href":"https:\/\/www.encontrasantana.com.br\/sobre\/wp-json\/wp\/v2\/types\/post"}],"author":[{"embeddable":true,"href":"https:\/\/www.encontrasantana.com.br\/sobre\/wp-json\/wp\/v2\/users\/1"}],"replies":[{"embeddable":true,"href":"https:\/\/www.encontrasantana.com.br\/sobre\/wp-json\/wp\/v2\/comments?post=21319"}],"version-history":[{"count":0,"href":"https:\/\/www.encontrasantana.com.br\/sobre\/wp-json\/wp\/v2\/posts\/21319\/revisions"}],"wp:attachment":[{"href":"https:\/\/www.encontrasantana.com.br\/sobre\/wp-json\/wp\/v2\/media?parent=21319"}],"wp:term":[{"taxonomy":"category","embeddable":true,"href":"https:\/\/www.encontrasantana.com.br\/sobre\/wp-json\/wp\/v2\/categories?post=21319"},{"taxonomy":"post_tag","embeddable":true,"href":"https:\/\/www.encontrasantana.com.br\/sobre\/wp-json\/wp\/v2\/tags?post=21319"}],"curies":[{"name":"wp","href":"https:\/\/api.w.org\/{rel}","templated":true}]}}