{"id":22161,"date":"2012-09-05T18:40:26","date_gmt":"2012-09-05T21:40:26","guid":{"rendered":"http:\/\/www.encontrasantana.com.br\/blog\/?p=22161"},"modified":"2019-04-15T09:58:33","modified_gmt":"2019-04-15T12:58:33","slug":"santana-anhembi-recebe-o-desfile-civico-militar-de-7-de-setembro","status":"publish","type":"post","link":"https:\/\/www.encontrasantana.com.br\/sobre\/santana-anhembi-recebe-o-desfile-civico-militar-de-7-de-setembro\/","title":{"rendered":"Santana: Anhembi recebe o Desfile C\u00edvico-Militar de 7 de Setembro"},"content":{"rendered":"<div class=\"1acf8468e559fd3cbeec5aee3a269a52\" data-index=\"1\" style=\"float: none; margin:0px;\">\n<!-- Anuncio display - global -->\r\n<ins class=\"adsbygoogle\"\r\n     style=\"display:block\"\r\n     data-ad-client=\"ca-pub-8585364105181520\"\r\n     data-ad-slot=\"8789329856\"\r\n     data-ad-format=\"auto\"\r\n     data-full-width-responsive=\"true\"><\/ins>\r\n<script>\r\n     (adsbygoogle = window.adsbygoogle || []).push({});\r\n<\/script>\n<\/div>\n<p>Pelo nono ano consecutivo, o desfile c\u00edvico e militar em comemora\u00e7\u00e3o \u00e0 Independ\u00eancia do Brasil vai ser realizado no P\u00f3lo Cultural e Esportivo Grande Otelo \u2013 <a href=\"http:\/\/www.encontrasantana.com.br\/santana\/sambodromo-santana.shtml\" target=\"_blank\">Samb\u00f3dromo<\/a> -, localizado no <a href=\"http:\/\/www.encontrasantana.com.br\/santana\/anhembi-em-santana.shtml\" target=\"_blank\">Parque Anhembi<\/a>, zona norte de SP. O evento, nesta edi\u00e7\u00e3o, ter\u00e1, como no ano passado, sua ordem de desfiles alterada. Mais uma vez, os alunos das redes municipal e estadual de ensino, que tradicionalmente encerram as comemora\u00e7\u00f5es, abrem os desfiles oficiais, a partir das 10h. Por volta de 10h35, tem in\u00edcio o desfile militar. Ap\u00f3s seu t\u00e9rmino, a comemora\u00e7\u00e3o c\u00edvica \u00e9 retomada, com a entrada no Samb\u00f3dromo das demais entidades civis, escaladas para desfilar. A Parada ser\u00e1 encerrada com a entrada das motos do Carpe Dien, associa\u00e7\u00e3o de moto-turismo, a partir de 600 cc..<\/p>\n<p>Os desfiles ser\u00e3o antecedidos pela revista \u00e0s tropas, realizada, como em todos os anos, pelo governador do Estado de S\u00e3o Paulo e pelo Comandante Militar do Sudeste, a partir das 9h, na Avenida Olavo Fontoura, onde as tropas estar\u00e3o em forma\u00e7\u00e3o.<\/p>\n<p>O desfile ser\u00e1 composto por cerca de 3600 militares a p\u00e9, 124 viaturas motorizadas e 75 motocicletas e mais 3700 participantes civis, num total de 7500 participantes.<\/p>\n<p>A cerim\u00f4nia ter\u00e1 a seguinte sequ\u00eancia:<\/p>\n<p>08h &#8211; Hasteamento do Pavilh\u00e3o Nacional e das demais Bandeiras<\/p>\n<p>09h &#8211; Revista da tropa pelo Exmo Sr. Governador do Estado de S\u00e3o Paulo e pelo Comandante Militar do Sudeste, na Av. Olavo Fontoura<\/p>\n<p>09h40 &#8211; Recep\u00e7\u00e3o ao Governador do Estado de S\u00e3o Paulo<\/p>\n<p>Execu\u00e7\u00e3o do Hino Nacional (participa\u00e7\u00e3o do coral da LBV e da Banda da PMSP)<\/p>\n<p>Queima de fogos<\/p>\n<p>10h \u2013 In\u00edcio do Desfile das Escolas Estaduais e Municipais<\/p>\n<p>10h35 &#8211; In\u00edcio do Desfile Militar<\/p>\n<p>11h30 \u2013 In\u00edcio do Desfile C\u00edvico<\/p>\n<p>12h &#8211; encerramento<\/p>\n<p><strong>Servi\u00e7o:<\/strong><\/p>\n<p><strong>Desfile C\u00edvico-Militar de 7 de Setembro<br \/>\n<\/strong><\/p>\n<p><strong>Quando:\u00a0<\/strong>7 de setembro. Abertura dos port\u00f5es \u00e0s 7h, in\u00edcio dos shows \u00e0s 8h.<br \/>\n<strong>Onde:<\/strong>\u00a0Samb\u00f3dromo do Anhembi \u2013 Av. Olavo Fontoura, 1.209<br \/>\n<strong>Entrada: <\/strong>Gratuita<\/p>\n<p><em>Fonte: Anhembi Parque<\/em><\/p>\n\n<div style=\"font-size: 0px; height: 0px; line-height: 0px; margin: 0; padding: 0; clear: both;\"><\/div>","protected":false},"excerpt":{"rendered":"<p>Pelo nono ano consecutivo, o desfile c\u00edvico e militar em comemora\u00e7\u00e3o \u00e0 Independ\u00eancia do Brasil vai ser realizado no P\u00f3lo Cultural e Esportivo Grande Otelo \u2013 Samb\u00f3dromo -, localizado no Parque Anhembi, zona norte de SP. O evento, nesta edi\u00e7\u00e3o, ter\u00e1, como no ano passado, sua ordem de desfiles alterada. Mais uma vez, os alunos das redes municipal e estadual de ensino, que tradicionalmente encerram as comemora\u00e7\u00f5es, abrem os desfiles oficiais, a partir das 10h. Por volta de 10h35, tem in\u00edcio o desfile militar. Ap\u00f3s seu t\u00e9rmino, a comemora\u00e7\u00e3o c\u00edvica \u00e9 retomada, com a entrada no Samb\u00f3dromo das demais entidades <\/p>\n","protected":false},"author":1,"featured_media":0,"comment_status":"open","ping_status":"closed","sticky":false,"template":"","format":"standard","meta":{"footnotes":""},"categories":[3],"tags":[10],"class_list":["post-22161","post","type-post","status-publish","format-standard","hentry","category-noticias-em-santana","tag-santana"],"aioseo_notices":[],"aioseo_head":"\n\t\t<!-- All in One SEO 5.0.0.1 - aioseo.com -->\n\t<meta name=\"description\" content=\"Pelo nono ano consecutivo, o desfile c\u00edvico e militar em comemora\u00e7\u00e3o \u00e0 Independ\u00eancia do Brasil vai ser realizado no P\u00f3lo Cultural e Esportivo Grande Otelo \u2013 Samb\u00f3dromo -, localizado no Parque Anhembi, zona norte de SP. O evento, nesta edi\u00e7\u00e3o, ter\u00e1, como no ano passado, sua ordem de desfiles alterada. Mais uma vez, os alunos\" \/>\n\t<meta name=\"robots\" content=\"max-image-preview:large\" \/>\n\t<meta name=\"author\" content=\"Encontra Santana\"\/>\n\t<link rel=\"canonical\" href=\"https:\/\/www.encontrasantana.com.br\/sobre\/santana-anhembi-recebe-o-desfile-civico-militar-de-7-de-setembro\/\" \/>\n\t<meta name=\"generator\" content=\"All in One SEO (AIOSEO) 5.0.0.1\" \/>\n\t\t<meta property=\"og:locale\" content=\"pt_BR\" \/>\n\t\t<meta property=\"og:site_name\" content=\"Encontra Santana | Not\u00edcias, eventos, informa\u00e7\u00f5es e dicas no bairro de Santana e regi\u00e3o.\" \/>\n\t\t<meta property=\"og:type\" content=\"article\" \/>\n\t\t<meta property=\"og:title\" content=\"Santana: Anhembi recebe o Desfile C\u00edvico-Militar de 7 de Setembro \u00bb Encontra Santana\" \/>\n\t\t<meta property=\"og:description\" content=\"Pelo nono ano consecutivo, o desfile c\u00edvico e militar em comemora\u00e7\u00e3o \u00e0 Independ\u00eancia do Brasil vai ser realizado no P\u00f3lo Cultural e Esportivo Grande Otelo \u2013 Samb\u00f3dromo -, localizado no Parque Anhembi, zona norte de SP. O evento, nesta edi\u00e7\u00e3o, ter\u00e1, como no ano passado, sua ordem de desfiles alterada. Mais uma vez, os alunos\" \/>\n\t\t<meta property=\"og:url\" content=\"https:\/\/www.encontrasantana.com.br\/sobre\/santana-anhembi-recebe-o-desfile-civico-militar-de-7-de-setembro\/\" \/>\n\t\t<meta property=\"article:published_time\" content=\"2012-09-05T21:40:26+00:00\" \/>\n\t\t<meta property=\"article:modified_time\" content=\"2019-04-15T12:58:33+00:00\" \/>\n\t\t<meta name=\"twitter:card\" content=\"summary\" \/>\n\t\t<meta name=\"twitter:title\" content=\"Santana: Anhembi recebe o Desfile C\u00edvico-Militar de 7 de Setembro \u00bb Encontra Santana\" \/>\n\t\t<meta name=\"twitter:description\" content=\"Pelo nono ano consecutivo, o desfile c\u00edvico e militar em comemora\u00e7\u00e3o \u00e0 Independ\u00eancia do Brasil vai ser realizado no P\u00f3lo Cultural e Esportivo Grande Otelo \u2013 Samb\u00f3dromo -, localizado no Parque Anhembi, zona norte de SP. O evento, nesta edi\u00e7\u00e3o, ter\u00e1, como no ano passado, sua ordem de desfiles alterada. Mais uma vez, os alunos\" \/>\n\t\t<script type=\"application\/ld+json\" class=\"aioseo-schema\">\n\t\t\t{\"@context\":\"https:\\\/\\\/schema.org\",\"@graph\":[{\"@type\":\"Article\",\"@id\":\"https:\\\/\\\/www.encontrasantana.com.br\\\/sobre\\\/santana-anhembi-recebe-o-desfile-civico-militar-de-7-de-setembro\\\/#article\",\"name\":\"Santana: Anhembi recebe o Desfile C\\u00edvico-Militar de 7 de Setembro \\u00bb Encontra Santana\",\"headline\":\"Santana: Anhembi recebe o Desfile C\\u00edvico-Militar de 7 de Setembro\",\"author\":{\"@id\":\"https:\\\/\\\/www.encontrasantana.com.br\\\/sobre\\\/author\\\/esantana\\\/#author\"},\"publisher\":{\"@id\":\"https:\\\/\\\/www.encontrasantana.com.br\\\/sobre\\\/#organization\"},\"datePublished\":\"2012-09-05T18:40:26-03:00\",\"dateModified\":\"2019-04-15T09:58:33-03:00\",\"inLanguage\":\"pt-BR\",\"mainEntityOfPage\":{\"@id\":\"https:\\\/\\\/www.encontrasantana.com.br\\\/sobre\\\/santana-anhembi-recebe-o-desfile-civico-militar-de-7-de-setembro\\\/#webpage\"},\"isPartOf\":{\"@id\":\"https:\\\/\\\/www.encontrasantana.com.br\\\/sobre\\\/santana-anhembi-recebe-o-desfile-civico-militar-de-7-de-setembro\\\/#webpage\"},\"articleSection\":\"Not\\u00edcias Santana, Santana\"},{\"@type\":\"BreadcrumbList\",\"@id\":\"https:\\\/\\\/www.encontrasantana.com.br\\\/sobre\\\/santana-anhembi-recebe-o-desfile-civico-militar-de-7-de-setembro\\\/#breadcrumblist\",\"itemListElement\":[{\"@type\":\"ListItem\",\"@id\":\"https:\\\/\\\/www.encontrasantana.com.br\\\/sobre#listItem\",\"position\":1,\"name\":\"In\\u00edcio\",\"item\":\"https:\\\/\\\/www.encontrasantana.com.br\\\/sobre\",\"nextItem\":{\"@type\":\"ListItem\",\"@id\":\"https:\\\/\\\/www.encontrasantana.com.br\\\/sobre\\\/noticias-em-santana\\\/#listItem\",\"name\":\"Not\\u00edcias Santana\"}},{\"@type\":\"ListItem\",\"@id\":\"https:\\\/\\\/www.encontrasantana.com.br\\\/sobre\\\/noticias-em-santana\\\/#listItem\",\"position\":2,\"name\":\"Not\\u00edcias Santana\",\"item\":\"https:\\\/\\\/www.encontrasantana.com.br\\\/sobre\\\/noticias-em-santana\\\/\",\"nextItem\":{\"@type\":\"ListItem\",\"@id\":\"https:\\\/\\\/www.encontrasantana.com.br\\\/sobre\\\/santana-anhembi-recebe-o-desfile-civico-militar-de-7-de-setembro\\\/#listItem\",\"name\":\"Santana: Anhembi recebe o Desfile C\\u00edvico-Militar de 7 de Setembro\"},\"previousItem\":{\"@type\":\"ListItem\",\"@id\":\"https:\\\/\\\/www.encontrasantana.com.br\\\/sobre#listItem\",\"name\":\"In\\u00edcio\"}},{\"@type\":\"ListItem\",\"@id\":\"https:\\\/\\\/www.encontrasantana.com.br\\\/sobre\\\/santana-anhembi-recebe-o-desfile-civico-militar-de-7-de-setembro\\\/#listItem\",\"position\":3,\"name\":\"Santana: Anhembi recebe o Desfile C\\u00edvico-Militar de 7 de Setembro\",\"previousItem\":{\"@type\":\"ListItem\",\"@id\":\"https:\\\/\\\/www.encontrasantana.com.br\\\/sobre\\\/noticias-em-santana\\\/#listItem\",\"name\":\"Not\\u00edcias Santana\"}}]},{\"@type\":\"Organization\",\"@id\":\"https:\\\/\\\/www.encontrasantana.com.br\\\/sobre\\\/#organization\",\"name\":\"Encontra Santana\",\"description\":\"Not\\u00edcias, eventos, informa\\u00e7\\u00f5es e dicas no bairro de Santana e regi\\u00e3o.\",\"url\":\"https:\\\/\\\/www.encontrasantana.com.br\\\/sobre\\\/\"},{\"@type\":\"Person\",\"@id\":\"https:\\\/\\\/www.encontrasantana.com.br\\\/sobre\\\/author\\\/esantana\\\/#author\",\"url\":\"https:\\\/\\\/www.encontrasantana.com.br\\\/sobre\\\/author\\\/esantana\\\/\",\"name\":\"Encontra Santana\",\"image\":{\"@type\":\"ImageObject\",\"@id\":\"https:\\\/\\\/www.encontrasantana.com.br\\\/sobre\\\/santana-anhembi-recebe-o-desfile-civico-militar-de-7-de-setembro\\\/#authorImage\",\"url\":\"https:\\\/\\\/secure.gravatar.com\\\/avatar\\\/0fbed662e37531ae23e68f85f9517b2454e50c1dfebf80eb9b721449ac95e0b9?s=96&d=mm&r=g\",\"width\":96,\"height\":96,\"caption\":\"Encontra Santana\"}},{\"@type\":\"WebPage\",\"@id\":\"https:\\\/\\\/www.encontrasantana.com.br\\\/sobre\\\/santana-anhembi-recebe-o-desfile-civico-militar-de-7-de-setembro\\\/#webpage\",\"url\":\"https:\\\/\\\/www.encontrasantana.com.br\\\/sobre\\\/santana-anhembi-recebe-o-desfile-civico-militar-de-7-de-setembro\\\/\",\"name\":\"Santana: Anhembi recebe o Desfile C\\u00edvico-Militar de 7 de Setembro \\u00bb Encontra Santana\",\"description\":\"Pelo nono ano consecutivo, o desfile c\\u00edvico e militar em comemora\\u00e7\\u00e3o \\u00e0 Independ\\u00eancia do Brasil vai ser realizado no P\\u00f3lo Cultural e Esportivo Grande Otelo \\u2013 Samb\\u00f3dromo -, localizado no Parque Anhembi, zona norte de SP. O evento, nesta edi\\u00e7\\u00e3o, ter\\u00e1, como no ano passado, sua ordem de desfiles alterada. Mais uma vez, os alunos\",\"inLanguage\":\"pt-BR\",\"isPartOf\":{\"@id\":\"https:\\\/\\\/www.encontrasantana.com.br\\\/sobre\\\/#website\"},\"breadcrumb\":{\"@id\":\"https:\\\/\\\/www.encontrasantana.com.br\\\/sobre\\\/santana-anhembi-recebe-o-desfile-civico-militar-de-7-de-setembro\\\/#breadcrumblist\"},\"author\":{\"@id\":\"https:\\\/\\\/www.encontrasantana.com.br\\\/sobre\\\/author\\\/esantana\\\/#author\"},\"creator\":{\"@id\":\"https:\\\/\\\/www.encontrasantana.com.br\\\/sobre\\\/author\\\/esantana\\\/#author\"},\"datePublished\":\"2012-09-05T18:40:26-03:00\",\"dateModified\":\"2019-04-15T09:58:33-03:00\"},{\"@type\":\"WebSite\",\"@id\":\"https:\\\/\\\/www.encontrasantana.com.br\\\/sobre\\\/#website\",\"url\":\"https:\\\/\\\/www.encontrasantana.com.br\\\/sobre\\\/\",\"name\":\"Encontra Santana\",\"description\":\"Not\\u00edcias, eventos, informa\\u00e7\\u00f5es e dicas no bairro de Santana e regi\\u00e3o.\",\"inLanguage\":\"pt-BR\",\"publisher\":{\"@id\":\"https:\\\/\\\/www.encontrasantana.com.br\\\/sobre\\\/#organization\"}}]}\n\t\t<\/script>\n\t\t<!-- All in One SEO -->\n\n","aioseo_head_json":{"title":"Santana: Anhembi recebe o Desfile C\u00edvico-Militar de 7 de Setembro \u00bb Encontra Santana","description":"Pelo nono ano consecutivo, o desfile c\u00edvico e militar em comemora\u00e7\u00e3o \u00e0 Independ\u00eancia do Brasil vai ser realizado no P\u00f3lo Cultural e Esportivo Grande Otelo \u2013 Samb\u00f3dromo -, localizado no Parque Anhembi, zona norte de SP. O evento, nesta edi\u00e7\u00e3o, ter\u00e1, como no ano passado, sua ordem de desfiles alterada. Mais uma vez, os alunos","canonical_url":"https:\/\/www.encontrasantana.com.br\/sobre\/santana-anhembi-recebe-o-desfile-civico-militar-de-7-de-setembro\/","robots":"max-image-preview:large","keywords":"","webmasterTools":{"miscellaneous":""},"schema":{"@context":"https:\/\/schema.org","@graph":[{"@type":"Article","@id":"https:\/\/www.encontrasantana.com.br\/sobre\/santana-anhembi-recebe-o-desfile-civico-militar-de-7-de-setembro\/#article","name":"Santana: Anhembi recebe o Desfile C\u00edvico-Militar de 7 de Setembro \u00bb Encontra Santana","headline":"Santana: Anhembi recebe o Desfile C\u00edvico-Militar de 7 de Setembro","author":{"@id":"https:\/\/www.encontrasantana.com.br\/sobre\/author\/esantana\/#author"},"publisher":{"@id":"https:\/\/www.encontrasantana.com.br\/sobre\/#organization"},"datePublished":"2012-09-05T18:40:26-03:00","dateModified":"2019-04-15T09:58:33-03:00","inLanguage":"pt-BR","mainEntityOfPage":{"@id":"https:\/\/www.encontrasantana.com.br\/sobre\/santana-anhembi-recebe-o-desfile-civico-militar-de-7-de-setembro\/#webpage"},"isPartOf":{"@id":"https:\/\/www.encontrasantana.com.br\/sobre\/santana-anhembi-recebe-o-desfile-civico-militar-de-7-de-setembro\/#webpage"},"articleSection":"Not\u00edcias Santana, Santana"},{"@type":"BreadcrumbList","@id":"https:\/\/www.encontrasantana.com.br\/sobre\/santana-anhembi-recebe-o-desfile-civico-militar-de-7-de-setembro\/#breadcrumblist","itemListElement":[{"@type":"ListItem","@id":"https:\/\/www.encontrasantana.com.br\/sobre#listItem","position":1,"name":"In\u00edcio","item":"https:\/\/www.encontrasantana.com.br\/sobre","nextItem":{"@type":"ListItem","@id":"https:\/\/www.encontrasantana.com.br\/sobre\/noticias-em-santana\/#listItem","name":"Not\u00edcias Santana"}},{"@type":"ListItem","@id":"https:\/\/www.encontrasantana.com.br\/sobre\/noticias-em-santana\/#listItem","position":2,"name":"Not\u00edcias Santana","item":"https:\/\/www.encontrasantana.com.br\/sobre\/noticias-em-santana\/","nextItem":{"@type":"ListItem","@id":"https:\/\/www.encontrasantana.com.br\/sobre\/santana-anhembi-recebe-o-desfile-civico-militar-de-7-de-setembro\/#listItem","name":"Santana: Anhembi recebe o Desfile C\u00edvico-Militar de 7 de Setembro"},"previousItem":{"@type":"ListItem","@id":"https:\/\/www.encontrasantana.com.br\/sobre#listItem","name":"In\u00edcio"}},{"@type":"ListItem","@id":"https:\/\/www.encontrasantana.com.br\/sobre\/santana-anhembi-recebe-o-desfile-civico-militar-de-7-de-setembro\/#listItem","position":3,"name":"Santana: Anhembi recebe o Desfile C\u00edvico-Militar de 7 de Setembro","previousItem":{"@type":"ListItem","@id":"https:\/\/www.encontrasantana.com.br\/sobre\/noticias-em-santana\/#listItem","name":"Not\u00edcias Santana"}}]},{"@type":"Organization","@id":"https:\/\/www.encontrasantana.com.br\/sobre\/#organization","name":"Encontra Santana","description":"Not\u00edcias, eventos, informa\u00e7\u00f5es e dicas no bairro de Santana e regi\u00e3o.","url":"https:\/\/www.encontrasantana.com.br\/sobre\/"},{"@type":"Person","@id":"https:\/\/www.encontrasantana.com.br\/sobre\/author\/esantana\/#author","url":"https:\/\/www.encontrasantana.com.br\/sobre\/author\/esantana\/","name":"Encontra Santana","image":{"@type":"ImageObject","@id":"https:\/\/www.encontrasantana.com.br\/sobre\/santana-anhembi-recebe-o-desfile-civico-militar-de-7-de-setembro\/#authorImage","url":"https:\/\/secure.gravatar.com\/avatar\/0fbed662e37531ae23e68f85f9517b2454e50c1dfebf80eb9b721449ac95e0b9?s=96&d=mm&r=g","width":96,"height":96,"caption":"Encontra Santana"}},{"@type":"WebPage","@id":"https:\/\/www.encontrasantana.com.br\/sobre\/santana-anhembi-recebe-o-desfile-civico-militar-de-7-de-setembro\/#webpage","url":"https:\/\/www.encontrasantana.com.br\/sobre\/santana-anhembi-recebe-o-desfile-civico-militar-de-7-de-setembro\/","name":"Santana: Anhembi recebe o Desfile C\u00edvico-Militar de 7 de Setembro \u00bb Encontra Santana","description":"Pelo nono ano consecutivo, o desfile c\u00edvico e militar em comemora\u00e7\u00e3o \u00e0 Independ\u00eancia do Brasil vai ser realizado no P\u00f3lo Cultural e Esportivo Grande Otelo \u2013 Samb\u00f3dromo -, localizado no Parque Anhembi, zona norte de SP. O evento, nesta edi\u00e7\u00e3o, ter\u00e1, como no ano passado, sua ordem de desfiles alterada. Mais uma vez, os alunos","inLanguage":"pt-BR","isPartOf":{"@id":"https:\/\/www.encontrasantana.com.br\/sobre\/#website"},"breadcrumb":{"@id":"https:\/\/www.encontrasantana.com.br\/sobre\/santana-anhembi-recebe-o-desfile-civico-militar-de-7-de-setembro\/#breadcrumblist"},"author":{"@id":"https:\/\/www.encontrasantana.com.br\/sobre\/author\/esantana\/#author"},"creator":{"@id":"https:\/\/www.encontrasantana.com.br\/sobre\/author\/esantana\/#author"},"datePublished":"2012-09-05T18:40:26-03:00","dateModified":"2019-04-15T09:58:33-03:00"},{"@type":"WebSite","@id":"https:\/\/www.encontrasantana.com.br\/sobre\/#website","url":"https:\/\/www.encontrasantana.com.br\/sobre\/","name":"Encontra Santana","description":"Not\u00edcias, eventos, informa\u00e7\u00f5es e dicas no bairro de Santana e regi\u00e3o.","inLanguage":"pt-BR","publisher":{"@id":"https:\/\/www.encontrasantana.com.br\/sobre\/#organization"}}]},"og:locale":"pt_BR","og:site_name":"Encontra Santana | Not\u00edcias, eventos, informa\u00e7\u00f5es e dicas no bairro de Santana e regi\u00e3o.","og:type":"article","og:title":"Santana: Anhembi recebe o Desfile C\u00edvico-Militar de 7 de Setembro \u00bb Encontra Santana","og:description":"Pelo nono ano consecutivo, o desfile c\u00edvico e militar em comemora\u00e7\u00e3o \u00e0 Independ\u00eancia do Brasil vai ser realizado no P\u00f3lo Cultural e Esportivo Grande Otelo \u2013 Samb\u00f3dromo -, localizado no Parque Anhembi, zona norte de SP. O evento, nesta edi\u00e7\u00e3o, ter\u00e1, como no ano passado, sua ordem de desfiles alterada. Mais uma vez, os alunos","og:url":"https:\/\/www.encontrasantana.com.br\/sobre\/santana-anhembi-recebe-o-desfile-civico-militar-de-7-de-setembro\/","article:published_time":"2012-09-05T21:40:26+00:00","article:modified_time":"2019-04-15T12:58:33+00:00","twitter:card":"summary","twitter:title":"Santana: Anhembi recebe o Desfile C\u00edvico-Militar de 7 de Setembro \u00bb Encontra Santana","twitter:description":"Pelo nono ano consecutivo, o desfile c\u00edvico e militar em comemora\u00e7\u00e3o \u00e0 Independ\u00eancia do Brasil vai ser realizado no P\u00f3lo Cultural e Esportivo Grande Otelo \u2013 Samb\u00f3dromo -, localizado no Parque Anhembi, zona norte de SP. O evento, nesta edi\u00e7\u00e3o, ter\u00e1, como no ano passado, sua ordem de desfiles alterada. Mais uma vez, os alunos"},"aioseo_meta_data":{"post_id":"22161","title":null,"description":null,"keywords":null,"keyphrases":null,"primary_term":null,"canonical_url":null,"og_title":null,"og_description":null,"og_object_type":"default","og_image_type":"default","og_image_url":null,"og_image_width":null,"og_image_height":null,"og_image_custom_url":null,"og_image_custom_fields":null,"og_video":null,"og_custom_url":null,"og_article_section":null,"og_article_tags":null,"twitter_use_og":false,"twitter_card":"default","twitter_image_type":"default","twitter_image_url":null,"twitter_image_custom_url":null,"twitter_image_custom_fields":null,"twitter_title":null,"twitter_description":null,"schema":{"blockGraphs":[],"customGraphs":[],"default":{"data":{"Article":[],"Course":[],"Dataset":[],"FAQPage":[],"Movie":[],"Person":[],"Product":[],"ProductReview":[],"Car":[],"Recipe":[],"Service":[],"SoftwareApplication":[],"WebPage":[]},"graphName":"Article","isEnabled":true},"graphs":[]},"schema_type":null,"schema_type_options":null,"pillar_content":false,"robots_default":true,"robots_noindex":false,"robots_noarchive":false,"robots_nosnippet":false,"robots_nofollow":false,"robots_noimageindex":false,"robots_noodp":false,"robots_notranslate":false,"robots_max_snippet":null,"robots_max_videopreview":null,"robots_max_imagepreview":"large","priority":null,"frequency":null,"local_seo":null,"limit_modified_date":false,"created":"2021-04-20 19:13:27","updated":"2026-08-06 18:38:54","focus_keyword":null,"additional_keywords":null,"truseo_locale":null,"ai":null,"breadcrumb_settings":null,"seo_analyzer_scan_date":null},"aioseo_breadcrumb":"<div class=\"aioseo-breadcrumbs\"><span class=\"aioseo-breadcrumb\">\n\t\t\t<a href=\"https:\/\/www.encontrasantana.com.br\/sobre\" title=\"In\u00edcio\">In\u00edcio<\/a>\n\t\t<\/span><span class=\"aioseo-breadcrumb-separator\">&raquo;<\/span><span class=\"aioseo-breadcrumb\">\n\t\t\t<a href=\"https:\/\/www.encontrasantana.com.br\/sobre\/noticias-em-santana\/\" title=\"Not\u00edcias Santana\">Not\u00edcias Santana<\/a>\n\t\t<\/span><span class=\"aioseo-breadcrumb-separator\">&raquo;<\/span><span class=\"aioseo-breadcrumb\">\n\t\t\tSantana: Anhembi recebe o Desfile C\u00edvico-Militar de 7 de Setembro\n\t\t<\/span><\/div>","aioseo_breadcrumb_json":[{"label":"In\u00edcio","link":"https:\/\/www.encontrasantana.com.br\/sobre"},{"label":"Not\u00edcias Santana","link":"https:\/\/www.encontrasantana.com.br\/sobre\/noticias-em-santana\/"},{"label":"Santana: Anhembi recebe o Desfile C\u00edvico-Militar de 7 de Setembro","link":"https:\/\/www.encontrasantana.com.br\/sobre\/santana-anhembi-recebe-o-desfile-civico-militar-de-7-de-setembro\/"}],"_links":{"self":[{"href":"https:\/\/www.encontrasantana.com.br\/sobre\/wp-json\/wp\/v2\/posts\/22161","targetHints":{"allow":["GET"]}}],"collection":[{"href":"https:\/\/www.encontrasantana.com.br\/sobre\/wp-json\/wp\/v2\/posts"}],"about":[{"href":"https:\/\/www.encontrasantana.com.br\/sobre\/wp-json\/wp\/v2\/types\/post"}],"author":[{"embeddable":true,"href":"https:\/\/www.encontrasantana.com.br\/sobre\/wp-json\/wp\/v2\/users\/1"}],"replies":[{"embeddable":true,"href":"https:\/\/www.encontrasantana.com.br\/sobre\/wp-json\/wp\/v2\/comments?post=22161"}],"version-history":[{"count":0,"href":"https:\/\/www.encontrasantana.com.br\/sobre\/wp-json\/wp\/v2\/posts\/22161\/revisions"}],"wp:attachment":[{"href":"https:\/\/www.encontrasantana.com.br\/sobre\/wp-json\/wp\/v2\/media?parent=22161"}],"wp:term":[{"taxonomy":"category","embeddable":true,"href":"https:\/\/www.encontrasantana.com.br\/sobre\/wp-json\/wp\/v2\/categories?post=22161"},{"taxonomy":"post_tag","embeddable":true,"href":"https:\/\/www.encontrasantana.com.br\/sobre\/wp-json\/wp\/v2\/tags?post=22161"}],"curies":[{"name":"wp","href":"https:\/\/api.w.org\/{rel}","templated":true}]}}