{"id":2371,"date":"2011-12-02T17:43:14","date_gmt":"2011-12-02T20:43:14","guid":{"rendered":"http:\/\/www.encontrasantana.com.br\/blog\/?p=2371"},"modified":"2019-04-15T10:01:41","modified_gmt":"2019-04-15T13:01:41","slug":"testemunhas-dizem-a-policia-que-empresario-reagiu-a-assalto-em-santana","status":"publish","type":"post","link":"https:\/\/www.encontrasantana.com.br\/sobre\/testemunhas-dizem-a-policia-que-empresario-reagiu-a-assalto-em-santana\/","title":{"rendered":"Testemunhas dizem \u00e0 pol\u00edcia que empres\u00e1rio reagiu a assalto em Santana"},"content":{"rendered":"<div class=\"1acf8468e559fd3cbeec5aee3a269a52\" data-index=\"1\" style=\"float: none; margin:0px;\">\n<!-- Anuncio display - global -->\r\n<ins class=\"adsbygoogle\"\r\n     style=\"display:block\"\r\n     data-ad-client=\"ca-pub-8585364105181520\"\r\n     data-ad-slot=\"8789329856\"\r\n     data-ad-format=\"auto\"\r\n     data-full-width-responsive=\"true\"><\/ins>\r\n<script>\r\n     (adsbygoogle = window.adsbygoogle || []).push({});\r\n<\/script>\n<\/div>\n<p>Testemunhas disseram \u00e0 Pol\u00edcia Civil que o comerciante Pedro Alberto Pereira, de 46 anos, foi morto com um tiro no peito ap\u00f3s reagir a um assalto anunciado por um homem armado que abordou a v\u00edtima quando ela parou seu carro, um Audi A3, no sinal vermelho do sem\u00e1foro que fica no cruzamento das esquinas das ruas Volunt\u00e1rios da P\u00e1tria com a Santa Eul\u00e1lia, no bairro Santana. As informa\u00e7\u00f5es das testemunhas est\u00e3o no boletim de ocorr\u00eancia feito no 13 Distrito Policial, Casa Verde, para investigar o caso.<\/p>\n<p>O crime ocorreu na noite de quinta-feira (1) e foi registrado como homic\u00eddio. Como o criminoso fugiu ap\u00f3s o disparo sem ser identificado e a autoria do assassinato ainda \u00e9 desconhecida, o caso dever\u00e1 ser apurado pelo Departamento de Homic\u00eddios e de Prote\u00e7\u00e3o \u00e0 Pessoa (DHPP).<\/p>\n<p>Segundo prostitutas e travestis que fazem programas sexuais em troca de dinheiro durante \u00e0 noite em ruas pr\u00f3ximas, o motorista arrancou com o carro quando o assaltante se aproximou e anunciou o roubo, por volta das 23h. N\u00e3o foi informado o que o bandido estaria querendo. Em seguida, foi escutado um disparo pelas testemunhas. Mesmo baleado, Pereira ainda conduziu o seu ve\u00edculo at\u00e9 o Pronto Socorro Municipal Doutor Lauro Ribas Braga, que fica na esquina de onde ele foi atingido. O autom\u00f3vel chegou a colidir na parede da unidade m\u00e9dica.<\/p>\n<p>\u201cEle [motorista] n\u00e3o fez a curva e bateu aqui na parede. Eu dei um pulo para tr\u00e1s. Depois vi que tinha sangue no abdome dele e come\u00e7aram a gritar: \u2018baleado, baleado!\u2019. Ele ainda falou: \u2018socorro\u2019, virou a cabe\u00e7a de lado e foi socorrido pelos enfermeiros. Disseram que a bala atravessou seu pulm\u00e3o e saiu. O hospital parou por causa disso\u201d, disse a dona de casa Jane Regina Silveira Santos, que acompanhava um paciente no hospital municipal.<\/p>\n<p>Procurada, a assessoria de imprensa da Secretaria Municipal de Sa\u00fade, confirmou que Pereira foi socorrido ainda com vida na unidade, mas n\u00e3o resistiu ao ferimento causado por arma de fogo que atingiu seu t\u00f3rax e morreu em seguida.<\/p>\n<p>O irm\u00e3o da v\u00edtima, um t\u00e9cnico, afirmou \u00e0 pol\u00edcia que sentiu a falta de uma corrente de ouro que Pereira usava no pesco\u00e7o. A suspeita \u00e9 que ela tenha sido levada pelo criminoso. Procurado pelo\u00a0<strong>G1<\/strong>, ele n\u00e3o quis falar sobre o caso. At\u00e9 o in\u00edcio desta manh\u00e3, o corpo do comerciante estava no Instituto M\u00e9dico Legal (IML) para ser liberado. Investigadores informaram que a v\u00edtima era separada e tinha um filho e um neto. Atualmente, ela trabalharia no ramo de transportes de moto frete e estaria querendo abrir uma choperia.<\/p>\n<p>De acordo com a Pol\u00edcia Militar, o vidro do lado do motorista do carro de Pereira foi encontrado entreaberto. Havia sangue no banco. A Pol\u00edcia Civil vai requisitar imagens de c\u00e2meras de seguran\u00e7a da regi\u00e3o para saber se elas gravaram a a\u00e7\u00e3o.<\/p>\n<p><em>Fonte &#8211; G1<\/em><\/p>\n\n<div style=\"font-size: 0px; height: 0px; line-height: 0px; margin: 0; padding: 0; clear: both;\"><\/div>","protected":false},"excerpt":{"rendered":"<p>Testemunhas disseram \u00e0 Pol\u00edcia Civil que o comerciante Pedro Alberto Pereira, de 46 anos, foi morto com um tiro no peito ap\u00f3s reagir a um assalto anunciado por um homem armado que abordou a v\u00edtima quando ela parou seu carro, um Audi A3, no sinal vermelho do sem\u00e1foro que fica no cruzamento das esquinas das ruas Volunt\u00e1rios da P\u00e1tria com a Santa Eul\u00e1lia, no bairro Santana. As informa\u00e7\u00f5es das testemunhas est\u00e3o no boletim de ocorr\u00eancia feito no 13 Distrito Policial, Casa Verde, para investigar o caso. O crime ocorreu na noite de quinta-feira (1) e foi registrado como homic\u00eddio. Como <\/p>\n","protected":false},"author":1,"featured_media":0,"comment_status":"open","ping_status":"closed","sticky":false,"template":"","format":"standard","meta":{"footnotes":""},"categories":[3],"tags":[10],"class_list":["post-2371","post","type-post","status-publish","format-standard","hentry","category-noticias-em-santana","tag-santana"],"aioseo_notices":[],"aioseo_head":"\n\t\t<!-- All in One SEO 5.0.0.1 - aioseo.com -->\n\t<meta name=\"description\" content=\"Testemunhas disseram \u00e0 Pol\u00edcia Civil que o comerciante Pedro Alberto Pereira, de 46 anos, foi morto com um tiro no peito ap\u00f3s reagir a um assalto anunciado por um homem armado que abordou a v\u00edtima quando ela parou seu carro, um Audi A3, no sinal vermelho do sem\u00e1foro que fica no cruzamento das esquinas das\" \/>\n\t<meta name=\"robots\" content=\"max-image-preview:large\" \/>\n\t<meta name=\"author\" content=\"Encontra Santana\"\/>\n\t<link rel=\"canonical\" href=\"https:\/\/www.encontrasantana.com.br\/sobre\/testemunhas-dizem-a-policia-que-empresario-reagiu-a-assalto-em-santana\/\" \/>\n\t<meta name=\"generator\" content=\"All in One SEO (AIOSEO) 5.0.0.1\" \/>\n\t\t<meta property=\"og:locale\" content=\"pt_BR\" \/>\n\t\t<meta property=\"og:site_name\" content=\"Encontra Santana | Not\u00edcias, eventos, informa\u00e7\u00f5es e dicas no bairro de Santana e regi\u00e3o.\" \/>\n\t\t<meta property=\"og:type\" content=\"article\" \/>\n\t\t<meta property=\"og:title\" content=\"Testemunhas dizem \u00e0 pol\u00edcia que empres\u00e1rio reagiu a assalto em Santana \u00bb Encontra Santana\" \/>\n\t\t<meta property=\"og:description\" content=\"Testemunhas disseram \u00e0 Pol\u00edcia Civil que o comerciante Pedro Alberto Pereira, de 46 anos, foi morto com um tiro no peito ap\u00f3s reagir a um assalto anunciado por um homem armado que abordou a v\u00edtima quando ela parou seu carro, um Audi A3, no sinal vermelho do sem\u00e1foro que fica no cruzamento das esquinas das\" \/>\n\t\t<meta property=\"og:url\" content=\"https:\/\/www.encontrasantana.com.br\/sobre\/testemunhas-dizem-a-policia-que-empresario-reagiu-a-assalto-em-santana\/\" \/>\n\t\t<meta property=\"article:published_time\" content=\"2011-12-02T20:43:14+00:00\" \/>\n\t\t<meta property=\"article:modified_time\" content=\"2019-04-15T13:01:41+00:00\" \/>\n\t\t<meta name=\"twitter:card\" content=\"summary\" \/>\n\t\t<meta name=\"twitter:title\" content=\"Testemunhas dizem \u00e0 pol\u00edcia que empres\u00e1rio reagiu a assalto em Santana \u00bb Encontra Santana\" \/>\n\t\t<meta name=\"twitter:description\" content=\"Testemunhas disseram \u00e0 Pol\u00edcia Civil que o comerciante Pedro Alberto Pereira, de 46 anos, foi morto com um tiro no peito ap\u00f3s reagir a um assalto anunciado por um homem armado que abordou a v\u00edtima quando ela parou seu carro, um Audi A3, no sinal vermelho do sem\u00e1foro que fica no cruzamento das esquinas das\" \/>\n\t\t<script type=\"application\/ld+json\" class=\"aioseo-schema\">\n\t\t\t{\"@context\":\"https:\\\/\\\/schema.org\",\"@graph\":[{\"@type\":\"Article\",\"@id\":\"https:\\\/\\\/www.encontrasantana.com.br\\\/sobre\\\/testemunhas-dizem-a-policia-que-empresario-reagiu-a-assalto-em-santana\\\/#article\",\"name\":\"Testemunhas dizem \\u00e0 pol\\u00edcia que empres\\u00e1rio reagiu a assalto em Santana \\u00bb Encontra Santana\",\"headline\":\"Testemunhas dizem \\u00e0 pol\\u00edcia que empres\\u00e1rio reagiu a assalto em Santana\",\"author\":{\"@id\":\"https:\\\/\\\/www.encontrasantana.com.br\\\/sobre\\\/author\\\/esantana\\\/#author\"},\"publisher\":{\"@id\":\"https:\\\/\\\/www.encontrasantana.com.br\\\/sobre\\\/#organization\"},\"datePublished\":\"2011-12-02T17:43:14-03:00\",\"dateModified\":\"2019-04-15T10:01:41-03:00\",\"inLanguage\":\"pt-BR\",\"mainEntityOfPage\":{\"@id\":\"https:\\\/\\\/www.encontrasantana.com.br\\\/sobre\\\/testemunhas-dizem-a-policia-que-empresario-reagiu-a-assalto-em-santana\\\/#webpage\"},\"isPartOf\":{\"@id\":\"https:\\\/\\\/www.encontrasantana.com.br\\\/sobre\\\/testemunhas-dizem-a-policia-que-empresario-reagiu-a-assalto-em-santana\\\/#webpage\"},\"articleSection\":\"Not\\u00edcias Santana, Santana\"},{\"@type\":\"BreadcrumbList\",\"@id\":\"https:\\\/\\\/www.encontrasantana.com.br\\\/sobre\\\/testemunhas-dizem-a-policia-que-empresario-reagiu-a-assalto-em-santana\\\/#breadcrumblist\",\"itemListElement\":[{\"@type\":\"ListItem\",\"@id\":\"https:\\\/\\\/www.encontrasantana.com.br\\\/sobre#listItem\",\"position\":1,\"name\":\"In\\u00edcio\",\"item\":\"https:\\\/\\\/www.encontrasantana.com.br\\\/sobre\",\"nextItem\":{\"@type\":\"ListItem\",\"@id\":\"https:\\\/\\\/www.encontrasantana.com.br\\\/sobre\\\/noticias-em-santana\\\/#listItem\",\"name\":\"Not\\u00edcias Santana\"}},{\"@type\":\"ListItem\",\"@id\":\"https:\\\/\\\/www.encontrasantana.com.br\\\/sobre\\\/noticias-em-santana\\\/#listItem\",\"position\":2,\"name\":\"Not\\u00edcias Santana\",\"item\":\"https:\\\/\\\/www.encontrasantana.com.br\\\/sobre\\\/noticias-em-santana\\\/\",\"nextItem\":{\"@type\":\"ListItem\",\"@id\":\"https:\\\/\\\/www.encontrasantana.com.br\\\/sobre\\\/testemunhas-dizem-a-policia-que-empresario-reagiu-a-assalto-em-santana\\\/#listItem\",\"name\":\"Testemunhas dizem \\u00e0 pol\\u00edcia que empres\\u00e1rio reagiu a assalto em Santana\"},\"previousItem\":{\"@type\":\"ListItem\",\"@id\":\"https:\\\/\\\/www.encontrasantana.com.br\\\/sobre#listItem\",\"name\":\"In\\u00edcio\"}},{\"@type\":\"ListItem\",\"@id\":\"https:\\\/\\\/www.encontrasantana.com.br\\\/sobre\\\/testemunhas-dizem-a-policia-que-empresario-reagiu-a-assalto-em-santana\\\/#listItem\",\"position\":3,\"name\":\"Testemunhas dizem \\u00e0 pol\\u00edcia que empres\\u00e1rio reagiu a assalto em Santana\",\"previousItem\":{\"@type\":\"ListItem\",\"@id\":\"https:\\\/\\\/www.encontrasantana.com.br\\\/sobre\\\/noticias-em-santana\\\/#listItem\",\"name\":\"Not\\u00edcias Santana\"}}]},{\"@type\":\"Organization\",\"@id\":\"https:\\\/\\\/www.encontrasantana.com.br\\\/sobre\\\/#organization\",\"name\":\"Encontra Santana\",\"description\":\"Not\\u00edcias, eventos, informa\\u00e7\\u00f5es e dicas no bairro de Santana e regi\\u00e3o.\",\"url\":\"https:\\\/\\\/www.encontrasantana.com.br\\\/sobre\\\/\"},{\"@type\":\"Person\",\"@id\":\"https:\\\/\\\/www.encontrasantana.com.br\\\/sobre\\\/author\\\/esantana\\\/#author\",\"url\":\"https:\\\/\\\/www.encontrasantana.com.br\\\/sobre\\\/author\\\/esantana\\\/\",\"name\":\"Encontra Santana\",\"image\":{\"@type\":\"ImageObject\",\"@id\":\"https:\\\/\\\/www.encontrasantana.com.br\\\/sobre\\\/testemunhas-dizem-a-policia-que-empresario-reagiu-a-assalto-em-santana\\\/#authorImage\",\"url\":\"https:\\\/\\\/secure.gravatar.com\\\/avatar\\\/0fbed662e37531ae23e68f85f9517b2454e50c1dfebf80eb9b721449ac95e0b9?s=96&d=mm&r=g\",\"width\":96,\"height\":96,\"caption\":\"Encontra Santana\"}},{\"@type\":\"WebPage\",\"@id\":\"https:\\\/\\\/www.encontrasantana.com.br\\\/sobre\\\/testemunhas-dizem-a-policia-que-empresario-reagiu-a-assalto-em-santana\\\/#webpage\",\"url\":\"https:\\\/\\\/www.encontrasantana.com.br\\\/sobre\\\/testemunhas-dizem-a-policia-que-empresario-reagiu-a-assalto-em-santana\\\/\",\"name\":\"Testemunhas dizem \\u00e0 pol\\u00edcia que empres\\u00e1rio reagiu a assalto em Santana \\u00bb Encontra Santana\",\"description\":\"Testemunhas disseram \\u00e0 Pol\\u00edcia Civil que o comerciante Pedro Alberto Pereira, de 46 anos, foi morto com um tiro no peito ap\\u00f3s reagir a um assalto anunciado por um homem armado que abordou a v\\u00edtima quando ela parou seu carro, um Audi A3, no sinal vermelho do sem\\u00e1foro que fica no cruzamento das esquinas das\",\"inLanguage\":\"pt-BR\",\"isPartOf\":{\"@id\":\"https:\\\/\\\/www.encontrasantana.com.br\\\/sobre\\\/#website\"},\"breadcrumb\":{\"@id\":\"https:\\\/\\\/www.encontrasantana.com.br\\\/sobre\\\/testemunhas-dizem-a-policia-que-empresario-reagiu-a-assalto-em-santana\\\/#breadcrumblist\"},\"author\":{\"@id\":\"https:\\\/\\\/www.encontrasantana.com.br\\\/sobre\\\/author\\\/esantana\\\/#author\"},\"creator\":{\"@id\":\"https:\\\/\\\/www.encontrasantana.com.br\\\/sobre\\\/author\\\/esantana\\\/#author\"},\"datePublished\":\"2011-12-02T17:43:14-03:00\",\"dateModified\":\"2019-04-15T10:01:41-03:00\"},{\"@type\":\"WebSite\",\"@id\":\"https:\\\/\\\/www.encontrasantana.com.br\\\/sobre\\\/#website\",\"url\":\"https:\\\/\\\/www.encontrasantana.com.br\\\/sobre\\\/\",\"name\":\"Encontra Santana\",\"description\":\"Not\\u00edcias, eventos, informa\\u00e7\\u00f5es e dicas no bairro de Santana e regi\\u00e3o.\",\"inLanguage\":\"pt-BR\",\"publisher\":{\"@id\":\"https:\\\/\\\/www.encontrasantana.com.br\\\/sobre\\\/#organization\"}}]}\n\t\t<\/script>\n\t\t<!-- All in One SEO -->\n\n","aioseo_head_json":{"title":"Testemunhas dizem \u00e0 pol\u00edcia que empres\u00e1rio reagiu a assalto em Santana \u00bb Encontra Santana","description":"Testemunhas disseram \u00e0 Pol\u00edcia Civil que o comerciante Pedro Alberto Pereira, de 46 anos, foi morto com um tiro no peito ap\u00f3s reagir a um assalto anunciado por um homem armado que abordou a v\u00edtima quando ela parou seu carro, um Audi A3, no sinal vermelho do sem\u00e1foro que fica no cruzamento das esquinas das","canonical_url":"https:\/\/www.encontrasantana.com.br\/sobre\/testemunhas-dizem-a-policia-que-empresario-reagiu-a-assalto-em-santana\/","robots":"max-image-preview:large","keywords":"","webmasterTools":{"miscellaneous":""},"schema":{"@context":"https:\/\/schema.org","@graph":[{"@type":"Article","@id":"https:\/\/www.encontrasantana.com.br\/sobre\/testemunhas-dizem-a-policia-que-empresario-reagiu-a-assalto-em-santana\/#article","name":"Testemunhas dizem \u00e0 pol\u00edcia que empres\u00e1rio reagiu a assalto em Santana \u00bb Encontra Santana","headline":"Testemunhas dizem \u00e0 pol\u00edcia que empres\u00e1rio reagiu a assalto em Santana","author":{"@id":"https:\/\/www.encontrasantana.com.br\/sobre\/author\/esantana\/#author"},"publisher":{"@id":"https:\/\/www.encontrasantana.com.br\/sobre\/#organization"},"datePublished":"2011-12-02T17:43:14-03:00","dateModified":"2019-04-15T10:01:41-03:00","inLanguage":"pt-BR","mainEntityOfPage":{"@id":"https:\/\/www.encontrasantana.com.br\/sobre\/testemunhas-dizem-a-policia-que-empresario-reagiu-a-assalto-em-santana\/#webpage"},"isPartOf":{"@id":"https:\/\/www.encontrasantana.com.br\/sobre\/testemunhas-dizem-a-policia-que-empresario-reagiu-a-assalto-em-santana\/#webpage"},"articleSection":"Not\u00edcias Santana, Santana"},{"@type":"BreadcrumbList","@id":"https:\/\/www.encontrasantana.com.br\/sobre\/testemunhas-dizem-a-policia-que-empresario-reagiu-a-assalto-em-santana\/#breadcrumblist","itemListElement":[{"@type":"ListItem","@id":"https:\/\/www.encontrasantana.com.br\/sobre#listItem","position":1,"name":"In\u00edcio","item":"https:\/\/www.encontrasantana.com.br\/sobre","nextItem":{"@type":"ListItem","@id":"https:\/\/www.encontrasantana.com.br\/sobre\/noticias-em-santana\/#listItem","name":"Not\u00edcias Santana"}},{"@type":"ListItem","@id":"https:\/\/www.encontrasantana.com.br\/sobre\/noticias-em-santana\/#listItem","position":2,"name":"Not\u00edcias Santana","item":"https:\/\/www.encontrasantana.com.br\/sobre\/noticias-em-santana\/","nextItem":{"@type":"ListItem","@id":"https:\/\/www.encontrasantana.com.br\/sobre\/testemunhas-dizem-a-policia-que-empresario-reagiu-a-assalto-em-santana\/#listItem","name":"Testemunhas dizem \u00e0 pol\u00edcia que empres\u00e1rio reagiu a assalto em Santana"},"previousItem":{"@type":"ListItem","@id":"https:\/\/www.encontrasantana.com.br\/sobre#listItem","name":"In\u00edcio"}},{"@type":"ListItem","@id":"https:\/\/www.encontrasantana.com.br\/sobre\/testemunhas-dizem-a-policia-que-empresario-reagiu-a-assalto-em-santana\/#listItem","position":3,"name":"Testemunhas dizem \u00e0 pol\u00edcia que empres\u00e1rio reagiu a assalto em Santana","previousItem":{"@type":"ListItem","@id":"https:\/\/www.encontrasantana.com.br\/sobre\/noticias-em-santana\/#listItem","name":"Not\u00edcias Santana"}}]},{"@type":"Organization","@id":"https:\/\/www.encontrasantana.com.br\/sobre\/#organization","name":"Encontra Santana","description":"Not\u00edcias, eventos, informa\u00e7\u00f5es e dicas no bairro de Santana e regi\u00e3o.","url":"https:\/\/www.encontrasantana.com.br\/sobre\/"},{"@type":"Person","@id":"https:\/\/www.encontrasantana.com.br\/sobre\/author\/esantana\/#author","url":"https:\/\/www.encontrasantana.com.br\/sobre\/author\/esantana\/","name":"Encontra Santana","image":{"@type":"ImageObject","@id":"https:\/\/www.encontrasantana.com.br\/sobre\/testemunhas-dizem-a-policia-que-empresario-reagiu-a-assalto-em-santana\/#authorImage","url":"https:\/\/secure.gravatar.com\/avatar\/0fbed662e37531ae23e68f85f9517b2454e50c1dfebf80eb9b721449ac95e0b9?s=96&d=mm&r=g","width":96,"height":96,"caption":"Encontra Santana"}},{"@type":"WebPage","@id":"https:\/\/www.encontrasantana.com.br\/sobre\/testemunhas-dizem-a-policia-que-empresario-reagiu-a-assalto-em-santana\/#webpage","url":"https:\/\/www.encontrasantana.com.br\/sobre\/testemunhas-dizem-a-policia-que-empresario-reagiu-a-assalto-em-santana\/","name":"Testemunhas dizem \u00e0 pol\u00edcia que empres\u00e1rio reagiu a assalto em Santana \u00bb Encontra Santana","description":"Testemunhas disseram \u00e0 Pol\u00edcia Civil que o comerciante Pedro Alberto Pereira, de 46 anos, foi morto com um tiro no peito ap\u00f3s reagir a um assalto anunciado por um homem armado que abordou a v\u00edtima quando ela parou seu carro, um Audi A3, no sinal vermelho do sem\u00e1foro que fica no cruzamento das esquinas das","inLanguage":"pt-BR","isPartOf":{"@id":"https:\/\/www.encontrasantana.com.br\/sobre\/#website"},"breadcrumb":{"@id":"https:\/\/www.encontrasantana.com.br\/sobre\/testemunhas-dizem-a-policia-que-empresario-reagiu-a-assalto-em-santana\/#breadcrumblist"},"author":{"@id":"https:\/\/www.encontrasantana.com.br\/sobre\/author\/esantana\/#author"},"creator":{"@id":"https:\/\/www.encontrasantana.com.br\/sobre\/author\/esantana\/#author"},"datePublished":"2011-12-02T17:43:14-03:00","dateModified":"2019-04-15T10:01:41-03:00"},{"@type":"WebSite","@id":"https:\/\/www.encontrasantana.com.br\/sobre\/#website","url":"https:\/\/www.encontrasantana.com.br\/sobre\/","name":"Encontra Santana","description":"Not\u00edcias, eventos, informa\u00e7\u00f5es e dicas no bairro de Santana e regi\u00e3o.","inLanguage":"pt-BR","publisher":{"@id":"https:\/\/www.encontrasantana.com.br\/sobre\/#organization"}}]},"og:locale":"pt_BR","og:site_name":"Encontra Santana | Not\u00edcias, eventos, informa\u00e7\u00f5es e dicas no bairro de Santana e regi\u00e3o.","og:type":"article","og:title":"Testemunhas dizem \u00e0 pol\u00edcia que empres\u00e1rio reagiu a assalto em Santana \u00bb Encontra Santana","og:description":"Testemunhas disseram \u00e0 Pol\u00edcia Civil que o comerciante Pedro Alberto Pereira, de 46 anos, foi morto com um tiro no peito ap\u00f3s reagir a um assalto anunciado por um homem armado que abordou a v\u00edtima quando ela parou seu carro, um Audi A3, no sinal vermelho do sem\u00e1foro que fica no cruzamento das esquinas das","og:url":"https:\/\/www.encontrasantana.com.br\/sobre\/testemunhas-dizem-a-policia-que-empresario-reagiu-a-assalto-em-santana\/","article:published_time":"2011-12-02T20:43:14+00:00","article:modified_time":"2019-04-15T13:01:41+00:00","twitter:card":"summary","twitter:title":"Testemunhas dizem \u00e0 pol\u00edcia que empres\u00e1rio reagiu a assalto em Santana \u00bb Encontra Santana","twitter:description":"Testemunhas disseram \u00e0 Pol\u00edcia Civil que o comerciante Pedro Alberto Pereira, de 46 anos, foi morto com um tiro no peito ap\u00f3s reagir a um assalto anunciado por um homem armado que abordou a v\u00edtima quando ela parou seu carro, um Audi A3, no sinal vermelho do sem\u00e1foro que fica no cruzamento das esquinas das"},"aioseo_meta_data":{"post_id":"2371","title":null,"description":null,"keywords":null,"keyphrases":null,"primary_term":null,"canonical_url":null,"og_title":null,"og_description":null,"og_object_type":"default","og_image_type":"default","og_image_url":null,"og_image_width":null,"og_image_height":null,"og_image_custom_url":null,"og_image_custom_fields":null,"og_video":null,"og_custom_url":null,"og_article_section":null,"og_article_tags":null,"twitter_use_og":false,"twitter_card":"default","twitter_image_type":"default","twitter_image_url":null,"twitter_image_custom_url":null,"twitter_image_custom_fields":null,"twitter_title":null,"twitter_description":null,"schema":{"blockGraphs":[],"customGraphs":[],"default":{"data":{"Article":[],"Course":[],"Dataset":[],"FAQPage":[],"Movie":[],"Person":[],"Product":[],"ProductReview":[],"Car":[],"Recipe":[],"Service":[],"SoftwareApplication":[],"WebPage":[]},"graphName":"Article","isEnabled":true},"graphs":[]},"schema_type":null,"schema_type_options":null,"pillar_content":false,"robots_default":true,"robots_noindex":false,"robots_noarchive":false,"robots_nosnippet":false,"robots_nofollow":false,"robots_noimageindex":false,"robots_noodp":false,"robots_notranslate":false,"robots_max_snippet":null,"robots_max_videopreview":null,"robots_max_imagepreview":"large","priority":null,"frequency":null,"local_seo":null,"limit_modified_date":false,"created":"2021-04-21 00:37:42","updated":"2026-08-06 10:22:07","focus_keyword":null,"additional_keywords":null,"truseo_locale":null,"ai":null,"breadcrumb_settings":null,"seo_analyzer_scan_date":null},"aioseo_breadcrumb":"<div class=\"aioseo-breadcrumbs\"><span class=\"aioseo-breadcrumb\">\n\t\t\t<a href=\"https:\/\/www.encontrasantana.com.br\/sobre\" title=\"In\u00edcio\">In\u00edcio<\/a>\n\t\t<\/span><span class=\"aioseo-breadcrumb-separator\">&raquo;<\/span><span class=\"aioseo-breadcrumb\">\n\t\t\t<a href=\"https:\/\/www.encontrasantana.com.br\/sobre\/noticias-em-santana\/\" title=\"Not\u00edcias Santana\">Not\u00edcias Santana<\/a>\n\t\t<\/span><span class=\"aioseo-breadcrumb-separator\">&raquo;<\/span><span class=\"aioseo-breadcrumb\">\n\t\t\tTestemunhas dizem \u00e0 pol\u00edcia que empres\u00e1rio reagiu a assalto em Santana\n\t\t<\/span><\/div>","aioseo_breadcrumb_json":[{"label":"In\u00edcio","link":"https:\/\/www.encontrasantana.com.br\/sobre"},{"label":"Not\u00edcias Santana","link":"https:\/\/www.encontrasantana.com.br\/sobre\/noticias-em-santana\/"},{"label":"Testemunhas dizem \u00e0 pol\u00edcia que empres\u00e1rio reagiu a assalto em Santana","link":"https:\/\/www.encontrasantana.com.br\/sobre\/testemunhas-dizem-a-policia-que-empresario-reagiu-a-assalto-em-santana\/"}],"_links":{"self":[{"href":"https:\/\/www.encontrasantana.com.br\/sobre\/wp-json\/wp\/v2\/posts\/2371","targetHints":{"allow":["GET"]}}],"collection":[{"href":"https:\/\/www.encontrasantana.com.br\/sobre\/wp-json\/wp\/v2\/posts"}],"about":[{"href":"https:\/\/www.encontrasantana.com.br\/sobre\/wp-json\/wp\/v2\/types\/post"}],"author":[{"embeddable":true,"href":"https:\/\/www.encontrasantana.com.br\/sobre\/wp-json\/wp\/v2\/users\/1"}],"replies":[{"embeddable":true,"href":"https:\/\/www.encontrasantana.com.br\/sobre\/wp-json\/wp\/v2\/comments?post=2371"}],"version-history":[{"count":0,"href":"https:\/\/www.encontrasantana.com.br\/sobre\/wp-json\/wp\/v2\/posts\/2371\/revisions"}],"wp:attachment":[{"href":"https:\/\/www.encontrasantana.com.br\/sobre\/wp-json\/wp\/v2\/media?parent=2371"}],"wp:term":[{"taxonomy":"category","embeddable":true,"href":"https:\/\/www.encontrasantana.com.br\/sobre\/wp-json\/wp\/v2\/categories?post=2371"},{"taxonomy":"post_tag","embeddable":true,"href":"https:\/\/www.encontrasantana.com.br\/sobre\/wp-json\/wp\/v2\/tags?post=2371"}],"curies":[{"name":"wp","href":"https:\/\/api.w.org\/{rel}","templated":true}]}}