{"id":2385,"date":"2011-12-07T17:38:31","date_gmt":"2011-12-07T20:38:31","guid":{"rendered":"http:\/\/www.encontrasantana.com.br\/blog\/?p=2385"},"modified":"2019-04-15T10:01:38","modified_gmt":"2019-04-15T13:01:38","slug":"pela-primeira-vez-no-brasil-festival-sonar-acontece-em-santana-e-confirma-shows-de-bjork-e-justice","status":"publish","type":"post","link":"https:\/\/www.encontrasantana.com.br\/sobre\/pela-primeira-vez-no-brasil-festival-sonar-acontece-em-santana-e-confirma-shows-de-bjork-e-justice\/","title":{"rendered":"Pela primeira vez no Brasil, festival S\u00f3nar acontece em Santana e confirma shows de Bj\u00f6rk e Justice"},"content":{"rendered":"<div class=\"1acf8468e559fd3cbeec5aee3a269a52\" data-index=\"1\" style=\"float: none; margin:0px;\">\n<!-- Anuncio display - global -->\r\n<ins class=\"adsbygoogle\"\r\n     style=\"display:block\"\r\n     data-ad-client=\"ca-pub-8585364105181520\"\r\n     data-ad-slot=\"8789329856\"\r\n     data-ad-format=\"auto\"\r\n     data-full-width-responsive=\"true\"><\/ins>\r\n<script>\r\n     (adsbygoogle = window.adsbygoogle || []).push({});\r\n<\/script>\n<\/div>\n<p>Nos dias 11 e 12 de maio de 2012, o\u00a0<a href=\"http:\/\/www.encontrasantana.com.br\/santana\/anhembi-em-santana.shtml\" target=\"_blank\">Parque Anhembi<\/a>\u00a0receber\u00e1 o festival S\u00f3nar S\u00e3o Paulo. Entre os artistas escalados para o evento,\u00a0 est\u00e3o a cantora islandesa\u00a0Bj\u00f6rk e o duo franc\u00eas\u00a0Justice. Al\u00e9m dos shows, o S\u00f3nar tamb\u00e9m oferecer\u00e1 atividades como palestras e workshops.<\/p>\n<p>Tamb\u00e9m participar\u00e3o do festival os brasileiros do\u00a0The Twelves, o rapperEmicida\u00a0e o grupo sueco\u00a0Little Dragon. Os ingressos estar\u00e3o \u00e0 venda a partir da meia-noite do dia 8 de dezembro, atrav\u00e9s do site da\u00a0Ingresso R\u00e1pido. O pre\u00e7o aumentar\u00e1 com o passar do tempo: no 1\u00b0lote, que ser\u00e1 vendido at\u00e9 11 de janeiro, os valores v\u00e3o de R$ 100 a R$ 350.<\/p>\n<p>O S\u00f3nar, pela primeira vez no Brasil, acontece na Espanha desde 1996, e j\u00e1 passou por Nova York, Seul, Frankfurt, Chicago, T\u00f3quio e Buenos Aires.<\/p>\n<p><strong>Servi\u00e7o<\/strong><\/p>\n<p><strong>S\u00f3nar S\u00e3o Paulo<\/strong><br \/>\nData: 11 e 12 de maio de 2012<br \/>\nLocal: Parque Anhembi<br \/>\nEnd.: Avenida Olavo Fontoura, 1209 &#8211; Encontra Santana<br \/>\nPre\u00e7o: 1\u00b0 lote (at\u00e9 11 de janeiro) &#8211; de R$ 100 a R$ 350<br \/>\n2\u00b0 lote (de 12 de janeiro a 10 de maio) &#8211; de R$ 115 a R$ 400<br \/>\n3\u00b0 lote (nos dias 11 e 12 de maio) &#8211; de R$ 125 a R$ 450<br \/>\ningressorapido.com.br<\/p>\n<p><em>Fonte: Portal Cidade de S\u00e3o Paulo<\/em><\/p>\n<p>&nbsp;<\/p>\n\n<div style=\"font-size: 0px; height: 0px; line-height: 0px; margin: 0; padding: 0; clear: both;\"><\/div>","protected":false},"excerpt":{"rendered":"<p>Nos dias 11 e 12 de maio de 2012, o\u00a0Parque Anhembi\u00a0receber\u00e1 o festival S\u00f3nar S\u00e3o Paulo. Entre os artistas escalados para o evento,\u00a0 est\u00e3o a cantora islandesa\u00a0Bj\u00f6rk e o duo franc\u00eas\u00a0Justice. Al\u00e9m dos shows, o S\u00f3nar tamb\u00e9m oferecer\u00e1 atividades como palestras e workshops. Tamb\u00e9m participar\u00e3o do festival os brasileiros do\u00a0The Twelves, o rapperEmicida\u00a0e o grupo sueco\u00a0Little Dragon. Os ingressos estar\u00e3o \u00e0 venda a partir da meia-noite do dia 8 de dezembro, atrav\u00e9s do site da\u00a0Ingresso R\u00e1pido. O pre\u00e7o aumentar\u00e1 com o passar do tempo: no 1\u00b0lote, que ser\u00e1 vendido at\u00e9 11 de janeiro, os valores v\u00e3o de R$ 100 a <\/p>\n","protected":false},"author":1,"featured_media":0,"comment_status":"open","ping_status":"closed","sticky":false,"template":"","format":"standard","meta":{"footnotes":""},"categories":[8],"tags":[10],"class_list":["post-2385","post","type-post","status-publish","format-standard","hentry","category-shows-em-santana","tag-santana"],"aioseo_notices":[],"aioseo_head":"\n\t\t<!-- All in One SEO 5.0.0.1 - aioseo.com -->\n\t<meta name=\"description\" content=\"Nos dias 11 e 12 de maio de 2012, o Parque Anhembi receber\u00e1 o festival S\u00f3nar S\u00e3o Paulo. Entre os artistas escalados para o evento, est\u00e3o a cantora islandesa Bj\u00f6rk e o duo franc\u00eas Justice. Al\u00e9m dos shows, o S\u00f3nar tamb\u00e9m oferecer\u00e1 atividades como palestras e workshops. Tamb\u00e9m participar\u00e3o do festival os brasileiros do The Twelves, o rapperEmicida e o grupo\" \/>\n\t<meta name=\"robots\" content=\"max-image-preview:large\" \/>\n\t<meta name=\"author\" content=\"Encontra Santana\"\/>\n\t<link rel=\"canonical\" href=\"https:\/\/www.encontrasantana.com.br\/sobre\/pela-primeira-vez-no-brasil-festival-sonar-acontece-em-santana-e-confirma-shows-de-bjork-e-justice\/\" \/>\n\t<meta name=\"generator\" content=\"All in One SEO (AIOSEO) 5.0.0.1\" \/>\n\t\t<meta property=\"og:locale\" content=\"pt_BR\" \/>\n\t\t<meta property=\"og:site_name\" content=\"Encontra Santana | Not\u00edcias, eventos, informa\u00e7\u00f5es e dicas no bairro de Santana e regi\u00e3o.\" \/>\n\t\t<meta property=\"og:type\" content=\"article\" \/>\n\t\t<meta property=\"og:title\" content=\"Pela primeira vez no Brasil, festival S\u00f3nar acontece em Santana e confirma shows de Bj\u00f6rk e Justice \u00bb Encontra Santana\" \/>\n\t\t<meta property=\"og:description\" content=\"Nos dias 11 e 12 de maio de 2012, o Parque Anhembi receber\u00e1 o festival S\u00f3nar S\u00e3o Paulo. Entre os artistas escalados para o evento, est\u00e3o a cantora islandesa Bj\u00f6rk e o duo franc\u00eas Justice. Al\u00e9m dos shows, o S\u00f3nar tamb\u00e9m oferecer\u00e1 atividades como palestras e workshops. Tamb\u00e9m participar\u00e3o do festival os brasileiros do The Twelves, o rapperEmicida e o grupo\" \/>\n\t\t<meta property=\"og:url\" content=\"https:\/\/www.encontrasantana.com.br\/sobre\/pela-primeira-vez-no-brasil-festival-sonar-acontece-em-santana-e-confirma-shows-de-bjork-e-justice\/\" \/>\n\t\t<meta property=\"article:published_time\" content=\"2011-12-07T20:38:31+00:00\" \/>\n\t\t<meta property=\"article:modified_time\" content=\"2019-04-15T13:01:38+00:00\" \/>\n\t\t<meta name=\"twitter:card\" content=\"summary\" \/>\n\t\t<meta name=\"twitter:title\" content=\"Pela primeira vez no Brasil, festival S\u00f3nar acontece em Santana e confirma shows de Bj\u00f6rk e Justice \u00bb Encontra Santana\" \/>\n\t\t<meta name=\"twitter:description\" content=\"Nos dias 11 e 12 de maio de 2012, o Parque Anhembi receber\u00e1 o festival S\u00f3nar S\u00e3o Paulo. Entre os artistas escalados para o evento, est\u00e3o a cantora islandesa Bj\u00f6rk e o duo franc\u00eas Justice. Al\u00e9m dos shows, o S\u00f3nar tamb\u00e9m oferecer\u00e1 atividades como palestras e workshops. Tamb\u00e9m participar\u00e3o do festival os brasileiros do The Twelves, o rapperEmicida e o grupo\" \/>\n\t\t<script type=\"application\/ld+json\" class=\"aioseo-schema\">\n\t\t\t{\"@context\":\"https:\\\/\\\/schema.org\",\"@graph\":[{\"@type\":\"Article\",\"@id\":\"https:\\\/\\\/www.encontrasantana.com.br\\\/sobre\\\/pela-primeira-vez-no-brasil-festival-sonar-acontece-em-santana-e-confirma-shows-de-bjork-e-justice\\\/#article\",\"name\":\"Pela primeira vez no Brasil, festival S\\u00f3nar acontece em Santana e confirma shows de Bj\\u00f6rk e Justice \\u00bb Encontra Santana\",\"headline\":\"Pela primeira vez no Brasil, festival S\\u00f3nar acontece em Santana e confirma shows de Bj\\u00f6rk e Justice\",\"author\":{\"@id\":\"https:\\\/\\\/www.encontrasantana.com.br\\\/sobre\\\/author\\\/esantana\\\/#author\"},\"publisher\":{\"@id\":\"https:\\\/\\\/www.encontrasantana.com.br\\\/sobre\\\/#organization\"},\"datePublished\":\"2011-12-07T17:38:31-03:00\",\"dateModified\":\"2019-04-15T10:01:38-03:00\",\"inLanguage\":\"pt-BR\",\"mainEntityOfPage\":{\"@id\":\"https:\\\/\\\/www.encontrasantana.com.br\\\/sobre\\\/pela-primeira-vez-no-brasil-festival-sonar-acontece-em-santana-e-confirma-shows-de-bjork-e-justice\\\/#webpage\"},\"isPartOf\":{\"@id\":\"https:\\\/\\\/www.encontrasantana.com.br\\\/sobre\\\/pela-primeira-vez-no-brasil-festival-sonar-acontece-em-santana-e-confirma-shows-de-bjork-e-justice\\\/#webpage\"},\"articleSection\":\"Show Santana, Santana\"},{\"@type\":\"BreadcrumbList\",\"@id\":\"https:\\\/\\\/www.encontrasantana.com.br\\\/sobre\\\/pela-primeira-vez-no-brasil-festival-sonar-acontece-em-santana-e-confirma-shows-de-bjork-e-justice\\\/#breadcrumblist\",\"itemListElement\":[{\"@type\":\"ListItem\",\"@id\":\"https:\\\/\\\/www.encontrasantana.com.br\\\/sobre#listItem\",\"position\":1,\"name\":\"In\\u00edcio\",\"item\":\"https:\\\/\\\/www.encontrasantana.com.br\\\/sobre\",\"nextItem\":{\"@type\":\"ListItem\",\"@id\":\"https:\\\/\\\/www.encontrasantana.com.br\\\/sobre\\\/shows-em-santana\\\/#listItem\",\"name\":\"Show Santana\"}},{\"@type\":\"ListItem\",\"@id\":\"https:\\\/\\\/www.encontrasantana.com.br\\\/sobre\\\/shows-em-santana\\\/#listItem\",\"position\":2,\"name\":\"Show Santana\",\"item\":\"https:\\\/\\\/www.encontrasantana.com.br\\\/sobre\\\/shows-em-santana\\\/\",\"nextItem\":{\"@type\":\"ListItem\",\"@id\":\"https:\\\/\\\/www.encontrasantana.com.br\\\/sobre\\\/pela-primeira-vez-no-brasil-festival-sonar-acontece-em-santana-e-confirma-shows-de-bjork-e-justice\\\/#listItem\",\"name\":\"Pela primeira vez no Brasil, festival S\\u00f3nar acontece em Santana e confirma shows de Bj\\u00f6rk e Justice\"},\"previousItem\":{\"@type\":\"ListItem\",\"@id\":\"https:\\\/\\\/www.encontrasantana.com.br\\\/sobre#listItem\",\"name\":\"In\\u00edcio\"}},{\"@type\":\"ListItem\",\"@id\":\"https:\\\/\\\/www.encontrasantana.com.br\\\/sobre\\\/pela-primeira-vez-no-brasil-festival-sonar-acontece-em-santana-e-confirma-shows-de-bjork-e-justice\\\/#listItem\",\"position\":3,\"name\":\"Pela primeira vez no Brasil, festival S\\u00f3nar acontece em Santana e confirma shows de Bj\\u00f6rk e Justice\",\"previousItem\":{\"@type\":\"ListItem\",\"@id\":\"https:\\\/\\\/www.encontrasantana.com.br\\\/sobre\\\/shows-em-santana\\\/#listItem\",\"name\":\"Show Santana\"}}]},{\"@type\":\"Organization\",\"@id\":\"https:\\\/\\\/www.encontrasantana.com.br\\\/sobre\\\/#organization\",\"name\":\"Encontra Santana\",\"description\":\"Not\\u00edcias, eventos, informa\\u00e7\\u00f5es e dicas no bairro de Santana e regi\\u00e3o.\",\"url\":\"https:\\\/\\\/www.encontrasantana.com.br\\\/sobre\\\/\"},{\"@type\":\"Person\",\"@id\":\"https:\\\/\\\/www.encontrasantana.com.br\\\/sobre\\\/author\\\/esantana\\\/#author\",\"url\":\"https:\\\/\\\/www.encontrasantana.com.br\\\/sobre\\\/author\\\/esantana\\\/\",\"name\":\"Encontra Santana\",\"image\":{\"@type\":\"ImageObject\",\"@id\":\"https:\\\/\\\/www.encontrasantana.com.br\\\/sobre\\\/pela-primeira-vez-no-brasil-festival-sonar-acontece-em-santana-e-confirma-shows-de-bjork-e-justice\\\/#authorImage\",\"url\":\"https:\\\/\\\/secure.gravatar.com\\\/avatar\\\/0fbed662e37531ae23e68f85f9517b2454e50c1dfebf80eb9b721449ac95e0b9?s=96&d=mm&r=g\",\"width\":96,\"height\":96,\"caption\":\"Encontra Santana\"}},{\"@type\":\"WebPage\",\"@id\":\"https:\\\/\\\/www.encontrasantana.com.br\\\/sobre\\\/pela-primeira-vez-no-brasil-festival-sonar-acontece-em-santana-e-confirma-shows-de-bjork-e-justice\\\/#webpage\",\"url\":\"https:\\\/\\\/www.encontrasantana.com.br\\\/sobre\\\/pela-primeira-vez-no-brasil-festival-sonar-acontece-em-santana-e-confirma-shows-de-bjork-e-justice\\\/\",\"name\":\"Pela primeira vez no Brasil, festival S\\u00f3nar acontece em Santana e confirma shows de Bj\\u00f6rk e Justice \\u00bb Encontra Santana\",\"description\":\"Nos dias 11 e 12 de maio de 2012, o Parque Anhembi receber\\u00e1 o festival S\\u00f3nar S\\u00e3o Paulo. Entre os artistas escalados para o evento, est\\u00e3o a cantora islandesa Bj\\u00f6rk e o duo franc\\u00eas Justice. Al\\u00e9m dos shows, o S\\u00f3nar tamb\\u00e9m oferecer\\u00e1 atividades como palestras e workshops. Tamb\\u00e9m participar\\u00e3o do festival os brasileiros do The Twelves, o rapperEmicida e o grupo\",\"inLanguage\":\"pt-BR\",\"isPartOf\":{\"@id\":\"https:\\\/\\\/www.encontrasantana.com.br\\\/sobre\\\/#website\"},\"breadcrumb\":{\"@id\":\"https:\\\/\\\/www.encontrasantana.com.br\\\/sobre\\\/pela-primeira-vez-no-brasil-festival-sonar-acontece-em-santana-e-confirma-shows-de-bjork-e-justice\\\/#breadcrumblist\"},\"author\":{\"@id\":\"https:\\\/\\\/www.encontrasantana.com.br\\\/sobre\\\/author\\\/esantana\\\/#author\"},\"creator\":{\"@id\":\"https:\\\/\\\/www.encontrasantana.com.br\\\/sobre\\\/author\\\/esantana\\\/#author\"},\"datePublished\":\"2011-12-07T17:38:31-03:00\",\"dateModified\":\"2019-04-15T10:01:38-03:00\"},{\"@type\":\"WebSite\",\"@id\":\"https:\\\/\\\/www.encontrasantana.com.br\\\/sobre\\\/#website\",\"url\":\"https:\\\/\\\/www.encontrasantana.com.br\\\/sobre\\\/\",\"name\":\"Encontra Santana\",\"description\":\"Not\\u00edcias, eventos, informa\\u00e7\\u00f5es e dicas no bairro de Santana e regi\\u00e3o.\",\"inLanguage\":\"pt-BR\",\"publisher\":{\"@id\":\"https:\\\/\\\/www.encontrasantana.com.br\\\/sobre\\\/#organization\"}}]}\n\t\t<\/script>\n\t\t<!-- All in One SEO -->\n\n","aioseo_head_json":{"title":"Pela primeira vez no Brasil, festival S\u00f3nar acontece em Santana e confirma shows de Bj\u00f6rk e Justice \u00bb Encontra Santana","description":"Nos dias 11 e 12 de maio de 2012, o Parque Anhembi receber\u00e1 o festival S\u00f3nar S\u00e3o Paulo. Entre os artistas escalados para o evento, est\u00e3o a cantora islandesa Bj\u00f6rk e o duo franc\u00eas Justice. Al\u00e9m dos shows, o S\u00f3nar tamb\u00e9m oferecer\u00e1 atividades como palestras e workshops. Tamb\u00e9m participar\u00e3o do festival os brasileiros do The Twelves, o rapperEmicida e o grupo","canonical_url":"https:\/\/www.encontrasantana.com.br\/sobre\/pela-primeira-vez-no-brasil-festival-sonar-acontece-em-santana-e-confirma-shows-de-bjork-e-justice\/","robots":"max-image-preview:large","keywords":"","webmasterTools":{"miscellaneous":""},"schema":{"@context":"https:\/\/schema.org","@graph":[{"@type":"Article","@id":"https:\/\/www.encontrasantana.com.br\/sobre\/pela-primeira-vez-no-brasil-festival-sonar-acontece-em-santana-e-confirma-shows-de-bjork-e-justice\/#article","name":"Pela primeira vez no Brasil, festival S\u00f3nar acontece em Santana e confirma shows de Bj\u00f6rk e Justice \u00bb Encontra Santana","headline":"Pela primeira vez no Brasil, festival S\u00f3nar acontece em Santana e confirma shows de Bj\u00f6rk e Justice","author":{"@id":"https:\/\/www.encontrasantana.com.br\/sobre\/author\/esantana\/#author"},"publisher":{"@id":"https:\/\/www.encontrasantana.com.br\/sobre\/#organization"},"datePublished":"2011-12-07T17:38:31-03:00","dateModified":"2019-04-15T10:01:38-03:00","inLanguage":"pt-BR","mainEntityOfPage":{"@id":"https:\/\/www.encontrasantana.com.br\/sobre\/pela-primeira-vez-no-brasil-festival-sonar-acontece-em-santana-e-confirma-shows-de-bjork-e-justice\/#webpage"},"isPartOf":{"@id":"https:\/\/www.encontrasantana.com.br\/sobre\/pela-primeira-vez-no-brasil-festival-sonar-acontece-em-santana-e-confirma-shows-de-bjork-e-justice\/#webpage"},"articleSection":"Show Santana, Santana"},{"@type":"BreadcrumbList","@id":"https:\/\/www.encontrasantana.com.br\/sobre\/pela-primeira-vez-no-brasil-festival-sonar-acontece-em-santana-e-confirma-shows-de-bjork-e-justice\/#breadcrumblist","itemListElement":[{"@type":"ListItem","@id":"https:\/\/www.encontrasantana.com.br\/sobre#listItem","position":1,"name":"In\u00edcio","item":"https:\/\/www.encontrasantana.com.br\/sobre","nextItem":{"@type":"ListItem","@id":"https:\/\/www.encontrasantana.com.br\/sobre\/shows-em-santana\/#listItem","name":"Show Santana"}},{"@type":"ListItem","@id":"https:\/\/www.encontrasantana.com.br\/sobre\/shows-em-santana\/#listItem","position":2,"name":"Show Santana","item":"https:\/\/www.encontrasantana.com.br\/sobre\/shows-em-santana\/","nextItem":{"@type":"ListItem","@id":"https:\/\/www.encontrasantana.com.br\/sobre\/pela-primeira-vez-no-brasil-festival-sonar-acontece-em-santana-e-confirma-shows-de-bjork-e-justice\/#listItem","name":"Pela primeira vez no Brasil, festival S\u00f3nar acontece em Santana e confirma shows de Bj\u00f6rk e Justice"},"previousItem":{"@type":"ListItem","@id":"https:\/\/www.encontrasantana.com.br\/sobre#listItem","name":"In\u00edcio"}},{"@type":"ListItem","@id":"https:\/\/www.encontrasantana.com.br\/sobre\/pela-primeira-vez-no-brasil-festival-sonar-acontece-em-santana-e-confirma-shows-de-bjork-e-justice\/#listItem","position":3,"name":"Pela primeira vez no Brasil, festival S\u00f3nar acontece em Santana e confirma shows de Bj\u00f6rk e Justice","previousItem":{"@type":"ListItem","@id":"https:\/\/www.encontrasantana.com.br\/sobre\/shows-em-santana\/#listItem","name":"Show Santana"}}]},{"@type":"Organization","@id":"https:\/\/www.encontrasantana.com.br\/sobre\/#organization","name":"Encontra Santana","description":"Not\u00edcias, eventos, informa\u00e7\u00f5es e dicas no bairro de Santana e regi\u00e3o.","url":"https:\/\/www.encontrasantana.com.br\/sobre\/"},{"@type":"Person","@id":"https:\/\/www.encontrasantana.com.br\/sobre\/author\/esantana\/#author","url":"https:\/\/www.encontrasantana.com.br\/sobre\/author\/esantana\/","name":"Encontra Santana","image":{"@type":"ImageObject","@id":"https:\/\/www.encontrasantana.com.br\/sobre\/pela-primeira-vez-no-brasil-festival-sonar-acontece-em-santana-e-confirma-shows-de-bjork-e-justice\/#authorImage","url":"https:\/\/secure.gravatar.com\/avatar\/0fbed662e37531ae23e68f85f9517b2454e50c1dfebf80eb9b721449ac95e0b9?s=96&d=mm&r=g","width":96,"height":96,"caption":"Encontra Santana"}},{"@type":"WebPage","@id":"https:\/\/www.encontrasantana.com.br\/sobre\/pela-primeira-vez-no-brasil-festival-sonar-acontece-em-santana-e-confirma-shows-de-bjork-e-justice\/#webpage","url":"https:\/\/www.encontrasantana.com.br\/sobre\/pela-primeira-vez-no-brasil-festival-sonar-acontece-em-santana-e-confirma-shows-de-bjork-e-justice\/","name":"Pela primeira vez no Brasil, festival S\u00f3nar acontece em Santana e confirma shows de Bj\u00f6rk e Justice \u00bb Encontra Santana","description":"Nos dias 11 e 12 de maio de 2012, o Parque Anhembi receber\u00e1 o festival S\u00f3nar S\u00e3o Paulo. Entre os artistas escalados para o evento, est\u00e3o a cantora islandesa Bj\u00f6rk e o duo franc\u00eas Justice. Al\u00e9m dos shows, o S\u00f3nar tamb\u00e9m oferecer\u00e1 atividades como palestras e workshops. Tamb\u00e9m participar\u00e3o do festival os brasileiros do The Twelves, o rapperEmicida e o grupo","inLanguage":"pt-BR","isPartOf":{"@id":"https:\/\/www.encontrasantana.com.br\/sobre\/#website"},"breadcrumb":{"@id":"https:\/\/www.encontrasantana.com.br\/sobre\/pela-primeira-vez-no-brasil-festival-sonar-acontece-em-santana-e-confirma-shows-de-bjork-e-justice\/#breadcrumblist"},"author":{"@id":"https:\/\/www.encontrasantana.com.br\/sobre\/author\/esantana\/#author"},"creator":{"@id":"https:\/\/www.encontrasantana.com.br\/sobre\/author\/esantana\/#author"},"datePublished":"2011-12-07T17:38:31-03:00","dateModified":"2019-04-15T10:01:38-03:00"},{"@type":"WebSite","@id":"https:\/\/www.encontrasantana.com.br\/sobre\/#website","url":"https:\/\/www.encontrasantana.com.br\/sobre\/","name":"Encontra Santana","description":"Not\u00edcias, eventos, informa\u00e7\u00f5es e dicas no bairro de Santana e regi\u00e3o.","inLanguage":"pt-BR","publisher":{"@id":"https:\/\/www.encontrasantana.com.br\/sobre\/#organization"}}]},"og:locale":"pt_BR","og:site_name":"Encontra Santana | Not\u00edcias, eventos, informa\u00e7\u00f5es e dicas no bairro de Santana e regi\u00e3o.","og:type":"article","og:title":"Pela primeira vez no Brasil, festival S\u00f3nar acontece em Santana e confirma shows de Bj\u00f6rk e Justice \u00bb Encontra Santana","og:description":"Nos dias 11 e 12 de maio de 2012, o Parque Anhembi receber\u00e1 o festival S\u00f3nar S\u00e3o Paulo. Entre os artistas escalados para o evento, est\u00e3o a cantora islandesa Bj\u00f6rk e o duo franc\u00eas Justice. Al\u00e9m dos shows, o S\u00f3nar tamb\u00e9m oferecer\u00e1 atividades como palestras e workshops. Tamb\u00e9m participar\u00e3o do festival os brasileiros do The Twelves, o rapperEmicida e o grupo","og:url":"https:\/\/www.encontrasantana.com.br\/sobre\/pela-primeira-vez-no-brasil-festival-sonar-acontece-em-santana-e-confirma-shows-de-bjork-e-justice\/","article:published_time":"2011-12-07T20:38:31+00:00","article:modified_time":"2019-04-15T13:01:38+00:00","twitter:card":"summary","twitter:title":"Pela primeira vez no Brasil, festival S\u00f3nar acontece em Santana e confirma shows de Bj\u00f6rk e Justice \u00bb Encontra Santana","twitter:description":"Nos dias 11 e 12 de maio de 2012, o Parque Anhembi receber\u00e1 o festival S\u00f3nar S\u00e3o Paulo. Entre os artistas escalados para o evento, est\u00e3o a cantora islandesa Bj\u00f6rk e o duo franc\u00eas Justice. Al\u00e9m dos shows, o S\u00f3nar tamb\u00e9m oferecer\u00e1 atividades como palestras e workshops. Tamb\u00e9m participar\u00e3o do festival os brasileiros do The Twelves, o rapperEmicida e o grupo"},"aioseo_meta_data":{"post_id":"2385","title":null,"description":null,"keywords":null,"keyphrases":null,"primary_term":null,"canonical_url":null,"og_title":null,"og_description":null,"og_object_type":"default","og_image_type":"default","og_image_url":null,"og_image_width":null,"og_image_height":null,"og_image_custom_url":null,"og_image_custom_fields":null,"og_video":null,"og_custom_url":null,"og_article_section":null,"og_article_tags":null,"twitter_use_og":false,"twitter_card":"default","twitter_image_type":"default","twitter_image_url":null,"twitter_image_custom_url":null,"twitter_image_custom_fields":null,"twitter_title":null,"twitter_description":null,"schema":{"blockGraphs":[],"customGraphs":[],"default":{"data":{"Article":[],"Course":[],"Dataset":[],"FAQPage":[],"Movie":[],"Person":[],"Product":[],"ProductReview":[],"Car":[],"Recipe":[],"Service":[],"SoftwareApplication":[],"WebPage":[]},"graphName":"Article","isEnabled":true},"graphs":[]},"schema_type":null,"schema_type_options":null,"pillar_content":false,"robots_default":true,"robots_noindex":false,"robots_noarchive":false,"robots_nosnippet":false,"robots_nofollow":false,"robots_noimageindex":false,"robots_noodp":false,"robots_notranslate":false,"robots_max_snippet":null,"robots_max_videopreview":null,"robots_max_imagepreview":"large","priority":null,"frequency":null,"local_seo":null,"limit_modified_date":false,"created":"2021-04-21 00:37:42","updated":"2026-08-06 10:22:07","focus_keyword":null,"additional_keywords":null,"truseo_locale":null,"ai":null,"breadcrumb_settings":null,"seo_analyzer_scan_date":null},"aioseo_breadcrumb":"<div class=\"aioseo-breadcrumbs\"><span class=\"aioseo-breadcrumb\">\n\t\t\t<a href=\"https:\/\/www.encontrasantana.com.br\/sobre\" title=\"In\u00edcio\">In\u00edcio<\/a>\n\t\t<\/span><span class=\"aioseo-breadcrumb-separator\">&raquo;<\/span><span class=\"aioseo-breadcrumb\">\n\t\t\t<a href=\"https:\/\/www.encontrasantana.com.br\/sobre\/shows-em-santana\/\" title=\"Show Santana\">Show Santana<\/a>\n\t\t<\/span><span class=\"aioseo-breadcrumb-separator\">&raquo;<\/span><span class=\"aioseo-breadcrumb\">\n\t\t\tPela primeira vez no Brasil, festival S\u00f3nar acontece em Santana e confirma shows de Bj\u00f6rk e Justice\n\t\t<\/span><\/div>","aioseo_breadcrumb_json":[{"label":"In\u00edcio","link":"https:\/\/www.encontrasantana.com.br\/sobre"},{"label":"Show Santana","link":"https:\/\/www.encontrasantana.com.br\/sobre\/shows-em-santana\/"},{"label":"Pela primeira vez no Brasil, festival S\u00f3nar acontece em Santana e confirma shows de Bj\u00f6rk e Justice","link":"https:\/\/www.encontrasantana.com.br\/sobre\/pela-primeira-vez-no-brasil-festival-sonar-acontece-em-santana-e-confirma-shows-de-bjork-e-justice\/"}],"_links":{"self":[{"href":"https:\/\/www.encontrasantana.com.br\/sobre\/wp-json\/wp\/v2\/posts\/2385","targetHints":{"allow":["GET"]}}],"collection":[{"href":"https:\/\/www.encontrasantana.com.br\/sobre\/wp-json\/wp\/v2\/posts"}],"about":[{"href":"https:\/\/www.encontrasantana.com.br\/sobre\/wp-json\/wp\/v2\/types\/post"}],"author":[{"embeddable":true,"href":"https:\/\/www.encontrasantana.com.br\/sobre\/wp-json\/wp\/v2\/users\/1"}],"replies":[{"embeddable":true,"href":"https:\/\/www.encontrasantana.com.br\/sobre\/wp-json\/wp\/v2\/comments?post=2385"}],"version-history":[{"count":0,"href":"https:\/\/www.encontrasantana.com.br\/sobre\/wp-json\/wp\/v2\/posts\/2385\/revisions"}],"wp:attachment":[{"href":"https:\/\/www.encontrasantana.com.br\/sobre\/wp-json\/wp\/v2\/media?parent=2385"}],"wp:term":[{"taxonomy":"category","embeddable":true,"href":"https:\/\/www.encontrasantana.com.br\/sobre\/wp-json\/wp\/v2\/categories?post=2385"},{"taxonomy":"post_tag","embeddable":true,"href":"https:\/\/www.encontrasantana.com.br\/sobre\/wp-json\/wp\/v2\/tags?post=2385"}],"curies":[{"name":"wp","href":"https:\/\/api.w.org\/{rel}","templated":true}]}}