{"id":2484,"date":"2011-12-16T16:43:26","date_gmt":"2011-12-16T19:43:26","guid":{"rendered":"http:\/\/www.encontrasantana.com.br\/blog\/?p=2484"},"modified":"2019-04-15T10:01:37","modified_gmt":"2019-04-15T13:01:37","slug":"zelia-duncan-se-apresenta-neste-domingo-em-santana","status":"publish","type":"post","link":"https:\/\/www.encontrasantana.com.br\/sobre\/zelia-duncan-se-apresenta-neste-domingo-em-santana\/","title":{"rendered":"Z\u00e9lia Duncan se apresenta neste domingo em Santana"},"content":{"rendered":"<div class=\"1acf8468e559fd3cbeec5aee3a269a52\" data-index=\"1\" style=\"float: none; margin:0px;\">\n<!-- Anuncio display - global -->\r\n<ins class=\"adsbygoogle\"\r\n     style=\"display:block\"\r\n     data-ad-client=\"ca-pub-8585364105181520\"\r\n     data-ad-slot=\"8789329856\"\r\n     data-ad-format=\"auto\"\r\n     data-full-width-responsive=\"true\"><\/ins>\r\n<script>\r\n     (adsbygoogle = window.adsbygoogle || []).push({});\r\n<\/script>\n<\/div>\n<p>Comemorando 30 anos de carreira, a carioca apresenta show baseado no \u00faltimo disco, &#8220;Pelo Sabor do Gesto&#8221;, com parcerias que incluem Marcelo Jeneci e Zeca Baleiro, sem deixar de fora sucessos como &#8220;Catedral&#8221;.<\/p>\n<p><strong>G\u00eanero:<\/strong>\u00a0Pop Rock<br \/>\n<strong>Dura\u00e7\u00e3o<\/strong>: 60 minutos<br \/>\n<strong>Classifica\u00e7\u00e3o<\/strong>: Livre<\/p>\n<h4><a href=\"http:\/\/www.encontrasantana.com.br\/santana\/parque-da-juventude-em-santana.shtml\" target=\"_blank\">Parque da Juventude<\/a> &#8211; Palco principal<\/h4>\n<p>Av. Cruzeiro do Sul, 2.630 &#8211; Encontra Santana &#8211; Zona Norte de SP. Telefone: 2251-2706.<\/p>\n<p>N\u00e3o aceita reservas. Gr\u00e1tis. Tem acesso para deficiente. N\u00e3o tem local para comer. 15 mil pessoas. Estac. (R$ 8 a 1\u00aa h mais h adicional).<\/p>\n<p><strong>Quando:<\/strong><\/p>\n<p>Dia 18: 16h<\/p>\n<p><em>Fonte: Guia Folha<\/em><\/p>\n\n<div style=\"font-size: 0px; height: 0px; line-height: 0px; margin: 0; padding: 0; clear: both;\"><\/div>","protected":false},"excerpt":{"rendered":"<p>Comemorando 30 anos de carreira, a carioca apresenta show baseado no \u00faltimo disco, &#8220;Pelo Sabor do Gesto&#8221;, com parcerias que incluem Marcelo Jeneci e Zeca Baleiro, sem deixar de fora sucessos como &#8220;Catedral&#8221;. G\u00eanero:\u00a0Pop Rock Dura\u00e7\u00e3o: 60 minutos Classifica\u00e7\u00e3o: Livre Parque da Juventude &#8211; Palco principal Av. Cruzeiro do Sul, 2.630 &#8211; Encontra Santana &#8211; Zona Norte de SP. Telefone: 2251-2706. N\u00e3o aceita reservas. Gr\u00e1tis. Tem acesso para deficiente. N\u00e3o tem local para comer. 15 mil pessoas. Estac. (R$ 8 a 1\u00aa h mais h adicional). Quando: Dia 18: 16h Fonte: Guia Folha<\/p>\n","protected":false},"author":1,"featured_media":0,"comment_status":"open","ping_status":"closed","sticky":false,"template":"","format":"standard","meta":{"footnotes":""},"categories":[8],"tags":[10],"class_list":["post-2484","post","type-post","status-publish","format-standard","hentry","category-shows-em-santana","tag-santana"],"aioseo_notices":[],"aioseo_head":"\n\t\t<!-- All in One SEO 5.0.0.1 - aioseo.com -->\n\t<meta name=\"description\" content=\"Comemorando 30 anos de carreira, a carioca apresenta show baseado no \u00faltimo disco, &quot;Pelo Sabor do Gesto&quot;, com parcerias que incluem Marcelo Jeneci e Zeca Baleiro, sem deixar de fora sucessos como &quot;Catedral&quot;. G\u00eanero: Pop Rock Dura\u00e7\u00e3o: 60 minutos Classifica\u00e7\u00e3o: Livre Parque da Juventude - Palco principal Av. Cruzeiro do Sul, 2.630 - Encontra Santana -\" \/>\n\t<meta name=\"robots\" content=\"max-image-preview:large\" \/>\n\t<meta name=\"author\" content=\"Encontra Santana\"\/>\n\t<link rel=\"canonical\" href=\"https:\/\/www.encontrasantana.com.br\/sobre\/zelia-duncan-se-apresenta-neste-domingo-em-santana\/\" \/>\n\t<meta name=\"generator\" content=\"All in One SEO (AIOSEO) 5.0.0.1\" \/>\n\t\t<meta property=\"og:locale\" content=\"pt_BR\" \/>\n\t\t<meta property=\"og:site_name\" content=\"Encontra Santana | Not\u00edcias, eventos, informa\u00e7\u00f5es e dicas no bairro de Santana e regi\u00e3o.\" \/>\n\t\t<meta property=\"og:type\" content=\"article\" \/>\n\t\t<meta property=\"og:title\" content=\"Z\u00e9lia Duncan se apresenta neste domingo em Santana \u00bb Encontra Santana\" \/>\n\t\t<meta property=\"og:description\" content=\"Comemorando 30 anos de carreira, a carioca apresenta show baseado no \u00faltimo disco, &quot;Pelo Sabor do Gesto&quot;, com parcerias que incluem Marcelo Jeneci e Zeca Baleiro, sem deixar de fora sucessos como &quot;Catedral&quot;. G\u00eanero: Pop Rock Dura\u00e7\u00e3o: 60 minutos Classifica\u00e7\u00e3o: Livre Parque da Juventude - Palco principal Av. Cruzeiro do Sul, 2.630 - Encontra Santana -\" \/>\n\t\t<meta property=\"og:url\" content=\"https:\/\/www.encontrasantana.com.br\/sobre\/zelia-duncan-se-apresenta-neste-domingo-em-santana\/\" \/>\n\t\t<meta property=\"article:published_time\" content=\"2011-12-16T19:43:26+00:00\" \/>\n\t\t<meta property=\"article:modified_time\" content=\"2019-04-15T13:01:37+00:00\" \/>\n\t\t<meta name=\"twitter:card\" content=\"summary\" \/>\n\t\t<meta name=\"twitter:title\" content=\"Z\u00e9lia Duncan se apresenta neste domingo em Santana \u00bb Encontra Santana\" \/>\n\t\t<meta name=\"twitter:description\" content=\"Comemorando 30 anos de carreira, a carioca apresenta show baseado no \u00faltimo disco, &quot;Pelo Sabor do Gesto&quot;, com parcerias que incluem Marcelo Jeneci e Zeca Baleiro, sem deixar de fora sucessos como &quot;Catedral&quot;. G\u00eanero: Pop Rock Dura\u00e7\u00e3o: 60 minutos Classifica\u00e7\u00e3o: Livre Parque da Juventude - Palco principal Av. Cruzeiro do Sul, 2.630 - Encontra Santana -\" \/>\n\t\t<script type=\"application\/ld+json\" class=\"aioseo-schema\">\n\t\t\t{\"@context\":\"https:\\\/\\\/schema.org\",\"@graph\":[{\"@type\":\"Article\",\"@id\":\"https:\\\/\\\/www.encontrasantana.com.br\\\/sobre\\\/zelia-duncan-se-apresenta-neste-domingo-em-santana\\\/#article\",\"name\":\"Z\\u00e9lia Duncan se apresenta neste domingo em Santana \\u00bb Encontra Santana\",\"headline\":\"Z\\u00e9lia Duncan se apresenta neste domingo em Santana\",\"author\":{\"@id\":\"https:\\\/\\\/www.encontrasantana.com.br\\\/sobre\\\/author\\\/esantana\\\/#author\"},\"publisher\":{\"@id\":\"https:\\\/\\\/www.encontrasantana.com.br\\\/sobre\\\/#organization\"},\"datePublished\":\"2011-12-16T16:43:26-03:00\",\"dateModified\":\"2019-04-15T10:01:37-03:00\",\"inLanguage\":\"pt-BR\",\"mainEntityOfPage\":{\"@id\":\"https:\\\/\\\/www.encontrasantana.com.br\\\/sobre\\\/zelia-duncan-se-apresenta-neste-domingo-em-santana\\\/#webpage\"},\"isPartOf\":{\"@id\":\"https:\\\/\\\/www.encontrasantana.com.br\\\/sobre\\\/zelia-duncan-se-apresenta-neste-domingo-em-santana\\\/#webpage\"},\"articleSection\":\"Show Santana, Santana\"},{\"@type\":\"BreadcrumbList\",\"@id\":\"https:\\\/\\\/www.encontrasantana.com.br\\\/sobre\\\/zelia-duncan-se-apresenta-neste-domingo-em-santana\\\/#breadcrumblist\",\"itemListElement\":[{\"@type\":\"ListItem\",\"@id\":\"https:\\\/\\\/www.encontrasantana.com.br\\\/sobre#listItem\",\"position\":1,\"name\":\"In\\u00edcio\",\"item\":\"https:\\\/\\\/www.encontrasantana.com.br\\\/sobre\",\"nextItem\":{\"@type\":\"ListItem\",\"@id\":\"https:\\\/\\\/www.encontrasantana.com.br\\\/sobre\\\/shows-em-santana\\\/#listItem\",\"name\":\"Show Santana\"}},{\"@type\":\"ListItem\",\"@id\":\"https:\\\/\\\/www.encontrasantana.com.br\\\/sobre\\\/shows-em-santana\\\/#listItem\",\"position\":2,\"name\":\"Show Santana\",\"item\":\"https:\\\/\\\/www.encontrasantana.com.br\\\/sobre\\\/shows-em-santana\\\/\",\"nextItem\":{\"@type\":\"ListItem\",\"@id\":\"https:\\\/\\\/www.encontrasantana.com.br\\\/sobre\\\/zelia-duncan-se-apresenta-neste-domingo-em-santana\\\/#listItem\",\"name\":\"Z\\u00e9lia Duncan se apresenta neste domingo em Santana\"},\"previousItem\":{\"@type\":\"ListItem\",\"@id\":\"https:\\\/\\\/www.encontrasantana.com.br\\\/sobre#listItem\",\"name\":\"In\\u00edcio\"}},{\"@type\":\"ListItem\",\"@id\":\"https:\\\/\\\/www.encontrasantana.com.br\\\/sobre\\\/zelia-duncan-se-apresenta-neste-domingo-em-santana\\\/#listItem\",\"position\":3,\"name\":\"Z\\u00e9lia Duncan se apresenta neste domingo em Santana\",\"previousItem\":{\"@type\":\"ListItem\",\"@id\":\"https:\\\/\\\/www.encontrasantana.com.br\\\/sobre\\\/shows-em-santana\\\/#listItem\",\"name\":\"Show Santana\"}}]},{\"@type\":\"Organization\",\"@id\":\"https:\\\/\\\/www.encontrasantana.com.br\\\/sobre\\\/#organization\",\"name\":\"Encontra Santana\",\"description\":\"Not\\u00edcias, eventos, informa\\u00e7\\u00f5es e dicas no bairro de Santana e regi\\u00e3o.\",\"url\":\"https:\\\/\\\/www.encontrasantana.com.br\\\/sobre\\\/\"},{\"@type\":\"Person\",\"@id\":\"https:\\\/\\\/www.encontrasantana.com.br\\\/sobre\\\/author\\\/esantana\\\/#author\",\"url\":\"https:\\\/\\\/www.encontrasantana.com.br\\\/sobre\\\/author\\\/esantana\\\/\",\"name\":\"Encontra Santana\",\"image\":{\"@type\":\"ImageObject\",\"@id\":\"https:\\\/\\\/www.encontrasantana.com.br\\\/sobre\\\/zelia-duncan-se-apresenta-neste-domingo-em-santana\\\/#authorImage\",\"url\":\"https:\\\/\\\/secure.gravatar.com\\\/avatar\\\/0fbed662e37531ae23e68f85f9517b2454e50c1dfebf80eb9b721449ac95e0b9?s=96&d=mm&r=g\",\"width\":96,\"height\":96,\"caption\":\"Encontra Santana\"}},{\"@type\":\"WebPage\",\"@id\":\"https:\\\/\\\/www.encontrasantana.com.br\\\/sobre\\\/zelia-duncan-se-apresenta-neste-domingo-em-santana\\\/#webpage\",\"url\":\"https:\\\/\\\/www.encontrasantana.com.br\\\/sobre\\\/zelia-duncan-se-apresenta-neste-domingo-em-santana\\\/\",\"name\":\"Z\\u00e9lia Duncan se apresenta neste domingo em Santana \\u00bb Encontra Santana\",\"description\":\"Comemorando 30 anos de carreira, a carioca apresenta show baseado no \\u00faltimo disco, \\\"Pelo Sabor do Gesto\\\", com parcerias que incluem Marcelo Jeneci e Zeca Baleiro, sem deixar de fora sucessos como \\\"Catedral\\\". G\\u00eanero: Pop Rock Dura\\u00e7\\u00e3o: 60 minutos Classifica\\u00e7\\u00e3o: Livre Parque da Juventude - Palco principal Av. Cruzeiro do Sul, 2.630 - Encontra Santana -\",\"inLanguage\":\"pt-BR\",\"isPartOf\":{\"@id\":\"https:\\\/\\\/www.encontrasantana.com.br\\\/sobre\\\/#website\"},\"breadcrumb\":{\"@id\":\"https:\\\/\\\/www.encontrasantana.com.br\\\/sobre\\\/zelia-duncan-se-apresenta-neste-domingo-em-santana\\\/#breadcrumblist\"},\"author\":{\"@id\":\"https:\\\/\\\/www.encontrasantana.com.br\\\/sobre\\\/author\\\/esantana\\\/#author\"},\"creator\":{\"@id\":\"https:\\\/\\\/www.encontrasantana.com.br\\\/sobre\\\/author\\\/esantana\\\/#author\"},\"datePublished\":\"2011-12-16T16:43:26-03:00\",\"dateModified\":\"2019-04-15T10:01:37-03:00\"},{\"@type\":\"WebSite\",\"@id\":\"https:\\\/\\\/www.encontrasantana.com.br\\\/sobre\\\/#website\",\"url\":\"https:\\\/\\\/www.encontrasantana.com.br\\\/sobre\\\/\",\"name\":\"Encontra Santana\",\"description\":\"Not\\u00edcias, eventos, informa\\u00e7\\u00f5es e dicas no bairro de Santana e regi\\u00e3o.\",\"inLanguage\":\"pt-BR\",\"publisher\":{\"@id\":\"https:\\\/\\\/www.encontrasantana.com.br\\\/sobre\\\/#organization\"}}]}\n\t\t<\/script>\n\t\t<!-- All in One SEO -->\n\n","aioseo_head_json":{"title":"Z\u00e9lia Duncan se apresenta neste domingo em Santana \u00bb Encontra Santana","description":"Comemorando 30 anos de carreira, a carioca apresenta show baseado no \u00faltimo disco, \"Pelo Sabor do Gesto\", com parcerias que incluem Marcelo Jeneci e Zeca Baleiro, sem deixar de fora sucessos como \"Catedral\". G\u00eanero: Pop Rock Dura\u00e7\u00e3o: 60 minutos Classifica\u00e7\u00e3o: Livre Parque da Juventude - Palco principal Av. Cruzeiro do Sul, 2.630 - Encontra Santana -","canonical_url":"https:\/\/www.encontrasantana.com.br\/sobre\/zelia-duncan-se-apresenta-neste-domingo-em-santana\/","robots":"max-image-preview:large","keywords":"","webmasterTools":{"miscellaneous":""},"schema":{"@context":"https:\/\/schema.org","@graph":[{"@type":"Article","@id":"https:\/\/www.encontrasantana.com.br\/sobre\/zelia-duncan-se-apresenta-neste-domingo-em-santana\/#article","name":"Z\u00e9lia Duncan se apresenta neste domingo em Santana \u00bb Encontra Santana","headline":"Z\u00e9lia Duncan se apresenta neste domingo em Santana","author":{"@id":"https:\/\/www.encontrasantana.com.br\/sobre\/author\/esantana\/#author"},"publisher":{"@id":"https:\/\/www.encontrasantana.com.br\/sobre\/#organization"},"datePublished":"2011-12-16T16:43:26-03:00","dateModified":"2019-04-15T10:01:37-03:00","inLanguage":"pt-BR","mainEntityOfPage":{"@id":"https:\/\/www.encontrasantana.com.br\/sobre\/zelia-duncan-se-apresenta-neste-domingo-em-santana\/#webpage"},"isPartOf":{"@id":"https:\/\/www.encontrasantana.com.br\/sobre\/zelia-duncan-se-apresenta-neste-domingo-em-santana\/#webpage"},"articleSection":"Show Santana, Santana"},{"@type":"BreadcrumbList","@id":"https:\/\/www.encontrasantana.com.br\/sobre\/zelia-duncan-se-apresenta-neste-domingo-em-santana\/#breadcrumblist","itemListElement":[{"@type":"ListItem","@id":"https:\/\/www.encontrasantana.com.br\/sobre#listItem","position":1,"name":"In\u00edcio","item":"https:\/\/www.encontrasantana.com.br\/sobre","nextItem":{"@type":"ListItem","@id":"https:\/\/www.encontrasantana.com.br\/sobre\/shows-em-santana\/#listItem","name":"Show Santana"}},{"@type":"ListItem","@id":"https:\/\/www.encontrasantana.com.br\/sobre\/shows-em-santana\/#listItem","position":2,"name":"Show Santana","item":"https:\/\/www.encontrasantana.com.br\/sobre\/shows-em-santana\/","nextItem":{"@type":"ListItem","@id":"https:\/\/www.encontrasantana.com.br\/sobre\/zelia-duncan-se-apresenta-neste-domingo-em-santana\/#listItem","name":"Z\u00e9lia Duncan se apresenta neste domingo em Santana"},"previousItem":{"@type":"ListItem","@id":"https:\/\/www.encontrasantana.com.br\/sobre#listItem","name":"In\u00edcio"}},{"@type":"ListItem","@id":"https:\/\/www.encontrasantana.com.br\/sobre\/zelia-duncan-se-apresenta-neste-domingo-em-santana\/#listItem","position":3,"name":"Z\u00e9lia Duncan se apresenta neste domingo em Santana","previousItem":{"@type":"ListItem","@id":"https:\/\/www.encontrasantana.com.br\/sobre\/shows-em-santana\/#listItem","name":"Show Santana"}}]},{"@type":"Organization","@id":"https:\/\/www.encontrasantana.com.br\/sobre\/#organization","name":"Encontra Santana","description":"Not\u00edcias, eventos, informa\u00e7\u00f5es e dicas no bairro de Santana e regi\u00e3o.","url":"https:\/\/www.encontrasantana.com.br\/sobre\/"},{"@type":"Person","@id":"https:\/\/www.encontrasantana.com.br\/sobre\/author\/esantana\/#author","url":"https:\/\/www.encontrasantana.com.br\/sobre\/author\/esantana\/","name":"Encontra Santana","image":{"@type":"ImageObject","@id":"https:\/\/www.encontrasantana.com.br\/sobre\/zelia-duncan-se-apresenta-neste-domingo-em-santana\/#authorImage","url":"https:\/\/secure.gravatar.com\/avatar\/0fbed662e37531ae23e68f85f9517b2454e50c1dfebf80eb9b721449ac95e0b9?s=96&d=mm&r=g","width":96,"height":96,"caption":"Encontra Santana"}},{"@type":"WebPage","@id":"https:\/\/www.encontrasantana.com.br\/sobre\/zelia-duncan-se-apresenta-neste-domingo-em-santana\/#webpage","url":"https:\/\/www.encontrasantana.com.br\/sobre\/zelia-duncan-se-apresenta-neste-domingo-em-santana\/","name":"Z\u00e9lia Duncan se apresenta neste domingo em Santana \u00bb Encontra Santana","description":"Comemorando 30 anos de carreira, a carioca apresenta show baseado no \u00faltimo disco, \"Pelo Sabor do Gesto\", com parcerias que incluem Marcelo Jeneci e Zeca Baleiro, sem deixar de fora sucessos como \"Catedral\". G\u00eanero: Pop Rock Dura\u00e7\u00e3o: 60 minutos Classifica\u00e7\u00e3o: Livre Parque da Juventude - Palco principal Av. Cruzeiro do Sul, 2.630 - Encontra Santana -","inLanguage":"pt-BR","isPartOf":{"@id":"https:\/\/www.encontrasantana.com.br\/sobre\/#website"},"breadcrumb":{"@id":"https:\/\/www.encontrasantana.com.br\/sobre\/zelia-duncan-se-apresenta-neste-domingo-em-santana\/#breadcrumblist"},"author":{"@id":"https:\/\/www.encontrasantana.com.br\/sobre\/author\/esantana\/#author"},"creator":{"@id":"https:\/\/www.encontrasantana.com.br\/sobre\/author\/esantana\/#author"},"datePublished":"2011-12-16T16:43:26-03:00","dateModified":"2019-04-15T10:01:37-03:00"},{"@type":"WebSite","@id":"https:\/\/www.encontrasantana.com.br\/sobre\/#website","url":"https:\/\/www.encontrasantana.com.br\/sobre\/","name":"Encontra Santana","description":"Not\u00edcias, eventos, informa\u00e7\u00f5es e dicas no bairro de Santana e regi\u00e3o.","inLanguage":"pt-BR","publisher":{"@id":"https:\/\/www.encontrasantana.com.br\/sobre\/#organization"}}]},"og:locale":"pt_BR","og:site_name":"Encontra Santana | Not\u00edcias, eventos, informa\u00e7\u00f5es e dicas no bairro de Santana e regi\u00e3o.","og:type":"article","og:title":"Z\u00e9lia Duncan se apresenta neste domingo em Santana \u00bb Encontra Santana","og:description":"Comemorando 30 anos de carreira, a carioca apresenta show baseado no \u00faltimo disco, &quot;Pelo Sabor do Gesto&quot;, com parcerias que incluem Marcelo Jeneci e Zeca Baleiro, sem deixar de fora sucessos como &quot;Catedral&quot;. G\u00eanero: Pop Rock Dura\u00e7\u00e3o: 60 minutos Classifica\u00e7\u00e3o: Livre Parque da Juventude - Palco principal Av. Cruzeiro do Sul, 2.630 - Encontra Santana -","og:url":"https:\/\/www.encontrasantana.com.br\/sobre\/zelia-duncan-se-apresenta-neste-domingo-em-santana\/","article:published_time":"2011-12-16T19:43:26+00:00","article:modified_time":"2019-04-15T13:01:37+00:00","twitter:card":"summary","twitter:title":"Z\u00e9lia Duncan se apresenta neste domingo em Santana \u00bb Encontra Santana","twitter:description":"Comemorando 30 anos de carreira, a carioca apresenta show baseado no \u00faltimo disco, &quot;Pelo Sabor do Gesto&quot;, com parcerias que incluem Marcelo Jeneci e Zeca Baleiro, sem deixar de fora sucessos como &quot;Catedral&quot;. G\u00eanero: Pop Rock Dura\u00e7\u00e3o: 60 minutos Classifica\u00e7\u00e3o: Livre Parque da Juventude - Palco principal Av. Cruzeiro do Sul, 2.630 - Encontra Santana -"},"aioseo_meta_data":{"post_id":"2484","title":null,"description":null,"keywords":null,"keyphrases":null,"primary_term":null,"canonical_url":null,"og_title":null,"og_description":null,"og_object_type":"default","og_image_type":"default","og_image_url":null,"og_image_width":null,"og_image_height":null,"og_image_custom_url":null,"og_image_custom_fields":null,"og_video":null,"og_custom_url":null,"og_article_section":null,"og_article_tags":null,"twitter_use_og":false,"twitter_card":"default","twitter_image_type":"default","twitter_image_url":null,"twitter_image_custom_url":null,"twitter_image_custom_fields":null,"twitter_title":null,"twitter_description":null,"schema":{"blockGraphs":[],"customGraphs":[],"default":{"data":{"Article":[],"Course":[],"Dataset":[],"FAQPage":[],"Movie":[],"Person":[],"Product":[],"ProductReview":[],"Car":[],"Recipe":[],"Service":[],"SoftwareApplication":[],"WebPage":[]},"graphName":"Article","isEnabled":true},"graphs":[]},"schema_type":null,"schema_type_options":null,"pillar_content":false,"robots_default":true,"robots_noindex":false,"robots_noarchive":false,"robots_nosnippet":false,"robots_nofollow":false,"robots_noimageindex":false,"robots_noodp":false,"robots_notranslate":false,"robots_max_snippet":null,"robots_max_videopreview":null,"robots_max_imagepreview":"large","priority":null,"frequency":null,"local_seo":null,"limit_modified_date":false,"created":"2021-04-21 00:38:46","updated":"2026-08-06 10:23:16","focus_keyword":null,"additional_keywords":null,"truseo_locale":null,"ai":null,"breadcrumb_settings":null,"seo_analyzer_scan_date":null},"aioseo_breadcrumb":"<div class=\"aioseo-breadcrumbs\"><span class=\"aioseo-breadcrumb\">\n\t\t\t<a href=\"https:\/\/www.encontrasantana.com.br\/sobre\" title=\"In\u00edcio\">In\u00edcio<\/a>\n\t\t<\/span><span class=\"aioseo-breadcrumb-separator\">&raquo;<\/span><span class=\"aioseo-breadcrumb\">\n\t\t\t<a href=\"https:\/\/www.encontrasantana.com.br\/sobre\/shows-em-santana\/\" title=\"Show Santana\">Show Santana<\/a>\n\t\t<\/span><span class=\"aioseo-breadcrumb-separator\">&raquo;<\/span><span class=\"aioseo-breadcrumb\">\n\t\t\tZ\u00e9lia Duncan se apresenta neste domingo em Santana\n\t\t<\/span><\/div>","aioseo_breadcrumb_json":[{"label":"In\u00edcio","link":"https:\/\/www.encontrasantana.com.br\/sobre"},{"label":"Show Santana","link":"https:\/\/www.encontrasantana.com.br\/sobre\/shows-em-santana\/"},{"label":"Z\u00e9lia Duncan se apresenta neste domingo em Santana","link":"https:\/\/www.encontrasantana.com.br\/sobre\/zelia-duncan-se-apresenta-neste-domingo-em-santana\/"}],"_links":{"self":[{"href":"https:\/\/www.encontrasantana.com.br\/sobre\/wp-json\/wp\/v2\/posts\/2484","targetHints":{"allow":["GET"]}}],"collection":[{"href":"https:\/\/www.encontrasantana.com.br\/sobre\/wp-json\/wp\/v2\/posts"}],"about":[{"href":"https:\/\/www.encontrasantana.com.br\/sobre\/wp-json\/wp\/v2\/types\/post"}],"author":[{"embeddable":true,"href":"https:\/\/www.encontrasantana.com.br\/sobre\/wp-json\/wp\/v2\/users\/1"}],"replies":[{"embeddable":true,"href":"https:\/\/www.encontrasantana.com.br\/sobre\/wp-json\/wp\/v2\/comments?post=2484"}],"version-history":[{"count":0,"href":"https:\/\/www.encontrasantana.com.br\/sobre\/wp-json\/wp\/v2\/posts\/2484\/revisions"}],"wp:attachment":[{"href":"https:\/\/www.encontrasantana.com.br\/sobre\/wp-json\/wp\/v2\/media?parent=2484"}],"wp:term":[{"taxonomy":"category","embeddable":true,"href":"https:\/\/www.encontrasantana.com.br\/sobre\/wp-json\/wp\/v2\/categories?post=2484"},{"taxonomy":"post_tag","embeddable":true,"href":"https:\/\/www.encontrasantana.com.br\/sobre\/wp-json\/wp\/v2\/tags?post=2484"}],"curies":[{"name":"wp","href":"https:\/\/api.w.org\/{rel}","templated":true}]}}