{"id":2716,"date":"2011-12-19T17:37:48","date_gmt":"2011-12-19T20:37:48","guid":{"rendered":"http:\/\/www.encontrasantana.com.br\/blog\/?p=2716"},"modified":"2019-04-15T10:01:37","modified_gmt":"2019-04-15T13:01:37","slug":"aprovado-na-calada-da-noite-projeto-muda-zoneamento-em-santana","status":"publish","type":"post","link":"https:\/\/www.encontrasantana.com.br\/sobre\/aprovado-na-calada-da-noite-projeto-muda-zoneamento-em-santana\/","title":{"rendered":"Aprovado na \u2018Calada da Noite\u2019, projeto muda zoneamento em Santana"},"content":{"rendered":"<div class=\"1acf8468e559fd3cbeec5aee3a269a52\" data-index=\"1\" style=\"float: none; margin:0px;\">\n<!-- Anuncio display - global -->\r\n<ins class=\"adsbygoogle\"\r\n     style=\"display:block\"\r\n     data-ad-client=\"ca-pub-8585364105181520\"\r\n     data-ad-slot=\"8789329856\"\r\n     data-ad-format=\"auto\"\r\n     data-full-width-responsive=\"true\"><\/ins>\r\n<script>\r\n     (adsbygoogle = window.adsbygoogle || []).push({});\r\n<\/script>\n<\/div>\n<p>Na \u00faltima sess\u00e3o do ano, os vereadores aprovaram um projeto que libera a constru\u00e7\u00e3o de faculdades em \u00e1reas onde a Lei de Zoneamento n\u00e3o permite mais. O texto chegou \u00e0 casa \u00e0 tarde, como substitutivo a um texto de 2009 \u2013 constru\u00eddo por procuradores da Prefeitura. O \u00fanico voto contr\u00e1rio foi do vereador Cl\u00e1udio Fonseca (PPS). \u201cO texto n\u00e3o guarda liga\u00e7\u00e3o com o original. Precisar\u00edamos ter feito audi\u00eancias p\u00fablicas antes de aprovar esse projeto, no afogadilho.\u201d A proposta libera a constru\u00e7\u00e3o de novas universidades no\u00a0bairro Pinheiros,\u00a0bairro Perdizes,\u00a0bairro Santana\u00a0e\u00a0bairro Itaim Bibi, entre outros bairros.<\/p>\n<p><em>Fonte: Ag\u00eancia Estado<\/em><\/p>\n\n<div style=\"font-size: 0px; height: 0px; line-height: 0px; margin: 0; padding: 0; clear: both;\"><\/div>","protected":false},"excerpt":{"rendered":"<p>Na \u00faltima sess\u00e3o do ano, os vereadores aprovaram um projeto que libera a constru\u00e7\u00e3o de faculdades em \u00e1reas onde a Lei de Zoneamento n\u00e3o permite mais. O texto chegou \u00e0 casa \u00e0 tarde, como substitutivo a um texto de 2009 \u2013 constru\u00eddo por procuradores da Prefeitura. O \u00fanico voto contr\u00e1rio foi do vereador Cl\u00e1udio Fonseca (PPS). \u201cO texto n\u00e3o guarda liga\u00e7\u00e3o com o original. Precisar\u00edamos ter feito audi\u00eancias p\u00fablicas antes de aprovar esse projeto, no afogadilho.\u201d A proposta libera a constru\u00e7\u00e3o de novas universidades no\u00a0bairro Pinheiros,\u00a0bairro Perdizes,\u00a0bairro Santana\u00a0e\u00a0bairro Itaim Bibi, entre outros bairros. Fonte: Ag\u00eancia Estado<\/p>\n","protected":false},"author":1,"featured_media":0,"comment_status":"open","ping_status":"closed","sticky":false,"template":"","format":"standard","meta":{"footnotes":""},"categories":[3],"tags":[10],"class_list":["post-2716","post","type-post","status-publish","format-standard","hentry","category-noticias-em-santana","tag-santana"],"aioseo_notices":[],"_links":{"self":[{"href":"https:\/\/www.encontrasantana.com.br\/sobre\/wp-json\/wp\/v2\/posts\/2716"}],"collection":[{"href":"https:\/\/www.encontrasantana.com.br\/sobre\/wp-json\/wp\/v2\/posts"}],"about":[{"href":"https:\/\/www.encontrasantana.com.br\/sobre\/wp-json\/wp\/v2\/types\/post"}],"author":[{"embeddable":true,"href":"https:\/\/www.encontrasantana.com.br\/sobre\/wp-json\/wp\/v2\/users\/1"}],"replies":[{"embeddable":true,"href":"https:\/\/www.encontrasantana.com.br\/sobre\/wp-json\/wp\/v2\/comments?post=2716"}],"version-history":[{"count":0,"href":"https:\/\/www.encontrasantana.com.br\/sobre\/wp-json\/wp\/v2\/posts\/2716\/revisions"}],"wp:attachment":[{"href":"https:\/\/www.encontrasantana.com.br\/sobre\/wp-json\/wp\/v2\/media?parent=2716"}],"wp:term":[{"taxonomy":"category","embeddable":true,"href":"https:\/\/www.encontrasantana.com.br\/sobre\/wp-json\/wp\/v2\/categories?post=2716"},{"taxonomy":"post_tag","embeddable":true,"href":"https:\/\/www.encontrasantana.com.br\/sobre\/wp-json\/wp\/v2\/tags?post=2716"}],"curies":[{"name":"wp","href":"https:\/\/api.w.org\/{rel}","templated":true}]}}