{"id":3055,"date":"2011-12-23T15:40:05","date_gmt":"2011-12-23T18:40:05","guid":{"rendered":"http:\/\/www.encontrasantana.com.br\/blog\/?p=3055"},"modified":"2019-04-15T10:00:42","modified_gmt":"2019-04-15T13:00:42","slug":"cat-santana-oferece-oficina-sobre-elaboracao-de-curriculos","status":"publish","type":"post","link":"https:\/\/www.encontrasantana.com.br\/sobre\/cat-santana-oferece-oficina-sobre-elaboracao-de-curriculos\/","title":{"rendered":"CAT Santana oferece oficina sobre elabora\u00e7\u00e3o de curr\u00edculos"},"content":{"rendered":"<div class=\"1acf8468e559fd3cbeec5aee3a269a52\" data-index=\"1\" style=\"float: none; margin:0px;\">\n<!-- Anuncio display - global -->\r\n<ins class=\"adsbygoogle\"\r\n     style=\"display:block\"\r\n     data-ad-client=\"ca-pub-8585364105181520\"\r\n     data-ad-slot=\"8789329856\"\r\n     data-ad-format=\"auto\"\r\n     data-full-width-responsive=\"true\"><\/ins>\r\n<script>\r\n     (adsbygoogle = window.adsbygoogle || []).push({});\r\n<\/script>\n<\/div>\n<p>\u00c9 muito dif\u00edcil saber a forma ideal de elaborar um curr\u00edculo eficiente. Pensando nisso, o Programa Orienta\u00e7\u00e3o para o Trabalho da Secretaria Municipal de Desenvolvimento Econ\u00f4mico e do Trabalho (Semdet) oferece oficina com o tema\u00a0<em>Elabora\u00e7\u00e3o de Curr\u00edculos<\/em>. A oficina acontecer\u00e1 no dia 28, \u00e0s 9h, sendo ministrada simultaneamente por especialistas nas seguintes unidades do CAT Itaquera, Itaim Paulista, Penha, S\u00e3o Matheus I, Santana, Luz, Jabaquara, Interlagos e Lapa I.<\/p>\n<p>O objetivo da oficina \u00e9 orientar os trabalhadores sobre a import\u00e2ncia de um curr\u00edculo eficiente para se destacar no mercado de trabalho. Ser\u00e3o oferecidas dicas aos participantes, destacando a melhor forma de elaborar um curr\u00edculo: como evitar erros de portugu\u00eas, direcionar as informa\u00e7\u00f5es para vaga pretendida, informa\u00e7\u00f5es sobre experi\u00eancias e outras informa\u00e7\u00f5es que deve conter no documento<\/p>\n<p>Para participar, basta ter idade acima dos 16 anos e levar RG, CPF e o n\u00b0 do PIS, caso possua.<\/p>\n<p>Servi\u00e7o:<\/p>\n<p>CAT Luz<br \/>\nAv. Prestes Maia, 913 \/ 919<br \/>\nSegunda a sexta-feira: 7h \u00e0s 18h<br \/>\nS\u00e1bado: 7h \u00e0s 13h<\/p>\n<p>CAT Itaquera<br \/>\nRua Greg\u00f3rio Ramalho, 12<br \/>\nSegunda a sexta-feira: 7h \u00e0s 18h<br \/>\nS\u00e1bado: 7h \u00e0s 13h<\/p>\n<p>CAT\u00a0Penha<br \/>\nRua Candapu\u00ed, 492 (dentro da Subprefeitura da Penha)<br \/>\nSegunda a sexta-feira: 8h \u00e0s 17h<br \/>\nS\u00e1bado: 7h \u00e0s 13h<\/p>\n<p>CAT Itaim Paulista<br \/>\nAv. Marechal Tito, 3.012<br \/>\nSegunda a sexta-feira: 8h \u00e0s 17h<br \/>\nS\u00e1bado: 7h \u00e0s 13h<\/p>\n<p>CAT S\u00e3o Mateus I<br \/>\nAv. Mateo Bei, 1.641<br \/>\nSegunda a sexta-feira: 7h \u00e0s 18h<br \/>\nS\u00e1bado: 7h \u00e0s 13h<\/p>\n<p><strong><a href=\"http:\/\/www.encontrasantana.com.br\/santana\/cat-em-santana.shtml\" target=\"_blank\">CAT Santana<\/a><\/strong><br \/>\nRua Volunt\u00e1rios da P\u00e1tria, 1.553<br \/>\nSegunda a sexta-feira: 7h \u00e1s 18h<br \/>\nS\u00e1bado: 7h \u00e0s 13h<\/p>\n<p>CAT Lapa<br \/>\nRua Monteiro de Melo, 342<br \/>\nSegunda a sexta-feira: 7h \u00e0s 18h<br \/>\nS\u00e1bado: 7h \u00e0s 13h<\/p>\n<p>CAT Interlagos<br \/>\nAv. Interlagos, 6.122<br \/>\nSegunda a sexta-feira: 7h \u00e0s 18h<br \/>\nS\u00e1bado: 7h \u00e0s 13h<\/p>\n<p>CAT Jabaquara<br \/>\nAv. Eng. Armando de Arruda Pereira, 2.314<br \/>\nSegunda a sexta-feira: 8h \u00e0s 17h<br \/>\nS\u00e1bado: 7h \u00e0s 13h<\/p>\n<p><em>Fonte: Prefeitura de S. Paulo<\/em><\/p>\n\n<div style=\"font-size: 0px; height: 0px; line-height: 0px; margin: 0; padding: 0; clear: both;\"><\/div>","protected":false},"excerpt":{"rendered":"<p>\u00c9 muito dif\u00edcil saber a forma ideal de elaborar um curr\u00edculo eficiente. Pensando nisso, o Programa Orienta\u00e7\u00e3o para o Trabalho da Secretaria Municipal de Desenvolvimento Econ\u00f4mico e do Trabalho (Semdet) oferece oficina com o tema\u00a0Elabora\u00e7\u00e3o de Curr\u00edculos. A oficina acontecer\u00e1 no dia 28, \u00e0s 9h, sendo ministrada simultaneamente por especialistas nas seguintes unidades do CAT Itaquera, Itaim Paulista, Penha, S\u00e3o Matheus I, Santana, Luz, Jabaquara, Interlagos e Lapa I. O objetivo da oficina \u00e9 orientar os trabalhadores sobre a import\u00e2ncia de um curr\u00edculo eficiente para se destacar no mercado de trabalho. Ser\u00e3o oferecidas dicas aos participantes, destacando a melhor forma <\/p>\n","protected":false},"author":1,"featured_media":0,"comment_status":"open","ping_status":"closed","sticky":false,"template":"","format":"standard","meta":{"footnotes":""},"categories":[12],"tags":[10],"class_list":["post-3055","post","type-post","status-publish","format-standard","hentry","category-cursos-em-santana","tag-santana"],"aioseo_notices":[],"_links":{"self":[{"href":"https:\/\/www.encontrasantana.com.br\/sobre\/wp-json\/wp\/v2\/posts\/3055"}],"collection":[{"href":"https:\/\/www.encontrasantana.com.br\/sobre\/wp-json\/wp\/v2\/posts"}],"about":[{"href":"https:\/\/www.encontrasantana.com.br\/sobre\/wp-json\/wp\/v2\/types\/post"}],"author":[{"embeddable":true,"href":"https:\/\/www.encontrasantana.com.br\/sobre\/wp-json\/wp\/v2\/users\/1"}],"replies":[{"embeddable":true,"href":"https:\/\/www.encontrasantana.com.br\/sobre\/wp-json\/wp\/v2\/comments?post=3055"}],"version-history":[{"count":0,"href":"https:\/\/www.encontrasantana.com.br\/sobre\/wp-json\/wp\/v2\/posts\/3055\/revisions"}],"wp:attachment":[{"href":"https:\/\/www.encontrasantana.com.br\/sobre\/wp-json\/wp\/v2\/media?parent=3055"}],"wp:term":[{"taxonomy":"category","embeddable":true,"href":"https:\/\/www.encontrasantana.com.br\/sobre\/wp-json\/wp\/v2\/categories?post=3055"},{"taxonomy":"post_tag","embeddable":true,"href":"https:\/\/www.encontrasantana.com.br\/sobre\/wp-json\/wp\/v2\/tags?post=3055"}],"curies":[{"name":"wp","href":"https:\/\/api.w.org\/{rel}","templated":true}]}}