{"id":368,"date":"2010-08-09T18:47:19","date_gmt":"2010-08-09T21:47:19","guid":{"rendered":"http:\/\/www.encontrasantana.com.br\/blog\/?p=368"},"modified":"2019-04-15T10:06:03","modified_gmt":"2019-04-15T13:06:03","slug":"no-8%c2%ba-ataque-a-shopping-do-ano-alvo-foi-santana","status":"publish","type":"post","link":"https:\/\/www.encontrasantana.com.br\/sobre\/no-8%c2%ba-ataque-a-shopping-do-ano-alvo-foi-santana\/","title":{"rendered":"No 8\u00ba ataque a shopping do ano, alvo foi Santana"},"content":{"rendered":"<div class=\"1acf8468e559fd3cbeec5aee3a269a52\" data-index=\"1\" style=\"float: none; margin:0px;\">\n<!-- Anuncio display - global -->\r\n<ins class=\"adsbygoogle\"\r\n     style=\"display:block\"\r\n     data-ad-client=\"ca-pub-8585364105181520\"\r\n     data-ad-slot=\"8789329856\"\r\n     data-ad-format=\"auto\"\r\n     data-full-width-responsive=\"true\"><\/ins>\r\n<script>\r\n     (adsbygoogle = window.adsbygoogle || []).push({});\r\n<\/script>\n<\/div>\n<p>No oitavo assalto do ano em shoppings paulistanos, sete homens armados com pistolas e rev\u00f3lveres invadiram o Santana Parque Shopping, na zona norte, \u00e0s 22h30 de anteontem. Os ladr\u00f5es entraram simultaneamente na Casa das Alian\u00e7as e na JK Alian\u00e7as. Levaram pe\u00e7as de mostru\u00e1rio e R$ 1,3 mil. Houve tiroteio. Dois seguran\u00e7as e supostamente um ladr\u00e3o ficaram feridos. Bandidos fugiram em um Ka e uma Saveiro.<\/p>\n<p>Pouco depois do crime, a Pol\u00edcia Militar informou que um dos vigias havia morrido. Ontem, em nota, o Santana Parque corrigiu a informa\u00e7\u00e3o. &#8220;Dois seguran\u00e7as do shopping foram atingidos e encaminhados ao Pronto-Socorro do Mandaqui.&#8221;<\/p>\n<p>Minutos antes da a\u00e7\u00e3o, os ladr\u00f5es pediram bolo, doces e refrigerantes em uma doceria na frente da Casa das Alian\u00e7as. &#8220;Pegaram os doces e cada um sentou em um lugar. Alguns falavam no celular&#8221;, disse uma funcion\u00e1ria.<\/p>\n<p>As imagens das c\u00e2meras que foram entregues \u00e0 pol\u00edcia mostram que os criminosos renderam um vigia em um corredor do primeiro piso, antes de entrar na loja. Segundo o shopping, apesar de n\u00e3o ter reagido, ele foi atingido por um tiro no rosto. A bala entrou de cima para baixo e ficou alojada na medula. At\u00e9 a noite de ontem, o estado de sa\u00fade dele era grave. O outro, atingido na m\u00e3o de rasp\u00e3o, foi liberado logo depois do atendimento.<\/p>\n<p>Segundo a coordenadora da Casa das Alian\u00e7as, Marisa Eug\u00eania, a a\u00e7\u00e3o foi r\u00e1pida. &#8220;N\u00e3o deu tr\u00eas minutos.&#8221; Tr\u00eas criminosos renderam cinco funcion\u00e1rios, um cliente e um policial \u00e0 paisana que fazia compras na loja. Os vendedores foram obrigados a abrir o cofre e o caixa da loja. Os bandidos fugiram em seguida. Na JK Alian\u00e7as, nenhum representante se pronunciou.<\/p>\n<p>O policial \u00e0 paisana, da 4.\u00aa Delegacia Seccional (Norte), reagiu ap\u00f3s ouvir o disparo que atingiu o seguran\u00e7a na cabe\u00e7a. Ele informou ter baleado um dos assaltantes. Policiais do Grupo Armado de Repress\u00e3o a Roubos e Assaltos (Garra) percorreram hospitais da regi\u00e3o, mas n\u00e3o localizaram o criminoso.<\/p>\n<p>P\u00e2nico. Como era v\u00e9spera do Dia dos Pais, o hor\u00e1rio de funcionamento das lojas havia sido ampliado para as 23 horas. Pra\u00e7a de alimenta\u00e7\u00e3o e cinemas estavam cheios. A cabeleireira Luciana Garcia, de 35 anos, fazia compras com as filhas, de 8 e 16 anos. &#8220;T\u00ednhamos acabado de entrar em uma loja quando come\u00e7aram a atirar. Tinha muito tiro, muita gente gritando. Corri com as minhas filhas para me esconder e s\u00f3 sa\u00ed meia hora depois, com escolta da pol\u00edcia.&#8221; \u00c0 1 hora de ontem, ela ainda aguardava libera\u00e7\u00e3o do estacionamento e n\u00e3o esquecia o desespero. &#8220;M\u00e3es com beb\u00eas deixaram os carrinhos e sa\u00edram correndo.&#8221;<\/p>\n<p>Testemunhas contam que v\u00e1rias pessoas tentaram se refugiar nos cinemas. As sess\u00f5es foram interrompidas por volta da meia-noite e os espectadores abandonaram as salas pelas sa\u00eddas de emerg\u00eancia, onde receberam vouchers como reembolso.<\/p>\n<p>O pedagogo Marcos Borges Pereira da Silva, de 43 anos, j\u00e1 tinha sa\u00eddo do cinema e estava com a fam\u00edlia na pra\u00e7a de alimenta\u00e7\u00e3o quando o tiroteio come\u00e7ou. &#8220;Corri para dentro de uma loja, que baixou as portas&#8221;, relatou. &#8220;Depois, a pol\u00edcia nos encaminhou para uma sa\u00edda e fomos embora para casa de t\u00e1xi.&#8221;<\/p>\n<p>Durante a madrugada, assim como outros clientes, Silva voltou para buscar seu carro. \u00c0 1h15, ele e Luciana foram acompanhados por funcion\u00e1rios do shopping at\u00e9 um acesso lateral para retirar os ve\u00edculos.<\/p>\n<p>Ontem, as lojas abriram normalmente. N\u00e3o havia sinal de tiroteio ou tumulto nos corredores do shopping. Nas joalherias assaltadas, fechadas ao p\u00fablico, gerentes e vendedores contabilizavam os produtos perdidos e os valores levados.<\/p>\n<p>O Santana Parque afirmou que tinha refor\u00e7ado a seguran\u00e7a no s\u00e1bado, n\u00e3o por causa dos assaltos a joalherias de outros shoppings, mas porque este \u00e9 o procedimento padr\u00e3o nas ocasi\u00f5es em que cresce o movimento nas lojas. Os seguran\u00e7as s\u00e3o terceirizados e trabalham armados, mas s\u00e3o orientados a n\u00e3o reagir no interior do estabelecimento.<\/p>\n<p><strong>CRONOLOGIA<\/strong><\/p>\n<p>12 de janeiro<br \/>\nShopping Higien\u00f3polis<br \/>\nTr\u00eas ladr\u00f5es invadem a Montblanc e levam joias<\/p>\n<p>4 de abril<br \/>\nShopping P\u00e1tio Paulista<br \/>\nRel\u00f3gios e joias s\u00e3o roubados da joalheria The Graces<\/p>\n<p>3 de maio<br \/>\nShopping Campo Limpo<br \/>\nCliente \u00e9 baleado ap\u00f3s assalto a loja de surfe<br \/>\n16 de maio<br \/>\nShopping Cidade Jardim<br \/>\nOito assaltantes invadem a Tiffany e levam 72 pe\u00e7as<\/p>\n<p>7 de junho<br \/>\nShopping Cidade Jardim<br \/>\nRolex levados da Corsage<\/p>\n<p>3 de julho<br \/>\nShopping Ibirapuera<br \/>\nRelojoaria S.Rolim \u00e9 o alvo<\/p>\n<p>10 de julho<br \/>\nShopping Campo Limpo<br \/>\nJohara Gold \u00e9 roubada<\/p>\n<p><em>Fonte: Ag\u00eancia Estado<\/em><\/p>\n\n<div style=\"font-size: 0px; height: 0px; line-height: 0px; margin: 0; padding: 0; clear: both;\"><\/div>","protected":false},"excerpt":{"rendered":"<p>No oitavo assalto do ano em shoppings paulistanos, sete homens armados com pistolas e rev\u00f3lveres invadiram o Santana Parque Shopping, na zona norte, \u00e0s 22h30 de anteontem. Os ladr\u00f5es entraram simultaneamente na Casa das Alian\u00e7as e na JK Alian\u00e7as. Levaram pe\u00e7as de mostru\u00e1rio e R$ 1,3 mil. Houve tiroteio. Dois seguran\u00e7as e supostamente um ladr\u00e3o ficaram feridos. Bandidos fugiram em um Ka e uma Saveiro. Pouco depois do crime, a Pol\u00edcia Militar informou que um dos vigias havia morrido. Ontem, em nota, o Santana Parque corrigiu a informa\u00e7\u00e3o. &#8220;Dois seguran\u00e7as do shopping foram atingidos e encaminhados ao Pronto-Socorro do Mandaqui.&#8221; <\/p>\n","protected":false},"author":1,"featured_media":0,"comment_status":"open","ping_status":"closed","sticky":false,"template":"","format":"standard","meta":{"footnotes":""},"categories":[3],"tags":[],"class_list":["post-368","post","type-post","status-publish","format-standard","hentry","category-noticias-em-santana"],"aioseo_notices":[],"aioseo_head":"\n\t\t<!-- All in One SEO 5.0.0.1 - aioseo.com -->\n\t<meta name=\"description\" content=\"No oitavo assalto do ano em shoppings paulistanos, sete homens armados com pistolas e rev\u00f3lveres invadiram o Santana Parque Shopping, na zona norte, \u00e0s 22h30 de anteontem. Os ladr\u00f5es entraram simultaneamente na Casa das Alian\u00e7as e na JK Alian\u00e7as. Levaram pe\u00e7as de mostru\u00e1rio e R$ 1,3 mil. Houve tiroteio. Dois seguran\u00e7as e supostamente um ladr\u00e3o\" \/>\n\t<meta name=\"robots\" content=\"max-image-preview:large\" \/>\n\t<meta name=\"author\" content=\"Encontra Santana\"\/>\n\t<link rel=\"canonical\" href=\"https:\/\/www.encontrasantana.com.br\/sobre\/no-8%c2%ba-ataque-a-shopping-do-ano-alvo-foi-santana\/\" \/>\n\t<meta name=\"generator\" content=\"All in One SEO (AIOSEO) 5.0.0.1\" \/>\n\t\t<meta property=\"og:locale\" content=\"pt_BR\" \/>\n\t\t<meta property=\"og:site_name\" content=\"Encontra Santana | Not\u00edcias, eventos, informa\u00e7\u00f5es e dicas no bairro de Santana e regi\u00e3o.\" \/>\n\t\t<meta property=\"og:type\" content=\"article\" \/>\n\t\t<meta property=\"og:title\" content=\"No 8\u00ba ataque a shopping do ano, alvo foi Santana \u00bb Encontra Santana\" \/>\n\t\t<meta property=\"og:description\" content=\"No oitavo assalto do ano em shoppings paulistanos, sete homens armados com pistolas e rev\u00f3lveres invadiram o Santana Parque Shopping, na zona norte, \u00e0s 22h30 de anteontem. Os ladr\u00f5es entraram simultaneamente na Casa das Alian\u00e7as e na JK Alian\u00e7as. Levaram pe\u00e7as de mostru\u00e1rio e R$ 1,3 mil. Houve tiroteio. Dois seguran\u00e7as e supostamente um ladr\u00e3o\" \/>\n\t\t<meta property=\"og:url\" content=\"https:\/\/www.encontrasantana.com.br\/sobre\/no-8%c2%ba-ataque-a-shopping-do-ano-alvo-foi-santana\/\" \/>\n\t\t<meta property=\"article:published_time\" content=\"2010-08-09T21:47:19+00:00\" \/>\n\t\t<meta property=\"article:modified_time\" content=\"2019-04-15T13:06:03+00:00\" \/>\n\t\t<meta name=\"twitter:card\" content=\"summary\" \/>\n\t\t<meta name=\"twitter:title\" content=\"No 8\u00ba ataque a shopping do ano, alvo foi Santana \u00bb Encontra Santana\" \/>\n\t\t<meta name=\"twitter:description\" content=\"No oitavo assalto do ano em shoppings paulistanos, sete homens armados com pistolas e rev\u00f3lveres invadiram o Santana Parque Shopping, na zona norte, \u00e0s 22h30 de anteontem. Os ladr\u00f5es entraram simultaneamente na Casa das Alian\u00e7as e na JK Alian\u00e7as. Levaram pe\u00e7as de mostru\u00e1rio e R$ 1,3 mil. Houve tiroteio. Dois seguran\u00e7as e supostamente um ladr\u00e3o\" \/>\n\t\t<script type=\"application\/ld+json\" class=\"aioseo-schema\">\n\t\t\t{\"@context\":\"https:\\\/\\\/schema.org\",\"@graph\":[{\"@type\":\"Article\",\"@id\":\"https:\\\/\\\/www.encontrasantana.com.br\\\/sobre\\\/no-8%c2%ba-ataque-a-shopping-do-ano-alvo-foi-santana\\\/#article\",\"name\":\"No 8\\u00ba ataque a shopping do ano, alvo foi Santana \\u00bb Encontra Santana\",\"headline\":\"No 8\\u00ba ataque a shopping do ano, alvo foi Santana\",\"author\":{\"@id\":\"https:\\\/\\\/www.encontrasantana.com.br\\\/sobre\\\/author\\\/esantana\\\/#author\"},\"publisher\":{\"@id\":\"https:\\\/\\\/www.encontrasantana.com.br\\\/sobre\\\/#organization\"},\"datePublished\":\"2010-08-09T18:47:19-03:00\",\"dateModified\":\"2019-04-15T10:06:03-03:00\",\"inLanguage\":\"pt-BR\",\"mainEntityOfPage\":{\"@id\":\"https:\\\/\\\/www.encontrasantana.com.br\\\/sobre\\\/no-8%c2%ba-ataque-a-shopping-do-ano-alvo-foi-santana\\\/#webpage\"},\"isPartOf\":{\"@id\":\"https:\\\/\\\/www.encontrasantana.com.br\\\/sobre\\\/no-8%c2%ba-ataque-a-shopping-do-ano-alvo-foi-santana\\\/#webpage\"},\"articleSection\":\"Not\\u00edcias Santana\"},{\"@type\":\"BreadcrumbList\",\"@id\":\"https:\\\/\\\/www.encontrasantana.com.br\\\/sobre\\\/no-8%c2%ba-ataque-a-shopping-do-ano-alvo-foi-santana\\\/#breadcrumblist\",\"itemListElement\":[{\"@type\":\"ListItem\",\"@id\":\"https:\\\/\\\/www.encontrasantana.com.br\\\/sobre#listItem\",\"position\":1,\"name\":\"In\\u00edcio\",\"item\":\"https:\\\/\\\/www.encontrasantana.com.br\\\/sobre\",\"nextItem\":{\"@type\":\"ListItem\",\"@id\":\"https:\\\/\\\/www.encontrasantana.com.br\\\/sobre\\\/noticias-em-santana\\\/#listItem\",\"name\":\"Not\\u00edcias Santana\"}},{\"@type\":\"ListItem\",\"@id\":\"https:\\\/\\\/www.encontrasantana.com.br\\\/sobre\\\/noticias-em-santana\\\/#listItem\",\"position\":2,\"name\":\"Not\\u00edcias Santana\",\"item\":\"https:\\\/\\\/www.encontrasantana.com.br\\\/sobre\\\/noticias-em-santana\\\/\",\"nextItem\":{\"@type\":\"ListItem\",\"@id\":\"https:\\\/\\\/www.encontrasantana.com.br\\\/sobre\\\/no-8%c2%ba-ataque-a-shopping-do-ano-alvo-foi-santana\\\/#listItem\",\"name\":\"No 8\\u00ba ataque a shopping do ano, alvo foi Santana\"},\"previousItem\":{\"@type\":\"ListItem\",\"@id\":\"https:\\\/\\\/www.encontrasantana.com.br\\\/sobre#listItem\",\"name\":\"In\\u00edcio\"}},{\"@type\":\"ListItem\",\"@id\":\"https:\\\/\\\/www.encontrasantana.com.br\\\/sobre\\\/no-8%c2%ba-ataque-a-shopping-do-ano-alvo-foi-santana\\\/#listItem\",\"position\":3,\"name\":\"No 8\\u00ba ataque a shopping do ano, alvo foi Santana\",\"previousItem\":{\"@type\":\"ListItem\",\"@id\":\"https:\\\/\\\/www.encontrasantana.com.br\\\/sobre\\\/noticias-em-santana\\\/#listItem\",\"name\":\"Not\\u00edcias Santana\"}}]},{\"@type\":\"Organization\",\"@id\":\"https:\\\/\\\/www.encontrasantana.com.br\\\/sobre\\\/#organization\",\"name\":\"Encontra Santana\",\"description\":\"Not\\u00edcias, eventos, informa\\u00e7\\u00f5es e dicas no bairro de Santana e regi\\u00e3o.\",\"url\":\"https:\\\/\\\/www.encontrasantana.com.br\\\/sobre\\\/\"},{\"@type\":\"Person\",\"@id\":\"https:\\\/\\\/www.encontrasantana.com.br\\\/sobre\\\/author\\\/esantana\\\/#author\",\"url\":\"https:\\\/\\\/www.encontrasantana.com.br\\\/sobre\\\/author\\\/esantana\\\/\",\"name\":\"Encontra Santana\",\"image\":{\"@type\":\"ImageObject\",\"@id\":\"https:\\\/\\\/www.encontrasantana.com.br\\\/sobre\\\/no-8%c2%ba-ataque-a-shopping-do-ano-alvo-foi-santana\\\/#authorImage\",\"url\":\"https:\\\/\\\/secure.gravatar.com\\\/avatar\\\/0fbed662e37531ae23e68f85f9517b2454e50c1dfebf80eb9b721449ac95e0b9?s=96&d=mm&r=g\",\"width\":96,\"height\":96,\"caption\":\"Encontra Santana\"}},{\"@type\":\"WebPage\",\"@id\":\"https:\\\/\\\/www.encontrasantana.com.br\\\/sobre\\\/no-8%c2%ba-ataque-a-shopping-do-ano-alvo-foi-santana\\\/#webpage\",\"url\":\"https:\\\/\\\/www.encontrasantana.com.br\\\/sobre\\\/no-8%c2%ba-ataque-a-shopping-do-ano-alvo-foi-santana\\\/\",\"name\":\"No 8\\u00ba ataque a shopping do ano, alvo foi Santana \\u00bb Encontra Santana\",\"description\":\"No oitavo assalto do ano em shoppings paulistanos, sete homens armados com pistolas e rev\\u00f3lveres invadiram o Santana Parque Shopping, na zona norte, \\u00e0s 22h30 de anteontem. Os ladr\\u00f5es entraram simultaneamente na Casa das Alian\\u00e7as e na JK Alian\\u00e7as. Levaram pe\\u00e7as de mostru\\u00e1rio e R$ 1,3 mil. Houve tiroteio. Dois seguran\\u00e7as e supostamente um ladr\\u00e3o\",\"inLanguage\":\"pt-BR\",\"isPartOf\":{\"@id\":\"https:\\\/\\\/www.encontrasantana.com.br\\\/sobre\\\/#website\"},\"breadcrumb\":{\"@id\":\"https:\\\/\\\/www.encontrasantana.com.br\\\/sobre\\\/no-8%c2%ba-ataque-a-shopping-do-ano-alvo-foi-santana\\\/#breadcrumblist\"},\"author\":{\"@id\":\"https:\\\/\\\/www.encontrasantana.com.br\\\/sobre\\\/author\\\/esantana\\\/#author\"},\"creator\":{\"@id\":\"https:\\\/\\\/www.encontrasantana.com.br\\\/sobre\\\/author\\\/esantana\\\/#author\"},\"datePublished\":\"2010-08-09T18:47:19-03:00\",\"dateModified\":\"2019-04-15T10:06:03-03:00\"},{\"@type\":\"WebSite\",\"@id\":\"https:\\\/\\\/www.encontrasantana.com.br\\\/sobre\\\/#website\",\"url\":\"https:\\\/\\\/www.encontrasantana.com.br\\\/sobre\\\/\",\"name\":\"Encontra Santana\",\"description\":\"Not\\u00edcias, eventos, informa\\u00e7\\u00f5es e dicas no bairro de Santana e regi\\u00e3o.\",\"inLanguage\":\"pt-BR\",\"publisher\":{\"@id\":\"https:\\\/\\\/www.encontrasantana.com.br\\\/sobre\\\/#organization\"}}]}\n\t\t<\/script>\n\t\t<!-- All in One SEO -->\n\n","aioseo_head_json":{"title":"No 8\u00ba ataque a shopping do ano, alvo foi Santana \u00bb Encontra Santana","description":"No oitavo assalto do ano em shoppings paulistanos, sete homens armados com pistolas e rev\u00f3lveres invadiram o Santana Parque Shopping, na zona norte, \u00e0s 22h30 de anteontem. Os ladr\u00f5es entraram simultaneamente na Casa das Alian\u00e7as e na JK Alian\u00e7as. Levaram pe\u00e7as de mostru\u00e1rio e R$ 1,3 mil. Houve tiroteio. Dois seguran\u00e7as e supostamente um ladr\u00e3o","canonical_url":"https:\/\/www.encontrasantana.com.br\/sobre\/no-8%c2%ba-ataque-a-shopping-do-ano-alvo-foi-santana\/","robots":"max-image-preview:large","keywords":"","webmasterTools":{"miscellaneous":""},"schema":{"@context":"https:\/\/schema.org","@graph":[{"@type":"Article","@id":"https:\/\/www.encontrasantana.com.br\/sobre\/no-8%c2%ba-ataque-a-shopping-do-ano-alvo-foi-santana\/#article","name":"No 8\u00ba ataque a shopping do ano, alvo foi Santana \u00bb Encontra Santana","headline":"No 8\u00ba ataque a shopping do ano, alvo foi Santana","author":{"@id":"https:\/\/www.encontrasantana.com.br\/sobre\/author\/esantana\/#author"},"publisher":{"@id":"https:\/\/www.encontrasantana.com.br\/sobre\/#organization"},"datePublished":"2010-08-09T18:47:19-03:00","dateModified":"2019-04-15T10:06:03-03:00","inLanguage":"pt-BR","mainEntityOfPage":{"@id":"https:\/\/www.encontrasantana.com.br\/sobre\/no-8%c2%ba-ataque-a-shopping-do-ano-alvo-foi-santana\/#webpage"},"isPartOf":{"@id":"https:\/\/www.encontrasantana.com.br\/sobre\/no-8%c2%ba-ataque-a-shopping-do-ano-alvo-foi-santana\/#webpage"},"articleSection":"Not\u00edcias Santana"},{"@type":"BreadcrumbList","@id":"https:\/\/www.encontrasantana.com.br\/sobre\/no-8%c2%ba-ataque-a-shopping-do-ano-alvo-foi-santana\/#breadcrumblist","itemListElement":[{"@type":"ListItem","@id":"https:\/\/www.encontrasantana.com.br\/sobre#listItem","position":1,"name":"In\u00edcio","item":"https:\/\/www.encontrasantana.com.br\/sobre","nextItem":{"@type":"ListItem","@id":"https:\/\/www.encontrasantana.com.br\/sobre\/noticias-em-santana\/#listItem","name":"Not\u00edcias Santana"}},{"@type":"ListItem","@id":"https:\/\/www.encontrasantana.com.br\/sobre\/noticias-em-santana\/#listItem","position":2,"name":"Not\u00edcias Santana","item":"https:\/\/www.encontrasantana.com.br\/sobre\/noticias-em-santana\/","nextItem":{"@type":"ListItem","@id":"https:\/\/www.encontrasantana.com.br\/sobre\/no-8%c2%ba-ataque-a-shopping-do-ano-alvo-foi-santana\/#listItem","name":"No 8\u00ba ataque a shopping do ano, alvo foi Santana"},"previousItem":{"@type":"ListItem","@id":"https:\/\/www.encontrasantana.com.br\/sobre#listItem","name":"In\u00edcio"}},{"@type":"ListItem","@id":"https:\/\/www.encontrasantana.com.br\/sobre\/no-8%c2%ba-ataque-a-shopping-do-ano-alvo-foi-santana\/#listItem","position":3,"name":"No 8\u00ba ataque a shopping do ano, alvo foi Santana","previousItem":{"@type":"ListItem","@id":"https:\/\/www.encontrasantana.com.br\/sobre\/noticias-em-santana\/#listItem","name":"Not\u00edcias Santana"}}]},{"@type":"Organization","@id":"https:\/\/www.encontrasantana.com.br\/sobre\/#organization","name":"Encontra Santana","description":"Not\u00edcias, eventos, informa\u00e7\u00f5es e dicas no bairro de Santana e regi\u00e3o.","url":"https:\/\/www.encontrasantana.com.br\/sobre\/"},{"@type":"Person","@id":"https:\/\/www.encontrasantana.com.br\/sobre\/author\/esantana\/#author","url":"https:\/\/www.encontrasantana.com.br\/sobre\/author\/esantana\/","name":"Encontra Santana","image":{"@type":"ImageObject","@id":"https:\/\/www.encontrasantana.com.br\/sobre\/no-8%c2%ba-ataque-a-shopping-do-ano-alvo-foi-santana\/#authorImage","url":"https:\/\/secure.gravatar.com\/avatar\/0fbed662e37531ae23e68f85f9517b2454e50c1dfebf80eb9b721449ac95e0b9?s=96&d=mm&r=g","width":96,"height":96,"caption":"Encontra Santana"}},{"@type":"WebPage","@id":"https:\/\/www.encontrasantana.com.br\/sobre\/no-8%c2%ba-ataque-a-shopping-do-ano-alvo-foi-santana\/#webpage","url":"https:\/\/www.encontrasantana.com.br\/sobre\/no-8%c2%ba-ataque-a-shopping-do-ano-alvo-foi-santana\/","name":"No 8\u00ba ataque a shopping do ano, alvo foi Santana \u00bb Encontra Santana","description":"No oitavo assalto do ano em shoppings paulistanos, sete homens armados com pistolas e rev\u00f3lveres invadiram o Santana Parque Shopping, na zona norte, \u00e0s 22h30 de anteontem. Os ladr\u00f5es entraram simultaneamente na Casa das Alian\u00e7as e na JK Alian\u00e7as. Levaram pe\u00e7as de mostru\u00e1rio e R$ 1,3 mil. Houve tiroteio. Dois seguran\u00e7as e supostamente um ladr\u00e3o","inLanguage":"pt-BR","isPartOf":{"@id":"https:\/\/www.encontrasantana.com.br\/sobre\/#website"},"breadcrumb":{"@id":"https:\/\/www.encontrasantana.com.br\/sobre\/no-8%c2%ba-ataque-a-shopping-do-ano-alvo-foi-santana\/#breadcrumblist"},"author":{"@id":"https:\/\/www.encontrasantana.com.br\/sobre\/author\/esantana\/#author"},"creator":{"@id":"https:\/\/www.encontrasantana.com.br\/sobre\/author\/esantana\/#author"},"datePublished":"2010-08-09T18:47:19-03:00","dateModified":"2019-04-15T10:06:03-03:00"},{"@type":"WebSite","@id":"https:\/\/www.encontrasantana.com.br\/sobre\/#website","url":"https:\/\/www.encontrasantana.com.br\/sobre\/","name":"Encontra Santana","description":"Not\u00edcias, eventos, informa\u00e7\u00f5es e dicas no bairro de Santana e regi\u00e3o.","inLanguage":"pt-BR","publisher":{"@id":"https:\/\/www.encontrasantana.com.br\/sobre\/#organization"}}]},"og:locale":"pt_BR","og:site_name":"Encontra Santana | Not\u00edcias, eventos, informa\u00e7\u00f5es e dicas no bairro de Santana e regi\u00e3o.","og:type":"article","og:title":"No 8\u00ba ataque a shopping do ano, alvo foi Santana \u00bb Encontra Santana","og:description":"No oitavo assalto do ano em shoppings paulistanos, sete homens armados com pistolas e rev\u00f3lveres invadiram o Santana Parque Shopping, na zona norte, \u00e0s 22h30 de anteontem. Os ladr\u00f5es entraram simultaneamente na Casa das Alian\u00e7as e na JK Alian\u00e7as. Levaram pe\u00e7as de mostru\u00e1rio e R$ 1,3 mil. Houve tiroteio. Dois seguran\u00e7as e supostamente um ladr\u00e3o","og:url":"https:\/\/www.encontrasantana.com.br\/sobre\/no-8%c2%ba-ataque-a-shopping-do-ano-alvo-foi-santana\/","article:published_time":"2010-08-09T21:47:19+00:00","article:modified_time":"2019-04-15T13:06:03+00:00","twitter:card":"summary","twitter:title":"No 8\u00ba ataque a shopping do ano, alvo foi Santana \u00bb Encontra Santana","twitter:description":"No oitavo assalto do ano em shoppings paulistanos, sete homens armados com pistolas e rev\u00f3lveres invadiram o Santana Parque Shopping, na zona norte, \u00e0s 22h30 de anteontem. Os ladr\u00f5es entraram simultaneamente na Casa das Alian\u00e7as e na JK Alian\u00e7as. Levaram pe\u00e7as de mostru\u00e1rio e R$ 1,3 mil. Houve tiroteio. Dois seguran\u00e7as e supostamente um ladr\u00e3o"},"aioseo_meta_data":{"post_id":"368","title":null,"description":null,"keywords":null,"keyphrases":null,"primary_term":null,"canonical_url":null,"og_title":null,"og_description":null,"og_object_type":"default","og_image_type":"default","og_image_url":null,"og_image_width":null,"og_image_height":null,"og_image_custom_url":null,"og_image_custom_fields":null,"og_video":null,"og_custom_url":null,"og_article_section":null,"og_article_tags":null,"twitter_use_og":false,"twitter_card":"default","twitter_image_type":"default","twitter_image_url":null,"twitter_image_custom_url":null,"twitter_image_custom_fields":null,"twitter_title":null,"twitter_description":null,"schema":{"blockGraphs":[],"customGraphs":[],"default":{"data":{"Article":[],"Course":[],"Dataset":[],"FAQPage":[],"Movie":[],"Person":[],"Product":[],"ProductReview":[],"Car":[],"Recipe":[],"Service":[],"SoftwareApplication":[],"WebPage":[]},"graphName":"Article","isEnabled":true},"graphs":[]},"schema_type":null,"schema_type_options":null,"pillar_content":false,"robots_default":true,"robots_noindex":false,"robots_noarchive":false,"robots_nosnippet":false,"robots_nofollow":false,"robots_noimageindex":false,"robots_noodp":false,"robots_notranslate":false,"robots_max_snippet":null,"robots_max_videopreview":null,"robots_max_imagepreview":"large","priority":null,"frequency":null,"local_seo":null,"limit_modified_date":false,"created":"2021-04-20 19:18:10","updated":"2026-08-06 03:39:51","focus_keyword":null,"additional_keywords":null,"truseo_locale":null,"ai":null,"breadcrumb_settings":null,"seo_analyzer_scan_date":null},"aioseo_breadcrumb":"<div class=\"aioseo-breadcrumbs\"><span class=\"aioseo-breadcrumb\">\n\t\t\t<a href=\"https:\/\/www.encontrasantana.com.br\/sobre\" title=\"In\u00edcio\">In\u00edcio<\/a>\n\t\t<\/span><span class=\"aioseo-breadcrumb-separator\">&raquo;<\/span><span class=\"aioseo-breadcrumb\">\n\t\t\t<a href=\"https:\/\/www.encontrasantana.com.br\/sobre\/noticias-em-santana\/\" title=\"Not\u00edcias Santana\">Not\u00edcias Santana<\/a>\n\t\t<\/span><span class=\"aioseo-breadcrumb-separator\">&raquo;<\/span><span class=\"aioseo-breadcrumb\">\n\t\t\tNo 8\u00ba ataque a shopping do ano, alvo foi Santana\n\t\t<\/span><\/div>","aioseo_breadcrumb_json":[{"label":"In\u00edcio","link":"https:\/\/www.encontrasantana.com.br\/sobre"},{"label":"Not\u00edcias Santana","link":"https:\/\/www.encontrasantana.com.br\/sobre\/noticias-em-santana\/"},{"label":"No 8\u00ba ataque a shopping do ano, alvo foi Santana","link":"https:\/\/www.encontrasantana.com.br\/sobre\/no-8%c2%ba-ataque-a-shopping-do-ano-alvo-foi-santana\/"}],"_links":{"self":[{"href":"https:\/\/www.encontrasantana.com.br\/sobre\/wp-json\/wp\/v2\/posts\/368","targetHints":{"allow":["GET"]}}],"collection":[{"href":"https:\/\/www.encontrasantana.com.br\/sobre\/wp-json\/wp\/v2\/posts"}],"about":[{"href":"https:\/\/www.encontrasantana.com.br\/sobre\/wp-json\/wp\/v2\/types\/post"}],"author":[{"embeddable":true,"href":"https:\/\/www.encontrasantana.com.br\/sobre\/wp-json\/wp\/v2\/users\/1"}],"replies":[{"embeddable":true,"href":"https:\/\/www.encontrasantana.com.br\/sobre\/wp-json\/wp\/v2\/comments?post=368"}],"version-history":[{"count":0,"href":"https:\/\/www.encontrasantana.com.br\/sobre\/wp-json\/wp\/v2\/posts\/368\/revisions"}],"wp:attachment":[{"href":"https:\/\/www.encontrasantana.com.br\/sobre\/wp-json\/wp\/v2\/media?parent=368"}],"wp:term":[{"taxonomy":"category","embeddable":true,"href":"https:\/\/www.encontrasantana.com.br\/sobre\/wp-json\/wp\/v2\/categories?post=368"},{"taxonomy":"post_tag","embeddable":true,"href":"https:\/\/www.encontrasantana.com.br\/sobre\/wp-json\/wp\/v2\/tags?post=368"}],"curies":[{"name":"wp","href":"https:\/\/api.w.org\/{rel}","templated":true}]}}