{"id":385,"date":"2010-08-13T18:54:03","date_gmt":"2010-08-13T21:54:03","guid":{"rendered":"http:\/\/www.encontrasantana.com.br\/blog\/?p=385"},"modified":"2019-04-15T10:06:00","modified_gmt":"2019-04-15T13:06:00","slug":"ne-yo-traz-suas-baladas-romanticas-a-santana","status":"publish","type":"post","link":"https:\/\/www.encontrasantana.com.br\/sobre\/ne-yo-traz-suas-baladas-romanticas-a-santana\/","title":{"rendered":"Ne-Yo traz suas baladas rom\u00e2nticas a Santana"},"content":{"rendered":"<div class=\"1acf8468e559fd3cbeec5aee3a269a52\" data-index=\"1\" style=\"float: none; margin:0px;\">\n<!-- Anuncio display - global -->\r\n<ins class=\"adsbygoogle\"\r\n     style=\"display:block\"\r\n     data-ad-client=\"ca-pub-8585364105181520\"\r\n     data-ad-slot=\"8789329856\"\r\n     data-ad-format=\"auto\"\r\n     data-full-width-responsive=\"true\"><\/ins>\r\n<script>\r\n     (adsbygoogle = window.adsbygoogle || []).push({});\r\n<\/script>\n<\/div>\n<p>Como muitos garotos de sua gera\u00e7\u00e3o, Ne-Yo cresceu sonhando em se tornar o novo Michael Jackson. Mas h\u00e1 uma diferen\u00e7a entre o cantor de R&amp;B e os demais aspirantes. Al\u00e9m de ter conhecido seu \u00eddolo, Ne-Yo chegou a compor can\u00e7\u00f5es para ele &#8211; elas estariam no novo disco em que o Rei do Pop estava trabalhando, pouco antes de sua morte, em junho de 2009.<\/p>\n<p>Ao menos h\u00e1 o consolo de que outros nomes importantes da m\u00fasica j\u00e1 registraram suas faixas, como Beyonc\u00e9 (\u2018Irreplaceable\u2019) e Rihanna (\u2018Take a Bow\u2019). Nesta passagem pelo Brasil, na Arena Skol Anhembi, em Santana, ele toca baladas rom\u00e2nticas, como \u2018Sexy Love\u2019 e \u2018Miss Independent\u2019, e antecipa tamb\u00e9m duas m\u00fasicas que far\u00e3o parte do disco que deve lan\u00e7ar em setembro, \u2018Libra Scale\u2019.<\/p>\n<p>Arena Skol Anhembi. Av. Olavo Fontoura, 1.209, Santana, 4003- 1212. Nesta sexta(13), 23h59. R$ 150\/R$ 360.<\/p>\n<p><em>Fonte: Ag\u00eancia Estado<\/em><\/p>\n\n<div style=\"font-size: 0px; height: 0px; line-height: 0px; margin: 0; padding: 0; clear: both;\"><\/div>","protected":false},"excerpt":{"rendered":"<p>Como muitos garotos de sua gera\u00e7\u00e3o, Ne-Yo cresceu sonhando em se tornar o novo Michael Jackson. Mas h\u00e1 uma diferen\u00e7a entre o cantor de R&amp;B e os demais aspirantes. Al\u00e9m de ter conhecido seu \u00eddolo, Ne-Yo chegou a compor can\u00e7\u00f5es para ele &#8211; elas estariam no novo disco em que o Rei do Pop estava trabalhando, pouco antes de sua morte, em junho de 2009. Ao menos h\u00e1 o consolo de que outros nomes importantes da m\u00fasica j\u00e1 registraram suas faixas, como Beyonc\u00e9 (\u2018Irreplaceable\u2019) e Rihanna (\u2018Take a Bow\u2019). Nesta passagem pelo Brasil, na Arena Skol Anhembi, em Santana, ele <\/p>\n","protected":false},"author":1,"featured_media":0,"comment_status":"open","ping_status":"closed","sticky":false,"template":"","format":"standard","meta":{"footnotes":""},"categories":[8],"tags":[10],"class_list":["post-385","post","type-post","status-publish","format-standard","hentry","category-shows-em-santana","tag-santana"],"aioseo_notices":[],"aioseo_head":"\n\t\t<!-- All in One SEO 5.0.0.1 - aioseo.com -->\n\t<meta name=\"description\" content=\"Como muitos garotos de sua gera\u00e7\u00e3o, Ne-Yo cresceu sonhando em se tornar o novo Michael Jackson. Mas h\u00e1 uma diferen\u00e7a entre o cantor de R&amp;B e os demais aspirantes. Al\u00e9m de ter conhecido seu \u00eddolo, Ne-Yo chegou a compor can\u00e7\u00f5es para ele - elas estariam no novo disco em que o Rei do Pop estava\" \/>\n\t<meta name=\"robots\" content=\"max-image-preview:large\" \/>\n\t<meta name=\"author\" content=\"Encontra Santana\"\/>\n\t<link rel=\"canonical\" href=\"https:\/\/www.encontrasantana.com.br\/sobre\/ne-yo-traz-suas-baladas-romanticas-a-santana\/\" \/>\n\t<meta name=\"generator\" content=\"All in One SEO (AIOSEO) 5.0.0.1\" \/>\n\t\t<meta property=\"og:locale\" content=\"pt_BR\" \/>\n\t\t<meta property=\"og:site_name\" content=\"Encontra Santana | Not\u00edcias, eventos, informa\u00e7\u00f5es e dicas no bairro de Santana e regi\u00e3o.\" \/>\n\t\t<meta property=\"og:type\" content=\"article\" \/>\n\t\t<meta property=\"og:title\" content=\"Ne-Yo traz suas baladas rom\u00e2nticas a Santana \u00bb Encontra Santana\" \/>\n\t\t<meta property=\"og:description\" content=\"Como muitos garotos de sua gera\u00e7\u00e3o, Ne-Yo cresceu sonhando em se tornar o novo Michael Jackson. Mas h\u00e1 uma diferen\u00e7a entre o cantor de R&amp;B e os demais aspirantes. Al\u00e9m de ter conhecido seu \u00eddolo, Ne-Yo chegou a compor can\u00e7\u00f5es para ele - elas estariam no novo disco em que o Rei do Pop estava\" \/>\n\t\t<meta property=\"og:url\" content=\"https:\/\/www.encontrasantana.com.br\/sobre\/ne-yo-traz-suas-baladas-romanticas-a-santana\/\" \/>\n\t\t<meta property=\"article:published_time\" content=\"2010-08-13T21:54:03+00:00\" \/>\n\t\t<meta property=\"article:modified_time\" content=\"2019-04-15T13:06:00+00:00\" \/>\n\t\t<meta name=\"twitter:card\" content=\"summary\" \/>\n\t\t<meta name=\"twitter:title\" content=\"Ne-Yo traz suas baladas rom\u00e2nticas a Santana \u00bb Encontra Santana\" \/>\n\t\t<meta name=\"twitter:description\" content=\"Como muitos garotos de sua gera\u00e7\u00e3o, Ne-Yo cresceu sonhando em se tornar o novo Michael Jackson. Mas h\u00e1 uma diferen\u00e7a entre o cantor de R&amp;B e os demais aspirantes. Al\u00e9m de ter conhecido seu \u00eddolo, Ne-Yo chegou a compor can\u00e7\u00f5es para ele - elas estariam no novo disco em que o Rei do Pop estava\" \/>\n\t\t<script type=\"application\/ld+json\" class=\"aioseo-schema\">\n\t\t\t{\"@context\":\"https:\\\/\\\/schema.org\",\"@graph\":[{\"@type\":\"Article\",\"@id\":\"https:\\\/\\\/www.encontrasantana.com.br\\\/sobre\\\/ne-yo-traz-suas-baladas-romanticas-a-santana\\\/#article\",\"name\":\"Ne-Yo traz suas baladas rom\\u00e2nticas a Santana \\u00bb Encontra Santana\",\"headline\":\"Ne-Yo traz suas baladas rom\\u00e2nticas a Santana\",\"author\":{\"@id\":\"https:\\\/\\\/www.encontrasantana.com.br\\\/sobre\\\/author\\\/esantana\\\/#author\"},\"publisher\":{\"@id\":\"https:\\\/\\\/www.encontrasantana.com.br\\\/sobre\\\/#organization\"},\"datePublished\":\"2010-08-13T18:54:03-03:00\",\"dateModified\":\"2019-04-15T10:06:00-03:00\",\"inLanguage\":\"pt-BR\",\"mainEntityOfPage\":{\"@id\":\"https:\\\/\\\/www.encontrasantana.com.br\\\/sobre\\\/ne-yo-traz-suas-baladas-romanticas-a-santana\\\/#webpage\"},\"isPartOf\":{\"@id\":\"https:\\\/\\\/www.encontrasantana.com.br\\\/sobre\\\/ne-yo-traz-suas-baladas-romanticas-a-santana\\\/#webpage\"},\"articleSection\":\"Show Santana, Santana\"},{\"@type\":\"BreadcrumbList\",\"@id\":\"https:\\\/\\\/www.encontrasantana.com.br\\\/sobre\\\/ne-yo-traz-suas-baladas-romanticas-a-santana\\\/#breadcrumblist\",\"itemListElement\":[{\"@type\":\"ListItem\",\"@id\":\"https:\\\/\\\/www.encontrasantana.com.br\\\/sobre#listItem\",\"position\":1,\"name\":\"In\\u00edcio\",\"item\":\"https:\\\/\\\/www.encontrasantana.com.br\\\/sobre\",\"nextItem\":{\"@type\":\"ListItem\",\"@id\":\"https:\\\/\\\/www.encontrasantana.com.br\\\/sobre\\\/shows-em-santana\\\/#listItem\",\"name\":\"Show Santana\"}},{\"@type\":\"ListItem\",\"@id\":\"https:\\\/\\\/www.encontrasantana.com.br\\\/sobre\\\/shows-em-santana\\\/#listItem\",\"position\":2,\"name\":\"Show Santana\",\"item\":\"https:\\\/\\\/www.encontrasantana.com.br\\\/sobre\\\/shows-em-santana\\\/\",\"nextItem\":{\"@type\":\"ListItem\",\"@id\":\"https:\\\/\\\/www.encontrasantana.com.br\\\/sobre\\\/ne-yo-traz-suas-baladas-romanticas-a-santana\\\/#listItem\",\"name\":\"Ne-Yo traz suas baladas rom\\u00e2nticas a Santana\"},\"previousItem\":{\"@type\":\"ListItem\",\"@id\":\"https:\\\/\\\/www.encontrasantana.com.br\\\/sobre#listItem\",\"name\":\"In\\u00edcio\"}},{\"@type\":\"ListItem\",\"@id\":\"https:\\\/\\\/www.encontrasantana.com.br\\\/sobre\\\/ne-yo-traz-suas-baladas-romanticas-a-santana\\\/#listItem\",\"position\":3,\"name\":\"Ne-Yo traz suas baladas rom\\u00e2nticas a Santana\",\"previousItem\":{\"@type\":\"ListItem\",\"@id\":\"https:\\\/\\\/www.encontrasantana.com.br\\\/sobre\\\/shows-em-santana\\\/#listItem\",\"name\":\"Show Santana\"}}]},{\"@type\":\"Organization\",\"@id\":\"https:\\\/\\\/www.encontrasantana.com.br\\\/sobre\\\/#organization\",\"name\":\"Encontra Santana\",\"description\":\"Not\\u00edcias, eventos, informa\\u00e7\\u00f5es e dicas no bairro de Santana e regi\\u00e3o.\",\"url\":\"https:\\\/\\\/www.encontrasantana.com.br\\\/sobre\\\/\"},{\"@type\":\"Person\",\"@id\":\"https:\\\/\\\/www.encontrasantana.com.br\\\/sobre\\\/author\\\/esantana\\\/#author\",\"url\":\"https:\\\/\\\/www.encontrasantana.com.br\\\/sobre\\\/author\\\/esantana\\\/\",\"name\":\"Encontra Santana\",\"image\":{\"@type\":\"ImageObject\",\"@id\":\"https:\\\/\\\/www.encontrasantana.com.br\\\/sobre\\\/ne-yo-traz-suas-baladas-romanticas-a-santana\\\/#authorImage\",\"url\":\"https:\\\/\\\/secure.gravatar.com\\\/avatar\\\/0fbed662e37531ae23e68f85f9517b2454e50c1dfebf80eb9b721449ac95e0b9?s=96&d=mm&r=g\",\"width\":96,\"height\":96,\"caption\":\"Encontra Santana\"}},{\"@type\":\"WebPage\",\"@id\":\"https:\\\/\\\/www.encontrasantana.com.br\\\/sobre\\\/ne-yo-traz-suas-baladas-romanticas-a-santana\\\/#webpage\",\"url\":\"https:\\\/\\\/www.encontrasantana.com.br\\\/sobre\\\/ne-yo-traz-suas-baladas-romanticas-a-santana\\\/\",\"name\":\"Ne-Yo traz suas baladas rom\\u00e2nticas a Santana \\u00bb Encontra Santana\",\"description\":\"Como muitos garotos de sua gera\\u00e7\\u00e3o, Ne-Yo cresceu sonhando em se tornar o novo Michael Jackson. Mas h\\u00e1 uma diferen\\u00e7a entre o cantor de R&B e os demais aspirantes. Al\\u00e9m de ter conhecido seu \\u00eddolo, Ne-Yo chegou a compor can\\u00e7\\u00f5es para ele - elas estariam no novo disco em que o Rei do Pop estava\",\"inLanguage\":\"pt-BR\",\"isPartOf\":{\"@id\":\"https:\\\/\\\/www.encontrasantana.com.br\\\/sobre\\\/#website\"},\"breadcrumb\":{\"@id\":\"https:\\\/\\\/www.encontrasantana.com.br\\\/sobre\\\/ne-yo-traz-suas-baladas-romanticas-a-santana\\\/#breadcrumblist\"},\"author\":{\"@id\":\"https:\\\/\\\/www.encontrasantana.com.br\\\/sobre\\\/author\\\/esantana\\\/#author\"},\"creator\":{\"@id\":\"https:\\\/\\\/www.encontrasantana.com.br\\\/sobre\\\/author\\\/esantana\\\/#author\"},\"datePublished\":\"2010-08-13T18:54:03-03:00\",\"dateModified\":\"2019-04-15T10:06:00-03:00\"},{\"@type\":\"WebSite\",\"@id\":\"https:\\\/\\\/www.encontrasantana.com.br\\\/sobre\\\/#website\",\"url\":\"https:\\\/\\\/www.encontrasantana.com.br\\\/sobre\\\/\",\"name\":\"Encontra Santana\",\"description\":\"Not\\u00edcias, eventos, informa\\u00e7\\u00f5es e dicas no bairro de Santana e regi\\u00e3o.\",\"inLanguage\":\"pt-BR\",\"publisher\":{\"@id\":\"https:\\\/\\\/www.encontrasantana.com.br\\\/sobre\\\/#organization\"}}]}\n\t\t<\/script>\n\t\t<!-- All in One SEO -->\n\n","aioseo_head_json":{"title":"Ne-Yo traz suas baladas rom\u00e2nticas a Santana \u00bb Encontra Santana","description":"Como muitos garotos de sua gera\u00e7\u00e3o, Ne-Yo cresceu sonhando em se tornar o novo Michael Jackson. Mas h\u00e1 uma diferen\u00e7a entre o cantor de R&B e os demais aspirantes. Al\u00e9m de ter conhecido seu \u00eddolo, Ne-Yo chegou a compor can\u00e7\u00f5es para ele - elas estariam no novo disco em que o Rei do Pop estava","canonical_url":"https:\/\/www.encontrasantana.com.br\/sobre\/ne-yo-traz-suas-baladas-romanticas-a-santana\/","robots":"max-image-preview:large","keywords":"","webmasterTools":{"miscellaneous":""},"schema":{"@context":"https:\/\/schema.org","@graph":[{"@type":"Article","@id":"https:\/\/www.encontrasantana.com.br\/sobre\/ne-yo-traz-suas-baladas-romanticas-a-santana\/#article","name":"Ne-Yo traz suas baladas rom\u00e2nticas a Santana \u00bb Encontra Santana","headline":"Ne-Yo traz suas baladas rom\u00e2nticas a Santana","author":{"@id":"https:\/\/www.encontrasantana.com.br\/sobre\/author\/esantana\/#author"},"publisher":{"@id":"https:\/\/www.encontrasantana.com.br\/sobre\/#organization"},"datePublished":"2010-08-13T18:54:03-03:00","dateModified":"2019-04-15T10:06:00-03:00","inLanguage":"pt-BR","mainEntityOfPage":{"@id":"https:\/\/www.encontrasantana.com.br\/sobre\/ne-yo-traz-suas-baladas-romanticas-a-santana\/#webpage"},"isPartOf":{"@id":"https:\/\/www.encontrasantana.com.br\/sobre\/ne-yo-traz-suas-baladas-romanticas-a-santana\/#webpage"},"articleSection":"Show Santana, Santana"},{"@type":"BreadcrumbList","@id":"https:\/\/www.encontrasantana.com.br\/sobre\/ne-yo-traz-suas-baladas-romanticas-a-santana\/#breadcrumblist","itemListElement":[{"@type":"ListItem","@id":"https:\/\/www.encontrasantana.com.br\/sobre#listItem","position":1,"name":"In\u00edcio","item":"https:\/\/www.encontrasantana.com.br\/sobre","nextItem":{"@type":"ListItem","@id":"https:\/\/www.encontrasantana.com.br\/sobre\/shows-em-santana\/#listItem","name":"Show Santana"}},{"@type":"ListItem","@id":"https:\/\/www.encontrasantana.com.br\/sobre\/shows-em-santana\/#listItem","position":2,"name":"Show Santana","item":"https:\/\/www.encontrasantana.com.br\/sobre\/shows-em-santana\/","nextItem":{"@type":"ListItem","@id":"https:\/\/www.encontrasantana.com.br\/sobre\/ne-yo-traz-suas-baladas-romanticas-a-santana\/#listItem","name":"Ne-Yo traz suas baladas rom\u00e2nticas a Santana"},"previousItem":{"@type":"ListItem","@id":"https:\/\/www.encontrasantana.com.br\/sobre#listItem","name":"In\u00edcio"}},{"@type":"ListItem","@id":"https:\/\/www.encontrasantana.com.br\/sobre\/ne-yo-traz-suas-baladas-romanticas-a-santana\/#listItem","position":3,"name":"Ne-Yo traz suas baladas rom\u00e2nticas a Santana","previousItem":{"@type":"ListItem","@id":"https:\/\/www.encontrasantana.com.br\/sobre\/shows-em-santana\/#listItem","name":"Show Santana"}}]},{"@type":"Organization","@id":"https:\/\/www.encontrasantana.com.br\/sobre\/#organization","name":"Encontra Santana","description":"Not\u00edcias, eventos, informa\u00e7\u00f5es e dicas no bairro de Santana e regi\u00e3o.","url":"https:\/\/www.encontrasantana.com.br\/sobre\/"},{"@type":"Person","@id":"https:\/\/www.encontrasantana.com.br\/sobre\/author\/esantana\/#author","url":"https:\/\/www.encontrasantana.com.br\/sobre\/author\/esantana\/","name":"Encontra Santana","image":{"@type":"ImageObject","@id":"https:\/\/www.encontrasantana.com.br\/sobre\/ne-yo-traz-suas-baladas-romanticas-a-santana\/#authorImage","url":"https:\/\/secure.gravatar.com\/avatar\/0fbed662e37531ae23e68f85f9517b2454e50c1dfebf80eb9b721449ac95e0b9?s=96&d=mm&r=g","width":96,"height":96,"caption":"Encontra Santana"}},{"@type":"WebPage","@id":"https:\/\/www.encontrasantana.com.br\/sobre\/ne-yo-traz-suas-baladas-romanticas-a-santana\/#webpage","url":"https:\/\/www.encontrasantana.com.br\/sobre\/ne-yo-traz-suas-baladas-romanticas-a-santana\/","name":"Ne-Yo traz suas baladas rom\u00e2nticas a Santana \u00bb Encontra Santana","description":"Como muitos garotos de sua gera\u00e7\u00e3o, Ne-Yo cresceu sonhando em se tornar o novo Michael Jackson. Mas h\u00e1 uma diferen\u00e7a entre o cantor de R&B e os demais aspirantes. Al\u00e9m de ter conhecido seu \u00eddolo, Ne-Yo chegou a compor can\u00e7\u00f5es para ele - elas estariam no novo disco em que o Rei do Pop estava","inLanguage":"pt-BR","isPartOf":{"@id":"https:\/\/www.encontrasantana.com.br\/sobre\/#website"},"breadcrumb":{"@id":"https:\/\/www.encontrasantana.com.br\/sobre\/ne-yo-traz-suas-baladas-romanticas-a-santana\/#breadcrumblist"},"author":{"@id":"https:\/\/www.encontrasantana.com.br\/sobre\/author\/esantana\/#author"},"creator":{"@id":"https:\/\/www.encontrasantana.com.br\/sobre\/author\/esantana\/#author"},"datePublished":"2010-08-13T18:54:03-03:00","dateModified":"2019-04-15T10:06:00-03:00"},{"@type":"WebSite","@id":"https:\/\/www.encontrasantana.com.br\/sobre\/#website","url":"https:\/\/www.encontrasantana.com.br\/sobre\/","name":"Encontra Santana","description":"Not\u00edcias, eventos, informa\u00e7\u00f5es e dicas no bairro de Santana e regi\u00e3o.","inLanguage":"pt-BR","publisher":{"@id":"https:\/\/www.encontrasantana.com.br\/sobre\/#organization"}}]},"og:locale":"pt_BR","og:site_name":"Encontra Santana | Not\u00edcias, eventos, informa\u00e7\u00f5es e dicas no bairro de Santana e regi\u00e3o.","og:type":"article","og:title":"Ne-Yo traz suas baladas rom\u00e2nticas a Santana \u00bb Encontra Santana","og:description":"Como muitos garotos de sua gera\u00e7\u00e3o, Ne-Yo cresceu sonhando em se tornar o novo Michael Jackson. Mas h\u00e1 uma diferen\u00e7a entre o cantor de R&amp;B e os demais aspirantes. Al\u00e9m de ter conhecido seu \u00eddolo, Ne-Yo chegou a compor can\u00e7\u00f5es para ele - elas estariam no novo disco em que o Rei do Pop estava","og:url":"https:\/\/www.encontrasantana.com.br\/sobre\/ne-yo-traz-suas-baladas-romanticas-a-santana\/","article:published_time":"2010-08-13T21:54:03+00:00","article:modified_time":"2019-04-15T13:06:00+00:00","twitter:card":"summary","twitter:title":"Ne-Yo traz suas baladas rom\u00e2nticas a Santana \u00bb Encontra Santana","twitter:description":"Como muitos garotos de sua gera\u00e7\u00e3o, Ne-Yo cresceu sonhando em se tornar o novo Michael Jackson. Mas h\u00e1 uma diferen\u00e7a entre o cantor de R&amp;B e os demais aspirantes. Al\u00e9m de ter conhecido seu \u00eddolo, Ne-Yo chegou a compor can\u00e7\u00f5es para ele - elas estariam no novo disco em que o Rei do Pop estava"},"aioseo_meta_data":{"post_id":"385","title":null,"description":null,"keywords":null,"keyphrases":null,"primary_term":null,"canonical_url":null,"og_title":null,"og_description":null,"og_object_type":"default","og_image_type":"default","og_image_url":null,"og_image_width":null,"og_image_height":null,"og_image_custom_url":null,"og_image_custom_fields":null,"og_video":null,"og_custom_url":null,"og_article_section":null,"og_article_tags":null,"twitter_use_og":false,"twitter_card":"default","twitter_image_type":"default","twitter_image_url":null,"twitter_image_custom_url":null,"twitter_image_custom_fields":null,"twitter_title":null,"twitter_description":null,"schema":{"blockGraphs":[],"customGraphs":[],"default":{"data":{"Article":[],"Course":[],"Dataset":[],"FAQPage":[],"Movie":[],"Person":[],"Product":[],"ProductReview":[],"Car":[],"Recipe":[],"Service":[],"SoftwareApplication":[],"WebPage":[]},"graphName":"Article","isEnabled":true},"graphs":[]},"schema_type":null,"schema_type_options":null,"pillar_content":false,"robots_default":true,"robots_noindex":false,"robots_noarchive":false,"robots_nosnippet":false,"robots_nofollow":false,"robots_noimageindex":false,"robots_noodp":false,"robots_notranslate":false,"robots_max_snippet":null,"robots_max_videopreview":null,"robots_max_imagepreview":"large","priority":null,"frequency":null,"local_seo":null,"limit_modified_date":false,"created":"2021-04-20 19:37:58","updated":"2026-08-06 03:39:51","focus_keyword":null,"additional_keywords":null,"truseo_locale":null,"ai":null,"breadcrumb_settings":null,"seo_analyzer_scan_date":null},"aioseo_breadcrumb":"<div class=\"aioseo-breadcrumbs\"><span class=\"aioseo-breadcrumb\">\n\t\t\t<a href=\"https:\/\/www.encontrasantana.com.br\/sobre\" title=\"In\u00edcio\">In\u00edcio<\/a>\n\t\t<\/span><span class=\"aioseo-breadcrumb-separator\">&raquo;<\/span><span class=\"aioseo-breadcrumb\">\n\t\t\t<a href=\"https:\/\/www.encontrasantana.com.br\/sobre\/shows-em-santana\/\" title=\"Show Santana\">Show Santana<\/a>\n\t\t<\/span><span class=\"aioseo-breadcrumb-separator\">&raquo;<\/span><span class=\"aioseo-breadcrumb\">\n\t\t\tNe-Yo traz suas baladas rom\u00e2nticas a Santana\n\t\t<\/span><\/div>","aioseo_breadcrumb_json":[{"label":"In\u00edcio","link":"https:\/\/www.encontrasantana.com.br\/sobre"},{"label":"Show Santana","link":"https:\/\/www.encontrasantana.com.br\/sobre\/shows-em-santana\/"},{"label":"Ne-Yo traz suas baladas rom\u00e2nticas a Santana","link":"https:\/\/www.encontrasantana.com.br\/sobre\/ne-yo-traz-suas-baladas-romanticas-a-santana\/"}],"_links":{"self":[{"href":"https:\/\/www.encontrasantana.com.br\/sobre\/wp-json\/wp\/v2\/posts\/385","targetHints":{"allow":["GET"]}}],"collection":[{"href":"https:\/\/www.encontrasantana.com.br\/sobre\/wp-json\/wp\/v2\/posts"}],"about":[{"href":"https:\/\/www.encontrasantana.com.br\/sobre\/wp-json\/wp\/v2\/types\/post"}],"author":[{"embeddable":true,"href":"https:\/\/www.encontrasantana.com.br\/sobre\/wp-json\/wp\/v2\/users\/1"}],"replies":[{"embeddable":true,"href":"https:\/\/www.encontrasantana.com.br\/sobre\/wp-json\/wp\/v2\/comments?post=385"}],"version-history":[{"count":0,"href":"https:\/\/www.encontrasantana.com.br\/sobre\/wp-json\/wp\/v2\/posts\/385\/revisions"}],"wp:attachment":[{"href":"https:\/\/www.encontrasantana.com.br\/sobre\/wp-json\/wp\/v2\/media?parent=385"}],"wp:term":[{"taxonomy":"category","embeddable":true,"href":"https:\/\/www.encontrasantana.com.br\/sobre\/wp-json\/wp\/v2\/categories?post=385"},{"taxonomy":"post_tag","embeddable":true,"href":"https:\/\/www.encontrasantana.com.br\/sobre\/wp-json\/wp\/v2\/tags?post=385"}],"curies":[{"name":"wp","href":"https:\/\/api.w.org\/{rel}","templated":true}]}}