{"id":388,"date":"2010-08-18T18:28:25","date_gmt":"2010-08-18T21:28:25","guid":{"rendered":"http:\/\/www.encontrasantana.com.br\/blog\/?p=388"},"modified":"2019-04-15T10:06:00","modified_gmt":"2019-04-15T13:06:00","slug":"santana-salao-de-ideias-discute-legado-de-saramago-na-bienal","status":"publish","type":"post","link":"https:\/\/www.encontrasantana.com.br\/sobre\/santana-salao-de-ideias-discute-legado-de-saramago-na-bienal\/","title":{"rendered":"Santana: Sal\u00e3o de Ideias discute legado de Saramago na Bienal"},"content":{"rendered":"<div class=\"1acf8468e559fd3cbeec5aee3a269a52\" data-index=\"1\" style=\"float: none; margin:0px;\">\n<!-- Anuncio display - global -->\r\n<ins class=\"adsbygoogle\"\r\n     style=\"display:block\"\r\n     data-ad-client=\"ca-pub-8585364105181520\"\r\n     data-ad-slot=\"8789329856\"\r\n     data-ad-format=\"auto\"\r\n     data-full-width-responsive=\"true\"><\/ins>\r\n<script>\r\n     (adsbygoogle = window.adsbygoogle || []).push({});\r\n<\/script>\n<\/div>\n<p>&#8220;N\u00e3o queria estar na pele da Pilar quando eu desaparecer, mas de toda a maneira vamos ficar perto um do outro, as minhas cinzas v\u00e3o ficar debaixo da pedra do jardim.&#8221; A voz do escritor portugu\u00eas Jos\u00e9 Saramago soa rouca, mas resistente, assim como seu olhar compenetrado. A imagem \u00e9 captada pela c\u00e2mera do cineasta Miguel Gon\u00e7alves Mendes que, durante tr\u00eas anos, filmou a rotina do pr\u00eamio Nobel de Literatura de 1998 e que resultar\u00e1 no document\u00e1rio &#8220;Jos\u00e9 e Pilar&#8221;. Saramago morreu no dia 18 de junho e seu legado ser\u00e1 discutido hoje, a partir das 19 horas, no Sal\u00e3o de Ideias da 21\u00aa Bienal Internacional do Livro de S\u00e3o Paulo, em Santana.<\/p>\n<p>Mendes \u00e9 um dos convidados, ao lado do escritor Jo\u00e3o Marques Lopes, autor de &#8220;Saramago&#8221; (248 p\u00e1ginas, R$ 39,90), biografia recentemente lan\u00e7ada pela editora Leya; e de Luiz Schwarcz, editor da Companhia das Letras, que lan\u00e7ou boa parte de sua obra no Pa\u00eds, cultivando uma rela\u00e7\u00e3o de extremo carinho, a ponto de Schwarcz ter hospedado Saramago em sua casa em diversas oportunidades.<\/p>\n<p>A mesa, que ter\u00e1 a media\u00e7\u00e3o do jornalista Manuel da Costa Pinto, dever\u00e1 se ocupar com reminisc\u00eancias. A escrita \u00e1rida, sem pontua\u00e7\u00e3o, e os temas marcantes, como o enfrentamento com a religi\u00e3o, certamente estar\u00e3o na pauta, mas o Saramago que vai surgir na conversa ter\u00e1 mais o perfil do amigo que do escritor. &#8220;Sem ser pejorativo, o filme \u00e9 uma esp\u00e9cie de Big Brother da vida de Jos\u00e9 Saramago&#8221;, disse Mendes em Paraty, durante a recente Flip, quando apresentou 40 minutos de seu filme. &#8220;Desde a ideia que ele teve para seus livros at\u00e9 o fim, acompanhando uma fase muito m\u00e1 da vida dele, quando adoeceu.&#8221;<\/p>\n<p>As rupturas liter\u00e1rias tamb\u00e9m ser\u00e3o lembradas. Em sua biografia, Lopes reproduz o momento em que Saramago, enquanto escrevia &#8220;Levantado do Ch\u00e3o&#8221; em 1979, encontra seu caminho. &#8220;Quando ia na p\u00e1gina 24 ou 25, e talvez seja esta uma das coisas mais bonitas que me aconteceram desde que estou a escrever, sem o ter pensado, quase sem me dar conta, come\u00e7o a escrever assim: interligando o discurso direto e o indireto, saltando por cima de todas as regras sint\u00e1ticas ou sobre muitas delas.&#8221;<\/p>\n<p><strong>Tributo a Jos\u00e9 Saramago<\/strong> &#8211; Bienal do Livro\/Sal\u00e3o de Ideias. Pavilh\u00e3o do Anhembi (Av. Olavo Fontoura, 1.209, Santana). Hoje, 19h. Ingresso: R$ 10.<\/p>\n<p><em>Fonte: O Estado de S. Paulo<\/em><\/p>\n\n<div style=\"font-size: 0px; height: 0px; line-height: 0px; margin: 0; padding: 0; clear: both;\"><\/div>","protected":false},"excerpt":{"rendered":"<p>&#8220;N\u00e3o queria estar na pele da Pilar quando eu desaparecer, mas de toda a maneira vamos ficar perto um do outro, as minhas cinzas v\u00e3o ficar debaixo da pedra do jardim.&#8221; A voz do escritor portugu\u00eas Jos\u00e9 Saramago soa rouca, mas resistente, assim como seu olhar compenetrado. A imagem \u00e9 captada pela c\u00e2mera do cineasta Miguel Gon\u00e7alves Mendes que, durante tr\u00eas anos, filmou a rotina do pr\u00eamio Nobel de Literatura de 1998 e que resultar\u00e1 no document\u00e1rio &#8220;Jos\u00e9 e Pilar&#8221;. Saramago morreu no dia 18 de junho e seu legado ser\u00e1 discutido hoje, a partir das 19 horas, no Sal\u00e3o <\/p>\n","protected":false},"author":1,"featured_media":0,"comment_status":"open","ping_status":"closed","sticky":false,"template":"","format":"standard","meta":{"footnotes":""},"categories":[3],"tags":[10],"class_list":["post-388","post","type-post","status-publish","format-standard","hentry","category-noticias-em-santana","tag-santana"],"aioseo_notices":[],"aioseo_head":"\n\t\t<!-- All in One SEO 5.0.0.1 - aioseo.com -->\n\t<meta name=\"description\" content=\"&quot;N\u00e3o queria estar na pele da Pilar quando eu desaparecer, mas de toda a maneira vamos ficar perto um do outro, as minhas cinzas v\u00e3o ficar debaixo da pedra do jardim.&quot; A voz do escritor portugu\u00eas Jos\u00e9 Saramago soa rouca, mas resistente, assim como seu olhar compenetrado. A imagem \u00e9 captada pela c\u00e2mera do cineasta\" \/>\n\t<meta name=\"robots\" content=\"max-image-preview:large\" \/>\n\t<meta name=\"author\" content=\"Encontra Santana\"\/>\n\t<link rel=\"canonical\" href=\"https:\/\/www.encontrasantana.com.br\/sobre\/santana-salao-de-ideias-discute-legado-de-saramago-na-bienal\/\" \/>\n\t<meta name=\"generator\" content=\"All in One SEO (AIOSEO) 5.0.0.1\" \/>\n\t\t<meta property=\"og:locale\" content=\"pt_BR\" \/>\n\t\t<meta property=\"og:site_name\" content=\"Encontra Santana | Not\u00edcias, eventos, informa\u00e7\u00f5es e dicas no bairro de Santana e regi\u00e3o.\" \/>\n\t\t<meta property=\"og:type\" content=\"article\" \/>\n\t\t<meta property=\"og:title\" content=\"Santana: Sal\u00e3o de Ideias discute legado de Saramago na Bienal \u00bb Encontra Santana\" \/>\n\t\t<meta property=\"og:description\" content=\"&quot;N\u00e3o queria estar na pele da Pilar quando eu desaparecer, mas de toda a maneira vamos ficar perto um do outro, as minhas cinzas v\u00e3o ficar debaixo da pedra do jardim.&quot; A voz do escritor portugu\u00eas Jos\u00e9 Saramago soa rouca, mas resistente, assim como seu olhar compenetrado. A imagem \u00e9 captada pela c\u00e2mera do cineasta\" \/>\n\t\t<meta property=\"og:url\" content=\"https:\/\/www.encontrasantana.com.br\/sobre\/santana-salao-de-ideias-discute-legado-de-saramago-na-bienal\/\" \/>\n\t\t<meta property=\"article:published_time\" content=\"2010-08-18T21:28:25+00:00\" \/>\n\t\t<meta property=\"article:modified_time\" content=\"2019-04-15T13:06:00+00:00\" \/>\n\t\t<meta name=\"twitter:card\" content=\"summary\" \/>\n\t\t<meta name=\"twitter:title\" content=\"Santana: Sal\u00e3o de Ideias discute legado de Saramago na Bienal \u00bb Encontra Santana\" \/>\n\t\t<meta name=\"twitter:description\" content=\"&quot;N\u00e3o queria estar na pele da Pilar quando eu desaparecer, mas de toda a maneira vamos ficar perto um do outro, as minhas cinzas v\u00e3o ficar debaixo da pedra do jardim.&quot; A voz do escritor portugu\u00eas Jos\u00e9 Saramago soa rouca, mas resistente, assim como seu olhar compenetrado. A imagem \u00e9 captada pela c\u00e2mera do cineasta\" \/>\n\t\t<script type=\"application\/ld+json\" class=\"aioseo-schema\">\n\t\t\t{\"@context\":\"https:\\\/\\\/schema.org\",\"@graph\":[{\"@type\":\"Article\",\"@id\":\"https:\\\/\\\/www.encontrasantana.com.br\\\/sobre\\\/santana-salao-de-ideias-discute-legado-de-saramago-na-bienal\\\/#article\",\"name\":\"Santana: Sal\\u00e3o de Ideias discute legado de Saramago na Bienal \\u00bb Encontra Santana\",\"headline\":\"Santana: Sal\\u00e3o de Ideias discute legado de Saramago na Bienal\",\"author\":{\"@id\":\"https:\\\/\\\/www.encontrasantana.com.br\\\/sobre\\\/author\\\/esantana\\\/#author\"},\"publisher\":{\"@id\":\"https:\\\/\\\/www.encontrasantana.com.br\\\/sobre\\\/#organization\"},\"datePublished\":\"2010-08-18T18:28:25-03:00\",\"dateModified\":\"2019-04-15T10:06:00-03:00\",\"inLanguage\":\"pt-BR\",\"mainEntityOfPage\":{\"@id\":\"https:\\\/\\\/www.encontrasantana.com.br\\\/sobre\\\/santana-salao-de-ideias-discute-legado-de-saramago-na-bienal\\\/#webpage\"},\"isPartOf\":{\"@id\":\"https:\\\/\\\/www.encontrasantana.com.br\\\/sobre\\\/santana-salao-de-ideias-discute-legado-de-saramago-na-bienal\\\/#webpage\"},\"articleSection\":\"Not\\u00edcias Santana, Santana\"},{\"@type\":\"BreadcrumbList\",\"@id\":\"https:\\\/\\\/www.encontrasantana.com.br\\\/sobre\\\/santana-salao-de-ideias-discute-legado-de-saramago-na-bienal\\\/#breadcrumblist\",\"itemListElement\":[{\"@type\":\"ListItem\",\"@id\":\"https:\\\/\\\/www.encontrasantana.com.br\\\/sobre#listItem\",\"position\":1,\"name\":\"In\\u00edcio\",\"item\":\"https:\\\/\\\/www.encontrasantana.com.br\\\/sobre\",\"nextItem\":{\"@type\":\"ListItem\",\"@id\":\"https:\\\/\\\/www.encontrasantana.com.br\\\/sobre\\\/noticias-em-santana\\\/#listItem\",\"name\":\"Not\\u00edcias Santana\"}},{\"@type\":\"ListItem\",\"@id\":\"https:\\\/\\\/www.encontrasantana.com.br\\\/sobre\\\/noticias-em-santana\\\/#listItem\",\"position\":2,\"name\":\"Not\\u00edcias Santana\",\"item\":\"https:\\\/\\\/www.encontrasantana.com.br\\\/sobre\\\/noticias-em-santana\\\/\",\"nextItem\":{\"@type\":\"ListItem\",\"@id\":\"https:\\\/\\\/www.encontrasantana.com.br\\\/sobre\\\/santana-salao-de-ideias-discute-legado-de-saramago-na-bienal\\\/#listItem\",\"name\":\"Santana: Sal\\u00e3o de Ideias discute legado de Saramago na Bienal\"},\"previousItem\":{\"@type\":\"ListItem\",\"@id\":\"https:\\\/\\\/www.encontrasantana.com.br\\\/sobre#listItem\",\"name\":\"In\\u00edcio\"}},{\"@type\":\"ListItem\",\"@id\":\"https:\\\/\\\/www.encontrasantana.com.br\\\/sobre\\\/santana-salao-de-ideias-discute-legado-de-saramago-na-bienal\\\/#listItem\",\"position\":3,\"name\":\"Santana: Sal\\u00e3o de Ideias discute legado de Saramago na Bienal\",\"previousItem\":{\"@type\":\"ListItem\",\"@id\":\"https:\\\/\\\/www.encontrasantana.com.br\\\/sobre\\\/noticias-em-santana\\\/#listItem\",\"name\":\"Not\\u00edcias Santana\"}}]},{\"@type\":\"Organization\",\"@id\":\"https:\\\/\\\/www.encontrasantana.com.br\\\/sobre\\\/#organization\",\"name\":\"Encontra Santana\",\"description\":\"Not\\u00edcias, eventos, informa\\u00e7\\u00f5es e dicas no bairro de Santana e regi\\u00e3o.\",\"url\":\"https:\\\/\\\/www.encontrasantana.com.br\\\/sobre\\\/\"},{\"@type\":\"Person\",\"@id\":\"https:\\\/\\\/www.encontrasantana.com.br\\\/sobre\\\/author\\\/esantana\\\/#author\",\"url\":\"https:\\\/\\\/www.encontrasantana.com.br\\\/sobre\\\/author\\\/esantana\\\/\",\"name\":\"Encontra Santana\",\"image\":{\"@type\":\"ImageObject\",\"@id\":\"https:\\\/\\\/www.encontrasantana.com.br\\\/sobre\\\/santana-salao-de-ideias-discute-legado-de-saramago-na-bienal\\\/#authorImage\",\"url\":\"https:\\\/\\\/secure.gravatar.com\\\/avatar\\\/0fbed662e37531ae23e68f85f9517b2454e50c1dfebf80eb9b721449ac95e0b9?s=96&d=mm&r=g\",\"width\":96,\"height\":96,\"caption\":\"Encontra Santana\"}},{\"@type\":\"WebPage\",\"@id\":\"https:\\\/\\\/www.encontrasantana.com.br\\\/sobre\\\/santana-salao-de-ideias-discute-legado-de-saramago-na-bienal\\\/#webpage\",\"url\":\"https:\\\/\\\/www.encontrasantana.com.br\\\/sobre\\\/santana-salao-de-ideias-discute-legado-de-saramago-na-bienal\\\/\",\"name\":\"Santana: Sal\\u00e3o de Ideias discute legado de Saramago na Bienal \\u00bb Encontra Santana\",\"description\":\"\\\"N\\u00e3o queria estar na pele da Pilar quando eu desaparecer, mas de toda a maneira vamos ficar perto um do outro, as minhas cinzas v\\u00e3o ficar debaixo da pedra do jardim.\\\" A voz do escritor portugu\\u00eas Jos\\u00e9 Saramago soa rouca, mas resistente, assim como seu olhar compenetrado. A imagem \\u00e9 captada pela c\\u00e2mera do cineasta\",\"inLanguage\":\"pt-BR\",\"isPartOf\":{\"@id\":\"https:\\\/\\\/www.encontrasantana.com.br\\\/sobre\\\/#website\"},\"breadcrumb\":{\"@id\":\"https:\\\/\\\/www.encontrasantana.com.br\\\/sobre\\\/santana-salao-de-ideias-discute-legado-de-saramago-na-bienal\\\/#breadcrumblist\"},\"author\":{\"@id\":\"https:\\\/\\\/www.encontrasantana.com.br\\\/sobre\\\/author\\\/esantana\\\/#author\"},\"creator\":{\"@id\":\"https:\\\/\\\/www.encontrasantana.com.br\\\/sobre\\\/author\\\/esantana\\\/#author\"},\"datePublished\":\"2010-08-18T18:28:25-03:00\",\"dateModified\":\"2019-04-15T10:06:00-03:00\"},{\"@type\":\"WebSite\",\"@id\":\"https:\\\/\\\/www.encontrasantana.com.br\\\/sobre\\\/#website\",\"url\":\"https:\\\/\\\/www.encontrasantana.com.br\\\/sobre\\\/\",\"name\":\"Encontra Santana\",\"description\":\"Not\\u00edcias, eventos, informa\\u00e7\\u00f5es e dicas no bairro de Santana e regi\\u00e3o.\",\"inLanguage\":\"pt-BR\",\"publisher\":{\"@id\":\"https:\\\/\\\/www.encontrasantana.com.br\\\/sobre\\\/#organization\"}}]}\n\t\t<\/script>\n\t\t<!-- All in One SEO -->\n\n","aioseo_head_json":{"title":"Santana: Sal\u00e3o de Ideias discute legado de Saramago na Bienal \u00bb Encontra Santana","description":"\"N\u00e3o queria estar na pele da Pilar quando eu desaparecer, mas de toda a maneira vamos ficar perto um do outro, as minhas cinzas v\u00e3o ficar debaixo da pedra do jardim.\" A voz do escritor portugu\u00eas Jos\u00e9 Saramago soa rouca, mas resistente, assim como seu olhar compenetrado. A imagem \u00e9 captada pela c\u00e2mera do cineasta","canonical_url":"https:\/\/www.encontrasantana.com.br\/sobre\/santana-salao-de-ideias-discute-legado-de-saramago-na-bienal\/","robots":"max-image-preview:large","keywords":"","webmasterTools":{"miscellaneous":""},"schema":{"@context":"https:\/\/schema.org","@graph":[{"@type":"Article","@id":"https:\/\/www.encontrasantana.com.br\/sobre\/santana-salao-de-ideias-discute-legado-de-saramago-na-bienal\/#article","name":"Santana: Sal\u00e3o de Ideias discute legado de Saramago na Bienal \u00bb Encontra Santana","headline":"Santana: Sal\u00e3o de Ideias discute legado de Saramago na Bienal","author":{"@id":"https:\/\/www.encontrasantana.com.br\/sobre\/author\/esantana\/#author"},"publisher":{"@id":"https:\/\/www.encontrasantana.com.br\/sobre\/#organization"},"datePublished":"2010-08-18T18:28:25-03:00","dateModified":"2019-04-15T10:06:00-03:00","inLanguage":"pt-BR","mainEntityOfPage":{"@id":"https:\/\/www.encontrasantana.com.br\/sobre\/santana-salao-de-ideias-discute-legado-de-saramago-na-bienal\/#webpage"},"isPartOf":{"@id":"https:\/\/www.encontrasantana.com.br\/sobre\/santana-salao-de-ideias-discute-legado-de-saramago-na-bienal\/#webpage"},"articleSection":"Not\u00edcias Santana, Santana"},{"@type":"BreadcrumbList","@id":"https:\/\/www.encontrasantana.com.br\/sobre\/santana-salao-de-ideias-discute-legado-de-saramago-na-bienal\/#breadcrumblist","itemListElement":[{"@type":"ListItem","@id":"https:\/\/www.encontrasantana.com.br\/sobre#listItem","position":1,"name":"In\u00edcio","item":"https:\/\/www.encontrasantana.com.br\/sobre","nextItem":{"@type":"ListItem","@id":"https:\/\/www.encontrasantana.com.br\/sobre\/noticias-em-santana\/#listItem","name":"Not\u00edcias Santana"}},{"@type":"ListItem","@id":"https:\/\/www.encontrasantana.com.br\/sobre\/noticias-em-santana\/#listItem","position":2,"name":"Not\u00edcias Santana","item":"https:\/\/www.encontrasantana.com.br\/sobre\/noticias-em-santana\/","nextItem":{"@type":"ListItem","@id":"https:\/\/www.encontrasantana.com.br\/sobre\/santana-salao-de-ideias-discute-legado-de-saramago-na-bienal\/#listItem","name":"Santana: Sal\u00e3o de Ideias discute legado de Saramago na Bienal"},"previousItem":{"@type":"ListItem","@id":"https:\/\/www.encontrasantana.com.br\/sobre#listItem","name":"In\u00edcio"}},{"@type":"ListItem","@id":"https:\/\/www.encontrasantana.com.br\/sobre\/santana-salao-de-ideias-discute-legado-de-saramago-na-bienal\/#listItem","position":3,"name":"Santana: Sal\u00e3o de Ideias discute legado de Saramago na Bienal","previousItem":{"@type":"ListItem","@id":"https:\/\/www.encontrasantana.com.br\/sobre\/noticias-em-santana\/#listItem","name":"Not\u00edcias Santana"}}]},{"@type":"Organization","@id":"https:\/\/www.encontrasantana.com.br\/sobre\/#organization","name":"Encontra Santana","description":"Not\u00edcias, eventos, informa\u00e7\u00f5es e dicas no bairro de Santana e regi\u00e3o.","url":"https:\/\/www.encontrasantana.com.br\/sobre\/"},{"@type":"Person","@id":"https:\/\/www.encontrasantana.com.br\/sobre\/author\/esantana\/#author","url":"https:\/\/www.encontrasantana.com.br\/sobre\/author\/esantana\/","name":"Encontra Santana","image":{"@type":"ImageObject","@id":"https:\/\/www.encontrasantana.com.br\/sobre\/santana-salao-de-ideias-discute-legado-de-saramago-na-bienal\/#authorImage","url":"https:\/\/secure.gravatar.com\/avatar\/0fbed662e37531ae23e68f85f9517b2454e50c1dfebf80eb9b721449ac95e0b9?s=96&d=mm&r=g","width":96,"height":96,"caption":"Encontra Santana"}},{"@type":"WebPage","@id":"https:\/\/www.encontrasantana.com.br\/sobre\/santana-salao-de-ideias-discute-legado-de-saramago-na-bienal\/#webpage","url":"https:\/\/www.encontrasantana.com.br\/sobre\/santana-salao-de-ideias-discute-legado-de-saramago-na-bienal\/","name":"Santana: Sal\u00e3o de Ideias discute legado de Saramago na Bienal \u00bb Encontra Santana","description":"\"N\u00e3o queria estar na pele da Pilar quando eu desaparecer, mas de toda a maneira vamos ficar perto um do outro, as minhas cinzas v\u00e3o ficar debaixo da pedra do jardim.\" A voz do escritor portugu\u00eas Jos\u00e9 Saramago soa rouca, mas resistente, assim como seu olhar compenetrado. A imagem \u00e9 captada pela c\u00e2mera do cineasta","inLanguage":"pt-BR","isPartOf":{"@id":"https:\/\/www.encontrasantana.com.br\/sobre\/#website"},"breadcrumb":{"@id":"https:\/\/www.encontrasantana.com.br\/sobre\/santana-salao-de-ideias-discute-legado-de-saramago-na-bienal\/#breadcrumblist"},"author":{"@id":"https:\/\/www.encontrasantana.com.br\/sobre\/author\/esantana\/#author"},"creator":{"@id":"https:\/\/www.encontrasantana.com.br\/sobre\/author\/esantana\/#author"},"datePublished":"2010-08-18T18:28:25-03:00","dateModified":"2019-04-15T10:06:00-03:00"},{"@type":"WebSite","@id":"https:\/\/www.encontrasantana.com.br\/sobre\/#website","url":"https:\/\/www.encontrasantana.com.br\/sobre\/","name":"Encontra Santana","description":"Not\u00edcias, eventos, informa\u00e7\u00f5es e dicas no bairro de Santana e regi\u00e3o.","inLanguage":"pt-BR","publisher":{"@id":"https:\/\/www.encontrasantana.com.br\/sobre\/#organization"}}]},"og:locale":"pt_BR","og:site_name":"Encontra Santana | Not\u00edcias, eventos, informa\u00e7\u00f5es e dicas no bairro de Santana e regi\u00e3o.","og:type":"article","og:title":"Santana: Sal\u00e3o de Ideias discute legado de Saramago na Bienal \u00bb Encontra Santana","og:description":"&quot;N\u00e3o queria estar na pele da Pilar quando eu desaparecer, mas de toda a maneira vamos ficar perto um do outro, as minhas cinzas v\u00e3o ficar debaixo da pedra do jardim.&quot; A voz do escritor portugu\u00eas Jos\u00e9 Saramago soa rouca, mas resistente, assim como seu olhar compenetrado. A imagem \u00e9 captada pela c\u00e2mera do cineasta","og:url":"https:\/\/www.encontrasantana.com.br\/sobre\/santana-salao-de-ideias-discute-legado-de-saramago-na-bienal\/","article:published_time":"2010-08-18T21:28:25+00:00","article:modified_time":"2019-04-15T13:06:00+00:00","twitter:card":"summary","twitter:title":"Santana: Sal\u00e3o de Ideias discute legado de Saramago na Bienal \u00bb Encontra Santana","twitter:description":"&quot;N\u00e3o queria estar na pele da Pilar quando eu desaparecer, mas de toda a maneira vamos ficar perto um do outro, as minhas cinzas v\u00e3o ficar debaixo da pedra do jardim.&quot; A voz do escritor portugu\u00eas Jos\u00e9 Saramago soa rouca, mas resistente, assim como seu olhar compenetrado. A imagem \u00e9 captada pela c\u00e2mera do cineasta"},"aioseo_meta_data":{"post_id":"388","title":null,"description":null,"keywords":null,"keyphrases":null,"primary_term":null,"canonical_url":null,"og_title":null,"og_description":null,"og_object_type":"default","og_image_type":"default","og_image_url":null,"og_image_width":null,"og_image_height":null,"og_image_custom_url":null,"og_image_custom_fields":null,"og_video":null,"og_custom_url":null,"og_article_section":null,"og_article_tags":null,"twitter_use_og":false,"twitter_card":"default","twitter_image_type":"default","twitter_image_url":null,"twitter_image_custom_url":null,"twitter_image_custom_fields":null,"twitter_title":null,"twitter_description":null,"schema":{"blockGraphs":[],"customGraphs":[],"default":{"data":{"Article":[],"Course":[],"Dataset":[],"FAQPage":[],"Movie":[],"Person":[],"Product":[],"ProductReview":[],"Car":[],"Recipe":[],"Service":[],"SoftwareApplication":[],"WebPage":[]},"graphName":"Article","isEnabled":true},"graphs":[]},"schema_type":null,"schema_type_options":null,"pillar_content":false,"robots_default":true,"robots_noindex":false,"robots_noarchive":false,"robots_nosnippet":false,"robots_nofollow":false,"robots_noimageindex":false,"robots_noodp":false,"robots_notranslate":false,"robots_max_snippet":null,"robots_max_videopreview":null,"robots_max_imagepreview":"large","priority":null,"frequency":null,"local_seo":null,"limit_modified_date":false,"created":"2021-04-20 19:37:58","updated":"2026-08-06 03:39:51","focus_keyword":null,"additional_keywords":null,"truseo_locale":null,"ai":null,"breadcrumb_settings":null,"seo_analyzer_scan_date":null},"aioseo_breadcrumb":"<div class=\"aioseo-breadcrumbs\"><span class=\"aioseo-breadcrumb\">\n\t\t\t<a href=\"https:\/\/www.encontrasantana.com.br\/sobre\" title=\"In\u00edcio\">In\u00edcio<\/a>\n\t\t<\/span><span class=\"aioseo-breadcrumb-separator\">&raquo;<\/span><span class=\"aioseo-breadcrumb\">\n\t\t\t<a href=\"https:\/\/www.encontrasantana.com.br\/sobre\/noticias-em-santana\/\" title=\"Not\u00edcias Santana\">Not\u00edcias Santana<\/a>\n\t\t<\/span><span class=\"aioseo-breadcrumb-separator\">&raquo;<\/span><span class=\"aioseo-breadcrumb\">\n\t\t\tSantana: Sal\u00e3o de Ideias discute legado de Saramago na Bienal\n\t\t<\/span><\/div>","aioseo_breadcrumb_json":[{"label":"In\u00edcio","link":"https:\/\/www.encontrasantana.com.br\/sobre"},{"label":"Not\u00edcias Santana","link":"https:\/\/www.encontrasantana.com.br\/sobre\/noticias-em-santana\/"},{"label":"Santana: Sal\u00e3o de Ideias discute legado de Saramago na Bienal","link":"https:\/\/www.encontrasantana.com.br\/sobre\/santana-salao-de-ideias-discute-legado-de-saramago-na-bienal\/"}],"_links":{"self":[{"href":"https:\/\/www.encontrasantana.com.br\/sobre\/wp-json\/wp\/v2\/posts\/388","targetHints":{"allow":["GET"]}}],"collection":[{"href":"https:\/\/www.encontrasantana.com.br\/sobre\/wp-json\/wp\/v2\/posts"}],"about":[{"href":"https:\/\/www.encontrasantana.com.br\/sobre\/wp-json\/wp\/v2\/types\/post"}],"author":[{"embeddable":true,"href":"https:\/\/www.encontrasantana.com.br\/sobre\/wp-json\/wp\/v2\/users\/1"}],"replies":[{"embeddable":true,"href":"https:\/\/www.encontrasantana.com.br\/sobre\/wp-json\/wp\/v2\/comments?post=388"}],"version-history":[{"count":0,"href":"https:\/\/www.encontrasantana.com.br\/sobre\/wp-json\/wp\/v2\/posts\/388\/revisions"}],"wp:attachment":[{"href":"https:\/\/www.encontrasantana.com.br\/sobre\/wp-json\/wp\/v2\/media?parent=388"}],"wp:term":[{"taxonomy":"category","embeddable":true,"href":"https:\/\/www.encontrasantana.com.br\/sobre\/wp-json\/wp\/v2\/categories?post=388"},{"taxonomy":"post_tag","embeddable":true,"href":"https:\/\/www.encontrasantana.com.br\/sobre\/wp-json\/wp\/v2\/tags?post=388"}],"curies":[{"name":"wp","href":"https:\/\/api.w.org\/{rel}","templated":true}]}}