{"id":38912,"date":"2012-09-21T17:16:01","date_gmt":"2012-09-21T20:16:01","guid":{"rendered":"http:\/\/www.encontrasantana.com.br\/blog\/?p=38912"},"modified":"2019-04-15T09:58:32","modified_gmt":"2019-04-15T12:58:32","slug":"jovem-tem-dia-de-furia-no-transito-em-santana","status":"publish","type":"post","link":"https:\/\/www.encontrasantana.com.br\/sobre\/jovem-tem-dia-de-furia-no-transito-em-santana\/","title":{"rendered":"Jovem tem dia de f\u00faria no tr\u00e2nsito em Santana"},"content":{"rendered":"<div class=\"1acf8468e559fd3cbeec5aee3a269a52\" data-index=\"1\" style=\"float: none; margin:0px;\">\n<!-- Anuncio display - global -->\r\n<ins class=\"adsbygoogle\"\r\n     style=\"display:block\"\r\n     data-ad-client=\"ca-pub-8585364105181520\"\r\n     data-ad-slot=\"8789329856\"\r\n     data-ad-format=\"auto\"\r\n     data-full-width-responsive=\"true\"><\/ins>\r\n<script>\r\n     (adsbygoogle = window.adsbygoogle || []).push({});\r\n<\/script>\n<\/div>\n<p>Um universit\u00e1rio de 25 anos foi preso ap\u00f3s bater seu ve\u00edculo, roubar um carro com uma idosa dentro, agredir uma testemunha, fugir do local do acidente, invadir uma \u00e1rea da FAB (For\u00e7a \u00c1rea Brasileira) e subir em uma torre de tr\u00e1fego de avi\u00f5es do <a href=\"http:\/\/www.encontrasantana.com.br\/santana\/campo-de-marte-em-santana.shtml\" target=\"_blank\">Campo de Marte<\/a>, na manh\u00e3 de quarta-feira, em Santana (zona norte de SP).<\/p>\n<p>Segundo a pol\u00edcia, o suspeito estava em alta velocidade em seu Honda Civic na rua Volunt\u00e1rios da P\u00e1tria quando bateu no Hyundai Tucson ocupado por um comerciante de 73 anos e sua mulher de 63 anos. O carro dos idosos capotou, mas parou na posi\u00e7\u00e3o normal. O estudante saiu do carro e foi para o ve\u00edculo do casal.<\/p>\n<p>Um auxiliar administrativo de 31 anos foi at\u00e9 o carro do casal pensando que o estudante estava tentando socorrer as v\u00edtimas. Quando chegou ao ve\u00edculo, o suspeito deu um soco no seu rosto.<\/p>\n<p><em>Fonte: Agora S\u00e3o Paulo<\/em><\/p>\n\n<div style=\"font-size: 0px; height: 0px; line-height: 0px; margin: 0; padding: 0; clear: both;\"><\/div>","protected":false},"excerpt":{"rendered":"<p>Um universit\u00e1rio de 25 anos foi preso ap\u00f3s bater seu ve\u00edculo, roubar um carro com uma idosa dentro, agredir uma testemunha, fugir do local do acidente, invadir uma \u00e1rea da FAB (For\u00e7a \u00c1rea Brasileira) e subir em uma torre de tr\u00e1fego de avi\u00f5es do Campo de Marte, na manh\u00e3 de quarta-feira, em Santana (zona norte de SP). Segundo a pol\u00edcia, o suspeito estava em alta velocidade em seu Honda Civic na rua Volunt\u00e1rios da P\u00e1tria quando bateu no Hyundai Tucson ocupado por um comerciante de 73 anos e sua mulher de 63 anos. O carro dos idosos capotou, mas parou <\/p>\n","protected":false},"author":1,"featured_media":0,"comment_status":"open","ping_status":"closed","sticky":false,"template":"","format":"standard","meta":{"footnotes":""},"categories":[3],"tags":[10],"class_list":["post-38912","post","type-post","status-publish","format-standard","hentry","category-noticias-em-santana","tag-santana"],"aioseo_notices":[],"aioseo_head":"\n\t\t<!-- All in One SEO 5.0.0.1 - aioseo.com -->\n\t<meta name=\"description\" content=\"Um universit\u00e1rio de 25 anos foi preso ap\u00f3s bater seu ve\u00edculo, roubar um carro com uma idosa dentro, agredir uma testemunha, fugir do local do acidente, invadir uma \u00e1rea da FAB (For\u00e7a \u00c1rea Brasileira) e subir em uma torre de tr\u00e1fego de avi\u00f5es do Campo de Marte, na manh\u00e3 de quarta-feira, em Santana (zona norte\" \/>\n\t<meta name=\"robots\" content=\"max-image-preview:large\" \/>\n\t<meta name=\"author\" content=\"Encontra Santana\"\/>\n\t<link rel=\"canonical\" href=\"https:\/\/www.encontrasantana.com.br\/sobre\/jovem-tem-dia-de-furia-no-transito-em-santana\/\" \/>\n\t<meta name=\"generator\" content=\"All in One SEO (AIOSEO) 5.0.0.1\" \/>\n\t\t<meta property=\"og:locale\" content=\"pt_BR\" \/>\n\t\t<meta property=\"og:site_name\" content=\"Encontra Santana | Not\u00edcias, eventos, informa\u00e7\u00f5es e dicas no bairro de Santana e regi\u00e3o.\" \/>\n\t\t<meta property=\"og:type\" content=\"article\" \/>\n\t\t<meta property=\"og:title\" content=\"Jovem tem dia de f\u00faria no tr\u00e2nsito em Santana \u00bb Encontra Santana\" \/>\n\t\t<meta property=\"og:description\" content=\"Um universit\u00e1rio de 25 anos foi preso ap\u00f3s bater seu ve\u00edculo, roubar um carro com uma idosa dentro, agredir uma testemunha, fugir do local do acidente, invadir uma \u00e1rea da FAB (For\u00e7a \u00c1rea Brasileira) e subir em uma torre de tr\u00e1fego de avi\u00f5es do Campo de Marte, na manh\u00e3 de quarta-feira, em Santana (zona norte\" \/>\n\t\t<meta property=\"og:url\" content=\"https:\/\/www.encontrasantana.com.br\/sobre\/jovem-tem-dia-de-furia-no-transito-em-santana\/\" \/>\n\t\t<meta property=\"article:published_time\" content=\"2012-09-21T20:16:01+00:00\" \/>\n\t\t<meta property=\"article:modified_time\" content=\"2019-04-15T12:58:32+00:00\" \/>\n\t\t<meta name=\"twitter:card\" content=\"summary\" \/>\n\t\t<meta name=\"twitter:title\" content=\"Jovem tem dia de f\u00faria no tr\u00e2nsito em Santana \u00bb Encontra Santana\" \/>\n\t\t<meta name=\"twitter:description\" content=\"Um universit\u00e1rio de 25 anos foi preso ap\u00f3s bater seu ve\u00edculo, roubar um carro com uma idosa dentro, agredir uma testemunha, fugir do local do acidente, invadir uma \u00e1rea da FAB (For\u00e7a \u00c1rea Brasileira) e subir em uma torre de tr\u00e1fego de avi\u00f5es do Campo de Marte, na manh\u00e3 de quarta-feira, em Santana (zona norte\" \/>\n\t\t<script type=\"application\/ld+json\" class=\"aioseo-schema\">\n\t\t\t{\"@context\":\"https:\\\/\\\/schema.org\",\"@graph\":[{\"@type\":\"Article\",\"@id\":\"https:\\\/\\\/www.encontrasantana.com.br\\\/sobre\\\/jovem-tem-dia-de-furia-no-transito-em-santana\\\/#article\",\"name\":\"Jovem tem dia de f\\u00faria no tr\\u00e2nsito em Santana \\u00bb Encontra Santana\",\"headline\":\"Jovem tem dia de f\\u00faria no tr\\u00e2nsito em Santana\",\"author\":{\"@id\":\"https:\\\/\\\/www.encontrasantana.com.br\\\/sobre\\\/author\\\/esantana\\\/#author\"},\"publisher\":{\"@id\":\"https:\\\/\\\/www.encontrasantana.com.br\\\/sobre\\\/#organization\"},\"datePublished\":\"2012-09-21T17:16:01-03:00\",\"dateModified\":\"2019-04-15T09:58:32-03:00\",\"inLanguage\":\"pt-BR\",\"mainEntityOfPage\":{\"@id\":\"https:\\\/\\\/www.encontrasantana.com.br\\\/sobre\\\/jovem-tem-dia-de-furia-no-transito-em-santana\\\/#webpage\"},\"isPartOf\":{\"@id\":\"https:\\\/\\\/www.encontrasantana.com.br\\\/sobre\\\/jovem-tem-dia-de-furia-no-transito-em-santana\\\/#webpage\"},\"articleSection\":\"Not\\u00edcias Santana, Santana\"},{\"@type\":\"BreadcrumbList\",\"@id\":\"https:\\\/\\\/www.encontrasantana.com.br\\\/sobre\\\/jovem-tem-dia-de-furia-no-transito-em-santana\\\/#breadcrumblist\",\"itemListElement\":[{\"@type\":\"ListItem\",\"@id\":\"https:\\\/\\\/www.encontrasantana.com.br\\\/sobre#listItem\",\"position\":1,\"name\":\"In\\u00edcio\",\"item\":\"https:\\\/\\\/www.encontrasantana.com.br\\\/sobre\",\"nextItem\":{\"@type\":\"ListItem\",\"@id\":\"https:\\\/\\\/www.encontrasantana.com.br\\\/sobre\\\/noticias-em-santana\\\/#listItem\",\"name\":\"Not\\u00edcias Santana\"}},{\"@type\":\"ListItem\",\"@id\":\"https:\\\/\\\/www.encontrasantana.com.br\\\/sobre\\\/noticias-em-santana\\\/#listItem\",\"position\":2,\"name\":\"Not\\u00edcias Santana\",\"item\":\"https:\\\/\\\/www.encontrasantana.com.br\\\/sobre\\\/noticias-em-santana\\\/\",\"nextItem\":{\"@type\":\"ListItem\",\"@id\":\"https:\\\/\\\/www.encontrasantana.com.br\\\/sobre\\\/jovem-tem-dia-de-furia-no-transito-em-santana\\\/#listItem\",\"name\":\"Jovem tem dia de f\\u00faria no tr\\u00e2nsito em Santana\"},\"previousItem\":{\"@type\":\"ListItem\",\"@id\":\"https:\\\/\\\/www.encontrasantana.com.br\\\/sobre#listItem\",\"name\":\"In\\u00edcio\"}},{\"@type\":\"ListItem\",\"@id\":\"https:\\\/\\\/www.encontrasantana.com.br\\\/sobre\\\/jovem-tem-dia-de-furia-no-transito-em-santana\\\/#listItem\",\"position\":3,\"name\":\"Jovem tem dia de f\\u00faria no tr\\u00e2nsito em Santana\",\"previousItem\":{\"@type\":\"ListItem\",\"@id\":\"https:\\\/\\\/www.encontrasantana.com.br\\\/sobre\\\/noticias-em-santana\\\/#listItem\",\"name\":\"Not\\u00edcias Santana\"}}]},{\"@type\":\"Organization\",\"@id\":\"https:\\\/\\\/www.encontrasantana.com.br\\\/sobre\\\/#organization\",\"name\":\"Encontra Santana\",\"description\":\"Not\\u00edcias, eventos, informa\\u00e7\\u00f5es e dicas no bairro de Santana e regi\\u00e3o.\",\"url\":\"https:\\\/\\\/www.encontrasantana.com.br\\\/sobre\\\/\"},{\"@type\":\"Person\",\"@id\":\"https:\\\/\\\/www.encontrasantana.com.br\\\/sobre\\\/author\\\/esantana\\\/#author\",\"url\":\"https:\\\/\\\/www.encontrasantana.com.br\\\/sobre\\\/author\\\/esantana\\\/\",\"name\":\"Encontra Santana\",\"image\":{\"@type\":\"ImageObject\",\"@id\":\"https:\\\/\\\/www.encontrasantana.com.br\\\/sobre\\\/jovem-tem-dia-de-furia-no-transito-em-santana\\\/#authorImage\",\"url\":\"https:\\\/\\\/secure.gravatar.com\\\/avatar\\\/0fbed662e37531ae23e68f85f9517b2454e50c1dfebf80eb9b721449ac95e0b9?s=96&d=mm&r=g\",\"width\":96,\"height\":96,\"caption\":\"Encontra Santana\"}},{\"@type\":\"WebPage\",\"@id\":\"https:\\\/\\\/www.encontrasantana.com.br\\\/sobre\\\/jovem-tem-dia-de-furia-no-transito-em-santana\\\/#webpage\",\"url\":\"https:\\\/\\\/www.encontrasantana.com.br\\\/sobre\\\/jovem-tem-dia-de-furia-no-transito-em-santana\\\/\",\"name\":\"Jovem tem dia de f\\u00faria no tr\\u00e2nsito em Santana \\u00bb Encontra Santana\",\"description\":\"Um universit\\u00e1rio de 25 anos foi preso ap\\u00f3s bater seu ve\\u00edculo, roubar um carro com uma idosa dentro, agredir uma testemunha, fugir do local do acidente, invadir uma \\u00e1rea da FAB (For\\u00e7a \\u00c1rea Brasileira) e subir em uma torre de tr\\u00e1fego de avi\\u00f5es do Campo de Marte, na manh\\u00e3 de quarta-feira, em Santana (zona norte\",\"inLanguage\":\"pt-BR\",\"isPartOf\":{\"@id\":\"https:\\\/\\\/www.encontrasantana.com.br\\\/sobre\\\/#website\"},\"breadcrumb\":{\"@id\":\"https:\\\/\\\/www.encontrasantana.com.br\\\/sobre\\\/jovem-tem-dia-de-furia-no-transito-em-santana\\\/#breadcrumblist\"},\"author\":{\"@id\":\"https:\\\/\\\/www.encontrasantana.com.br\\\/sobre\\\/author\\\/esantana\\\/#author\"},\"creator\":{\"@id\":\"https:\\\/\\\/www.encontrasantana.com.br\\\/sobre\\\/author\\\/esantana\\\/#author\"},\"datePublished\":\"2012-09-21T17:16:01-03:00\",\"dateModified\":\"2019-04-15T09:58:32-03:00\"},{\"@type\":\"WebSite\",\"@id\":\"https:\\\/\\\/www.encontrasantana.com.br\\\/sobre\\\/#website\",\"url\":\"https:\\\/\\\/www.encontrasantana.com.br\\\/sobre\\\/\",\"name\":\"Encontra Santana\",\"description\":\"Not\\u00edcias, eventos, informa\\u00e7\\u00f5es e dicas no bairro de Santana e regi\\u00e3o.\",\"inLanguage\":\"pt-BR\",\"publisher\":{\"@id\":\"https:\\\/\\\/www.encontrasantana.com.br\\\/sobre\\\/#organization\"}}]}\n\t\t<\/script>\n\t\t<!-- All in One SEO -->\n\n","aioseo_head_json":{"title":"Jovem tem dia de f\u00faria no tr\u00e2nsito em Santana \u00bb Encontra Santana","description":"Um universit\u00e1rio de 25 anos foi preso ap\u00f3s bater seu ve\u00edculo, roubar um carro com uma idosa dentro, agredir uma testemunha, fugir do local do acidente, invadir uma \u00e1rea da FAB (For\u00e7a \u00c1rea Brasileira) e subir em uma torre de tr\u00e1fego de avi\u00f5es do Campo de Marte, na manh\u00e3 de quarta-feira, em Santana (zona norte","canonical_url":"https:\/\/www.encontrasantana.com.br\/sobre\/jovem-tem-dia-de-furia-no-transito-em-santana\/","robots":"max-image-preview:large","keywords":"","webmasterTools":{"miscellaneous":""},"schema":{"@context":"https:\/\/schema.org","@graph":[{"@type":"Article","@id":"https:\/\/www.encontrasantana.com.br\/sobre\/jovem-tem-dia-de-furia-no-transito-em-santana\/#article","name":"Jovem tem dia de f\u00faria no tr\u00e2nsito em Santana \u00bb Encontra Santana","headline":"Jovem tem dia de f\u00faria no tr\u00e2nsito em Santana","author":{"@id":"https:\/\/www.encontrasantana.com.br\/sobre\/author\/esantana\/#author"},"publisher":{"@id":"https:\/\/www.encontrasantana.com.br\/sobre\/#organization"},"datePublished":"2012-09-21T17:16:01-03:00","dateModified":"2019-04-15T09:58:32-03:00","inLanguage":"pt-BR","mainEntityOfPage":{"@id":"https:\/\/www.encontrasantana.com.br\/sobre\/jovem-tem-dia-de-furia-no-transito-em-santana\/#webpage"},"isPartOf":{"@id":"https:\/\/www.encontrasantana.com.br\/sobre\/jovem-tem-dia-de-furia-no-transito-em-santana\/#webpage"},"articleSection":"Not\u00edcias Santana, Santana"},{"@type":"BreadcrumbList","@id":"https:\/\/www.encontrasantana.com.br\/sobre\/jovem-tem-dia-de-furia-no-transito-em-santana\/#breadcrumblist","itemListElement":[{"@type":"ListItem","@id":"https:\/\/www.encontrasantana.com.br\/sobre#listItem","position":1,"name":"In\u00edcio","item":"https:\/\/www.encontrasantana.com.br\/sobre","nextItem":{"@type":"ListItem","@id":"https:\/\/www.encontrasantana.com.br\/sobre\/noticias-em-santana\/#listItem","name":"Not\u00edcias Santana"}},{"@type":"ListItem","@id":"https:\/\/www.encontrasantana.com.br\/sobre\/noticias-em-santana\/#listItem","position":2,"name":"Not\u00edcias Santana","item":"https:\/\/www.encontrasantana.com.br\/sobre\/noticias-em-santana\/","nextItem":{"@type":"ListItem","@id":"https:\/\/www.encontrasantana.com.br\/sobre\/jovem-tem-dia-de-furia-no-transito-em-santana\/#listItem","name":"Jovem tem dia de f\u00faria no tr\u00e2nsito em Santana"},"previousItem":{"@type":"ListItem","@id":"https:\/\/www.encontrasantana.com.br\/sobre#listItem","name":"In\u00edcio"}},{"@type":"ListItem","@id":"https:\/\/www.encontrasantana.com.br\/sobre\/jovem-tem-dia-de-furia-no-transito-em-santana\/#listItem","position":3,"name":"Jovem tem dia de f\u00faria no tr\u00e2nsito em Santana","previousItem":{"@type":"ListItem","@id":"https:\/\/www.encontrasantana.com.br\/sobre\/noticias-em-santana\/#listItem","name":"Not\u00edcias Santana"}}]},{"@type":"Organization","@id":"https:\/\/www.encontrasantana.com.br\/sobre\/#organization","name":"Encontra Santana","description":"Not\u00edcias, eventos, informa\u00e7\u00f5es e dicas no bairro de Santana e regi\u00e3o.","url":"https:\/\/www.encontrasantana.com.br\/sobre\/"},{"@type":"Person","@id":"https:\/\/www.encontrasantana.com.br\/sobre\/author\/esantana\/#author","url":"https:\/\/www.encontrasantana.com.br\/sobre\/author\/esantana\/","name":"Encontra Santana","image":{"@type":"ImageObject","@id":"https:\/\/www.encontrasantana.com.br\/sobre\/jovem-tem-dia-de-furia-no-transito-em-santana\/#authorImage","url":"https:\/\/secure.gravatar.com\/avatar\/0fbed662e37531ae23e68f85f9517b2454e50c1dfebf80eb9b721449ac95e0b9?s=96&d=mm&r=g","width":96,"height":96,"caption":"Encontra Santana"}},{"@type":"WebPage","@id":"https:\/\/www.encontrasantana.com.br\/sobre\/jovem-tem-dia-de-furia-no-transito-em-santana\/#webpage","url":"https:\/\/www.encontrasantana.com.br\/sobre\/jovem-tem-dia-de-furia-no-transito-em-santana\/","name":"Jovem tem dia de f\u00faria no tr\u00e2nsito em Santana \u00bb Encontra Santana","description":"Um universit\u00e1rio de 25 anos foi preso ap\u00f3s bater seu ve\u00edculo, roubar um carro com uma idosa dentro, agredir uma testemunha, fugir do local do acidente, invadir uma \u00e1rea da FAB (For\u00e7a \u00c1rea Brasileira) e subir em uma torre de tr\u00e1fego de avi\u00f5es do Campo de Marte, na manh\u00e3 de quarta-feira, em Santana (zona norte","inLanguage":"pt-BR","isPartOf":{"@id":"https:\/\/www.encontrasantana.com.br\/sobre\/#website"},"breadcrumb":{"@id":"https:\/\/www.encontrasantana.com.br\/sobre\/jovem-tem-dia-de-furia-no-transito-em-santana\/#breadcrumblist"},"author":{"@id":"https:\/\/www.encontrasantana.com.br\/sobre\/author\/esantana\/#author"},"creator":{"@id":"https:\/\/www.encontrasantana.com.br\/sobre\/author\/esantana\/#author"},"datePublished":"2012-09-21T17:16:01-03:00","dateModified":"2019-04-15T09:58:32-03:00"},{"@type":"WebSite","@id":"https:\/\/www.encontrasantana.com.br\/sobre\/#website","url":"https:\/\/www.encontrasantana.com.br\/sobre\/","name":"Encontra Santana","description":"Not\u00edcias, eventos, informa\u00e7\u00f5es e dicas no bairro de Santana e regi\u00e3o.","inLanguage":"pt-BR","publisher":{"@id":"https:\/\/www.encontrasantana.com.br\/sobre\/#organization"}}]},"og:locale":"pt_BR","og:site_name":"Encontra Santana | Not\u00edcias, eventos, informa\u00e7\u00f5es e dicas no bairro de Santana e regi\u00e3o.","og:type":"article","og:title":"Jovem tem dia de f\u00faria no tr\u00e2nsito em Santana \u00bb Encontra Santana","og:description":"Um universit\u00e1rio de 25 anos foi preso ap\u00f3s bater seu ve\u00edculo, roubar um carro com uma idosa dentro, agredir uma testemunha, fugir do local do acidente, invadir uma \u00e1rea da FAB (For\u00e7a \u00c1rea Brasileira) e subir em uma torre de tr\u00e1fego de avi\u00f5es do Campo de Marte, na manh\u00e3 de quarta-feira, em Santana (zona norte","og:url":"https:\/\/www.encontrasantana.com.br\/sobre\/jovem-tem-dia-de-furia-no-transito-em-santana\/","article:published_time":"2012-09-21T20:16:01+00:00","article:modified_time":"2019-04-15T12:58:32+00:00","twitter:card":"summary","twitter:title":"Jovem tem dia de f\u00faria no tr\u00e2nsito em Santana \u00bb Encontra Santana","twitter:description":"Um universit\u00e1rio de 25 anos foi preso ap\u00f3s bater seu ve\u00edculo, roubar um carro com uma idosa dentro, agredir uma testemunha, fugir do local do acidente, invadir uma \u00e1rea da FAB (For\u00e7a \u00c1rea Brasileira) e subir em uma torre de tr\u00e1fego de avi\u00f5es do Campo de Marte, na manh\u00e3 de quarta-feira, em Santana (zona norte"},"aioseo_meta_data":{"post_id":"38912","title":null,"description":null,"keywords":null,"keyphrases":null,"primary_term":null,"canonical_url":null,"og_title":null,"og_description":null,"og_object_type":"default","og_image_type":"default","og_image_url":null,"og_image_width":null,"og_image_height":null,"og_image_custom_url":null,"og_image_custom_fields":null,"og_video":null,"og_custom_url":null,"og_article_section":null,"og_article_tags":null,"twitter_use_og":false,"twitter_card":"default","twitter_image_type":"default","twitter_image_url":null,"twitter_image_custom_url":null,"twitter_image_custom_fields":null,"twitter_title":null,"twitter_description":null,"schema":{"blockGraphs":[],"customGraphs":[],"default":{"data":{"Article":[],"Course":[],"Dataset":[],"FAQPage":[],"Movie":[],"Person":[],"Product":[],"ProductReview":[],"Car":[],"Recipe":[],"Service":[],"SoftwareApplication":[],"WebPage":[]},"graphName":"Article","isEnabled":true},"graphs":[]},"schema_type":null,"schema_type_options":null,"pillar_content":false,"robots_default":true,"robots_noindex":false,"robots_noarchive":false,"robots_nosnippet":false,"robots_nofollow":false,"robots_noimageindex":false,"robots_noodp":false,"robots_notranslate":false,"robots_max_snippet":null,"robots_max_videopreview":null,"robots_max_imagepreview":"large","priority":null,"frequency":null,"local_seo":null,"limit_modified_date":false,"created":"2021-04-20 18:48:39","updated":"2026-08-07 00:06:27","focus_keyword":null,"additional_keywords":null,"truseo_locale":null,"ai":null,"breadcrumb_settings":null,"seo_analyzer_scan_date":null},"aioseo_breadcrumb":"<div class=\"aioseo-breadcrumbs\"><span class=\"aioseo-breadcrumb\">\n\t\t\t<a href=\"https:\/\/www.encontrasantana.com.br\/sobre\" title=\"In\u00edcio\">In\u00edcio<\/a>\n\t\t<\/span><span class=\"aioseo-breadcrumb-separator\">&raquo;<\/span><span class=\"aioseo-breadcrumb\">\n\t\t\t<a href=\"https:\/\/www.encontrasantana.com.br\/sobre\/noticias-em-santana\/\" title=\"Not\u00edcias Santana\">Not\u00edcias Santana<\/a>\n\t\t<\/span><span class=\"aioseo-breadcrumb-separator\">&raquo;<\/span><span class=\"aioseo-breadcrumb\">\n\t\t\tJovem tem dia de f\u00faria no tr\u00e2nsito em Santana\n\t\t<\/span><\/div>","aioseo_breadcrumb_json":[{"label":"In\u00edcio","link":"https:\/\/www.encontrasantana.com.br\/sobre"},{"label":"Not\u00edcias Santana","link":"https:\/\/www.encontrasantana.com.br\/sobre\/noticias-em-santana\/"},{"label":"Jovem tem dia de f\u00faria no tr\u00e2nsito em Santana","link":"https:\/\/www.encontrasantana.com.br\/sobre\/jovem-tem-dia-de-furia-no-transito-em-santana\/"}],"_links":{"self":[{"href":"https:\/\/www.encontrasantana.com.br\/sobre\/wp-json\/wp\/v2\/posts\/38912","targetHints":{"allow":["GET"]}}],"collection":[{"href":"https:\/\/www.encontrasantana.com.br\/sobre\/wp-json\/wp\/v2\/posts"}],"about":[{"href":"https:\/\/www.encontrasantana.com.br\/sobre\/wp-json\/wp\/v2\/types\/post"}],"author":[{"embeddable":true,"href":"https:\/\/www.encontrasantana.com.br\/sobre\/wp-json\/wp\/v2\/users\/1"}],"replies":[{"embeddable":true,"href":"https:\/\/www.encontrasantana.com.br\/sobre\/wp-json\/wp\/v2\/comments?post=38912"}],"version-history":[{"count":0,"href":"https:\/\/www.encontrasantana.com.br\/sobre\/wp-json\/wp\/v2\/posts\/38912\/revisions"}],"wp:attachment":[{"href":"https:\/\/www.encontrasantana.com.br\/sobre\/wp-json\/wp\/v2\/media?parent=38912"}],"wp:term":[{"taxonomy":"category","embeddable":true,"href":"https:\/\/www.encontrasantana.com.br\/sobre\/wp-json\/wp\/v2\/categories?post=38912"},{"taxonomy":"post_tag","embeddable":true,"href":"https:\/\/www.encontrasantana.com.br\/sobre\/wp-json\/wp\/v2\/tags?post=38912"}],"curies":[{"name":"wp","href":"https:\/\/api.w.org\/{rel}","templated":true}]}}