{"id":38928,"date":"2012-09-26T17:37:50","date_gmt":"2012-09-26T20:37:50","guid":{"rendered":"http:\/\/www.encontrasantana.com.br\/blog\/?p=38928"},"modified":"2019-04-15T09:58:31","modified_gmt":"2019-04-15T12:58:31","slug":"santana-recebe-debate-sobre-oportunidades-da-copa-do-mundo-fifa-2014","status":"publish","type":"post","link":"https:\/\/www.encontrasantana.com.br\/sobre\/santana-recebe-debate-sobre-oportunidades-da-copa-do-mundo-fifa-2014\/","title":{"rendered":"Santana recebe debate sobre oportunidades da Copa do Mundo FIFA 2014"},"content":{"rendered":"<div class=\"1acf8468e559fd3cbeec5aee3a269a52\" data-index=\"1\" style=\"float: none; margin:0px;\">\n<!-- Anuncio display - global -->\r\n<ins class=\"adsbygoogle\"\r\n     style=\"display:block\"\r\n     data-ad-client=\"ca-pub-8585364105181520\"\r\n     data-ad-slot=\"8789329856\"\r\n     data-ad-format=\"auto\"\r\n     data-full-width-responsive=\"true\"><\/ins>\r\n<script>\r\n     (adsbygoogle = window.adsbygoogle || []).push({});\r\n<\/script>\n<\/div>\n<p>Empres\u00e1rios da Zona Norte de SP devem colocar em suas agendas uma data importante. No dia 9 de outubro, o Sebrae-SP realiza na regi\u00e3o um semin\u00e1rio que mostrar\u00e1 caminhos para que as micro e pequenas empresas (MPEs) ampliem sua competitividade e aproveitem, ao m\u00e1ximo, as oportunidades que devem surgir com a Copa do Mundo da FIFA 2014\u2122.<\/p>\n<p>O objetivo do semin\u00e1rio, fruto de parceria entre o Sebrae-SP, S\u00e3o Paulo Turismo e Bares SP, \u00e9 mostrar a necessidade de capacita\u00e7\u00e3o dos empreendedores desde j\u00e1. Tamb\u00e9m levar\u00e1 informa\u00e7\u00f5es e orienta\u00e7\u00e3o para que as MPEs tenham mais chances de aumentar suas vendas e lucros em segmentos que ser\u00e3o impactados antes, durante e depois do megavento esportivo.<\/p>\n<p>Ser\u00e1 apresentado aos participantes um estudo do Sebrae, em parceria com a Funda\u00e7\u00e3o Get\u00falio Vargas (FGV), que mapeia as oportunidades em\u00a0 diversos segmentos, tais como: Com\u00e9rcio Varejista, Agroneg\u00f3cios, Constru\u00e7\u00e3o Civil, Economia Criativa, Madeira e M\u00f3veis, Produ\u00e7\u00e3o associada ao turismo, Servi\u00e7os, Turismo, Tecnologia da Informa\u00e7\u00e3o e Vestu\u00e1rio.<\/p>\n<p>Depois da apresenta\u00e7\u00e3o haver\u00e1 uma Rodada de Neg\u00f3cios, cuja meta \u00e9 aproximar e gerar parcerias entre os empres\u00e1rios da regi\u00e3o, refor\u00e7ando sua rede de contatos e fortalecendo sua capacidade de atendimento e ganho de lucratividade para os pr\u00f3ximos eventos que vir\u00e3o para o Brasil.<\/p>\n<p>As inscri\u00e7\u00f5es s\u00e3o gratuitas e as vagas, limitadas. Mais informa\u00e7\u00f5es: telefone (11) 2976-2988 ou 0800 570 0800.<\/p>\n<p><strong>Confira a programa\u00e7\u00e3o:<\/strong><\/p>\n<p><strong>Semin\u00e1rio Oportunidades de Neg\u00f3cios para MPES &#8211; Sebrae 2014<\/strong><\/p>\n<p><strong><span style=\"text-decoration: underline;\">Data: 9 de outubro<\/span><\/strong><\/p>\n<p>Hor\u00e1rio: das 8h30 \u00e0s 13h30<\/p>\n<p>Local: <a href=\"http:\/\/www.encontrasantana.com.br\/santana\/clube-esperia.shtml\" target=\"_blank\">Clube Esp\u00e9ria<\/a> \u2013 Sal\u00e3o Gren\u00e1 (Avenida Santos Dumont, 1313 \u2013 Santana)<\/p>\n<p>08:30 &#8211; Recep\u00e7\u00e3o<\/p>\n<p>09:00 &#8211; Palestra Sebrae \u2013 Oportunidades 2014<\/p>\n<p>10:30 &#8211; Rodada de Neg\u00f3cios<\/p>\n<p>12:00 \u2013 Palavra dos Parceiros<\/p>\n<p>12:30 \u2013 Brunch<\/p>\n\n<div style=\"font-size: 0px; height: 0px; line-height: 0px; margin: 0; padding: 0; clear: both;\"><\/div>","protected":false},"excerpt":{"rendered":"<p>Empres\u00e1rios da Zona Norte de SP devem colocar em suas agendas uma data importante. No dia 9 de outubro, o Sebrae-SP realiza na regi\u00e3o um semin\u00e1rio que mostrar\u00e1 caminhos para que as micro e pequenas empresas (MPEs) ampliem sua competitividade e aproveitem, ao m\u00e1ximo, as oportunidades que devem surgir com a Copa do Mundo da FIFA 2014\u2122. O objetivo do semin\u00e1rio, fruto de parceria entre o Sebrae-SP, S\u00e3o Paulo Turismo e Bares SP, \u00e9 mostrar a necessidade de capacita\u00e7\u00e3o dos empreendedores desde j\u00e1. Tamb\u00e9m levar\u00e1 informa\u00e7\u00f5es e orienta\u00e7\u00e3o para que as MPEs tenham mais chances de aumentar suas vendas e <\/p>\n","protected":false},"author":1,"featured_media":0,"comment_status":"open","ping_status":"closed","sticky":false,"template":"","format":"standard","meta":{"footnotes":""},"categories":[3],"tags":[10],"class_list":["post-38928","post","type-post","status-publish","format-standard","hentry","category-noticias-em-santana","tag-santana"],"aioseo_notices":[],"_links":{"self":[{"href":"https:\/\/www.encontrasantana.com.br\/sobre\/wp-json\/wp\/v2\/posts\/38928"}],"collection":[{"href":"https:\/\/www.encontrasantana.com.br\/sobre\/wp-json\/wp\/v2\/posts"}],"about":[{"href":"https:\/\/www.encontrasantana.com.br\/sobre\/wp-json\/wp\/v2\/types\/post"}],"author":[{"embeddable":true,"href":"https:\/\/www.encontrasantana.com.br\/sobre\/wp-json\/wp\/v2\/users\/1"}],"replies":[{"embeddable":true,"href":"https:\/\/www.encontrasantana.com.br\/sobre\/wp-json\/wp\/v2\/comments?post=38928"}],"version-history":[{"count":0,"href":"https:\/\/www.encontrasantana.com.br\/sobre\/wp-json\/wp\/v2\/posts\/38928\/revisions"}],"wp:attachment":[{"href":"https:\/\/www.encontrasantana.com.br\/sobre\/wp-json\/wp\/v2\/media?parent=38928"}],"wp:term":[{"taxonomy":"category","embeddable":true,"href":"https:\/\/www.encontrasantana.com.br\/sobre\/wp-json\/wp\/v2\/categories?post=38928"},{"taxonomy":"post_tag","embeddable":true,"href":"https:\/\/www.encontrasantana.com.br\/sobre\/wp-json\/wp\/v2\/tags?post=38928"}],"curies":[{"name":"wp","href":"https:\/\/api.w.org\/{rel}","templated":true}]}}