{"id":38931,"date":"2012-09-26T17:40:45","date_gmt":"2012-09-26T20:40:45","guid":{"rendered":"http:\/\/www.encontrasantana.com.br\/blog\/?p=38931"},"modified":"2019-04-15T09:58:31","modified_gmt":"2019-04-15T12:58:31","slug":"santana-recebeu-a-xix-exposicao-do-ikebana","status":"publish","type":"post","link":"https:\/\/www.encontrasantana.com.br\/sobre\/santana-recebeu-a-xix-exposicao-do-ikebana\/","title":{"rendered":"Santana recebeu a XIX Exposi\u00e7\u00e3o do Ikebana"},"content":{"rendered":"<div class=\"1acf8468e559fd3cbeec5aee3a269a52\" data-index=\"1\" style=\"float: none; margin:0px;\">\n<!-- Anuncio display - global -->\r\n<ins class=\"adsbygoogle\"\r\n     style=\"display:block\"\r\n     data-ad-client=\"ca-pub-8585364105181520\"\r\n     data-ad-slot=\"8789329856\"\r\n     data-ad-format=\"auto\"\r\n     data-full-width-responsive=\"true\"><\/ins>\r\n<script>\r\n     (adsbygoogle = window.adsbygoogle || []).push({});\r\n<\/script>\n<\/div>\n<p>Nos dias 19, 20 e 21\/09 o perfume e a delicadeza dos arranjos florais invadiram o audit\u00f3rio da <a href=\"http:\/\/www.encontrasantana.com.br\/santana\/subprefeitura-santana.shtml\" target=\"_blank\">Subprefeitura Santana\/Tucuruvi<\/a>. Foi a XIX Exposi\u00e7\u00e3o do Ikebana, que acontece h\u00e1 22 anos em parceria com o MOA (Mokiti Okada Association). Este movimento que, superando diferen\u00e7as de credo, ideologias e nacionalidades se desenvolvem em n\u00edvel mundial, com o objetivo de criar uma Nova Civiliza\u00e7\u00e3o tendo por base a filosofia de Mokiti Okada (1882 \u2013 1955) na concretiza\u00e7\u00e3o de uma verdadeira sa\u00fade.<\/p>\n<p>O evento foi aberto ao p\u00fablico e entre as atividades oferecidas estavam a Terapia de Purifica\u00e7\u00e3o Okada, a Cerim\u00f4nia do Ch\u00e1, a oficina de arranjos florais e os produtos org\u00e2nicos.<\/p>\n<p>Vale a pena saber que a Ikebana (arte japonesa dos arranjos florais) era usada para desenvolver as habilidades de observa\u00e7\u00e3o, concentra\u00e7\u00e3o e sensibilidade no manejo de armas pelos guerreiros mais tem\u00edveis que j\u00e1 existiram: os samurais.<\/p>\n<p>A arte do Ikebana come\u00e7ou com um costume budista que se originou na \u00cdndia e depois foi levado para o Jap\u00e3o. Por l\u00e1, tornou-se uma verdadeira arte m\u00edstica e assumiu as propor\u00e7\u00f5es de import\u00e2ncia na decora\u00e7\u00e3o, na cultura e no modo de vida japon\u00eas que trouxeram essa arte at\u00e9 os nossos dias e nossos lares. E pensar que tudo come\u00e7ou numa certa cerim\u00f4nia do ch\u00e1 por volta do ano 607 D.C.; durante uma miss\u00e3o diplom\u00e1tica chinesa.<\/p>\n<p>Oito s\u00e9culos depois, a arte do Ikebana deixou de ter um cunho especificamente religioso e passou a ser adotada tamb\u00e9m como forma de decora\u00e7\u00e3o e de arte propriamente dita &#8211; aproveitando o significado das flores e cores para formar arranjos que pudessem transcrever com sutileza mensagens e ideais. Surgiram os grandes mestres que cunharam estilos diferenciados e que escreveram seus nomes na hist\u00f3ria do Jap\u00e3o e do mundo da ornamenta\u00e7\u00e3o.<\/p>\n<p>Programe-se no m\u00eas de setembro\/2013 teremos mais uma edi\u00e7\u00e3o desta bela exposi\u00e7\u00e3o.<\/p>\n<p><em>Fonte: Prefeitura de S\u00e3o Paulo<\/em><\/p>\n\n<div style=\"font-size: 0px; height: 0px; line-height: 0px; margin: 0; padding: 0; clear: both;\"><\/div>","protected":false},"excerpt":{"rendered":"<p>Nos dias 19, 20 e 21\/09 o perfume e a delicadeza dos arranjos florais invadiram o audit\u00f3rio da Subprefeitura Santana\/Tucuruvi. Foi a XIX Exposi\u00e7\u00e3o do Ikebana, que acontece h\u00e1 22 anos em parceria com o MOA (Mokiti Okada Association). Este movimento que, superando diferen\u00e7as de credo, ideologias e nacionalidades se desenvolvem em n\u00edvel mundial, com o objetivo de criar uma Nova Civiliza\u00e7\u00e3o tendo por base a filosofia de Mokiti Okada (1882 \u2013 1955) na concretiza\u00e7\u00e3o de uma verdadeira sa\u00fade. O evento foi aberto ao p\u00fablico e entre as atividades oferecidas estavam a Terapia de Purifica\u00e7\u00e3o Okada, a Cerim\u00f4nia do Ch\u00e1, <\/p>\n","protected":false},"author":1,"featured_media":0,"comment_status":"open","ping_status":"closed","sticky":false,"template":"","format":"standard","meta":{"footnotes":""},"categories":[3],"tags":[10],"class_list":["post-38931","post","type-post","status-publish","format-standard","hentry","category-noticias-em-santana","tag-santana"],"aioseo_notices":[],"aioseo_head":"\n\t\t<!-- All in One SEO 5.0.0.1 - aioseo.com -->\n\t<meta name=\"description\" content=\"Nos dias 19, 20 e 21\/09 o perfume e a delicadeza dos arranjos florais invadiram o audit\u00f3rio da Subprefeitura Santana\/Tucuruvi. Foi a XIX Exposi\u00e7\u00e3o do Ikebana, que acontece h\u00e1 22 anos em parceria com o MOA (Mokiti Okada Association). Este movimento que, superando diferen\u00e7as de credo, ideologias e nacionalidades se desenvolvem em n\u00edvel mundial, com\" \/>\n\t<meta name=\"robots\" content=\"max-image-preview:large\" \/>\n\t<meta name=\"author\" content=\"Encontra Santana\"\/>\n\t<link rel=\"canonical\" href=\"https:\/\/www.encontrasantana.com.br\/sobre\/santana-recebeu-a-xix-exposicao-do-ikebana\/\" \/>\n\t<meta name=\"generator\" content=\"All in One SEO (AIOSEO) 5.0.0.1\" \/>\n\t\t<meta property=\"og:locale\" content=\"pt_BR\" \/>\n\t\t<meta property=\"og:site_name\" content=\"Encontra Santana | Not\u00edcias, eventos, informa\u00e7\u00f5es e dicas no bairro de Santana e regi\u00e3o.\" \/>\n\t\t<meta property=\"og:type\" content=\"article\" \/>\n\t\t<meta property=\"og:title\" content=\"Santana recebeu a XIX Exposi\u00e7\u00e3o do Ikebana \u00bb Encontra Santana\" \/>\n\t\t<meta property=\"og:description\" content=\"Nos dias 19, 20 e 21\/09 o perfume e a delicadeza dos arranjos florais invadiram o audit\u00f3rio da Subprefeitura Santana\/Tucuruvi. Foi a XIX Exposi\u00e7\u00e3o do Ikebana, que acontece h\u00e1 22 anos em parceria com o MOA (Mokiti Okada Association). Este movimento que, superando diferen\u00e7as de credo, ideologias e nacionalidades se desenvolvem em n\u00edvel mundial, com\" \/>\n\t\t<meta property=\"og:url\" content=\"https:\/\/www.encontrasantana.com.br\/sobre\/santana-recebeu-a-xix-exposicao-do-ikebana\/\" \/>\n\t\t<meta property=\"article:published_time\" content=\"2012-09-26T20:40:45+00:00\" \/>\n\t\t<meta property=\"article:modified_time\" content=\"2019-04-15T12:58:31+00:00\" \/>\n\t\t<meta name=\"twitter:card\" content=\"summary\" \/>\n\t\t<meta name=\"twitter:title\" content=\"Santana recebeu a XIX Exposi\u00e7\u00e3o do Ikebana \u00bb Encontra Santana\" \/>\n\t\t<meta name=\"twitter:description\" content=\"Nos dias 19, 20 e 21\/09 o perfume e a delicadeza dos arranjos florais invadiram o audit\u00f3rio da Subprefeitura Santana\/Tucuruvi. Foi a XIX Exposi\u00e7\u00e3o do Ikebana, que acontece h\u00e1 22 anos em parceria com o MOA (Mokiti Okada Association). Este movimento que, superando diferen\u00e7as de credo, ideologias e nacionalidades se desenvolvem em n\u00edvel mundial, com\" \/>\n\t\t<script type=\"application\/ld+json\" class=\"aioseo-schema\">\n\t\t\t{\"@context\":\"https:\\\/\\\/schema.org\",\"@graph\":[{\"@type\":\"Article\",\"@id\":\"https:\\\/\\\/www.encontrasantana.com.br\\\/sobre\\\/santana-recebeu-a-xix-exposicao-do-ikebana\\\/#article\",\"name\":\"Santana recebeu a XIX Exposi\\u00e7\\u00e3o do Ikebana \\u00bb Encontra Santana\",\"headline\":\"Santana recebeu a XIX Exposi\\u00e7\\u00e3o do Ikebana\",\"author\":{\"@id\":\"https:\\\/\\\/www.encontrasantana.com.br\\\/sobre\\\/author\\\/esantana\\\/#author\"},\"publisher\":{\"@id\":\"https:\\\/\\\/www.encontrasantana.com.br\\\/sobre\\\/#organization\"},\"datePublished\":\"2012-09-26T17:40:45-03:00\",\"dateModified\":\"2019-04-15T09:58:31-03:00\",\"inLanguage\":\"pt-BR\",\"mainEntityOfPage\":{\"@id\":\"https:\\\/\\\/www.encontrasantana.com.br\\\/sobre\\\/santana-recebeu-a-xix-exposicao-do-ikebana\\\/#webpage\"},\"isPartOf\":{\"@id\":\"https:\\\/\\\/www.encontrasantana.com.br\\\/sobre\\\/santana-recebeu-a-xix-exposicao-do-ikebana\\\/#webpage\"},\"articleSection\":\"Not\\u00edcias Santana, Santana\"},{\"@type\":\"BreadcrumbList\",\"@id\":\"https:\\\/\\\/www.encontrasantana.com.br\\\/sobre\\\/santana-recebeu-a-xix-exposicao-do-ikebana\\\/#breadcrumblist\",\"itemListElement\":[{\"@type\":\"ListItem\",\"@id\":\"https:\\\/\\\/www.encontrasantana.com.br\\\/sobre#listItem\",\"position\":1,\"name\":\"In\\u00edcio\",\"item\":\"https:\\\/\\\/www.encontrasantana.com.br\\\/sobre\",\"nextItem\":{\"@type\":\"ListItem\",\"@id\":\"https:\\\/\\\/www.encontrasantana.com.br\\\/sobre\\\/noticias-em-santana\\\/#listItem\",\"name\":\"Not\\u00edcias Santana\"}},{\"@type\":\"ListItem\",\"@id\":\"https:\\\/\\\/www.encontrasantana.com.br\\\/sobre\\\/noticias-em-santana\\\/#listItem\",\"position\":2,\"name\":\"Not\\u00edcias Santana\",\"item\":\"https:\\\/\\\/www.encontrasantana.com.br\\\/sobre\\\/noticias-em-santana\\\/\",\"nextItem\":{\"@type\":\"ListItem\",\"@id\":\"https:\\\/\\\/www.encontrasantana.com.br\\\/sobre\\\/santana-recebeu-a-xix-exposicao-do-ikebana\\\/#listItem\",\"name\":\"Santana recebeu a XIX Exposi\\u00e7\\u00e3o do Ikebana\"},\"previousItem\":{\"@type\":\"ListItem\",\"@id\":\"https:\\\/\\\/www.encontrasantana.com.br\\\/sobre#listItem\",\"name\":\"In\\u00edcio\"}},{\"@type\":\"ListItem\",\"@id\":\"https:\\\/\\\/www.encontrasantana.com.br\\\/sobre\\\/santana-recebeu-a-xix-exposicao-do-ikebana\\\/#listItem\",\"position\":3,\"name\":\"Santana recebeu a XIX Exposi\\u00e7\\u00e3o do Ikebana\",\"previousItem\":{\"@type\":\"ListItem\",\"@id\":\"https:\\\/\\\/www.encontrasantana.com.br\\\/sobre\\\/noticias-em-santana\\\/#listItem\",\"name\":\"Not\\u00edcias Santana\"}}]},{\"@type\":\"Organization\",\"@id\":\"https:\\\/\\\/www.encontrasantana.com.br\\\/sobre\\\/#organization\",\"name\":\"Encontra Santana\",\"description\":\"Not\\u00edcias, eventos, informa\\u00e7\\u00f5es e dicas no bairro de Santana e regi\\u00e3o.\",\"url\":\"https:\\\/\\\/www.encontrasantana.com.br\\\/sobre\\\/\"},{\"@type\":\"Person\",\"@id\":\"https:\\\/\\\/www.encontrasantana.com.br\\\/sobre\\\/author\\\/esantana\\\/#author\",\"url\":\"https:\\\/\\\/www.encontrasantana.com.br\\\/sobre\\\/author\\\/esantana\\\/\",\"name\":\"Encontra Santana\",\"image\":{\"@type\":\"ImageObject\",\"@id\":\"https:\\\/\\\/www.encontrasantana.com.br\\\/sobre\\\/santana-recebeu-a-xix-exposicao-do-ikebana\\\/#authorImage\",\"url\":\"https:\\\/\\\/secure.gravatar.com\\\/avatar\\\/0fbed662e37531ae23e68f85f9517b2454e50c1dfebf80eb9b721449ac95e0b9?s=96&d=mm&r=g\",\"width\":96,\"height\":96,\"caption\":\"Encontra Santana\"}},{\"@type\":\"WebPage\",\"@id\":\"https:\\\/\\\/www.encontrasantana.com.br\\\/sobre\\\/santana-recebeu-a-xix-exposicao-do-ikebana\\\/#webpage\",\"url\":\"https:\\\/\\\/www.encontrasantana.com.br\\\/sobre\\\/santana-recebeu-a-xix-exposicao-do-ikebana\\\/\",\"name\":\"Santana recebeu a XIX Exposi\\u00e7\\u00e3o do Ikebana \\u00bb Encontra Santana\",\"description\":\"Nos dias 19, 20 e 21\\\/09 o perfume e a delicadeza dos arranjos florais invadiram o audit\\u00f3rio da Subprefeitura Santana\\\/Tucuruvi. Foi a XIX Exposi\\u00e7\\u00e3o do Ikebana, que acontece h\\u00e1 22 anos em parceria com o MOA (Mokiti Okada Association). Este movimento que, superando diferen\\u00e7as de credo, ideologias e nacionalidades se desenvolvem em n\\u00edvel mundial, com\",\"inLanguage\":\"pt-BR\",\"isPartOf\":{\"@id\":\"https:\\\/\\\/www.encontrasantana.com.br\\\/sobre\\\/#website\"},\"breadcrumb\":{\"@id\":\"https:\\\/\\\/www.encontrasantana.com.br\\\/sobre\\\/santana-recebeu-a-xix-exposicao-do-ikebana\\\/#breadcrumblist\"},\"author\":{\"@id\":\"https:\\\/\\\/www.encontrasantana.com.br\\\/sobre\\\/author\\\/esantana\\\/#author\"},\"creator\":{\"@id\":\"https:\\\/\\\/www.encontrasantana.com.br\\\/sobre\\\/author\\\/esantana\\\/#author\"},\"datePublished\":\"2012-09-26T17:40:45-03:00\",\"dateModified\":\"2019-04-15T09:58:31-03:00\"},{\"@type\":\"WebSite\",\"@id\":\"https:\\\/\\\/www.encontrasantana.com.br\\\/sobre\\\/#website\",\"url\":\"https:\\\/\\\/www.encontrasantana.com.br\\\/sobre\\\/\",\"name\":\"Encontra Santana\",\"description\":\"Not\\u00edcias, eventos, informa\\u00e7\\u00f5es e dicas no bairro de Santana e regi\\u00e3o.\",\"inLanguage\":\"pt-BR\",\"publisher\":{\"@id\":\"https:\\\/\\\/www.encontrasantana.com.br\\\/sobre\\\/#organization\"}}]}\n\t\t<\/script>\n\t\t<!-- All in One SEO -->\n\n","aioseo_head_json":{"title":"Santana recebeu a XIX Exposi\u00e7\u00e3o do Ikebana \u00bb Encontra Santana","description":"Nos dias 19, 20 e 21\/09 o perfume e a delicadeza dos arranjos florais invadiram o audit\u00f3rio da Subprefeitura Santana\/Tucuruvi. Foi a XIX Exposi\u00e7\u00e3o do Ikebana, que acontece h\u00e1 22 anos em parceria com o MOA (Mokiti Okada Association). Este movimento que, superando diferen\u00e7as de credo, ideologias e nacionalidades se desenvolvem em n\u00edvel mundial, com","canonical_url":"https:\/\/www.encontrasantana.com.br\/sobre\/santana-recebeu-a-xix-exposicao-do-ikebana\/","robots":"max-image-preview:large","keywords":"","webmasterTools":{"miscellaneous":""},"schema":{"@context":"https:\/\/schema.org","@graph":[{"@type":"Article","@id":"https:\/\/www.encontrasantana.com.br\/sobre\/santana-recebeu-a-xix-exposicao-do-ikebana\/#article","name":"Santana recebeu a XIX Exposi\u00e7\u00e3o do Ikebana \u00bb Encontra Santana","headline":"Santana recebeu a XIX Exposi\u00e7\u00e3o do Ikebana","author":{"@id":"https:\/\/www.encontrasantana.com.br\/sobre\/author\/esantana\/#author"},"publisher":{"@id":"https:\/\/www.encontrasantana.com.br\/sobre\/#organization"},"datePublished":"2012-09-26T17:40:45-03:00","dateModified":"2019-04-15T09:58:31-03:00","inLanguage":"pt-BR","mainEntityOfPage":{"@id":"https:\/\/www.encontrasantana.com.br\/sobre\/santana-recebeu-a-xix-exposicao-do-ikebana\/#webpage"},"isPartOf":{"@id":"https:\/\/www.encontrasantana.com.br\/sobre\/santana-recebeu-a-xix-exposicao-do-ikebana\/#webpage"},"articleSection":"Not\u00edcias Santana, Santana"},{"@type":"BreadcrumbList","@id":"https:\/\/www.encontrasantana.com.br\/sobre\/santana-recebeu-a-xix-exposicao-do-ikebana\/#breadcrumblist","itemListElement":[{"@type":"ListItem","@id":"https:\/\/www.encontrasantana.com.br\/sobre#listItem","position":1,"name":"In\u00edcio","item":"https:\/\/www.encontrasantana.com.br\/sobre","nextItem":{"@type":"ListItem","@id":"https:\/\/www.encontrasantana.com.br\/sobre\/noticias-em-santana\/#listItem","name":"Not\u00edcias Santana"}},{"@type":"ListItem","@id":"https:\/\/www.encontrasantana.com.br\/sobre\/noticias-em-santana\/#listItem","position":2,"name":"Not\u00edcias Santana","item":"https:\/\/www.encontrasantana.com.br\/sobre\/noticias-em-santana\/","nextItem":{"@type":"ListItem","@id":"https:\/\/www.encontrasantana.com.br\/sobre\/santana-recebeu-a-xix-exposicao-do-ikebana\/#listItem","name":"Santana recebeu a XIX Exposi\u00e7\u00e3o do Ikebana"},"previousItem":{"@type":"ListItem","@id":"https:\/\/www.encontrasantana.com.br\/sobre#listItem","name":"In\u00edcio"}},{"@type":"ListItem","@id":"https:\/\/www.encontrasantana.com.br\/sobre\/santana-recebeu-a-xix-exposicao-do-ikebana\/#listItem","position":3,"name":"Santana recebeu a XIX Exposi\u00e7\u00e3o do Ikebana","previousItem":{"@type":"ListItem","@id":"https:\/\/www.encontrasantana.com.br\/sobre\/noticias-em-santana\/#listItem","name":"Not\u00edcias Santana"}}]},{"@type":"Organization","@id":"https:\/\/www.encontrasantana.com.br\/sobre\/#organization","name":"Encontra Santana","description":"Not\u00edcias, eventos, informa\u00e7\u00f5es e dicas no bairro de Santana e regi\u00e3o.","url":"https:\/\/www.encontrasantana.com.br\/sobre\/"},{"@type":"Person","@id":"https:\/\/www.encontrasantana.com.br\/sobre\/author\/esantana\/#author","url":"https:\/\/www.encontrasantana.com.br\/sobre\/author\/esantana\/","name":"Encontra Santana","image":{"@type":"ImageObject","@id":"https:\/\/www.encontrasantana.com.br\/sobre\/santana-recebeu-a-xix-exposicao-do-ikebana\/#authorImage","url":"https:\/\/secure.gravatar.com\/avatar\/0fbed662e37531ae23e68f85f9517b2454e50c1dfebf80eb9b721449ac95e0b9?s=96&d=mm&r=g","width":96,"height":96,"caption":"Encontra Santana"}},{"@type":"WebPage","@id":"https:\/\/www.encontrasantana.com.br\/sobre\/santana-recebeu-a-xix-exposicao-do-ikebana\/#webpage","url":"https:\/\/www.encontrasantana.com.br\/sobre\/santana-recebeu-a-xix-exposicao-do-ikebana\/","name":"Santana recebeu a XIX Exposi\u00e7\u00e3o do Ikebana \u00bb Encontra Santana","description":"Nos dias 19, 20 e 21\/09 o perfume e a delicadeza dos arranjos florais invadiram o audit\u00f3rio da Subprefeitura Santana\/Tucuruvi. Foi a XIX Exposi\u00e7\u00e3o do Ikebana, que acontece h\u00e1 22 anos em parceria com o MOA (Mokiti Okada Association). Este movimento que, superando diferen\u00e7as de credo, ideologias e nacionalidades se desenvolvem em n\u00edvel mundial, com","inLanguage":"pt-BR","isPartOf":{"@id":"https:\/\/www.encontrasantana.com.br\/sobre\/#website"},"breadcrumb":{"@id":"https:\/\/www.encontrasantana.com.br\/sobre\/santana-recebeu-a-xix-exposicao-do-ikebana\/#breadcrumblist"},"author":{"@id":"https:\/\/www.encontrasantana.com.br\/sobre\/author\/esantana\/#author"},"creator":{"@id":"https:\/\/www.encontrasantana.com.br\/sobre\/author\/esantana\/#author"},"datePublished":"2012-09-26T17:40:45-03:00","dateModified":"2019-04-15T09:58:31-03:00"},{"@type":"WebSite","@id":"https:\/\/www.encontrasantana.com.br\/sobre\/#website","url":"https:\/\/www.encontrasantana.com.br\/sobre\/","name":"Encontra Santana","description":"Not\u00edcias, eventos, informa\u00e7\u00f5es e dicas no bairro de Santana e regi\u00e3o.","inLanguage":"pt-BR","publisher":{"@id":"https:\/\/www.encontrasantana.com.br\/sobre\/#organization"}}]},"og:locale":"pt_BR","og:site_name":"Encontra Santana | Not\u00edcias, eventos, informa\u00e7\u00f5es e dicas no bairro de Santana e regi\u00e3o.","og:type":"article","og:title":"Santana recebeu a XIX Exposi\u00e7\u00e3o do Ikebana \u00bb Encontra Santana","og:description":"Nos dias 19, 20 e 21\/09 o perfume e a delicadeza dos arranjos florais invadiram o audit\u00f3rio da Subprefeitura Santana\/Tucuruvi. Foi a XIX Exposi\u00e7\u00e3o do Ikebana, que acontece h\u00e1 22 anos em parceria com o MOA (Mokiti Okada Association). Este movimento que, superando diferen\u00e7as de credo, ideologias e nacionalidades se desenvolvem em n\u00edvel mundial, com","og:url":"https:\/\/www.encontrasantana.com.br\/sobre\/santana-recebeu-a-xix-exposicao-do-ikebana\/","article:published_time":"2012-09-26T20:40:45+00:00","article:modified_time":"2019-04-15T12:58:31+00:00","twitter:card":"summary","twitter:title":"Santana recebeu a XIX Exposi\u00e7\u00e3o do Ikebana \u00bb Encontra Santana","twitter:description":"Nos dias 19, 20 e 21\/09 o perfume e a delicadeza dos arranjos florais invadiram o audit\u00f3rio da Subprefeitura Santana\/Tucuruvi. Foi a XIX Exposi\u00e7\u00e3o do Ikebana, que acontece h\u00e1 22 anos em parceria com o MOA (Mokiti Okada Association). Este movimento que, superando diferen\u00e7as de credo, ideologias e nacionalidades se desenvolvem em n\u00edvel mundial, com"},"aioseo_meta_data":{"post_id":"38931","title":null,"description":null,"keywords":null,"keyphrases":null,"primary_term":null,"canonical_url":null,"og_title":null,"og_description":null,"og_object_type":"default","og_image_type":"default","og_image_url":null,"og_image_width":null,"og_image_height":null,"og_image_custom_url":null,"og_image_custom_fields":null,"og_video":null,"og_custom_url":null,"og_article_section":null,"og_article_tags":null,"twitter_use_og":false,"twitter_card":"default","twitter_image_type":"default","twitter_image_url":null,"twitter_image_custom_url":null,"twitter_image_custom_fields":null,"twitter_title":null,"twitter_description":null,"schema":{"blockGraphs":[],"customGraphs":[],"default":{"data":{"Article":[],"Course":[],"Dataset":[],"FAQPage":[],"Movie":[],"Person":[],"Product":[],"ProductReview":[],"Car":[],"Recipe":[],"Service":[],"SoftwareApplication":[],"WebPage":[]},"graphName":"Article","isEnabled":true},"graphs":[]},"schema_type":null,"schema_type_options":null,"pillar_content":false,"robots_default":true,"robots_noindex":false,"robots_noarchive":false,"robots_nosnippet":false,"robots_nofollow":false,"robots_noimageindex":false,"robots_noodp":false,"robots_notranslate":false,"robots_max_snippet":null,"robots_max_videopreview":null,"robots_max_imagepreview":"large","priority":null,"frequency":null,"local_seo":null,"limit_modified_date":false,"created":"2021-04-20 18:48:39","updated":"2026-08-07 00:06:27","focus_keyword":null,"additional_keywords":null,"truseo_locale":null,"ai":null,"breadcrumb_settings":null,"seo_analyzer_scan_date":null},"aioseo_breadcrumb":"<div class=\"aioseo-breadcrumbs\"><span class=\"aioseo-breadcrumb\">\n\t\t\t<a href=\"https:\/\/www.encontrasantana.com.br\/sobre\" title=\"In\u00edcio\">In\u00edcio<\/a>\n\t\t<\/span><span class=\"aioseo-breadcrumb-separator\">&raquo;<\/span><span class=\"aioseo-breadcrumb\">\n\t\t\t<a href=\"https:\/\/www.encontrasantana.com.br\/sobre\/noticias-em-santana\/\" title=\"Not\u00edcias Santana\">Not\u00edcias Santana<\/a>\n\t\t<\/span><span class=\"aioseo-breadcrumb-separator\">&raquo;<\/span><span class=\"aioseo-breadcrumb\">\n\t\t\tSantana recebeu a XIX Exposi\u00e7\u00e3o do Ikebana\n\t\t<\/span><\/div>","aioseo_breadcrumb_json":[{"label":"In\u00edcio","link":"https:\/\/www.encontrasantana.com.br\/sobre"},{"label":"Not\u00edcias Santana","link":"https:\/\/www.encontrasantana.com.br\/sobre\/noticias-em-santana\/"},{"label":"Santana recebeu a XIX Exposi\u00e7\u00e3o do Ikebana","link":"https:\/\/www.encontrasantana.com.br\/sobre\/santana-recebeu-a-xix-exposicao-do-ikebana\/"}],"_links":{"self":[{"href":"https:\/\/www.encontrasantana.com.br\/sobre\/wp-json\/wp\/v2\/posts\/38931","targetHints":{"allow":["GET"]}}],"collection":[{"href":"https:\/\/www.encontrasantana.com.br\/sobre\/wp-json\/wp\/v2\/posts"}],"about":[{"href":"https:\/\/www.encontrasantana.com.br\/sobre\/wp-json\/wp\/v2\/types\/post"}],"author":[{"embeddable":true,"href":"https:\/\/www.encontrasantana.com.br\/sobre\/wp-json\/wp\/v2\/users\/1"}],"replies":[{"embeddable":true,"href":"https:\/\/www.encontrasantana.com.br\/sobre\/wp-json\/wp\/v2\/comments?post=38931"}],"version-history":[{"count":0,"href":"https:\/\/www.encontrasantana.com.br\/sobre\/wp-json\/wp\/v2\/posts\/38931\/revisions"}],"wp:attachment":[{"href":"https:\/\/www.encontrasantana.com.br\/sobre\/wp-json\/wp\/v2\/media?parent=38931"}],"wp:term":[{"taxonomy":"category","embeddable":true,"href":"https:\/\/www.encontrasantana.com.br\/sobre\/wp-json\/wp\/v2\/categories?post=38931"},{"taxonomy":"post_tag","embeddable":true,"href":"https:\/\/www.encontrasantana.com.br\/sobre\/wp-json\/wp\/v2\/tags?post=38931"}],"curies":[{"name":"wp","href":"https:\/\/api.w.org\/{rel}","templated":true}]}}