{"id":38942,"date":"2012-10-05T16:54:24","date_gmt":"2012-10-05T19:54:24","guid":{"rendered":"http:\/\/www.encontrasantana.com.br\/blog\/?p=38942"},"modified":"2019-04-15T09:58:30","modified_gmt":"2019-04-15T12:58:30","slug":"santana-recebe-a-feira-fiaflora-expogarden","status":"publish","type":"post","link":"https:\/\/www.encontrasantana.com.br\/sobre\/santana-recebe-a-feira-fiaflora-expogarden\/","title":{"rendered":"Santana recebe a feira Fiaflora Expogarden"},"content":{"rendered":"<div class=\"1acf8468e559fd3cbeec5aee3a269a52\" data-index=\"1\" style=\"float: none; margin:0px;\">\n<!-- Anuncio display - global -->\r\n<ins class=\"adsbygoogle\"\r\n     style=\"display:block\"\r\n     data-ad-client=\"ca-pub-8585364105181520\"\r\n     data-ad-slot=\"8789329856\"\r\n     data-ad-format=\"auto\"\r\n     data-full-width-responsive=\"true\"><\/ins>\r\n<script>\r\n     (adsbygoogle = window.adsbygoogle || []).push({});\r\n<\/script>\n<\/div>\n<p>Est\u00e1 chegando a 15\u00aa Fiaflora ExpoGarden \u2013 Feira Internacional de Paisagismo, Jardinagem, Lazer e Floricultura, que ser\u00e1 realizada de 6 a 9 de outubro, no novo Pavilh\u00e3o Oeste do <a href=\"http:\/\/www.encontrasantana.com.br\/santana\/anhembi-em-santana.shtml\" target=\"_blank\">Anhembi<\/a>. Considerada a maior e mais importante feira de neg\u00f3cios do setor na Am\u00e9rica Latina, ser\u00e1 poss\u00edvel conhecer uma diversidade de lan\u00e7amentos em produtos e ficar por dentro das tend\u00eancias e solu\u00e7\u00f5es t\u00e9cnicas para o segmento.<\/p>\n<p>Ser\u00e3o 200 expositores nacionais e internacionais, alocados de acordo com suas caracter\u00edsticas, em uma nova setoriza\u00e7\u00e3o, a fim de privilegiar a visita\u00e7\u00e3o de mais de 30 mil profissionais compradores. Por sua import\u00e2ncia, a 15\u00aa Fiaflora ExpoGarden tornou-se o local mais adequado para gera\u00e7\u00e3o de \u00f3timas oportunidades de neg\u00f3cios de imediato, a curto, m\u00e9dio e longo prazos.<\/p>\n<p>A feira ter\u00e1 cinco eventos integrantes, o 15\u00aa Congresso Brasileiro de Paisagismo, cujo tema central \u00e9 \u201cPaisagismo: Propostas para as Cidades\u201d, a 15\u00aa Mostra Paisagismo \u2013 solu\u00e7\u00f5es para pequenos espa\u00e7os, o Espa\u00e7o Natureza Viva, o Espa\u00e7o Design Floral e o FOCO \u2013 F\u00f3rum Nacional de Oportunidades Comerciais.<\/p>\n<p>Conhe\u00e7a algumas novidades que as empresas levar\u00e3o para a 15\u00aa edi\u00e7\u00e3o:<\/p>\n<p>Cubos lan\u00e7ar\u00e1 linha Cubos Stone de pedras artificiais<\/p>\n<p>A Cubos lan\u00e7ar\u00e1 na 15\u00aa Fiaflora ExpoGarden a linha Cubos Stone de pedras artificiais, dez vezes mais leves que as naturais, e que reproduzem perfeitamente as retiradas da natureza. Al\u00e9m disso, a empresa expor\u00e1 sua linha completa de equipamentos e produtos para constru\u00e7\u00e3o e tratamento de lagos ornamentais, incluindo filtros biol\u00f3gicos, filtros ultravioleta, bombas de \u00e1gua, lonas de EPDM para impermeabiliza\u00e7\u00e3o, holofotes de le para uso externo e submerso, pedras artificiais, compressores de ar, entre outros.<\/p>\n<p>Em sua terceira participa\u00e7\u00e3o, a Cubos espera alcan\u00e7ar o mesmo resultado positivo dos anos anteriores. \u201cO p\u00fablico da feira \u00e9 bem selecionado e direcionado para nosso segmento de mercado, pois fornecemos, diretamente aos paisagistas, materiais para constru\u00e7\u00e3o de lagos ornamentais\u201d, afirma Caio Bianco, propriet\u00e1rio da Cubos.<\/p>\n<p>Mais informa\u00e7\u00f5es: cubos.com.br,<\/p>\n<p><strong>Fiaflora Expogarden<\/strong><\/p>\n<p><strong>Local:<\/strong>Pavilh\u00e3o de Exposi\u00e7\u00f5es do Anhembi<strong>\u00a0\u2013\u00a0<\/strong>Av. Olavo Fontoura, 1.209 \u2013 Parque Anhembi \u2013 Santana<strong><br \/>\nData:\u00a0<\/strong>06 a 09\/10\/2012<br \/>\n<strong>Hor\u00e1rio:<\/strong>\u00a0das 13h \u00e0s 21h<strong><br \/>\nPromotor:<\/strong>Reed Exhibitions Alcantara Machado<strong><br \/>\nLink:<\/strong>\u00a0expogarden.com.br<\/p>\n<p><em>Fonte: Blog Visite S\u00e3o Paulo<\/em><\/p>\n<p>&nbsp;<\/p>\n\n<div style=\"font-size: 0px; height: 0px; line-height: 0px; margin: 0; padding: 0; clear: both;\"><\/div>","protected":false},"excerpt":{"rendered":"<p>Est\u00e1 chegando a 15\u00aa Fiaflora ExpoGarden \u2013 Feira Internacional de Paisagismo, Jardinagem, Lazer e Floricultura, que ser\u00e1 realizada de 6 a 9 de outubro, no novo Pavilh\u00e3o Oeste do Anhembi. Considerada a maior e mais importante feira de neg\u00f3cios do setor na Am\u00e9rica Latina, ser\u00e1 poss\u00edvel conhecer uma diversidade de lan\u00e7amentos em produtos e ficar por dentro das tend\u00eancias e solu\u00e7\u00f5es t\u00e9cnicas para o segmento. Ser\u00e3o 200 expositores nacionais e internacionais, alocados de acordo com suas caracter\u00edsticas, em uma nova setoriza\u00e7\u00e3o, a fim de privilegiar a visita\u00e7\u00e3o de mais de 30 mil profissionais compradores. Por sua import\u00e2ncia, a 15\u00aa Fiaflora <\/p>\n","protected":false},"author":1,"featured_media":0,"comment_status":"open","ping_status":"closed","sticky":false,"template":"","format":"standard","meta":{"footnotes":""},"categories":[3],"tags":[10],"class_list":["post-38942","post","type-post","status-publish","format-standard","hentry","category-noticias-em-santana","tag-santana"],"aioseo_notices":[],"_links":{"self":[{"href":"https:\/\/www.encontrasantana.com.br\/sobre\/wp-json\/wp\/v2\/posts\/38942"}],"collection":[{"href":"https:\/\/www.encontrasantana.com.br\/sobre\/wp-json\/wp\/v2\/posts"}],"about":[{"href":"https:\/\/www.encontrasantana.com.br\/sobre\/wp-json\/wp\/v2\/types\/post"}],"author":[{"embeddable":true,"href":"https:\/\/www.encontrasantana.com.br\/sobre\/wp-json\/wp\/v2\/users\/1"}],"replies":[{"embeddable":true,"href":"https:\/\/www.encontrasantana.com.br\/sobre\/wp-json\/wp\/v2\/comments?post=38942"}],"version-history":[{"count":0,"href":"https:\/\/www.encontrasantana.com.br\/sobre\/wp-json\/wp\/v2\/posts\/38942\/revisions"}],"wp:attachment":[{"href":"https:\/\/www.encontrasantana.com.br\/sobre\/wp-json\/wp\/v2\/media?parent=38942"}],"wp:term":[{"taxonomy":"category","embeddable":true,"href":"https:\/\/www.encontrasantana.com.br\/sobre\/wp-json\/wp\/v2\/categories?post=38942"},{"taxonomy":"post_tag","embeddable":true,"href":"https:\/\/www.encontrasantana.com.br\/sobre\/wp-json\/wp\/v2\/tags?post=38942"}],"curies":[{"name":"wp","href":"https:\/\/api.w.org\/{rel}","templated":true}]}}