{"id":38956,"date":"2012-10-09T14:30:06","date_gmt":"2012-10-09T17:30:06","guid":{"rendered":"http:\/\/www.encontrasantana.com.br\/blog\/?p=38956"},"modified":"2019-04-15T09:58:29","modified_gmt":"2019-04-15T12:58:29","slug":"linkin-park-rege-coro-de-27-mil-pessoas-em-santana","status":"publish","type":"post","link":"https:\/\/www.encontrasantana.com.br\/sobre\/linkin-park-rege-coro-de-27-mil-pessoas-em-santana\/","title":{"rendered":"Linkin Park rege coro de 27 mil pessoas em Santana"},"content":{"rendered":"<div class=\"1acf8468e559fd3cbeec5aee3a269a52\" data-index=\"1\" style=\"float: none; margin:0px;\">\n<!-- Anuncio display - global -->\r\n<ins class=\"adsbygoogle\"\r\n     style=\"display:block\"\r\n     data-ad-client=\"ca-pub-8585364105181520\"\r\n     data-ad-slot=\"8789329856\"\r\n     data-ad-format=\"auto\"\r\n     data-full-width-responsive=\"true\"><\/ins>\r\n<script>\r\n     (adsbygoogle = window.adsbygoogle || []).push({});\r\n<\/script>\n<\/div>\n<p>F\u00e3 que \u00e9 f\u00e3 sabe todas as letras das m\u00fasicas de seus \u00eddolos. A m\u00e1xima foi comprovada no domingo (7), em S\u00e3o Paulo, durante o show do Linkin Park. Enquanto a cidade aguardava o resultado das urnas no primeiro turno das elei\u00e7\u00f5es municipais, 27 mil pessoas (segundo os organizadores) estavam no <a href=\"http:\/\/www.encontrasantana.com.br\/santana\/arena-anhembi-em-santana.shtml\" target=\"_blank\">Anhembi<\/a> para ver e ouvir o Linkin Park, e, principalmente, cantar junto com a banda. O p\u00fablico acompanhou em coro at\u00e9 mesmo as v\u00e1rias m\u00fasicas de &#8220;Living Things&#8221;, novo disco do grupo, lan\u00e7ado em 2012.<\/p>\n<p>Ap\u00f3s um bem recebido show do Charlie Brown Jr, o sexteto americano entrou pontualmente \u00e0s 21h (o show foi transmitido por um canal da TV a cabo), girou a chave de igni\u00e7\u00e3o e mandou &#8220;Faint&#8221;. Com um tel\u00e3o ao fundo, bateria no alto e os m\u00fasicos se revezando entre o piso do palco e caixas que serviam como plataformas, o LP mostrou desde o in\u00edcio energia similar \u00e0 que apresentou no festival SWU, na cidade de Itu (SP), h\u00e1 dois anos. Can\u00e7\u00f5es de &#8220;Living Things&#8221; como &#8220;Victimized&#8221; ganharam peso ao vivo.<\/p>\n<p>Com mais de 15 anos de carreira, a banda desfila em discos e shows influ\u00eancias de v\u00e1rios g\u00eaneros. Nas vezes em que acerta, sabe dosar a mistura de metal, rap e m\u00fasica eletr\u00f4nica e insere no resultado uma tonalidade pop. \u00c9 este equil\u00edbrio que faz com que as m\u00fasicas do LP sejam t\u00e3o cantadas. O primeiro grande hit s\u00f3 veio aos 50 minutos, com &#8220;Breaking the Habit&#8221;, mas os f\u00e3s passaram todos os outros 49 testando voz e pulm\u00f5es em temas como &#8220;Somewhere I Belong&#8221; e &#8220;In My Remains&#8221;.<\/p>\n<p>Ainda que tenha a maior parte de seu p\u00fablico formado por adolescentes e p\u00f3s-adolescentes, boa parte da plateia era de jovens aparentando cerca de 30 anos. A balada &#8220;Leave Out All the Rest&#8221; levou muita gente destas duas gera\u00e7\u00f5es \u00e0s l\u00e1grimas. &#8220;Numb&#8221;, melhor momento do Linkin Park no SWU, n\u00e3o teve tanto impacto frente a um p\u00fablico cerca de 60% menor do que naquele festival, mas ainda assim foi um dos pontos altos da apresenta\u00e7\u00e3o no Anhembi. &#8220;What I&#8217;ve Done&#8221; e &#8220;One Step Closer&#8221;, esta com efeitos pirot\u00e9cnicos na abertura, foram as duas \u00faltimas antes do bis.<\/p>\n<p>A banda voltou ao palco com &#8220;Burn it Down&#8221; e efeitos visuais. Em &#8220;In the End&#8221;, o cantor e multi-instrumentista Mike Shinoda foi at\u00e9 o meio do p\u00fablico \u2013 no SWU, coube ao vocalista Chester Bennington descer do palco e chegar pr\u00f3ximo ao povo. &#8220;Bleed it Out&#8221; completou o repert\u00f3rio, incluiu um trecho de &#8220;Sabotage&#8221;, do Beastie Boys, e foi encerrada com uma explos\u00e3o.\u00a0 N\u00e3o teve &#8220;Crawling&#8221;, um dos principais hits, que o LP n\u00e3o tem mesmo tocado nesta turn\u00ea, mas foram 90 minutos de um show em que o p\u00fablico virou um coadjuvante que merecia trof\u00e9u pela participa\u00e7\u00e3o.<\/p>\n<p>O Linkin Park ainda se apresenta segunda (8) e quarta (10), no Rio, e sexta (12), em Porto Alegre.<\/p>\n<p><em>Fonte: UOL<\/em><\/p>\n\n<div style=\"font-size: 0px; height: 0px; line-height: 0px; margin: 0; padding: 0; clear: both;\"><\/div>","protected":false},"excerpt":{"rendered":"<p>F\u00e3 que \u00e9 f\u00e3 sabe todas as letras das m\u00fasicas de seus \u00eddolos. A m\u00e1xima foi comprovada no domingo (7), em S\u00e3o Paulo, durante o show do Linkin Park. Enquanto a cidade aguardava o resultado das urnas no primeiro turno das elei\u00e7\u00f5es municipais, 27 mil pessoas (segundo os organizadores) estavam no Anhembi para ver e ouvir o Linkin Park, e, principalmente, cantar junto com a banda. O p\u00fablico acompanhou em coro at\u00e9 mesmo as v\u00e1rias m\u00fasicas de &#8220;Living Things&#8221;, novo disco do grupo, lan\u00e7ado em 2012. Ap\u00f3s um bem recebido show do Charlie Brown Jr, o sexteto americano entrou pontualmente <\/p>\n","protected":false},"author":1,"featured_media":0,"comment_status":"open","ping_status":"closed","sticky":false,"template":"","format":"standard","meta":{"footnotes":""},"categories":[3],"tags":[],"class_list":["post-38956","post","type-post","status-publish","format-standard","hentry","category-noticias-em-santana"],"aioseo_notices":[],"aioseo_head":"\n\t\t<!-- All in One SEO 5.0.0.1 - aioseo.com -->\n\t<meta name=\"description\" content=\"F\u00e3 que \u00e9 f\u00e3 sabe todas as letras das m\u00fasicas de seus \u00eddolos. A m\u00e1xima foi comprovada no domingo (7), em S\u00e3o Paulo, durante o show do Linkin Park. Enquanto a cidade aguardava o resultado das urnas no primeiro turno das elei\u00e7\u00f5es municipais, 27 mil pessoas (segundo os organizadores) estavam no Anhembi para ver e\" \/>\n\t<meta name=\"robots\" content=\"max-image-preview:large\" \/>\n\t<meta name=\"author\" content=\"Encontra Santana\"\/>\n\t<link rel=\"canonical\" href=\"https:\/\/www.encontrasantana.com.br\/sobre\/linkin-park-rege-coro-de-27-mil-pessoas-em-santana\/\" \/>\n\t<meta name=\"generator\" content=\"All in One SEO (AIOSEO) 5.0.0.1\" \/>\n\t\t<meta property=\"og:locale\" content=\"pt_BR\" \/>\n\t\t<meta property=\"og:site_name\" content=\"Encontra Santana | Not\u00edcias, eventos, informa\u00e7\u00f5es e dicas no bairro de Santana e regi\u00e3o.\" \/>\n\t\t<meta property=\"og:type\" content=\"article\" \/>\n\t\t<meta property=\"og:title\" content=\"Linkin Park rege coro de 27 mil pessoas em Santana \u00bb Encontra Santana\" \/>\n\t\t<meta property=\"og:description\" content=\"F\u00e3 que \u00e9 f\u00e3 sabe todas as letras das m\u00fasicas de seus \u00eddolos. A m\u00e1xima foi comprovada no domingo (7), em S\u00e3o Paulo, durante o show do Linkin Park. Enquanto a cidade aguardava o resultado das urnas no primeiro turno das elei\u00e7\u00f5es municipais, 27 mil pessoas (segundo os organizadores) estavam no Anhembi para ver e\" \/>\n\t\t<meta property=\"og:url\" content=\"https:\/\/www.encontrasantana.com.br\/sobre\/linkin-park-rege-coro-de-27-mil-pessoas-em-santana\/\" \/>\n\t\t<meta property=\"article:published_time\" content=\"2012-10-09T17:30:06+00:00\" \/>\n\t\t<meta property=\"article:modified_time\" content=\"2019-04-15T12:58:29+00:00\" \/>\n\t\t<meta name=\"twitter:card\" content=\"summary\" \/>\n\t\t<meta name=\"twitter:title\" content=\"Linkin Park rege coro de 27 mil pessoas em Santana \u00bb Encontra Santana\" \/>\n\t\t<meta name=\"twitter:description\" content=\"F\u00e3 que \u00e9 f\u00e3 sabe todas as letras das m\u00fasicas de seus \u00eddolos. A m\u00e1xima foi comprovada no domingo (7), em S\u00e3o Paulo, durante o show do Linkin Park. Enquanto a cidade aguardava o resultado das urnas no primeiro turno das elei\u00e7\u00f5es municipais, 27 mil pessoas (segundo os organizadores) estavam no Anhembi para ver e\" \/>\n\t\t<script type=\"application\/ld+json\" class=\"aioseo-schema\">\n\t\t\t{\"@context\":\"https:\\\/\\\/schema.org\",\"@graph\":[{\"@type\":\"Article\",\"@id\":\"https:\\\/\\\/www.encontrasantana.com.br\\\/sobre\\\/linkin-park-rege-coro-de-27-mil-pessoas-em-santana\\\/#article\",\"name\":\"Linkin Park rege coro de 27 mil pessoas em Santana \\u00bb Encontra Santana\",\"headline\":\"Linkin Park rege coro de 27 mil pessoas em Santana\",\"author\":{\"@id\":\"https:\\\/\\\/www.encontrasantana.com.br\\\/sobre\\\/author\\\/esantana\\\/#author\"},\"publisher\":{\"@id\":\"https:\\\/\\\/www.encontrasantana.com.br\\\/sobre\\\/#organization\"},\"datePublished\":\"2012-10-09T14:30:06-03:00\",\"dateModified\":\"2019-04-15T09:58:29-03:00\",\"inLanguage\":\"pt-BR\",\"mainEntityOfPage\":{\"@id\":\"https:\\\/\\\/www.encontrasantana.com.br\\\/sobre\\\/linkin-park-rege-coro-de-27-mil-pessoas-em-santana\\\/#webpage\"},\"isPartOf\":{\"@id\":\"https:\\\/\\\/www.encontrasantana.com.br\\\/sobre\\\/linkin-park-rege-coro-de-27-mil-pessoas-em-santana\\\/#webpage\"},\"articleSection\":\"Not\\u00edcias Santana\"},{\"@type\":\"BreadcrumbList\",\"@id\":\"https:\\\/\\\/www.encontrasantana.com.br\\\/sobre\\\/linkin-park-rege-coro-de-27-mil-pessoas-em-santana\\\/#breadcrumblist\",\"itemListElement\":[{\"@type\":\"ListItem\",\"@id\":\"https:\\\/\\\/www.encontrasantana.com.br\\\/sobre#listItem\",\"position\":1,\"name\":\"In\\u00edcio\",\"item\":\"https:\\\/\\\/www.encontrasantana.com.br\\\/sobre\",\"nextItem\":{\"@type\":\"ListItem\",\"@id\":\"https:\\\/\\\/www.encontrasantana.com.br\\\/sobre\\\/noticias-em-santana\\\/#listItem\",\"name\":\"Not\\u00edcias Santana\"}},{\"@type\":\"ListItem\",\"@id\":\"https:\\\/\\\/www.encontrasantana.com.br\\\/sobre\\\/noticias-em-santana\\\/#listItem\",\"position\":2,\"name\":\"Not\\u00edcias Santana\",\"item\":\"https:\\\/\\\/www.encontrasantana.com.br\\\/sobre\\\/noticias-em-santana\\\/\",\"nextItem\":{\"@type\":\"ListItem\",\"@id\":\"https:\\\/\\\/www.encontrasantana.com.br\\\/sobre\\\/linkin-park-rege-coro-de-27-mil-pessoas-em-santana\\\/#listItem\",\"name\":\"Linkin Park rege coro de 27 mil pessoas em Santana\"},\"previousItem\":{\"@type\":\"ListItem\",\"@id\":\"https:\\\/\\\/www.encontrasantana.com.br\\\/sobre#listItem\",\"name\":\"In\\u00edcio\"}},{\"@type\":\"ListItem\",\"@id\":\"https:\\\/\\\/www.encontrasantana.com.br\\\/sobre\\\/linkin-park-rege-coro-de-27-mil-pessoas-em-santana\\\/#listItem\",\"position\":3,\"name\":\"Linkin Park rege coro de 27 mil pessoas em Santana\",\"previousItem\":{\"@type\":\"ListItem\",\"@id\":\"https:\\\/\\\/www.encontrasantana.com.br\\\/sobre\\\/noticias-em-santana\\\/#listItem\",\"name\":\"Not\\u00edcias Santana\"}}]},{\"@type\":\"Organization\",\"@id\":\"https:\\\/\\\/www.encontrasantana.com.br\\\/sobre\\\/#organization\",\"name\":\"Encontra Santana\",\"description\":\"Not\\u00edcias, eventos, informa\\u00e7\\u00f5es e dicas no bairro de Santana e regi\\u00e3o.\",\"url\":\"https:\\\/\\\/www.encontrasantana.com.br\\\/sobre\\\/\"},{\"@type\":\"Person\",\"@id\":\"https:\\\/\\\/www.encontrasantana.com.br\\\/sobre\\\/author\\\/esantana\\\/#author\",\"url\":\"https:\\\/\\\/www.encontrasantana.com.br\\\/sobre\\\/author\\\/esantana\\\/\",\"name\":\"Encontra Santana\",\"image\":{\"@type\":\"ImageObject\",\"@id\":\"https:\\\/\\\/www.encontrasantana.com.br\\\/sobre\\\/linkin-park-rege-coro-de-27-mil-pessoas-em-santana\\\/#authorImage\",\"url\":\"https:\\\/\\\/secure.gravatar.com\\\/avatar\\\/0fbed662e37531ae23e68f85f9517b2454e50c1dfebf80eb9b721449ac95e0b9?s=96&d=mm&r=g\",\"width\":96,\"height\":96,\"caption\":\"Encontra Santana\"}},{\"@type\":\"WebPage\",\"@id\":\"https:\\\/\\\/www.encontrasantana.com.br\\\/sobre\\\/linkin-park-rege-coro-de-27-mil-pessoas-em-santana\\\/#webpage\",\"url\":\"https:\\\/\\\/www.encontrasantana.com.br\\\/sobre\\\/linkin-park-rege-coro-de-27-mil-pessoas-em-santana\\\/\",\"name\":\"Linkin Park rege coro de 27 mil pessoas em Santana \\u00bb Encontra Santana\",\"description\":\"F\\u00e3 que \\u00e9 f\\u00e3 sabe todas as letras das m\\u00fasicas de seus \\u00eddolos. A m\\u00e1xima foi comprovada no domingo (7), em S\\u00e3o Paulo, durante o show do Linkin Park. Enquanto a cidade aguardava o resultado das urnas no primeiro turno das elei\\u00e7\\u00f5es municipais, 27 mil pessoas (segundo os organizadores) estavam no Anhembi para ver e\",\"inLanguage\":\"pt-BR\",\"isPartOf\":{\"@id\":\"https:\\\/\\\/www.encontrasantana.com.br\\\/sobre\\\/#website\"},\"breadcrumb\":{\"@id\":\"https:\\\/\\\/www.encontrasantana.com.br\\\/sobre\\\/linkin-park-rege-coro-de-27-mil-pessoas-em-santana\\\/#breadcrumblist\"},\"author\":{\"@id\":\"https:\\\/\\\/www.encontrasantana.com.br\\\/sobre\\\/author\\\/esantana\\\/#author\"},\"creator\":{\"@id\":\"https:\\\/\\\/www.encontrasantana.com.br\\\/sobre\\\/author\\\/esantana\\\/#author\"},\"datePublished\":\"2012-10-09T14:30:06-03:00\",\"dateModified\":\"2019-04-15T09:58:29-03:00\"},{\"@type\":\"WebSite\",\"@id\":\"https:\\\/\\\/www.encontrasantana.com.br\\\/sobre\\\/#website\",\"url\":\"https:\\\/\\\/www.encontrasantana.com.br\\\/sobre\\\/\",\"name\":\"Encontra Santana\",\"description\":\"Not\\u00edcias, eventos, informa\\u00e7\\u00f5es e dicas no bairro de Santana e regi\\u00e3o.\",\"inLanguage\":\"pt-BR\",\"publisher\":{\"@id\":\"https:\\\/\\\/www.encontrasantana.com.br\\\/sobre\\\/#organization\"}}]}\n\t\t<\/script>\n\t\t<!-- All in One SEO -->\n\n","aioseo_head_json":{"title":"Linkin Park rege coro de 27 mil pessoas em Santana \u00bb Encontra Santana","description":"F\u00e3 que \u00e9 f\u00e3 sabe todas as letras das m\u00fasicas de seus \u00eddolos. A m\u00e1xima foi comprovada no domingo (7), em S\u00e3o Paulo, durante o show do Linkin Park. Enquanto a cidade aguardava o resultado das urnas no primeiro turno das elei\u00e7\u00f5es municipais, 27 mil pessoas (segundo os organizadores) estavam no Anhembi para ver e","canonical_url":"https:\/\/www.encontrasantana.com.br\/sobre\/linkin-park-rege-coro-de-27-mil-pessoas-em-santana\/","robots":"max-image-preview:large","keywords":"","webmasterTools":{"miscellaneous":""},"schema":{"@context":"https:\/\/schema.org","@graph":[{"@type":"Article","@id":"https:\/\/www.encontrasantana.com.br\/sobre\/linkin-park-rege-coro-de-27-mil-pessoas-em-santana\/#article","name":"Linkin Park rege coro de 27 mil pessoas em Santana \u00bb Encontra Santana","headline":"Linkin Park rege coro de 27 mil pessoas em Santana","author":{"@id":"https:\/\/www.encontrasantana.com.br\/sobre\/author\/esantana\/#author"},"publisher":{"@id":"https:\/\/www.encontrasantana.com.br\/sobre\/#organization"},"datePublished":"2012-10-09T14:30:06-03:00","dateModified":"2019-04-15T09:58:29-03:00","inLanguage":"pt-BR","mainEntityOfPage":{"@id":"https:\/\/www.encontrasantana.com.br\/sobre\/linkin-park-rege-coro-de-27-mil-pessoas-em-santana\/#webpage"},"isPartOf":{"@id":"https:\/\/www.encontrasantana.com.br\/sobre\/linkin-park-rege-coro-de-27-mil-pessoas-em-santana\/#webpage"},"articleSection":"Not\u00edcias Santana"},{"@type":"BreadcrumbList","@id":"https:\/\/www.encontrasantana.com.br\/sobre\/linkin-park-rege-coro-de-27-mil-pessoas-em-santana\/#breadcrumblist","itemListElement":[{"@type":"ListItem","@id":"https:\/\/www.encontrasantana.com.br\/sobre#listItem","position":1,"name":"In\u00edcio","item":"https:\/\/www.encontrasantana.com.br\/sobre","nextItem":{"@type":"ListItem","@id":"https:\/\/www.encontrasantana.com.br\/sobre\/noticias-em-santana\/#listItem","name":"Not\u00edcias Santana"}},{"@type":"ListItem","@id":"https:\/\/www.encontrasantana.com.br\/sobre\/noticias-em-santana\/#listItem","position":2,"name":"Not\u00edcias Santana","item":"https:\/\/www.encontrasantana.com.br\/sobre\/noticias-em-santana\/","nextItem":{"@type":"ListItem","@id":"https:\/\/www.encontrasantana.com.br\/sobre\/linkin-park-rege-coro-de-27-mil-pessoas-em-santana\/#listItem","name":"Linkin Park rege coro de 27 mil pessoas em Santana"},"previousItem":{"@type":"ListItem","@id":"https:\/\/www.encontrasantana.com.br\/sobre#listItem","name":"In\u00edcio"}},{"@type":"ListItem","@id":"https:\/\/www.encontrasantana.com.br\/sobre\/linkin-park-rege-coro-de-27-mil-pessoas-em-santana\/#listItem","position":3,"name":"Linkin Park rege coro de 27 mil pessoas em Santana","previousItem":{"@type":"ListItem","@id":"https:\/\/www.encontrasantana.com.br\/sobre\/noticias-em-santana\/#listItem","name":"Not\u00edcias Santana"}}]},{"@type":"Organization","@id":"https:\/\/www.encontrasantana.com.br\/sobre\/#organization","name":"Encontra Santana","description":"Not\u00edcias, eventos, informa\u00e7\u00f5es e dicas no bairro de Santana e regi\u00e3o.","url":"https:\/\/www.encontrasantana.com.br\/sobre\/"},{"@type":"Person","@id":"https:\/\/www.encontrasantana.com.br\/sobre\/author\/esantana\/#author","url":"https:\/\/www.encontrasantana.com.br\/sobre\/author\/esantana\/","name":"Encontra Santana","image":{"@type":"ImageObject","@id":"https:\/\/www.encontrasantana.com.br\/sobre\/linkin-park-rege-coro-de-27-mil-pessoas-em-santana\/#authorImage","url":"https:\/\/secure.gravatar.com\/avatar\/0fbed662e37531ae23e68f85f9517b2454e50c1dfebf80eb9b721449ac95e0b9?s=96&d=mm&r=g","width":96,"height":96,"caption":"Encontra Santana"}},{"@type":"WebPage","@id":"https:\/\/www.encontrasantana.com.br\/sobre\/linkin-park-rege-coro-de-27-mil-pessoas-em-santana\/#webpage","url":"https:\/\/www.encontrasantana.com.br\/sobre\/linkin-park-rege-coro-de-27-mil-pessoas-em-santana\/","name":"Linkin Park rege coro de 27 mil pessoas em Santana \u00bb Encontra Santana","description":"F\u00e3 que \u00e9 f\u00e3 sabe todas as letras das m\u00fasicas de seus \u00eddolos. A m\u00e1xima foi comprovada no domingo (7), em S\u00e3o Paulo, durante o show do Linkin Park. Enquanto a cidade aguardava o resultado das urnas no primeiro turno das elei\u00e7\u00f5es municipais, 27 mil pessoas (segundo os organizadores) estavam no Anhembi para ver e","inLanguage":"pt-BR","isPartOf":{"@id":"https:\/\/www.encontrasantana.com.br\/sobre\/#website"},"breadcrumb":{"@id":"https:\/\/www.encontrasantana.com.br\/sobre\/linkin-park-rege-coro-de-27-mil-pessoas-em-santana\/#breadcrumblist"},"author":{"@id":"https:\/\/www.encontrasantana.com.br\/sobre\/author\/esantana\/#author"},"creator":{"@id":"https:\/\/www.encontrasantana.com.br\/sobre\/author\/esantana\/#author"},"datePublished":"2012-10-09T14:30:06-03:00","dateModified":"2019-04-15T09:58:29-03:00"},{"@type":"WebSite","@id":"https:\/\/www.encontrasantana.com.br\/sobre\/#website","url":"https:\/\/www.encontrasantana.com.br\/sobre\/","name":"Encontra Santana","description":"Not\u00edcias, eventos, informa\u00e7\u00f5es e dicas no bairro de Santana e regi\u00e3o.","inLanguage":"pt-BR","publisher":{"@id":"https:\/\/www.encontrasantana.com.br\/sobre\/#organization"}}]},"og:locale":"pt_BR","og:site_name":"Encontra Santana | Not\u00edcias, eventos, informa\u00e7\u00f5es e dicas no bairro de Santana e regi\u00e3o.","og:type":"article","og:title":"Linkin Park rege coro de 27 mil pessoas em Santana \u00bb Encontra Santana","og:description":"F\u00e3 que \u00e9 f\u00e3 sabe todas as letras das m\u00fasicas de seus \u00eddolos. A m\u00e1xima foi comprovada no domingo (7), em S\u00e3o Paulo, durante o show do Linkin Park. Enquanto a cidade aguardava o resultado das urnas no primeiro turno das elei\u00e7\u00f5es municipais, 27 mil pessoas (segundo os organizadores) estavam no Anhembi para ver e","og:url":"https:\/\/www.encontrasantana.com.br\/sobre\/linkin-park-rege-coro-de-27-mil-pessoas-em-santana\/","article:published_time":"2012-10-09T17:30:06+00:00","article:modified_time":"2019-04-15T12:58:29+00:00","twitter:card":"summary","twitter:title":"Linkin Park rege coro de 27 mil pessoas em Santana \u00bb Encontra Santana","twitter:description":"F\u00e3 que \u00e9 f\u00e3 sabe todas as letras das m\u00fasicas de seus \u00eddolos. A m\u00e1xima foi comprovada no domingo (7), em S\u00e3o Paulo, durante o show do Linkin Park. Enquanto a cidade aguardava o resultado das urnas no primeiro turno das elei\u00e7\u00f5es municipais, 27 mil pessoas (segundo os organizadores) estavam no Anhembi para ver e"},"aioseo_meta_data":{"post_id":"38956","title":null,"description":null,"keywords":null,"keyphrases":null,"primary_term":null,"canonical_url":null,"og_title":null,"og_description":null,"og_object_type":"default","og_image_type":"default","og_image_url":null,"og_image_width":null,"og_image_height":null,"og_image_custom_url":null,"og_image_custom_fields":null,"og_video":null,"og_custom_url":null,"og_article_section":null,"og_article_tags":null,"twitter_use_og":false,"twitter_card":"default","twitter_image_type":"default","twitter_image_url":null,"twitter_image_custom_url":null,"twitter_image_custom_fields":null,"twitter_title":null,"twitter_description":null,"schema":{"blockGraphs":[],"customGraphs":[],"default":{"data":{"Article":[],"Course":[],"Dataset":[],"FAQPage":[],"Movie":[],"Person":[],"Product":[],"ProductReview":[],"Car":[],"Recipe":[],"Service":[],"SoftwareApplication":[],"WebPage":[]},"graphName":"Article","isEnabled":true},"graphs":[]},"schema_type":null,"schema_type_options":null,"pillar_content":false,"robots_default":true,"robots_noindex":false,"robots_noarchive":false,"robots_nosnippet":false,"robots_nofollow":false,"robots_noimageindex":false,"robots_noodp":false,"robots_notranslate":false,"robots_max_snippet":null,"robots_max_videopreview":null,"robots_max_imagepreview":"large","priority":null,"frequency":null,"local_seo":null,"limit_modified_date":false,"created":"2021-04-20 18:36:01","updated":"2026-08-06 10:15:09","focus_keyword":null,"additional_keywords":null,"truseo_locale":null,"ai":null,"breadcrumb_settings":null,"seo_analyzer_scan_date":null},"aioseo_breadcrumb":"<div class=\"aioseo-breadcrumbs\"><span class=\"aioseo-breadcrumb\">\n\t\t\t<a href=\"https:\/\/www.encontrasantana.com.br\/sobre\" title=\"In\u00edcio\">In\u00edcio<\/a>\n\t\t<\/span><span class=\"aioseo-breadcrumb-separator\">&raquo;<\/span><span class=\"aioseo-breadcrumb\">\n\t\t\t<a href=\"https:\/\/www.encontrasantana.com.br\/sobre\/noticias-em-santana\/\" title=\"Not\u00edcias Santana\">Not\u00edcias Santana<\/a>\n\t\t<\/span><span class=\"aioseo-breadcrumb-separator\">&raquo;<\/span><span class=\"aioseo-breadcrumb\">\n\t\t\tLinkin Park rege coro de 27 mil pessoas em Santana\n\t\t<\/span><\/div>","aioseo_breadcrumb_json":[{"label":"In\u00edcio","link":"https:\/\/www.encontrasantana.com.br\/sobre"},{"label":"Not\u00edcias Santana","link":"https:\/\/www.encontrasantana.com.br\/sobre\/noticias-em-santana\/"},{"label":"Linkin Park rege coro de 27 mil pessoas em Santana","link":"https:\/\/www.encontrasantana.com.br\/sobre\/linkin-park-rege-coro-de-27-mil-pessoas-em-santana\/"}],"_links":{"self":[{"href":"https:\/\/www.encontrasantana.com.br\/sobre\/wp-json\/wp\/v2\/posts\/38956","targetHints":{"allow":["GET"]}}],"collection":[{"href":"https:\/\/www.encontrasantana.com.br\/sobre\/wp-json\/wp\/v2\/posts"}],"about":[{"href":"https:\/\/www.encontrasantana.com.br\/sobre\/wp-json\/wp\/v2\/types\/post"}],"author":[{"embeddable":true,"href":"https:\/\/www.encontrasantana.com.br\/sobre\/wp-json\/wp\/v2\/users\/1"}],"replies":[{"embeddable":true,"href":"https:\/\/www.encontrasantana.com.br\/sobre\/wp-json\/wp\/v2\/comments?post=38956"}],"version-history":[{"count":0,"href":"https:\/\/www.encontrasantana.com.br\/sobre\/wp-json\/wp\/v2\/posts\/38956\/revisions"}],"wp:attachment":[{"href":"https:\/\/www.encontrasantana.com.br\/sobre\/wp-json\/wp\/v2\/media?parent=38956"}],"wp:term":[{"taxonomy":"category","embeddable":true,"href":"https:\/\/www.encontrasantana.com.br\/sobre\/wp-json\/wp\/v2\/categories?post=38956"},{"taxonomy":"post_tag","embeddable":true,"href":"https:\/\/www.encontrasantana.com.br\/sobre\/wp-json\/wp\/v2\/tags?post=38956"}],"curies":[{"name":"wp","href":"https:\/\/api.w.org\/{rel}","templated":true}]}}