{"id":38975,"date":"2012-10-19T18:07:49","date_gmt":"2012-10-19T21:07:49","guid":{"rendered":"http:\/\/www.encontrasantana.com.br\/blog\/?p=38975"},"modified":"2019-04-15T09:58:27","modified_gmt":"2019-04-15T12:58:27","slug":"salao-do-automovel-2012-comeca-na-proxima-quarta-feira-em-santana","status":"publish","type":"post","link":"https:\/\/www.encontrasantana.com.br\/sobre\/salao-do-automovel-2012-comeca-na-proxima-quarta-feira-em-santana\/","title":{"rendered":"Sal\u00e3o do Autom\u00f3vel 2012 come\u00e7a na pr\u00f3xima quarta-feira em Santana"},"content":{"rendered":"<div class=\"1acf8468e559fd3cbeec5aee3a269a52\" data-index=\"1\" style=\"float: none; margin:0px;\">\n<!-- Anuncio display - global -->\r\n<ins class=\"adsbygoogle\"\r\n     style=\"display:block\"\r\n     data-ad-client=\"ca-pub-8585364105181520\"\r\n     data-ad-slot=\"8789329856\"\r\n     data-ad-format=\"auto\"\r\n     data-full-width-responsive=\"true\"><\/ins>\r\n<script>\r\n     (adsbygoogle = window.adsbygoogle || []).push({});\r\n<\/script>\n<\/div>\n<p>Com 49 montadoras e importadoras confirmadas e 500 carros expostos, 7% a mais do que na \u00faltima edi\u00e7\u00e3o, o 27o Sal\u00e3o Internacional do Autom\u00f3vel de S\u00e3o Paulo, que ser\u00e1 realizado de 24\/10 a 04\/11, no <a href=\"http:\/\/www.encontrasantana.com.br\/santana\/anhembi-em-santana.shtml\" target=\"_blank\">Pavilh\u00e3o de Exposi\u00e7\u00f5es do Anhembi<\/a>, promete criar uma nova hist\u00f3ria. O maior e mais importante evento automotivo da America Latina hoje est\u00e1 no centro das aten\u00e7\u00f5es do setor automotivo mundial, que tem no Brasil um mercado potencial para ampliar suas vendas e market share \u2013 fugindo da crise econ\u00f4mica enfrentada atualmente na Europa, Jap\u00e3o e EUA.<\/p>\n<p>De acordo com proje\u00e7\u00f5es da ANFAVEA, o mercado brasileiro deve ter um crescimento de 4% a 5% nas vendas neste ano, superando a marca de 3,63 milh\u00f5es de ve\u00edculos vendidos no ano passado. At\u00e9 setembro foram licenciados 2,79 milh\u00f5es de unidades, um aumento de 4% em rela\u00e7\u00e3o ao volume do mesmo per\u00edodo em 2011.<\/p>\n<p>\u201cCom a crise em seus pa\u00edses de origem, as montadoras est\u00e3o focando nos emergentes \u2013 em especial no Brasil \u2013 que hoje \u00e9 o quarto maior mercado mundial. O Sal\u00e3o do Autom\u00f3vel de S\u00e3o Paulo \u00e9 a grande vitrine para os seus lan\u00e7amentos, apresenta\u00e7\u00e3o de tend\u00eancias e a gera\u00e7\u00e3o de novos neg\u00f3cios\u201d, afirma o vice-presidente executivo da Reed Exhibithions Alc\u00e2ntara Machado, Paulo Oct\u00e1vio Pereira de Almeida.<\/p>\n<p>Segundo ele, um dos term\u00f4metros que mostra isso \u00e9 a vinda de um n\u00famero expressivo de executivos do boarding mundial das montadoras para o evento. Os presidentes mundiais da Volskwagen e GM, Martin Winterkorn e Dan Arkerson, respectivamente, confirmaram presen\u00e7a pela primeira vez no Sal\u00e3o.<\/p>\n<p>J\u00e1 os visitantes podem esperar um grande desfile de design e tecnologia.\u00a0 V\u00e1rios lan\u00e7amentos apresentados no Sal\u00e3o de Paris, realizado de 29 de setembro a 14 de outubro, ser\u00e3o estrelas no evento brasileiro.<\/p>\n<p>Segundo o diretor da feira, H\u00e9rcules Ricco, os n\u00fameros desta edi\u00e7\u00e3o corroboram a import\u00e2ncia do evento: \u201cHouve um aumento de 42 para 49 montadoras da edi\u00e7\u00e3o de 2010 para esta e aumento na \u00e1rea de ocupa\u00e7\u00e3o. E a quantidade de modelos expostos aumentou de 450 para 500 carros\u201d, afirma. Os n\u00fameros grandiosos n\u00e3o param por a\u00ed: s\u00e3o gerados 26 mil empregos diretos e indiretos e mais de 99 horas ininterruptas de trabalho para deixar tudo pronto para a exposi\u00e7\u00e3o.<\/p>\n<p>O 27o Sal\u00e3o Internacional do Autom\u00f3vel \u00e9 realizado pela Reed Exhibitions Alcantara Machado e tem como entidades parceiras a Anfavea (Associa\u00e7\u00e3o Nacional dos Fabricantes de Ve\u00edculos Automotores), a Abeiva (Associa\u00e7\u00e3o Brasileira das Empresas Importadoras de Ve\u00edculos Automotores) e o Sindipe\u00e7as (Sindicato Nacional da Ind\u00fastria de Componentes para Ve\u00edculos Automotores).<\/p>\n<p><strong>27\u00ba Sal\u00e3o Internacional do Autom\u00f3vel de S\u00e3o Paulo<\/strong><\/p>\n<p><strong>Data:<\/strong>\u00a0de 24 de outubro a 4 de novembro de 2012<br \/>\n<strong>Hor\u00e1rio:<\/strong>\u00a024 de outubro \u2013 das 14h \u00e0s 22h (entrada at\u00e9 21h); 25 de outubro a 3 de novembro \u2013 das 13h \u00e0s 22h (entrada at\u00e9 21h); 04 de novembro \u2013 das 11h \u00e0s 19h (entrada at\u00e9 17h)<br \/>\n<strong>Local:<\/strong>\u00a0Pavilh\u00e3o de Exposi\u00e7\u00f5es do Anhembi \u2013 Av. Olavo Fontoura, 1.209, Santana \u2013 S\u00e3o Paulo<br \/>\n<strong>Informa\u00e7\u00f5es:\u00a0<\/strong>salaodoautomovel.com.br<\/p>\n<p><em>Fonte: Blog Visite S\u00e3o Paulo<\/em><\/p>\n\n<div style=\"font-size: 0px; height: 0px; line-height: 0px; margin: 0; padding: 0; clear: both;\"><\/div>","protected":false},"excerpt":{"rendered":"<p>Com 49 montadoras e importadoras confirmadas e 500 carros expostos, 7% a mais do que na \u00faltima edi\u00e7\u00e3o, o 27o Sal\u00e3o Internacional do Autom\u00f3vel de S\u00e3o Paulo, que ser\u00e1 realizado de 24\/10 a 04\/11, no Pavilh\u00e3o de Exposi\u00e7\u00f5es do Anhembi, promete criar uma nova hist\u00f3ria. O maior e mais importante evento automotivo da America Latina hoje est\u00e1 no centro das aten\u00e7\u00f5es do setor automotivo mundial, que tem no Brasil um mercado potencial para ampliar suas vendas e market share \u2013 fugindo da crise econ\u00f4mica enfrentada atualmente na Europa, Jap\u00e3o e EUA. De acordo com proje\u00e7\u00f5es da ANFAVEA, o mercado brasileiro <\/p>\n","protected":false},"author":1,"featured_media":0,"comment_status":"open","ping_status":"closed","sticky":false,"template":"","format":"standard","meta":{"footnotes":""},"categories":[3],"tags":[10],"class_list":["post-38975","post","type-post","status-publish","format-standard","hentry","category-noticias-em-santana","tag-santana"],"aioseo_notices":[],"aioseo_head":"\n\t\t<!-- All in One SEO 5.0.0.1 - aioseo.com -->\n\t<meta name=\"description\" content=\"Com 49 montadoras e importadoras confirmadas e 500 carros expostos, 7% a mais do que na \u00faltima edi\u00e7\u00e3o, o 27o Sal\u00e3o Internacional do Autom\u00f3vel de S\u00e3o Paulo, que ser\u00e1 realizado de 24\/10 a 04\/11, no Pavilh\u00e3o de Exposi\u00e7\u00f5es do Anhembi, promete criar uma nova hist\u00f3ria. O maior e mais importante evento automotivo da America Latina\" \/>\n\t<meta name=\"robots\" content=\"max-image-preview:large\" \/>\n\t<meta name=\"author\" content=\"Encontra Santana\"\/>\n\t<link rel=\"canonical\" href=\"https:\/\/www.encontrasantana.com.br\/sobre\/salao-do-automovel-2012-comeca-na-proxima-quarta-feira-em-santana\/\" \/>\n\t<meta name=\"generator\" content=\"All in One SEO (AIOSEO) 5.0.0.1\" \/>\n\t\t<meta property=\"og:locale\" content=\"pt_BR\" \/>\n\t\t<meta property=\"og:site_name\" content=\"Encontra Santana | Not\u00edcias, eventos, informa\u00e7\u00f5es e dicas no bairro de Santana e regi\u00e3o.\" \/>\n\t\t<meta property=\"og:type\" content=\"article\" \/>\n\t\t<meta property=\"og:title\" content=\"Sal\u00e3o do Autom\u00f3vel 2012 come\u00e7a na pr\u00f3xima quarta-feira em Santana \u00bb Encontra Santana\" \/>\n\t\t<meta property=\"og:description\" content=\"Com 49 montadoras e importadoras confirmadas e 500 carros expostos, 7% a mais do que na \u00faltima edi\u00e7\u00e3o, o 27o Sal\u00e3o Internacional do Autom\u00f3vel de S\u00e3o Paulo, que ser\u00e1 realizado de 24\/10 a 04\/11, no Pavilh\u00e3o de Exposi\u00e7\u00f5es do Anhembi, promete criar uma nova hist\u00f3ria. O maior e mais importante evento automotivo da America Latina\" \/>\n\t\t<meta property=\"og:url\" content=\"https:\/\/www.encontrasantana.com.br\/sobre\/salao-do-automovel-2012-comeca-na-proxima-quarta-feira-em-santana\/\" \/>\n\t\t<meta property=\"article:published_time\" content=\"2012-10-19T21:07:49+00:00\" \/>\n\t\t<meta property=\"article:modified_time\" content=\"2019-04-15T12:58:27+00:00\" \/>\n\t\t<meta name=\"twitter:card\" content=\"summary\" \/>\n\t\t<meta name=\"twitter:title\" content=\"Sal\u00e3o do Autom\u00f3vel 2012 come\u00e7a na pr\u00f3xima quarta-feira em Santana \u00bb Encontra Santana\" \/>\n\t\t<meta name=\"twitter:description\" content=\"Com 49 montadoras e importadoras confirmadas e 500 carros expostos, 7% a mais do que na \u00faltima edi\u00e7\u00e3o, o 27o Sal\u00e3o Internacional do Autom\u00f3vel de S\u00e3o Paulo, que ser\u00e1 realizado de 24\/10 a 04\/11, no Pavilh\u00e3o de Exposi\u00e7\u00f5es do Anhembi, promete criar uma nova hist\u00f3ria. O maior e mais importante evento automotivo da America Latina\" \/>\n\t\t<script type=\"application\/ld+json\" class=\"aioseo-schema\">\n\t\t\t{\"@context\":\"https:\\\/\\\/schema.org\",\"@graph\":[{\"@type\":\"Article\",\"@id\":\"https:\\\/\\\/www.encontrasantana.com.br\\\/sobre\\\/salao-do-automovel-2012-comeca-na-proxima-quarta-feira-em-santana\\\/#article\",\"name\":\"Sal\\u00e3o do Autom\\u00f3vel 2012 come\\u00e7a na pr\\u00f3xima quarta-feira em Santana \\u00bb Encontra Santana\",\"headline\":\"Sal\\u00e3o do Autom\\u00f3vel 2012 come\\u00e7a na pr\\u00f3xima quarta-feira em Santana\",\"author\":{\"@id\":\"https:\\\/\\\/www.encontrasantana.com.br\\\/sobre\\\/author\\\/esantana\\\/#author\"},\"publisher\":{\"@id\":\"https:\\\/\\\/www.encontrasantana.com.br\\\/sobre\\\/#organization\"},\"datePublished\":\"2012-10-19T18:07:49-03:00\",\"dateModified\":\"2019-04-15T09:58:27-03:00\",\"inLanguage\":\"pt-BR\",\"mainEntityOfPage\":{\"@id\":\"https:\\\/\\\/www.encontrasantana.com.br\\\/sobre\\\/salao-do-automovel-2012-comeca-na-proxima-quarta-feira-em-santana\\\/#webpage\"},\"isPartOf\":{\"@id\":\"https:\\\/\\\/www.encontrasantana.com.br\\\/sobre\\\/salao-do-automovel-2012-comeca-na-proxima-quarta-feira-em-santana\\\/#webpage\"},\"articleSection\":\"Not\\u00edcias Santana, Santana\"},{\"@type\":\"BreadcrumbList\",\"@id\":\"https:\\\/\\\/www.encontrasantana.com.br\\\/sobre\\\/salao-do-automovel-2012-comeca-na-proxima-quarta-feira-em-santana\\\/#breadcrumblist\",\"itemListElement\":[{\"@type\":\"ListItem\",\"@id\":\"https:\\\/\\\/www.encontrasantana.com.br\\\/sobre#listItem\",\"position\":1,\"name\":\"In\\u00edcio\",\"item\":\"https:\\\/\\\/www.encontrasantana.com.br\\\/sobre\",\"nextItem\":{\"@type\":\"ListItem\",\"@id\":\"https:\\\/\\\/www.encontrasantana.com.br\\\/sobre\\\/noticias-em-santana\\\/#listItem\",\"name\":\"Not\\u00edcias Santana\"}},{\"@type\":\"ListItem\",\"@id\":\"https:\\\/\\\/www.encontrasantana.com.br\\\/sobre\\\/noticias-em-santana\\\/#listItem\",\"position\":2,\"name\":\"Not\\u00edcias Santana\",\"item\":\"https:\\\/\\\/www.encontrasantana.com.br\\\/sobre\\\/noticias-em-santana\\\/\",\"nextItem\":{\"@type\":\"ListItem\",\"@id\":\"https:\\\/\\\/www.encontrasantana.com.br\\\/sobre\\\/salao-do-automovel-2012-comeca-na-proxima-quarta-feira-em-santana\\\/#listItem\",\"name\":\"Sal\\u00e3o do Autom\\u00f3vel 2012 come\\u00e7a na pr\\u00f3xima quarta-feira em Santana\"},\"previousItem\":{\"@type\":\"ListItem\",\"@id\":\"https:\\\/\\\/www.encontrasantana.com.br\\\/sobre#listItem\",\"name\":\"In\\u00edcio\"}},{\"@type\":\"ListItem\",\"@id\":\"https:\\\/\\\/www.encontrasantana.com.br\\\/sobre\\\/salao-do-automovel-2012-comeca-na-proxima-quarta-feira-em-santana\\\/#listItem\",\"position\":3,\"name\":\"Sal\\u00e3o do Autom\\u00f3vel 2012 come\\u00e7a na pr\\u00f3xima quarta-feira em Santana\",\"previousItem\":{\"@type\":\"ListItem\",\"@id\":\"https:\\\/\\\/www.encontrasantana.com.br\\\/sobre\\\/noticias-em-santana\\\/#listItem\",\"name\":\"Not\\u00edcias Santana\"}}]},{\"@type\":\"Organization\",\"@id\":\"https:\\\/\\\/www.encontrasantana.com.br\\\/sobre\\\/#organization\",\"name\":\"Encontra Santana\",\"description\":\"Not\\u00edcias, eventos, informa\\u00e7\\u00f5es e dicas no bairro de Santana e regi\\u00e3o.\",\"url\":\"https:\\\/\\\/www.encontrasantana.com.br\\\/sobre\\\/\"},{\"@type\":\"Person\",\"@id\":\"https:\\\/\\\/www.encontrasantana.com.br\\\/sobre\\\/author\\\/esantana\\\/#author\",\"url\":\"https:\\\/\\\/www.encontrasantana.com.br\\\/sobre\\\/author\\\/esantana\\\/\",\"name\":\"Encontra Santana\",\"image\":{\"@type\":\"ImageObject\",\"@id\":\"https:\\\/\\\/www.encontrasantana.com.br\\\/sobre\\\/salao-do-automovel-2012-comeca-na-proxima-quarta-feira-em-santana\\\/#authorImage\",\"url\":\"https:\\\/\\\/secure.gravatar.com\\\/avatar\\\/0fbed662e37531ae23e68f85f9517b2454e50c1dfebf80eb9b721449ac95e0b9?s=96&d=mm&r=g\",\"width\":96,\"height\":96,\"caption\":\"Encontra Santana\"}},{\"@type\":\"WebPage\",\"@id\":\"https:\\\/\\\/www.encontrasantana.com.br\\\/sobre\\\/salao-do-automovel-2012-comeca-na-proxima-quarta-feira-em-santana\\\/#webpage\",\"url\":\"https:\\\/\\\/www.encontrasantana.com.br\\\/sobre\\\/salao-do-automovel-2012-comeca-na-proxima-quarta-feira-em-santana\\\/\",\"name\":\"Sal\\u00e3o do Autom\\u00f3vel 2012 come\\u00e7a na pr\\u00f3xima quarta-feira em Santana \\u00bb Encontra Santana\",\"description\":\"Com 49 montadoras e importadoras confirmadas e 500 carros expostos, 7% a mais do que na \\u00faltima edi\\u00e7\\u00e3o, o 27o Sal\\u00e3o Internacional do Autom\\u00f3vel de S\\u00e3o Paulo, que ser\\u00e1 realizado de 24\\\/10 a 04\\\/11, no Pavilh\\u00e3o de Exposi\\u00e7\\u00f5es do Anhembi, promete criar uma nova hist\\u00f3ria. O maior e mais importante evento automotivo da America Latina\",\"inLanguage\":\"pt-BR\",\"isPartOf\":{\"@id\":\"https:\\\/\\\/www.encontrasantana.com.br\\\/sobre\\\/#website\"},\"breadcrumb\":{\"@id\":\"https:\\\/\\\/www.encontrasantana.com.br\\\/sobre\\\/salao-do-automovel-2012-comeca-na-proxima-quarta-feira-em-santana\\\/#breadcrumblist\"},\"author\":{\"@id\":\"https:\\\/\\\/www.encontrasantana.com.br\\\/sobre\\\/author\\\/esantana\\\/#author\"},\"creator\":{\"@id\":\"https:\\\/\\\/www.encontrasantana.com.br\\\/sobre\\\/author\\\/esantana\\\/#author\"},\"datePublished\":\"2012-10-19T18:07:49-03:00\",\"dateModified\":\"2019-04-15T09:58:27-03:00\"},{\"@type\":\"WebSite\",\"@id\":\"https:\\\/\\\/www.encontrasantana.com.br\\\/sobre\\\/#website\",\"url\":\"https:\\\/\\\/www.encontrasantana.com.br\\\/sobre\\\/\",\"name\":\"Encontra Santana\",\"description\":\"Not\\u00edcias, eventos, informa\\u00e7\\u00f5es e dicas no bairro de Santana e regi\\u00e3o.\",\"inLanguage\":\"pt-BR\",\"publisher\":{\"@id\":\"https:\\\/\\\/www.encontrasantana.com.br\\\/sobre\\\/#organization\"}}]}\n\t\t<\/script>\n\t\t<!-- All in One SEO -->\n\n","aioseo_head_json":{"title":"Sal\u00e3o do Autom\u00f3vel 2012 come\u00e7a na pr\u00f3xima quarta-feira em Santana \u00bb Encontra Santana","description":"Com 49 montadoras e importadoras confirmadas e 500 carros expostos, 7% a mais do que na \u00faltima edi\u00e7\u00e3o, o 27o Sal\u00e3o Internacional do Autom\u00f3vel de S\u00e3o Paulo, que ser\u00e1 realizado de 24\/10 a 04\/11, no Pavilh\u00e3o de Exposi\u00e7\u00f5es do Anhembi, promete criar uma nova hist\u00f3ria. O maior e mais importante evento automotivo da America Latina","canonical_url":"https:\/\/www.encontrasantana.com.br\/sobre\/salao-do-automovel-2012-comeca-na-proxima-quarta-feira-em-santana\/","robots":"max-image-preview:large","keywords":"","webmasterTools":{"miscellaneous":""},"schema":{"@context":"https:\/\/schema.org","@graph":[{"@type":"Article","@id":"https:\/\/www.encontrasantana.com.br\/sobre\/salao-do-automovel-2012-comeca-na-proxima-quarta-feira-em-santana\/#article","name":"Sal\u00e3o do Autom\u00f3vel 2012 come\u00e7a na pr\u00f3xima quarta-feira em Santana \u00bb Encontra Santana","headline":"Sal\u00e3o do Autom\u00f3vel 2012 come\u00e7a na pr\u00f3xima quarta-feira em Santana","author":{"@id":"https:\/\/www.encontrasantana.com.br\/sobre\/author\/esantana\/#author"},"publisher":{"@id":"https:\/\/www.encontrasantana.com.br\/sobre\/#organization"},"datePublished":"2012-10-19T18:07:49-03:00","dateModified":"2019-04-15T09:58:27-03:00","inLanguage":"pt-BR","mainEntityOfPage":{"@id":"https:\/\/www.encontrasantana.com.br\/sobre\/salao-do-automovel-2012-comeca-na-proxima-quarta-feira-em-santana\/#webpage"},"isPartOf":{"@id":"https:\/\/www.encontrasantana.com.br\/sobre\/salao-do-automovel-2012-comeca-na-proxima-quarta-feira-em-santana\/#webpage"},"articleSection":"Not\u00edcias Santana, Santana"},{"@type":"BreadcrumbList","@id":"https:\/\/www.encontrasantana.com.br\/sobre\/salao-do-automovel-2012-comeca-na-proxima-quarta-feira-em-santana\/#breadcrumblist","itemListElement":[{"@type":"ListItem","@id":"https:\/\/www.encontrasantana.com.br\/sobre#listItem","position":1,"name":"In\u00edcio","item":"https:\/\/www.encontrasantana.com.br\/sobre","nextItem":{"@type":"ListItem","@id":"https:\/\/www.encontrasantana.com.br\/sobre\/noticias-em-santana\/#listItem","name":"Not\u00edcias Santana"}},{"@type":"ListItem","@id":"https:\/\/www.encontrasantana.com.br\/sobre\/noticias-em-santana\/#listItem","position":2,"name":"Not\u00edcias Santana","item":"https:\/\/www.encontrasantana.com.br\/sobre\/noticias-em-santana\/","nextItem":{"@type":"ListItem","@id":"https:\/\/www.encontrasantana.com.br\/sobre\/salao-do-automovel-2012-comeca-na-proxima-quarta-feira-em-santana\/#listItem","name":"Sal\u00e3o do Autom\u00f3vel 2012 come\u00e7a na pr\u00f3xima quarta-feira em Santana"},"previousItem":{"@type":"ListItem","@id":"https:\/\/www.encontrasantana.com.br\/sobre#listItem","name":"In\u00edcio"}},{"@type":"ListItem","@id":"https:\/\/www.encontrasantana.com.br\/sobre\/salao-do-automovel-2012-comeca-na-proxima-quarta-feira-em-santana\/#listItem","position":3,"name":"Sal\u00e3o do Autom\u00f3vel 2012 come\u00e7a na pr\u00f3xima quarta-feira em Santana","previousItem":{"@type":"ListItem","@id":"https:\/\/www.encontrasantana.com.br\/sobre\/noticias-em-santana\/#listItem","name":"Not\u00edcias Santana"}}]},{"@type":"Organization","@id":"https:\/\/www.encontrasantana.com.br\/sobre\/#organization","name":"Encontra Santana","description":"Not\u00edcias, eventos, informa\u00e7\u00f5es e dicas no bairro de Santana e regi\u00e3o.","url":"https:\/\/www.encontrasantana.com.br\/sobre\/"},{"@type":"Person","@id":"https:\/\/www.encontrasantana.com.br\/sobre\/author\/esantana\/#author","url":"https:\/\/www.encontrasantana.com.br\/sobre\/author\/esantana\/","name":"Encontra Santana","image":{"@type":"ImageObject","@id":"https:\/\/www.encontrasantana.com.br\/sobre\/salao-do-automovel-2012-comeca-na-proxima-quarta-feira-em-santana\/#authorImage","url":"https:\/\/secure.gravatar.com\/avatar\/0fbed662e37531ae23e68f85f9517b2454e50c1dfebf80eb9b721449ac95e0b9?s=96&d=mm&r=g","width":96,"height":96,"caption":"Encontra Santana"}},{"@type":"WebPage","@id":"https:\/\/www.encontrasantana.com.br\/sobre\/salao-do-automovel-2012-comeca-na-proxima-quarta-feira-em-santana\/#webpage","url":"https:\/\/www.encontrasantana.com.br\/sobre\/salao-do-automovel-2012-comeca-na-proxima-quarta-feira-em-santana\/","name":"Sal\u00e3o do Autom\u00f3vel 2012 come\u00e7a na pr\u00f3xima quarta-feira em Santana \u00bb Encontra Santana","description":"Com 49 montadoras e importadoras confirmadas e 500 carros expostos, 7% a mais do que na \u00faltima edi\u00e7\u00e3o, o 27o Sal\u00e3o Internacional do Autom\u00f3vel de S\u00e3o Paulo, que ser\u00e1 realizado de 24\/10 a 04\/11, no Pavilh\u00e3o de Exposi\u00e7\u00f5es do Anhembi, promete criar uma nova hist\u00f3ria. O maior e mais importante evento automotivo da America Latina","inLanguage":"pt-BR","isPartOf":{"@id":"https:\/\/www.encontrasantana.com.br\/sobre\/#website"},"breadcrumb":{"@id":"https:\/\/www.encontrasantana.com.br\/sobre\/salao-do-automovel-2012-comeca-na-proxima-quarta-feira-em-santana\/#breadcrumblist"},"author":{"@id":"https:\/\/www.encontrasantana.com.br\/sobre\/author\/esantana\/#author"},"creator":{"@id":"https:\/\/www.encontrasantana.com.br\/sobre\/author\/esantana\/#author"},"datePublished":"2012-10-19T18:07:49-03:00","dateModified":"2019-04-15T09:58:27-03:00"},{"@type":"WebSite","@id":"https:\/\/www.encontrasantana.com.br\/sobre\/#website","url":"https:\/\/www.encontrasantana.com.br\/sobre\/","name":"Encontra Santana","description":"Not\u00edcias, eventos, informa\u00e7\u00f5es e dicas no bairro de Santana e regi\u00e3o.","inLanguage":"pt-BR","publisher":{"@id":"https:\/\/www.encontrasantana.com.br\/sobre\/#organization"}}]},"og:locale":"pt_BR","og:site_name":"Encontra Santana | Not\u00edcias, eventos, informa\u00e7\u00f5es e dicas no bairro de Santana e regi\u00e3o.","og:type":"article","og:title":"Sal\u00e3o do Autom\u00f3vel 2012 come\u00e7a na pr\u00f3xima quarta-feira em Santana \u00bb Encontra Santana","og:description":"Com 49 montadoras e importadoras confirmadas e 500 carros expostos, 7% a mais do que na \u00faltima edi\u00e7\u00e3o, o 27o Sal\u00e3o Internacional do Autom\u00f3vel de S\u00e3o Paulo, que ser\u00e1 realizado de 24\/10 a 04\/11, no Pavilh\u00e3o de Exposi\u00e7\u00f5es do Anhembi, promete criar uma nova hist\u00f3ria. O maior e mais importante evento automotivo da America Latina","og:url":"https:\/\/www.encontrasantana.com.br\/sobre\/salao-do-automovel-2012-comeca-na-proxima-quarta-feira-em-santana\/","article:published_time":"2012-10-19T21:07:49+00:00","article:modified_time":"2019-04-15T12:58:27+00:00","twitter:card":"summary","twitter:title":"Sal\u00e3o do Autom\u00f3vel 2012 come\u00e7a na pr\u00f3xima quarta-feira em Santana \u00bb Encontra Santana","twitter:description":"Com 49 montadoras e importadoras confirmadas e 500 carros expostos, 7% a mais do que na \u00faltima edi\u00e7\u00e3o, o 27o Sal\u00e3o Internacional do Autom\u00f3vel de S\u00e3o Paulo, que ser\u00e1 realizado de 24\/10 a 04\/11, no Pavilh\u00e3o de Exposi\u00e7\u00f5es do Anhembi, promete criar uma nova hist\u00f3ria. O maior e mais importante evento automotivo da America Latina"},"aioseo_meta_data":{"post_id":"38975","title":null,"description":null,"keywords":null,"keyphrases":null,"primary_term":null,"canonical_url":null,"og_title":null,"og_description":null,"og_object_type":"default","og_image_type":"default","og_image_url":null,"og_image_width":null,"og_image_height":null,"og_image_custom_url":null,"og_image_custom_fields":null,"og_video":null,"og_custom_url":null,"og_article_section":null,"og_article_tags":null,"twitter_use_og":false,"twitter_card":"default","twitter_image_type":"default","twitter_image_url":null,"twitter_image_custom_url":null,"twitter_image_custom_fields":null,"twitter_title":null,"twitter_description":null,"schema":{"blockGraphs":[],"customGraphs":[],"default":{"data":{"Article":[],"Course":[],"Dataset":[],"FAQPage":[],"Movie":[],"Person":[],"Product":[],"ProductReview":[],"Car":[],"Recipe":[],"Service":[],"SoftwareApplication":[],"WebPage":[]},"graphName":"Article","isEnabled":true},"graphs":[]},"schema_type":null,"schema_type_options":null,"pillar_content":false,"robots_default":true,"robots_noindex":false,"robots_noarchive":false,"robots_nosnippet":false,"robots_nofollow":false,"robots_noimageindex":false,"robots_noodp":false,"robots_notranslate":false,"robots_max_snippet":null,"robots_max_videopreview":null,"robots_max_imagepreview":"large","priority":null,"frequency":null,"local_seo":null,"limit_modified_date":false,"created":"2021-04-20 18:36:01","updated":"2026-08-06 18:10:00","focus_keyword":null,"additional_keywords":null,"truseo_locale":null,"ai":null,"breadcrumb_settings":null,"seo_analyzer_scan_date":null},"aioseo_breadcrumb":"<div class=\"aioseo-breadcrumbs\"><span class=\"aioseo-breadcrumb\">\n\t\t\t<a href=\"https:\/\/www.encontrasantana.com.br\/sobre\" title=\"In\u00edcio\">In\u00edcio<\/a>\n\t\t<\/span><span class=\"aioseo-breadcrumb-separator\">&raquo;<\/span><span class=\"aioseo-breadcrumb\">\n\t\t\t<a href=\"https:\/\/www.encontrasantana.com.br\/sobre\/noticias-em-santana\/\" title=\"Not\u00edcias Santana\">Not\u00edcias Santana<\/a>\n\t\t<\/span><span class=\"aioseo-breadcrumb-separator\">&raquo;<\/span><span class=\"aioseo-breadcrumb\">\n\t\t\tSal\u00e3o do Autom\u00f3vel 2012 come\u00e7a na pr\u00f3xima quarta-feira em Santana\n\t\t<\/span><\/div>","aioseo_breadcrumb_json":[{"label":"In\u00edcio","link":"https:\/\/www.encontrasantana.com.br\/sobre"},{"label":"Not\u00edcias Santana","link":"https:\/\/www.encontrasantana.com.br\/sobre\/noticias-em-santana\/"},{"label":"Sal\u00e3o do Autom\u00f3vel 2012 come\u00e7a na pr\u00f3xima quarta-feira em Santana","link":"https:\/\/www.encontrasantana.com.br\/sobre\/salao-do-automovel-2012-comeca-na-proxima-quarta-feira-em-santana\/"}],"_links":{"self":[{"href":"https:\/\/www.encontrasantana.com.br\/sobre\/wp-json\/wp\/v2\/posts\/38975","targetHints":{"allow":["GET"]}}],"collection":[{"href":"https:\/\/www.encontrasantana.com.br\/sobre\/wp-json\/wp\/v2\/posts"}],"about":[{"href":"https:\/\/www.encontrasantana.com.br\/sobre\/wp-json\/wp\/v2\/types\/post"}],"author":[{"embeddable":true,"href":"https:\/\/www.encontrasantana.com.br\/sobre\/wp-json\/wp\/v2\/users\/1"}],"replies":[{"embeddable":true,"href":"https:\/\/www.encontrasantana.com.br\/sobre\/wp-json\/wp\/v2\/comments?post=38975"}],"version-history":[{"count":0,"href":"https:\/\/www.encontrasantana.com.br\/sobre\/wp-json\/wp\/v2\/posts\/38975\/revisions"}],"wp:attachment":[{"href":"https:\/\/www.encontrasantana.com.br\/sobre\/wp-json\/wp\/v2\/media?parent=38975"}],"wp:term":[{"taxonomy":"category","embeddable":true,"href":"https:\/\/www.encontrasantana.com.br\/sobre\/wp-json\/wp\/v2\/categories?post=38975"},{"taxonomy":"post_tag","embeddable":true,"href":"https:\/\/www.encontrasantana.com.br\/sobre\/wp-json\/wp\/v2\/tags?post=38975"}],"curies":[{"name":"wp","href":"https:\/\/api.w.org\/{rel}","templated":true}]}}