{"id":38986,"date":"2012-10-30T11:11:50","date_gmt":"2012-10-30T14:11:50","guid":{"rendered":"http:\/\/www.encontrasantana.com.br\/blog\/?p=38986"},"modified":"2019-04-15T09:58:26","modified_gmt":"2019-04-15T12:58:26","slug":"santana-oktoberfest-de-sp-tera-mesas-de-alemanha-e-iluminacao-de-balada","status":"publish","type":"post","link":"https:\/\/www.encontrasantana.com.br\/sobre\/santana-oktoberfest-de-sp-tera-mesas-de-alemanha-e-iluminacao-de-balada\/","title":{"rendered":"Santana: Oktoberfest de SP ter\u00e1 mesas de Alemanha e ilumina\u00e7\u00e3o de balada"},"content":{"rendered":"<div class=\"1acf8468e559fd3cbeec5aee3a269a52\" data-index=\"1\" style=\"float: none; margin:0px;\">\n<!-- Anuncio display - global -->\r\n<ins class=\"adsbygoogle\"\r\n     style=\"display:block\"\r\n     data-ad-client=\"ca-pub-8585364105181520\"\r\n     data-ad-slot=\"8789329856\"\r\n     data-ad-format=\"auto\"\r\n     data-full-width-responsive=\"true\"><\/ins>\r\n<script>\r\n     (adsbygoogle = window.adsbygoogle || []).push({});\r\n<\/script>\n<\/div>\n<p>A primeira edi\u00e7\u00e3o paulistana da Oktoberfest, que ocorre em novembro no <a href=\"http:\/\/www.encontrasantana.com.br\/santana\/anhembi-em-santana.shtml\" target=\"_blank\">pavilh\u00e3o de exposi\u00e7\u00f5es do Anhembi<\/a> (zona norte de SP), ter\u00e1 decora\u00e7\u00e3o caprichada para trazer o clima de Munique a S\u00e3o Paulo. O investimento na cenografia do evento ser\u00e1 de R$ 3 milh\u00f5es.<\/p>\n<p>O espa\u00e7o de 25 mil metros quadrados ter\u00e1 grandes mesas vindas diretamente de Munique, na Alemanha. A decora\u00e7\u00e3o da Oktoberfest conta ainda com uma ilumina\u00e7\u00e3o projetada para dois momentos: um para fam\u00edlia, durante o dia; e outro voltado para o p\u00fablico jovem, durante a noite, em que a festa se transformar\u00e1 em uma balada.<\/p>\n<p>A Oktoberfest ocorre nos dias 23, 24 e 25 de novembro, com ingresso a R$ 120 por dia, independente do hor\u00e1rio da entrada.<\/p>\n<p><strong>Oktoberfest<\/strong>\u00a0&#8211; Pavilh\u00e3o de Exposi\u00e7\u00f5es do Anhembi &#8211; av. Olavo Fontoura, 1.209, Santana, zona norte, S\u00e3o Paulo, SP. 23, 24 e 25\/11. Ingr.: R$ 120 (por dia) e R$ 180 (ingresso fam\u00edlia para 4 adultos e 1 crian\u00e7a menor de 12 anos, com entrada at\u00e9 \u00e0s 15h). Livre.<\/p>\n<p><em>Fonte: Guia Folha<\/em><\/p>\n\n<div style=\"font-size: 0px; height: 0px; line-height: 0px; margin: 0; padding: 0; clear: both;\"><\/div>","protected":false},"excerpt":{"rendered":"<p>A primeira edi\u00e7\u00e3o paulistana da Oktoberfest, que ocorre em novembro no pavilh\u00e3o de exposi\u00e7\u00f5es do Anhembi (zona norte de SP), ter\u00e1 decora\u00e7\u00e3o caprichada para trazer o clima de Munique a S\u00e3o Paulo. O investimento na cenografia do evento ser\u00e1 de R$ 3 milh\u00f5es. O espa\u00e7o de 25 mil metros quadrados ter\u00e1 grandes mesas vindas diretamente de Munique, na Alemanha. A decora\u00e7\u00e3o da Oktoberfest conta ainda com uma ilumina\u00e7\u00e3o projetada para dois momentos: um para fam\u00edlia, durante o dia; e outro voltado para o p\u00fablico jovem, durante a noite, em que a festa se transformar\u00e1 em uma balada. A Oktoberfest ocorre <\/p>\n","protected":false},"author":1,"featured_media":0,"comment_status":"open","ping_status":"closed","sticky":false,"template":"","format":"standard","meta":{"footnotes":""},"categories":[3],"tags":[10],"class_list":["post-38986","post","type-post","status-publish","format-standard","hentry","category-noticias-em-santana","tag-santana"],"aioseo_notices":[],"aioseo_head":"\n\t\t<!-- All in One SEO 5.0.0.1 - aioseo.com -->\n\t<meta name=\"description\" content=\"A primeira edi\u00e7\u00e3o paulistana da Oktoberfest, que ocorre em novembro no pavilh\u00e3o de exposi\u00e7\u00f5es do Anhembi (zona norte de SP), ter\u00e1 decora\u00e7\u00e3o caprichada para trazer o clima de Munique a S\u00e3o Paulo. O investimento na cenografia do evento ser\u00e1 de R$ 3 milh\u00f5es. O espa\u00e7o de 25 mil metros quadrados ter\u00e1 grandes mesas vindas diretamente\" \/>\n\t<meta name=\"robots\" content=\"max-image-preview:large\" \/>\n\t<meta name=\"author\" content=\"Encontra Santana\"\/>\n\t<link rel=\"canonical\" href=\"https:\/\/www.encontrasantana.com.br\/sobre\/santana-oktoberfest-de-sp-tera-mesas-de-alemanha-e-iluminacao-de-balada\/\" \/>\n\t<meta name=\"generator\" content=\"All in One SEO (AIOSEO) 5.0.0.1\" \/>\n\t\t<meta property=\"og:locale\" content=\"pt_BR\" \/>\n\t\t<meta property=\"og:site_name\" content=\"Encontra Santana | Not\u00edcias, eventos, informa\u00e7\u00f5es e dicas no bairro de Santana e regi\u00e3o.\" \/>\n\t\t<meta property=\"og:type\" content=\"article\" \/>\n\t\t<meta property=\"og:title\" content=\"Santana: Oktoberfest de SP ter\u00e1 mesas de Alemanha e ilumina\u00e7\u00e3o de balada \u00bb Encontra Santana\" \/>\n\t\t<meta property=\"og:description\" content=\"A primeira edi\u00e7\u00e3o paulistana da Oktoberfest, que ocorre em novembro no pavilh\u00e3o de exposi\u00e7\u00f5es do Anhembi (zona norte de SP), ter\u00e1 decora\u00e7\u00e3o caprichada para trazer o clima de Munique a S\u00e3o Paulo. O investimento na cenografia do evento ser\u00e1 de R$ 3 milh\u00f5es. O espa\u00e7o de 25 mil metros quadrados ter\u00e1 grandes mesas vindas diretamente\" \/>\n\t\t<meta property=\"og:url\" content=\"https:\/\/www.encontrasantana.com.br\/sobre\/santana-oktoberfest-de-sp-tera-mesas-de-alemanha-e-iluminacao-de-balada\/\" \/>\n\t\t<meta property=\"article:published_time\" content=\"2012-10-30T14:11:50+00:00\" \/>\n\t\t<meta property=\"article:modified_time\" content=\"2019-04-15T12:58:26+00:00\" \/>\n\t\t<meta name=\"twitter:card\" content=\"summary\" \/>\n\t\t<meta name=\"twitter:title\" content=\"Santana: Oktoberfest de SP ter\u00e1 mesas de Alemanha e ilumina\u00e7\u00e3o de balada \u00bb Encontra Santana\" \/>\n\t\t<meta name=\"twitter:description\" content=\"A primeira edi\u00e7\u00e3o paulistana da Oktoberfest, que ocorre em novembro no pavilh\u00e3o de exposi\u00e7\u00f5es do Anhembi (zona norte de SP), ter\u00e1 decora\u00e7\u00e3o caprichada para trazer o clima de Munique a S\u00e3o Paulo. O investimento na cenografia do evento ser\u00e1 de R$ 3 milh\u00f5es. O espa\u00e7o de 25 mil metros quadrados ter\u00e1 grandes mesas vindas diretamente\" \/>\n\t\t<script type=\"application\/ld+json\" class=\"aioseo-schema\">\n\t\t\t{\"@context\":\"https:\\\/\\\/schema.org\",\"@graph\":[{\"@type\":\"Article\",\"@id\":\"https:\\\/\\\/www.encontrasantana.com.br\\\/sobre\\\/santana-oktoberfest-de-sp-tera-mesas-de-alemanha-e-iluminacao-de-balada\\\/#article\",\"name\":\"Santana: Oktoberfest de SP ter\\u00e1 mesas de Alemanha e ilumina\\u00e7\\u00e3o de balada \\u00bb Encontra Santana\",\"headline\":\"Santana: Oktoberfest de SP ter\\u00e1 mesas de Alemanha e ilumina\\u00e7\\u00e3o de balada\",\"author\":{\"@id\":\"https:\\\/\\\/www.encontrasantana.com.br\\\/sobre\\\/author\\\/esantana\\\/#author\"},\"publisher\":{\"@id\":\"https:\\\/\\\/www.encontrasantana.com.br\\\/sobre\\\/#organization\"},\"datePublished\":\"2012-10-30T11:11:50-03:00\",\"dateModified\":\"2019-04-15T09:58:26-03:00\",\"inLanguage\":\"pt-BR\",\"mainEntityOfPage\":{\"@id\":\"https:\\\/\\\/www.encontrasantana.com.br\\\/sobre\\\/santana-oktoberfest-de-sp-tera-mesas-de-alemanha-e-iluminacao-de-balada\\\/#webpage\"},\"isPartOf\":{\"@id\":\"https:\\\/\\\/www.encontrasantana.com.br\\\/sobre\\\/santana-oktoberfest-de-sp-tera-mesas-de-alemanha-e-iluminacao-de-balada\\\/#webpage\"},\"articleSection\":\"Not\\u00edcias Santana, Santana\"},{\"@type\":\"BreadcrumbList\",\"@id\":\"https:\\\/\\\/www.encontrasantana.com.br\\\/sobre\\\/santana-oktoberfest-de-sp-tera-mesas-de-alemanha-e-iluminacao-de-balada\\\/#breadcrumblist\",\"itemListElement\":[{\"@type\":\"ListItem\",\"@id\":\"https:\\\/\\\/www.encontrasantana.com.br\\\/sobre#listItem\",\"position\":1,\"name\":\"In\\u00edcio\",\"item\":\"https:\\\/\\\/www.encontrasantana.com.br\\\/sobre\",\"nextItem\":{\"@type\":\"ListItem\",\"@id\":\"https:\\\/\\\/www.encontrasantana.com.br\\\/sobre\\\/noticias-em-santana\\\/#listItem\",\"name\":\"Not\\u00edcias Santana\"}},{\"@type\":\"ListItem\",\"@id\":\"https:\\\/\\\/www.encontrasantana.com.br\\\/sobre\\\/noticias-em-santana\\\/#listItem\",\"position\":2,\"name\":\"Not\\u00edcias Santana\",\"item\":\"https:\\\/\\\/www.encontrasantana.com.br\\\/sobre\\\/noticias-em-santana\\\/\",\"nextItem\":{\"@type\":\"ListItem\",\"@id\":\"https:\\\/\\\/www.encontrasantana.com.br\\\/sobre\\\/santana-oktoberfest-de-sp-tera-mesas-de-alemanha-e-iluminacao-de-balada\\\/#listItem\",\"name\":\"Santana: Oktoberfest de SP ter\\u00e1 mesas de Alemanha e ilumina\\u00e7\\u00e3o de balada\"},\"previousItem\":{\"@type\":\"ListItem\",\"@id\":\"https:\\\/\\\/www.encontrasantana.com.br\\\/sobre#listItem\",\"name\":\"In\\u00edcio\"}},{\"@type\":\"ListItem\",\"@id\":\"https:\\\/\\\/www.encontrasantana.com.br\\\/sobre\\\/santana-oktoberfest-de-sp-tera-mesas-de-alemanha-e-iluminacao-de-balada\\\/#listItem\",\"position\":3,\"name\":\"Santana: Oktoberfest de SP ter\\u00e1 mesas de Alemanha e ilumina\\u00e7\\u00e3o de balada\",\"previousItem\":{\"@type\":\"ListItem\",\"@id\":\"https:\\\/\\\/www.encontrasantana.com.br\\\/sobre\\\/noticias-em-santana\\\/#listItem\",\"name\":\"Not\\u00edcias Santana\"}}]},{\"@type\":\"Organization\",\"@id\":\"https:\\\/\\\/www.encontrasantana.com.br\\\/sobre\\\/#organization\",\"name\":\"Encontra Santana\",\"description\":\"Not\\u00edcias, eventos, informa\\u00e7\\u00f5es e dicas no bairro de Santana e regi\\u00e3o.\",\"url\":\"https:\\\/\\\/www.encontrasantana.com.br\\\/sobre\\\/\"},{\"@type\":\"Person\",\"@id\":\"https:\\\/\\\/www.encontrasantana.com.br\\\/sobre\\\/author\\\/esantana\\\/#author\",\"url\":\"https:\\\/\\\/www.encontrasantana.com.br\\\/sobre\\\/author\\\/esantana\\\/\",\"name\":\"Encontra Santana\",\"image\":{\"@type\":\"ImageObject\",\"@id\":\"https:\\\/\\\/www.encontrasantana.com.br\\\/sobre\\\/santana-oktoberfest-de-sp-tera-mesas-de-alemanha-e-iluminacao-de-balada\\\/#authorImage\",\"url\":\"https:\\\/\\\/secure.gravatar.com\\\/avatar\\\/0fbed662e37531ae23e68f85f9517b2454e50c1dfebf80eb9b721449ac95e0b9?s=96&d=mm&r=g\",\"width\":96,\"height\":96,\"caption\":\"Encontra Santana\"}},{\"@type\":\"WebPage\",\"@id\":\"https:\\\/\\\/www.encontrasantana.com.br\\\/sobre\\\/santana-oktoberfest-de-sp-tera-mesas-de-alemanha-e-iluminacao-de-balada\\\/#webpage\",\"url\":\"https:\\\/\\\/www.encontrasantana.com.br\\\/sobre\\\/santana-oktoberfest-de-sp-tera-mesas-de-alemanha-e-iluminacao-de-balada\\\/\",\"name\":\"Santana: Oktoberfest de SP ter\\u00e1 mesas de Alemanha e ilumina\\u00e7\\u00e3o de balada \\u00bb Encontra Santana\",\"description\":\"A primeira edi\\u00e7\\u00e3o paulistana da Oktoberfest, que ocorre em novembro no pavilh\\u00e3o de exposi\\u00e7\\u00f5es do Anhembi (zona norte de SP), ter\\u00e1 decora\\u00e7\\u00e3o caprichada para trazer o clima de Munique a S\\u00e3o Paulo. O investimento na cenografia do evento ser\\u00e1 de R$ 3 milh\\u00f5es. O espa\\u00e7o de 25 mil metros quadrados ter\\u00e1 grandes mesas vindas diretamente\",\"inLanguage\":\"pt-BR\",\"isPartOf\":{\"@id\":\"https:\\\/\\\/www.encontrasantana.com.br\\\/sobre\\\/#website\"},\"breadcrumb\":{\"@id\":\"https:\\\/\\\/www.encontrasantana.com.br\\\/sobre\\\/santana-oktoberfest-de-sp-tera-mesas-de-alemanha-e-iluminacao-de-balada\\\/#breadcrumblist\"},\"author\":{\"@id\":\"https:\\\/\\\/www.encontrasantana.com.br\\\/sobre\\\/author\\\/esantana\\\/#author\"},\"creator\":{\"@id\":\"https:\\\/\\\/www.encontrasantana.com.br\\\/sobre\\\/author\\\/esantana\\\/#author\"},\"datePublished\":\"2012-10-30T11:11:50-03:00\",\"dateModified\":\"2019-04-15T09:58:26-03:00\"},{\"@type\":\"WebSite\",\"@id\":\"https:\\\/\\\/www.encontrasantana.com.br\\\/sobre\\\/#website\",\"url\":\"https:\\\/\\\/www.encontrasantana.com.br\\\/sobre\\\/\",\"name\":\"Encontra Santana\",\"description\":\"Not\\u00edcias, eventos, informa\\u00e7\\u00f5es e dicas no bairro de Santana e regi\\u00e3o.\",\"inLanguage\":\"pt-BR\",\"publisher\":{\"@id\":\"https:\\\/\\\/www.encontrasantana.com.br\\\/sobre\\\/#organization\"}}]}\n\t\t<\/script>\n\t\t<!-- All in One SEO -->\n\n","aioseo_head_json":{"title":"Santana: Oktoberfest de SP ter\u00e1 mesas de Alemanha e ilumina\u00e7\u00e3o de balada \u00bb Encontra Santana","description":"A primeira edi\u00e7\u00e3o paulistana da Oktoberfest, que ocorre em novembro no pavilh\u00e3o de exposi\u00e7\u00f5es do Anhembi (zona norte de SP), ter\u00e1 decora\u00e7\u00e3o caprichada para trazer o clima de Munique a S\u00e3o Paulo. O investimento na cenografia do evento ser\u00e1 de R$ 3 milh\u00f5es. O espa\u00e7o de 25 mil metros quadrados ter\u00e1 grandes mesas vindas diretamente","canonical_url":"https:\/\/www.encontrasantana.com.br\/sobre\/santana-oktoberfest-de-sp-tera-mesas-de-alemanha-e-iluminacao-de-balada\/","robots":"max-image-preview:large","keywords":"","webmasterTools":{"miscellaneous":""},"schema":{"@context":"https:\/\/schema.org","@graph":[{"@type":"Article","@id":"https:\/\/www.encontrasantana.com.br\/sobre\/santana-oktoberfest-de-sp-tera-mesas-de-alemanha-e-iluminacao-de-balada\/#article","name":"Santana: Oktoberfest de SP ter\u00e1 mesas de Alemanha e ilumina\u00e7\u00e3o de balada \u00bb Encontra Santana","headline":"Santana: Oktoberfest de SP ter\u00e1 mesas de Alemanha e ilumina\u00e7\u00e3o de balada","author":{"@id":"https:\/\/www.encontrasantana.com.br\/sobre\/author\/esantana\/#author"},"publisher":{"@id":"https:\/\/www.encontrasantana.com.br\/sobre\/#organization"},"datePublished":"2012-10-30T11:11:50-03:00","dateModified":"2019-04-15T09:58:26-03:00","inLanguage":"pt-BR","mainEntityOfPage":{"@id":"https:\/\/www.encontrasantana.com.br\/sobre\/santana-oktoberfest-de-sp-tera-mesas-de-alemanha-e-iluminacao-de-balada\/#webpage"},"isPartOf":{"@id":"https:\/\/www.encontrasantana.com.br\/sobre\/santana-oktoberfest-de-sp-tera-mesas-de-alemanha-e-iluminacao-de-balada\/#webpage"},"articleSection":"Not\u00edcias Santana, Santana"},{"@type":"BreadcrumbList","@id":"https:\/\/www.encontrasantana.com.br\/sobre\/santana-oktoberfest-de-sp-tera-mesas-de-alemanha-e-iluminacao-de-balada\/#breadcrumblist","itemListElement":[{"@type":"ListItem","@id":"https:\/\/www.encontrasantana.com.br\/sobre#listItem","position":1,"name":"In\u00edcio","item":"https:\/\/www.encontrasantana.com.br\/sobre","nextItem":{"@type":"ListItem","@id":"https:\/\/www.encontrasantana.com.br\/sobre\/noticias-em-santana\/#listItem","name":"Not\u00edcias Santana"}},{"@type":"ListItem","@id":"https:\/\/www.encontrasantana.com.br\/sobre\/noticias-em-santana\/#listItem","position":2,"name":"Not\u00edcias Santana","item":"https:\/\/www.encontrasantana.com.br\/sobre\/noticias-em-santana\/","nextItem":{"@type":"ListItem","@id":"https:\/\/www.encontrasantana.com.br\/sobre\/santana-oktoberfest-de-sp-tera-mesas-de-alemanha-e-iluminacao-de-balada\/#listItem","name":"Santana: Oktoberfest de SP ter\u00e1 mesas de Alemanha e ilumina\u00e7\u00e3o de balada"},"previousItem":{"@type":"ListItem","@id":"https:\/\/www.encontrasantana.com.br\/sobre#listItem","name":"In\u00edcio"}},{"@type":"ListItem","@id":"https:\/\/www.encontrasantana.com.br\/sobre\/santana-oktoberfest-de-sp-tera-mesas-de-alemanha-e-iluminacao-de-balada\/#listItem","position":3,"name":"Santana: Oktoberfest de SP ter\u00e1 mesas de Alemanha e ilumina\u00e7\u00e3o de balada","previousItem":{"@type":"ListItem","@id":"https:\/\/www.encontrasantana.com.br\/sobre\/noticias-em-santana\/#listItem","name":"Not\u00edcias Santana"}}]},{"@type":"Organization","@id":"https:\/\/www.encontrasantana.com.br\/sobre\/#organization","name":"Encontra Santana","description":"Not\u00edcias, eventos, informa\u00e7\u00f5es e dicas no bairro de Santana e regi\u00e3o.","url":"https:\/\/www.encontrasantana.com.br\/sobre\/"},{"@type":"Person","@id":"https:\/\/www.encontrasantana.com.br\/sobre\/author\/esantana\/#author","url":"https:\/\/www.encontrasantana.com.br\/sobre\/author\/esantana\/","name":"Encontra Santana","image":{"@type":"ImageObject","@id":"https:\/\/www.encontrasantana.com.br\/sobre\/santana-oktoberfest-de-sp-tera-mesas-de-alemanha-e-iluminacao-de-balada\/#authorImage","url":"https:\/\/secure.gravatar.com\/avatar\/0fbed662e37531ae23e68f85f9517b2454e50c1dfebf80eb9b721449ac95e0b9?s=96&d=mm&r=g","width":96,"height":96,"caption":"Encontra Santana"}},{"@type":"WebPage","@id":"https:\/\/www.encontrasantana.com.br\/sobre\/santana-oktoberfest-de-sp-tera-mesas-de-alemanha-e-iluminacao-de-balada\/#webpage","url":"https:\/\/www.encontrasantana.com.br\/sobre\/santana-oktoberfest-de-sp-tera-mesas-de-alemanha-e-iluminacao-de-balada\/","name":"Santana: Oktoberfest de SP ter\u00e1 mesas de Alemanha e ilumina\u00e7\u00e3o de balada \u00bb Encontra Santana","description":"A primeira edi\u00e7\u00e3o paulistana da Oktoberfest, que ocorre em novembro no pavilh\u00e3o de exposi\u00e7\u00f5es do Anhembi (zona norte de SP), ter\u00e1 decora\u00e7\u00e3o caprichada para trazer o clima de Munique a S\u00e3o Paulo. O investimento na cenografia do evento ser\u00e1 de R$ 3 milh\u00f5es. O espa\u00e7o de 25 mil metros quadrados ter\u00e1 grandes mesas vindas diretamente","inLanguage":"pt-BR","isPartOf":{"@id":"https:\/\/www.encontrasantana.com.br\/sobre\/#website"},"breadcrumb":{"@id":"https:\/\/www.encontrasantana.com.br\/sobre\/santana-oktoberfest-de-sp-tera-mesas-de-alemanha-e-iluminacao-de-balada\/#breadcrumblist"},"author":{"@id":"https:\/\/www.encontrasantana.com.br\/sobre\/author\/esantana\/#author"},"creator":{"@id":"https:\/\/www.encontrasantana.com.br\/sobre\/author\/esantana\/#author"},"datePublished":"2012-10-30T11:11:50-03:00","dateModified":"2019-04-15T09:58:26-03:00"},{"@type":"WebSite","@id":"https:\/\/www.encontrasantana.com.br\/sobre\/#website","url":"https:\/\/www.encontrasantana.com.br\/sobre\/","name":"Encontra Santana","description":"Not\u00edcias, eventos, informa\u00e7\u00f5es e dicas no bairro de Santana e regi\u00e3o.","inLanguage":"pt-BR","publisher":{"@id":"https:\/\/www.encontrasantana.com.br\/sobre\/#organization"}}]},"og:locale":"pt_BR","og:site_name":"Encontra Santana | Not\u00edcias, eventos, informa\u00e7\u00f5es e dicas no bairro de Santana e regi\u00e3o.","og:type":"article","og:title":"Santana: Oktoberfest de SP ter\u00e1 mesas de Alemanha e ilumina\u00e7\u00e3o de balada \u00bb Encontra Santana","og:description":"A primeira edi\u00e7\u00e3o paulistana da Oktoberfest, que ocorre em novembro no pavilh\u00e3o de exposi\u00e7\u00f5es do Anhembi (zona norte de SP), ter\u00e1 decora\u00e7\u00e3o caprichada para trazer o clima de Munique a S\u00e3o Paulo. O investimento na cenografia do evento ser\u00e1 de R$ 3 milh\u00f5es. O espa\u00e7o de 25 mil metros quadrados ter\u00e1 grandes mesas vindas diretamente","og:url":"https:\/\/www.encontrasantana.com.br\/sobre\/santana-oktoberfest-de-sp-tera-mesas-de-alemanha-e-iluminacao-de-balada\/","article:published_time":"2012-10-30T14:11:50+00:00","article:modified_time":"2019-04-15T12:58:26+00:00","twitter:card":"summary","twitter:title":"Santana: Oktoberfest de SP ter\u00e1 mesas de Alemanha e ilumina\u00e7\u00e3o de balada \u00bb Encontra Santana","twitter:description":"A primeira edi\u00e7\u00e3o paulistana da Oktoberfest, que ocorre em novembro no pavilh\u00e3o de exposi\u00e7\u00f5es do Anhembi (zona norte de SP), ter\u00e1 decora\u00e7\u00e3o caprichada para trazer o clima de Munique a S\u00e3o Paulo. O investimento na cenografia do evento ser\u00e1 de R$ 3 milh\u00f5es. O espa\u00e7o de 25 mil metros quadrados ter\u00e1 grandes mesas vindas diretamente"},"aioseo_meta_data":{"post_id":"38986","title":null,"description":null,"keywords":null,"keyphrases":null,"primary_term":null,"canonical_url":null,"og_title":null,"og_description":null,"og_object_type":"default","og_image_type":"default","og_image_url":null,"og_image_width":null,"og_image_height":null,"og_image_custom_url":null,"og_image_custom_fields":null,"og_video":null,"og_custom_url":null,"og_article_section":null,"og_article_tags":null,"twitter_use_og":false,"twitter_card":"default","twitter_image_type":"default","twitter_image_url":null,"twitter_image_custom_url":null,"twitter_image_custom_fields":null,"twitter_title":null,"twitter_description":null,"schema":{"blockGraphs":[],"customGraphs":[],"default":{"data":{"Article":[],"Course":[],"Dataset":[],"FAQPage":[],"Movie":[],"Person":[],"Product":[],"ProductReview":[],"Car":[],"Recipe":[],"Service":[],"SoftwareApplication":[],"WebPage":[]},"graphName":"Article","isEnabled":true},"graphs":[]},"schema_type":null,"schema_type_options":null,"pillar_content":false,"robots_default":true,"robots_noindex":false,"robots_noarchive":false,"robots_nosnippet":false,"robots_nofollow":false,"robots_noimageindex":false,"robots_noodp":false,"robots_notranslate":false,"robots_max_snippet":null,"robots_max_videopreview":null,"robots_max_imagepreview":"large","priority":null,"frequency":null,"local_seo":null,"limit_modified_date":false,"created":"2021-04-20 18:36:01","updated":"2026-08-06 10:44:43","focus_keyword":null,"additional_keywords":null,"truseo_locale":null,"ai":null,"breadcrumb_settings":null,"seo_analyzer_scan_date":null},"aioseo_breadcrumb":"<div class=\"aioseo-breadcrumbs\"><span class=\"aioseo-breadcrumb\">\n\t\t\t<a href=\"https:\/\/www.encontrasantana.com.br\/sobre\" title=\"In\u00edcio\">In\u00edcio<\/a>\n\t\t<\/span><span class=\"aioseo-breadcrumb-separator\">&raquo;<\/span><span class=\"aioseo-breadcrumb\">\n\t\t\t<a href=\"https:\/\/www.encontrasantana.com.br\/sobre\/noticias-em-santana\/\" title=\"Not\u00edcias Santana\">Not\u00edcias Santana<\/a>\n\t\t<\/span><span class=\"aioseo-breadcrumb-separator\">&raquo;<\/span><span class=\"aioseo-breadcrumb\">\n\t\t\tSantana: Oktoberfest de SP ter\u00e1 mesas de Alemanha e ilumina\u00e7\u00e3o de balada\n\t\t<\/span><\/div>","aioseo_breadcrumb_json":[{"label":"In\u00edcio","link":"https:\/\/www.encontrasantana.com.br\/sobre"},{"label":"Not\u00edcias Santana","link":"https:\/\/www.encontrasantana.com.br\/sobre\/noticias-em-santana\/"},{"label":"Santana: Oktoberfest de SP ter\u00e1 mesas de Alemanha e ilumina\u00e7\u00e3o de balada","link":"https:\/\/www.encontrasantana.com.br\/sobre\/santana-oktoberfest-de-sp-tera-mesas-de-alemanha-e-iluminacao-de-balada\/"}],"_links":{"self":[{"href":"https:\/\/www.encontrasantana.com.br\/sobre\/wp-json\/wp\/v2\/posts\/38986","targetHints":{"allow":["GET"]}}],"collection":[{"href":"https:\/\/www.encontrasantana.com.br\/sobre\/wp-json\/wp\/v2\/posts"}],"about":[{"href":"https:\/\/www.encontrasantana.com.br\/sobre\/wp-json\/wp\/v2\/types\/post"}],"author":[{"embeddable":true,"href":"https:\/\/www.encontrasantana.com.br\/sobre\/wp-json\/wp\/v2\/users\/1"}],"replies":[{"embeddable":true,"href":"https:\/\/www.encontrasantana.com.br\/sobre\/wp-json\/wp\/v2\/comments?post=38986"}],"version-history":[{"count":0,"href":"https:\/\/www.encontrasantana.com.br\/sobre\/wp-json\/wp\/v2\/posts\/38986\/revisions"}],"wp:attachment":[{"href":"https:\/\/www.encontrasantana.com.br\/sobre\/wp-json\/wp\/v2\/media?parent=38986"}],"wp:term":[{"taxonomy":"category","embeddable":true,"href":"https:\/\/www.encontrasantana.com.br\/sobre\/wp-json\/wp\/v2\/categories?post=38986"},{"taxonomy":"post_tag","embeddable":true,"href":"https:\/\/www.encontrasantana.com.br\/sobre\/wp-json\/wp\/v2\/tags?post=38986"}],"curies":[{"name":"wp","href":"https:\/\/api.w.org\/{rel}","templated":true}]}}