{"id":39013,"date":"2012-11-12T00:23:37","date_gmt":"2012-11-12T03:23:37","guid":{"rendered":"http:\/\/www.encontrasantana.com.br\/blog\/?p=39013"},"modified":"2019-04-15T09:58:26","modified_gmt":"2019-04-15T12:58:26","slug":"festival-promessas-de-musica-gospel-acontece-em-santana-em-dezembro","status":"publish","type":"post","link":"https:\/\/www.encontrasantana.com.br\/sobre\/festival-promessas-de-musica-gospel-acontece-em-santana-em-dezembro\/","title":{"rendered":"Festival Promessas de m\u00fasica gospel acontece em Santana em dezembro"},"content":{"rendered":"<div class=\"1acf8468e559fd3cbeec5aee3a269a52\" data-index=\"1\" style=\"float: none; margin:0px;\">\n<!-- Anuncio display - global -->\r\n<ins class=\"adsbygoogle\"\r\n     style=\"display:block\"\r\n     data-ad-client=\"ca-pub-8585364105181520\"\r\n     data-ad-slot=\"8789329856\"\r\n     data-ad-format=\"auto\"\r\n     data-full-width-responsive=\"true\"><\/ins>\r\n<script>\r\n     (adsbygoogle = window.adsbygoogle || []).push({});\r\n<\/script>\n<\/div>\n<p>A segunda edi\u00e7\u00e3o do Festival Promessas, que re\u00fane estrelas da m\u00fasica evang\u00e9lica brasileira, foi anunciada em entrevista coletiva nesta quarta-feira (7). O evento vai acontecer no dia 8 de dezembro, em S\u00e3o Paulo, no <a title=\"Campo de Marte\" href=\"http:\/\/www.encontrasantana.com.br\/santana\/campo-de-marte-em-santana.shtml\" target=\"_blank\">Campo de Marte<\/a>. O show ter\u00e1 exibi\u00e7\u00e3o nacional pela <em>TV Globo<\/em> no dia 15.<\/p>\n<p>A entrevista coletiva foi comandada por Serginho Groisman, que tamb\u00e9m vai apresentar os shows, e contou com a presen\u00e7a dos cantores Ana Paula Valad\u00e3o (do grupo Diante do Trono), Thalles, Fernandinho e Andr\u00e9 Valad\u00e3o.<\/p>\n<p>Os quatro v\u00e3o cantar no evento, al\u00e9m de Cassiane e Aline Barros.&#8221;Brinco que um Valad\u00e3o incomoda muita gente, dois &#8216;Valad\u00f5es&#8217; incomodam muito mais&#8221;, disse Andr\u00e9 sobre a participa\u00e7\u00e3o dele e sua irm\u00e3 mais velha, Ana Paula, no evento. &#8220;O festival do ano passado no Rio foi emocionante, mas o melhor momento para mim foi a transmiss\u00e3o na TV. A possibilidade de muitas pessoas que nunca estiveram numa igreja, que nunca ouviram nossa m\u00fasica, era realmente enorme&#8221;, disse a cantora e pastora Ana Paula Valad\u00e3o.<\/p>\n<p>Sobre a poss\u00edvel presen\u00e7a de espectadores n\u00e3o evang\u00e9licos, Thalles comentou: &#8220;Eu toquei no Jota Quest por cinco anos. Amo falar de Jesus para quem nunca ouviu falar.&#8221;<\/p>\n<p>As duas cantoras que n\u00e3o puderam estar na coletiva gravaram v\u00eddeos com depoimentos. &#8220;Vai ser um dia muito lindo, voc\u00eas v\u00e3o conhecer mais da for\u00e7a de uma m\u00fasica t\u00e3o poderosa, que fala da palavra de Deus&#8221;, disse Aline Barros. J\u00e1 Cassiane chamou a ida de &#8220;caravanas&#8221; do p\u00fablico que n\u00e3o mora pr\u00f3ximo ao evento.<\/p>\n<p>Os produtores apresentaram a estrutura do evento, que deve durar seis horas. O palco de 24 metros de largura por 18 de profundidade e remete a um local de culto, com 17 torres de ilumina\u00e7\u00e3o led. &#8220;A estrutura de palco \u00e9 a mesma de um Rock in Rio, de um Lollapalooza ou de um grande festival secular&#8221;, disse Leo Ganem, CEO da Geo Eventos, que produz o festival.<\/p>\n<p>A primeira edi\u00e7\u00e3o do evento aconteceu em dezembro de 2011, no Aterro do Flamengo, na cidade do Rio de Janeiro. Diante do Trono, Regis Danese, Damares, Fernanda Brum, Ludmila Ferber, Eyshila, Davi Sacer, Pregador Luo e Fernandinho apresentaram-se por quase 8 horas para um p\u00fablico estimado em 20 mil pessoas. Neste ano, o Festival Promessas tamb\u00e9m contou com edi\u00e7\u00f5es regionais em Bras\u00edlia, Recife e Belo Horizonte.<\/p>\n<p><em>Fonte: G1<\/em><\/p>\n\n<div style=\"font-size: 0px; height: 0px; line-height: 0px; margin: 0; padding: 0; clear: both;\"><\/div>","protected":false},"excerpt":{"rendered":"<p>A segunda edi\u00e7\u00e3o do Festival Promessas, que re\u00fane estrelas da m\u00fasica evang\u00e9lica brasileira, foi anunciada em entrevista coletiva nesta quarta-feira (7). O evento vai acontecer no dia 8 de dezembro, em S\u00e3o Paulo, no Campo de Marte. O show ter\u00e1 exibi\u00e7\u00e3o nacional pela TV Globo no dia 15. A entrevista coletiva foi comandada por Serginho Groisman, que tamb\u00e9m vai apresentar os shows, e contou com a presen\u00e7a dos cantores Ana Paula Valad\u00e3o (do grupo Diante do Trono), Thalles, Fernandinho e Andr\u00e9 Valad\u00e3o. Os quatro v\u00e3o cantar no evento, al\u00e9m de Cassiane e Aline Barros.&#8221;Brinco que um Valad\u00e3o incomoda muita gente, <\/p>\n","protected":false},"author":1,"featured_media":0,"comment_status":"open","ping_status":"closed","sticky":false,"template":"","format":"standard","meta":{"footnotes":""},"categories":[3],"tags":[],"class_list":["post-39013","post","type-post","status-publish","format-standard","hentry","category-noticias-em-santana"],"aioseo_notices":[],"_links":{"self":[{"href":"https:\/\/www.encontrasantana.com.br\/sobre\/wp-json\/wp\/v2\/posts\/39013"}],"collection":[{"href":"https:\/\/www.encontrasantana.com.br\/sobre\/wp-json\/wp\/v2\/posts"}],"about":[{"href":"https:\/\/www.encontrasantana.com.br\/sobre\/wp-json\/wp\/v2\/types\/post"}],"author":[{"embeddable":true,"href":"https:\/\/www.encontrasantana.com.br\/sobre\/wp-json\/wp\/v2\/users\/1"}],"replies":[{"embeddable":true,"href":"https:\/\/www.encontrasantana.com.br\/sobre\/wp-json\/wp\/v2\/comments?post=39013"}],"version-history":[{"count":0,"href":"https:\/\/www.encontrasantana.com.br\/sobre\/wp-json\/wp\/v2\/posts\/39013\/revisions"}],"wp:attachment":[{"href":"https:\/\/www.encontrasantana.com.br\/sobre\/wp-json\/wp\/v2\/media?parent=39013"}],"wp:term":[{"taxonomy":"category","embeddable":true,"href":"https:\/\/www.encontrasantana.com.br\/sobre\/wp-json\/wp\/v2\/categories?post=39013"},{"taxonomy":"post_tag","embeddable":true,"href":"https:\/\/www.encontrasantana.com.br\/sobre\/wp-json\/wp\/v2\/tags?post=39013"}],"curies":[{"name":"wp","href":"https:\/\/api.w.org\/{rel}","templated":true}]}}