{"id":39020,"date":"2012-11-23T00:33:19","date_gmt":"2012-11-23T03:33:19","guid":{"rendered":"http:\/\/www.encontrasantana.com.br\/blog\/?p=39020"},"modified":"2019-04-15T09:58:25","modified_gmt":"2019-04-15T12:58:25","slug":"santana-metro-abre-licitacoes-para-revitalizacao-da-estacao-portuguesa-tiete","status":"publish","type":"post","link":"https:\/\/www.encontrasantana.com.br\/sobre\/santana-metro-abre-licitacoes-para-revitalizacao-da-estacao-portuguesa-tiete\/","title":{"rendered":"Santana: Metr\u00f4 abre licita\u00e7\u00f5es para revitaliza\u00e7\u00e3o da Esta\u00e7\u00e3o Portuguesa-Tiet\u00ea"},"content":{"rendered":"<div class=\"1acf8468e559fd3cbeec5aee3a269a52\" data-index=\"1\" style=\"float: none; margin:0px;\">\n<!-- Anuncio display - global -->\r\n<ins class=\"adsbygoogle\"\r\n     style=\"display:block\"\r\n     data-ad-client=\"ca-pub-8585364105181520\"\r\n     data-ad-slot=\"8789329856\"\r\n     data-ad-format=\"auto\"\r\n     data-full-width-responsive=\"true\"><\/ins>\r\n<script>\r\n     (adsbygoogle = window.adsbygoogle || []).push({});\r\n<\/script>\n<\/div>\n<p>O Metr\u00f4 da cidade de S\u00e3o Paulo publicou um edital para a revitaliza\u00e7\u00e3o de 21 esta\u00e7\u00f5es das linhas 1-Azul, 2-Verde e 3-Vermelha, incluindo torre de ventila\u00e7\u00e3o, sa\u00edda de emerg\u00eancia e terminal de \u00f4nibus, quando houver. As obras s\u00e3o em virtude da realiza\u00e7\u00e3o da Copa do Mundo de 2014.<\/p>\n<p>O valor base da licita\u00e7\u00e3o \u00e9 de R$ 2.012.019,66 e o contrato a ser firmado entre o Metr\u00f4 de S\u00e3o Paulo e a empresa vencedora da licita\u00e7\u00e3o ter\u00e1 vig\u00eancia de 23 meses, contados a partir da assinatura do contrato. A sess\u00e3o p\u00fablica para recebimento e abertura das propostas est\u00e1 marcada para o dia 20 de dezembro, \u00e0s 9h00, na Rua Boa Vista, 175, 2\u00ba andar, regi\u00e3o Central de S\u00e3o Paulo.<\/p>\n<p>Fazem parte dos servi\u00e7os em instala\u00e7\u00f5es civil a serem acompanhadas as seguintes atividades: recupera\u00e7\u00e3o e tratamento das estruturas de concreto (reparo de superf\u00edcies, inje\u00e7\u00e3o de fissuras e prote\u00e7\u00e3o de juntas de dilata\u00e7\u00e3o); recomposi\u00e7\u00e3o de revestimentos protetivos\/anticorrosivos e repintura em superf\u00edcies de estruturas, veda\u00e7\u00f5es e elementos de instala\u00e7\u00f5es civis; substitui\u00e7\u00e3o de piso de borracha sint\u00e9tica por piso de granito levigado nas plataformas, mezaninos, acessos e passarelas de esta\u00e7\u00f5es; substitui\u00e7\u00e3o de piso mosaico portugu\u00eas, ladrilho hidr\u00e1ulico e\/ou passeio de concreto por bloco intertravado de concreto em \u00e1reas externas das esta\u00e7\u00f5es, bem como terminais e pontos de parada de \u00f4nibus; substitui\u00e7\u00e3o de forros existentes e seus perfis de sustenta\u00e7\u00e3o ou instala\u00e7\u00e3o de forros novos; e substitui\u00e7\u00e3o de fechamento lateral de coberturas met\u00e1licas das esta\u00e7\u00f5es.<\/p>\n<p>As obras ser\u00e3o realizadas na Esta\u00e7\u00e3o Metr\u00f4 Jabaquara, Esta\u00e7\u00e3o Metr\u00f4 Santa Cruz, Esta\u00e7\u00e3o Metr\u00f4 Ana Rosa, Esta\u00e7\u00e3o Metr\u00f4 Para\u00edso, Esta\u00e7\u00e3o da Luz, <a title=\"Esta\u00e7\u00e3o Portuguesa-Tiet\u00ea\" href=\"http:\/\/www.encontrasantana.com.br\/santana\/metro-portuguesa-tiete.shtml\" target=\"_blank\">Esta\u00e7\u00e3o Portuguesa-Tiet\u00ea<\/a>, Ch\u00e1cara Klabin, Esta\u00e7\u00e3o Brigadeiro, Esta\u00e7\u00e3o Trianon-MASP, Esta\u00e7\u00e3o Metr\u00f4 Consola\u00e7\u00e3o, Santu\u00e1rio Nossa Senhora de F\u00e1tima-Sumar\u00e9, Esta\u00e7\u00e3o Metr\u00f4 Corinthians-Itaquera, Esta\u00e7\u00e3o Artur Alvim, Esta\u00e7\u00e3o Vila Matilde, Esta\u00e7\u00e3o Tatuap\u00e9, Esta\u00e7\u00e3o Bel\u00e9m, Metr\u00f4 Br\u00e1s, Metr\u00f4 S\u00e9, Metr\u00f4 Rep\u00fablica, Esta\u00e7\u00e3o Marechal Deodoro e Esta\u00e7\u00e3o Metr\u00f4 Palmeiras-Barra Funda.<\/p>\n<p>A sess\u00e3o p\u00fablica para recebimento e abertura das propostas acontecer\u00e1 no dia 20 de dezembro, \u00e0s 9h00, na Rua Boa Vista, 175, 2\u00ba andar.<\/p>\n<p><strong>Linha 17-Ouro<\/strong><\/p>\n<p>O Metr\u00f4 tamb\u00e9m publicou um edital para a execu\u00e7\u00e3o de obras civis para oito esta\u00e7\u00f5es da Linha 17-Ouro, dividido em dois lotes. O primeiro \u00e9 para as esta\u00e7\u00f5es Congonhas, Jardim Aeroporto, Brooklin Paulista e Vereador Jos\u00e9 Diniz. J\u00e1 o segundo lote \u00e9 dedicado \u00e0s esta\u00e7\u00f5es \u00c1gua Espraiada, Vila Cordeiro, Chucri Zaidan e Esta\u00e7\u00e3o Morumbi\/CPTM.<\/p>\n<p>A licita\u00e7\u00e3o, no valor total de R$ 486.556.362,09 inclui obras brutas, de acabamento, de comunica\u00e7\u00e3o visual, sistemas hidr\u00e1ulicos e paisagismo nas esta\u00e7\u00f5es.<\/p>\n<p>As propostas devem ser entregues at\u00e9 o dia 13 de dezembro, \u00e0s 14h00, na Rua Boa Vista, 175, 2\u00ba andar, data em que ocorrer\u00e1 a abertura dos envelopes. As empresas interessadas devem entrar no site do Metr\u00f4 para obterem os editais completos.<\/p>\n<p><em>Fonte: PiniWeb<\/em><\/p>\n\n<div style=\"font-size: 0px; height: 0px; line-height: 0px; margin: 0; padding: 0; clear: both;\"><\/div>","protected":false},"excerpt":{"rendered":"<p>O Metr\u00f4 da cidade de S\u00e3o Paulo publicou um edital para a revitaliza\u00e7\u00e3o de 21 esta\u00e7\u00f5es das linhas 1-Azul, 2-Verde e 3-Vermelha, incluindo torre de ventila\u00e7\u00e3o, sa\u00edda de emerg\u00eancia e terminal de \u00f4nibus, quando houver. As obras s\u00e3o em virtude da realiza\u00e7\u00e3o da Copa do Mundo de 2014. O valor base da licita\u00e7\u00e3o \u00e9 de R$ 2.012.019,66 e o contrato a ser firmado entre o Metr\u00f4 de S\u00e3o Paulo e a empresa vencedora da licita\u00e7\u00e3o ter\u00e1 vig\u00eancia de 23 meses, contados a partir da assinatura do contrato. A sess\u00e3o p\u00fablica para recebimento e abertura das propostas est\u00e1 marcada para o <\/p>\n","protected":false},"author":1,"featured_media":0,"comment_status":"open","ping_status":"closed","sticky":false,"template":"","format":"standard","meta":{"footnotes":""},"categories":[3],"tags":[],"class_list":["post-39020","post","type-post","status-publish","format-standard","hentry","category-noticias-em-santana"],"aioseo_notices":[],"aioseo_head":"\n\t\t<!-- All in One SEO 5.0.0.1 - aioseo.com -->\n\t<meta name=\"description\" content=\"O Metr\u00f4 da cidade de S\u00e3o Paulo publicou um edital para a revitaliza\u00e7\u00e3o de 21 esta\u00e7\u00f5es das linhas 1-Azul, 2-Verde e 3-Vermelha, incluindo torre de ventila\u00e7\u00e3o, sa\u00edda de emerg\u00eancia e terminal de \u00f4nibus, quando houver. As obras s\u00e3o em virtude da realiza\u00e7\u00e3o da Copa do Mundo de 2014. O valor base da licita\u00e7\u00e3o \u00e9 de\" \/>\n\t<meta name=\"robots\" content=\"max-image-preview:large\" \/>\n\t<meta name=\"author\" content=\"Encontra Santana\"\/>\n\t<link rel=\"canonical\" href=\"https:\/\/www.encontrasantana.com.br\/sobre\/santana-metro-abre-licitacoes-para-revitalizacao-da-estacao-portuguesa-tiete\/\" \/>\n\t<meta name=\"generator\" content=\"All in One SEO (AIOSEO) 5.0.0.1\" \/>\n\t\t<meta property=\"og:locale\" content=\"pt_BR\" \/>\n\t\t<meta property=\"og:site_name\" content=\"Encontra Santana | Not\u00edcias, eventos, informa\u00e7\u00f5es e dicas no bairro de Santana e regi\u00e3o.\" \/>\n\t\t<meta property=\"og:type\" content=\"article\" \/>\n\t\t<meta property=\"og:title\" content=\"Santana: Metr\u00f4 abre licita\u00e7\u00f5es para revitaliza\u00e7\u00e3o da Esta\u00e7\u00e3o Portuguesa-Tiet\u00ea \u00bb Encontra Santana\" \/>\n\t\t<meta property=\"og:description\" content=\"O Metr\u00f4 da cidade de S\u00e3o Paulo publicou um edital para a revitaliza\u00e7\u00e3o de 21 esta\u00e7\u00f5es das linhas 1-Azul, 2-Verde e 3-Vermelha, incluindo torre de ventila\u00e7\u00e3o, sa\u00edda de emerg\u00eancia e terminal de \u00f4nibus, quando houver. As obras s\u00e3o em virtude da realiza\u00e7\u00e3o da Copa do Mundo de 2014. O valor base da licita\u00e7\u00e3o \u00e9 de\" \/>\n\t\t<meta property=\"og:url\" content=\"https:\/\/www.encontrasantana.com.br\/sobre\/santana-metro-abre-licitacoes-para-revitalizacao-da-estacao-portuguesa-tiete\/\" \/>\n\t\t<meta property=\"article:published_time\" content=\"2012-11-23T03:33:19+00:00\" \/>\n\t\t<meta property=\"article:modified_time\" content=\"2019-04-15T12:58:25+00:00\" \/>\n\t\t<meta name=\"twitter:card\" content=\"summary\" \/>\n\t\t<meta name=\"twitter:title\" content=\"Santana: Metr\u00f4 abre licita\u00e7\u00f5es para revitaliza\u00e7\u00e3o da Esta\u00e7\u00e3o Portuguesa-Tiet\u00ea \u00bb Encontra Santana\" \/>\n\t\t<meta name=\"twitter:description\" content=\"O Metr\u00f4 da cidade de S\u00e3o Paulo publicou um edital para a revitaliza\u00e7\u00e3o de 21 esta\u00e7\u00f5es das linhas 1-Azul, 2-Verde e 3-Vermelha, incluindo torre de ventila\u00e7\u00e3o, sa\u00edda de emerg\u00eancia e terminal de \u00f4nibus, quando houver. As obras s\u00e3o em virtude da realiza\u00e7\u00e3o da Copa do Mundo de 2014. O valor base da licita\u00e7\u00e3o \u00e9 de\" \/>\n\t\t<script type=\"application\/ld+json\" class=\"aioseo-schema\">\n\t\t\t{\"@context\":\"https:\\\/\\\/schema.org\",\"@graph\":[{\"@type\":\"Article\",\"@id\":\"https:\\\/\\\/www.encontrasantana.com.br\\\/sobre\\\/santana-metro-abre-licitacoes-para-revitalizacao-da-estacao-portuguesa-tiete\\\/#article\",\"name\":\"Santana: Metr\\u00f4 abre licita\\u00e7\\u00f5es para revitaliza\\u00e7\\u00e3o da Esta\\u00e7\\u00e3o Portuguesa-Tiet\\u00ea \\u00bb Encontra Santana\",\"headline\":\"Santana: Metr\\u00f4 abre licita\\u00e7\\u00f5es para revitaliza\\u00e7\\u00e3o da Esta\\u00e7\\u00e3o Portuguesa-Tiet\\u00ea\",\"author\":{\"@id\":\"https:\\\/\\\/www.encontrasantana.com.br\\\/sobre\\\/author\\\/esantana\\\/#author\"},\"publisher\":{\"@id\":\"https:\\\/\\\/www.encontrasantana.com.br\\\/sobre\\\/#organization\"},\"datePublished\":\"2012-11-23T00:33:19-03:00\",\"dateModified\":\"2019-04-15T09:58:25-03:00\",\"inLanguage\":\"pt-BR\",\"mainEntityOfPage\":{\"@id\":\"https:\\\/\\\/www.encontrasantana.com.br\\\/sobre\\\/santana-metro-abre-licitacoes-para-revitalizacao-da-estacao-portuguesa-tiete\\\/#webpage\"},\"isPartOf\":{\"@id\":\"https:\\\/\\\/www.encontrasantana.com.br\\\/sobre\\\/santana-metro-abre-licitacoes-para-revitalizacao-da-estacao-portuguesa-tiete\\\/#webpage\"},\"articleSection\":\"Not\\u00edcias Santana\"},{\"@type\":\"BreadcrumbList\",\"@id\":\"https:\\\/\\\/www.encontrasantana.com.br\\\/sobre\\\/santana-metro-abre-licitacoes-para-revitalizacao-da-estacao-portuguesa-tiete\\\/#breadcrumblist\",\"itemListElement\":[{\"@type\":\"ListItem\",\"@id\":\"https:\\\/\\\/www.encontrasantana.com.br\\\/sobre#listItem\",\"position\":1,\"name\":\"In\\u00edcio\",\"item\":\"https:\\\/\\\/www.encontrasantana.com.br\\\/sobre\",\"nextItem\":{\"@type\":\"ListItem\",\"@id\":\"https:\\\/\\\/www.encontrasantana.com.br\\\/sobre\\\/noticias-em-santana\\\/#listItem\",\"name\":\"Not\\u00edcias Santana\"}},{\"@type\":\"ListItem\",\"@id\":\"https:\\\/\\\/www.encontrasantana.com.br\\\/sobre\\\/noticias-em-santana\\\/#listItem\",\"position\":2,\"name\":\"Not\\u00edcias Santana\",\"item\":\"https:\\\/\\\/www.encontrasantana.com.br\\\/sobre\\\/noticias-em-santana\\\/\",\"nextItem\":{\"@type\":\"ListItem\",\"@id\":\"https:\\\/\\\/www.encontrasantana.com.br\\\/sobre\\\/santana-metro-abre-licitacoes-para-revitalizacao-da-estacao-portuguesa-tiete\\\/#listItem\",\"name\":\"Santana: Metr\\u00f4 abre licita\\u00e7\\u00f5es para revitaliza\\u00e7\\u00e3o da Esta\\u00e7\\u00e3o Portuguesa-Tiet\\u00ea\"},\"previousItem\":{\"@type\":\"ListItem\",\"@id\":\"https:\\\/\\\/www.encontrasantana.com.br\\\/sobre#listItem\",\"name\":\"In\\u00edcio\"}},{\"@type\":\"ListItem\",\"@id\":\"https:\\\/\\\/www.encontrasantana.com.br\\\/sobre\\\/santana-metro-abre-licitacoes-para-revitalizacao-da-estacao-portuguesa-tiete\\\/#listItem\",\"position\":3,\"name\":\"Santana: Metr\\u00f4 abre licita\\u00e7\\u00f5es para revitaliza\\u00e7\\u00e3o da Esta\\u00e7\\u00e3o Portuguesa-Tiet\\u00ea\",\"previousItem\":{\"@type\":\"ListItem\",\"@id\":\"https:\\\/\\\/www.encontrasantana.com.br\\\/sobre\\\/noticias-em-santana\\\/#listItem\",\"name\":\"Not\\u00edcias Santana\"}}]},{\"@type\":\"Organization\",\"@id\":\"https:\\\/\\\/www.encontrasantana.com.br\\\/sobre\\\/#organization\",\"name\":\"Encontra Santana\",\"description\":\"Not\\u00edcias, eventos, informa\\u00e7\\u00f5es e dicas no bairro de Santana e regi\\u00e3o.\",\"url\":\"https:\\\/\\\/www.encontrasantana.com.br\\\/sobre\\\/\"},{\"@type\":\"Person\",\"@id\":\"https:\\\/\\\/www.encontrasantana.com.br\\\/sobre\\\/author\\\/esantana\\\/#author\",\"url\":\"https:\\\/\\\/www.encontrasantana.com.br\\\/sobre\\\/author\\\/esantana\\\/\",\"name\":\"Encontra Santana\",\"image\":{\"@type\":\"ImageObject\",\"@id\":\"https:\\\/\\\/www.encontrasantana.com.br\\\/sobre\\\/santana-metro-abre-licitacoes-para-revitalizacao-da-estacao-portuguesa-tiete\\\/#authorImage\",\"url\":\"https:\\\/\\\/secure.gravatar.com\\\/avatar\\\/0fbed662e37531ae23e68f85f9517b2454e50c1dfebf80eb9b721449ac95e0b9?s=96&d=mm&r=g\",\"width\":96,\"height\":96,\"caption\":\"Encontra Santana\"}},{\"@type\":\"WebPage\",\"@id\":\"https:\\\/\\\/www.encontrasantana.com.br\\\/sobre\\\/santana-metro-abre-licitacoes-para-revitalizacao-da-estacao-portuguesa-tiete\\\/#webpage\",\"url\":\"https:\\\/\\\/www.encontrasantana.com.br\\\/sobre\\\/santana-metro-abre-licitacoes-para-revitalizacao-da-estacao-portuguesa-tiete\\\/\",\"name\":\"Santana: Metr\\u00f4 abre licita\\u00e7\\u00f5es para revitaliza\\u00e7\\u00e3o da Esta\\u00e7\\u00e3o Portuguesa-Tiet\\u00ea \\u00bb Encontra Santana\",\"description\":\"O Metr\\u00f4 da cidade de S\\u00e3o Paulo publicou um edital para a revitaliza\\u00e7\\u00e3o de 21 esta\\u00e7\\u00f5es das linhas 1-Azul, 2-Verde e 3-Vermelha, incluindo torre de ventila\\u00e7\\u00e3o, sa\\u00edda de emerg\\u00eancia e terminal de \\u00f4nibus, quando houver. As obras s\\u00e3o em virtude da realiza\\u00e7\\u00e3o da Copa do Mundo de 2014. O valor base da licita\\u00e7\\u00e3o \\u00e9 de\",\"inLanguage\":\"pt-BR\",\"isPartOf\":{\"@id\":\"https:\\\/\\\/www.encontrasantana.com.br\\\/sobre\\\/#website\"},\"breadcrumb\":{\"@id\":\"https:\\\/\\\/www.encontrasantana.com.br\\\/sobre\\\/santana-metro-abre-licitacoes-para-revitalizacao-da-estacao-portuguesa-tiete\\\/#breadcrumblist\"},\"author\":{\"@id\":\"https:\\\/\\\/www.encontrasantana.com.br\\\/sobre\\\/author\\\/esantana\\\/#author\"},\"creator\":{\"@id\":\"https:\\\/\\\/www.encontrasantana.com.br\\\/sobre\\\/author\\\/esantana\\\/#author\"},\"datePublished\":\"2012-11-23T00:33:19-03:00\",\"dateModified\":\"2019-04-15T09:58:25-03:00\"},{\"@type\":\"WebSite\",\"@id\":\"https:\\\/\\\/www.encontrasantana.com.br\\\/sobre\\\/#website\",\"url\":\"https:\\\/\\\/www.encontrasantana.com.br\\\/sobre\\\/\",\"name\":\"Encontra Santana\",\"description\":\"Not\\u00edcias, eventos, informa\\u00e7\\u00f5es e dicas no bairro de Santana e regi\\u00e3o.\",\"inLanguage\":\"pt-BR\",\"publisher\":{\"@id\":\"https:\\\/\\\/www.encontrasantana.com.br\\\/sobre\\\/#organization\"}}]}\n\t\t<\/script>\n\t\t<!-- All in One SEO -->\n\n","aioseo_head_json":{"title":"Santana: Metr\u00f4 abre licita\u00e7\u00f5es para revitaliza\u00e7\u00e3o da Esta\u00e7\u00e3o Portuguesa-Tiet\u00ea \u00bb Encontra Santana","description":"O Metr\u00f4 da cidade de S\u00e3o Paulo publicou um edital para a revitaliza\u00e7\u00e3o de 21 esta\u00e7\u00f5es das linhas 1-Azul, 2-Verde e 3-Vermelha, incluindo torre de ventila\u00e7\u00e3o, sa\u00edda de emerg\u00eancia e terminal de \u00f4nibus, quando houver. As obras s\u00e3o em virtude da realiza\u00e7\u00e3o da Copa do Mundo de 2014. O valor base da licita\u00e7\u00e3o \u00e9 de","canonical_url":"https:\/\/www.encontrasantana.com.br\/sobre\/santana-metro-abre-licitacoes-para-revitalizacao-da-estacao-portuguesa-tiete\/","robots":"max-image-preview:large","keywords":"","webmasterTools":{"miscellaneous":""},"schema":{"@context":"https:\/\/schema.org","@graph":[{"@type":"Article","@id":"https:\/\/www.encontrasantana.com.br\/sobre\/santana-metro-abre-licitacoes-para-revitalizacao-da-estacao-portuguesa-tiete\/#article","name":"Santana: Metr\u00f4 abre licita\u00e7\u00f5es para revitaliza\u00e7\u00e3o da Esta\u00e7\u00e3o Portuguesa-Tiet\u00ea \u00bb Encontra Santana","headline":"Santana: Metr\u00f4 abre licita\u00e7\u00f5es para revitaliza\u00e7\u00e3o da Esta\u00e7\u00e3o Portuguesa-Tiet\u00ea","author":{"@id":"https:\/\/www.encontrasantana.com.br\/sobre\/author\/esantana\/#author"},"publisher":{"@id":"https:\/\/www.encontrasantana.com.br\/sobre\/#organization"},"datePublished":"2012-11-23T00:33:19-03:00","dateModified":"2019-04-15T09:58:25-03:00","inLanguage":"pt-BR","mainEntityOfPage":{"@id":"https:\/\/www.encontrasantana.com.br\/sobre\/santana-metro-abre-licitacoes-para-revitalizacao-da-estacao-portuguesa-tiete\/#webpage"},"isPartOf":{"@id":"https:\/\/www.encontrasantana.com.br\/sobre\/santana-metro-abre-licitacoes-para-revitalizacao-da-estacao-portuguesa-tiete\/#webpage"},"articleSection":"Not\u00edcias Santana"},{"@type":"BreadcrumbList","@id":"https:\/\/www.encontrasantana.com.br\/sobre\/santana-metro-abre-licitacoes-para-revitalizacao-da-estacao-portuguesa-tiete\/#breadcrumblist","itemListElement":[{"@type":"ListItem","@id":"https:\/\/www.encontrasantana.com.br\/sobre#listItem","position":1,"name":"In\u00edcio","item":"https:\/\/www.encontrasantana.com.br\/sobre","nextItem":{"@type":"ListItem","@id":"https:\/\/www.encontrasantana.com.br\/sobre\/noticias-em-santana\/#listItem","name":"Not\u00edcias Santana"}},{"@type":"ListItem","@id":"https:\/\/www.encontrasantana.com.br\/sobre\/noticias-em-santana\/#listItem","position":2,"name":"Not\u00edcias Santana","item":"https:\/\/www.encontrasantana.com.br\/sobre\/noticias-em-santana\/","nextItem":{"@type":"ListItem","@id":"https:\/\/www.encontrasantana.com.br\/sobre\/santana-metro-abre-licitacoes-para-revitalizacao-da-estacao-portuguesa-tiete\/#listItem","name":"Santana: Metr\u00f4 abre licita\u00e7\u00f5es para revitaliza\u00e7\u00e3o da Esta\u00e7\u00e3o Portuguesa-Tiet\u00ea"},"previousItem":{"@type":"ListItem","@id":"https:\/\/www.encontrasantana.com.br\/sobre#listItem","name":"In\u00edcio"}},{"@type":"ListItem","@id":"https:\/\/www.encontrasantana.com.br\/sobre\/santana-metro-abre-licitacoes-para-revitalizacao-da-estacao-portuguesa-tiete\/#listItem","position":3,"name":"Santana: Metr\u00f4 abre licita\u00e7\u00f5es para revitaliza\u00e7\u00e3o da Esta\u00e7\u00e3o Portuguesa-Tiet\u00ea","previousItem":{"@type":"ListItem","@id":"https:\/\/www.encontrasantana.com.br\/sobre\/noticias-em-santana\/#listItem","name":"Not\u00edcias Santana"}}]},{"@type":"Organization","@id":"https:\/\/www.encontrasantana.com.br\/sobre\/#organization","name":"Encontra Santana","description":"Not\u00edcias, eventos, informa\u00e7\u00f5es e dicas no bairro de Santana e regi\u00e3o.","url":"https:\/\/www.encontrasantana.com.br\/sobre\/"},{"@type":"Person","@id":"https:\/\/www.encontrasantana.com.br\/sobre\/author\/esantana\/#author","url":"https:\/\/www.encontrasantana.com.br\/sobre\/author\/esantana\/","name":"Encontra Santana","image":{"@type":"ImageObject","@id":"https:\/\/www.encontrasantana.com.br\/sobre\/santana-metro-abre-licitacoes-para-revitalizacao-da-estacao-portuguesa-tiete\/#authorImage","url":"https:\/\/secure.gravatar.com\/avatar\/0fbed662e37531ae23e68f85f9517b2454e50c1dfebf80eb9b721449ac95e0b9?s=96&d=mm&r=g","width":96,"height":96,"caption":"Encontra Santana"}},{"@type":"WebPage","@id":"https:\/\/www.encontrasantana.com.br\/sobre\/santana-metro-abre-licitacoes-para-revitalizacao-da-estacao-portuguesa-tiete\/#webpage","url":"https:\/\/www.encontrasantana.com.br\/sobre\/santana-metro-abre-licitacoes-para-revitalizacao-da-estacao-portuguesa-tiete\/","name":"Santana: Metr\u00f4 abre licita\u00e7\u00f5es para revitaliza\u00e7\u00e3o da Esta\u00e7\u00e3o Portuguesa-Tiet\u00ea \u00bb Encontra Santana","description":"O Metr\u00f4 da cidade de S\u00e3o Paulo publicou um edital para a revitaliza\u00e7\u00e3o de 21 esta\u00e7\u00f5es das linhas 1-Azul, 2-Verde e 3-Vermelha, incluindo torre de ventila\u00e7\u00e3o, sa\u00edda de emerg\u00eancia e terminal de \u00f4nibus, quando houver. As obras s\u00e3o em virtude da realiza\u00e7\u00e3o da Copa do Mundo de 2014. O valor base da licita\u00e7\u00e3o \u00e9 de","inLanguage":"pt-BR","isPartOf":{"@id":"https:\/\/www.encontrasantana.com.br\/sobre\/#website"},"breadcrumb":{"@id":"https:\/\/www.encontrasantana.com.br\/sobre\/santana-metro-abre-licitacoes-para-revitalizacao-da-estacao-portuguesa-tiete\/#breadcrumblist"},"author":{"@id":"https:\/\/www.encontrasantana.com.br\/sobre\/author\/esantana\/#author"},"creator":{"@id":"https:\/\/www.encontrasantana.com.br\/sobre\/author\/esantana\/#author"},"datePublished":"2012-11-23T00:33:19-03:00","dateModified":"2019-04-15T09:58:25-03:00"},{"@type":"WebSite","@id":"https:\/\/www.encontrasantana.com.br\/sobre\/#website","url":"https:\/\/www.encontrasantana.com.br\/sobre\/","name":"Encontra Santana","description":"Not\u00edcias, eventos, informa\u00e7\u00f5es e dicas no bairro de Santana e regi\u00e3o.","inLanguage":"pt-BR","publisher":{"@id":"https:\/\/www.encontrasantana.com.br\/sobre\/#organization"}}]},"og:locale":"pt_BR","og:site_name":"Encontra Santana | Not\u00edcias, eventos, informa\u00e7\u00f5es e dicas no bairro de Santana e regi\u00e3o.","og:type":"article","og:title":"Santana: Metr\u00f4 abre licita\u00e7\u00f5es para revitaliza\u00e7\u00e3o da Esta\u00e7\u00e3o Portuguesa-Tiet\u00ea \u00bb Encontra Santana","og:description":"O Metr\u00f4 da cidade de S\u00e3o Paulo publicou um edital para a revitaliza\u00e7\u00e3o de 21 esta\u00e7\u00f5es das linhas 1-Azul, 2-Verde e 3-Vermelha, incluindo torre de ventila\u00e7\u00e3o, sa\u00edda de emerg\u00eancia e terminal de \u00f4nibus, quando houver. As obras s\u00e3o em virtude da realiza\u00e7\u00e3o da Copa do Mundo de 2014. O valor base da licita\u00e7\u00e3o \u00e9 de","og:url":"https:\/\/www.encontrasantana.com.br\/sobre\/santana-metro-abre-licitacoes-para-revitalizacao-da-estacao-portuguesa-tiete\/","article:published_time":"2012-11-23T03:33:19+00:00","article:modified_time":"2019-04-15T12:58:25+00:00","twitter:card":"summary","twitter:title":"Santana: Metr\u00f4 abre licita\u00e7\u00f5es para revitaliza\u00e7\u00e3o da Esta\u00e7\u00e3o Portuguesa-Tiet\u00ea \u00bb Encontra Santana","twitter:description":"O Metr\u00f4 da cidade de S\u00e3o Paulo publicou um edital para a revitaliza\u00e7\u00e3o de 21 esta\u00e7\u00f5es das linhas 1-Azul, 2-Verde e 3-Vermelha, incluindo torre de ventila\u00e7\u00e3o, sa\u00edda de emerg\u00eancia e terminal de \u00f4nibus, quando houver. As obras s\u00e3o em virtude da realiza\u00e7\u00e3o da Copa do Mundo de 2014. O valor base da licita\u00e7\u00e3o \u00e9 de"},"aioseo_meta_data":{"post_id":"39020","title":null,"description":null,"keywords":null,"keyphrases":null,"primary_term":null,"canonical_url":null,"og_title":null,"og_description":null,"og_object_type":"default","og_image_type":"default","og_image_url":null,"og_image_width":null,"og_image_height":null,"og_image_custom_url":null,"og_image_custom_fields":null,"og_video":null,"og_custom_url":null,"og_article_section":null,"og_article_tags":null,"twitter_use_og":false,"twitter_card":"default","twitter_image_type":"default","twitter_image_url":null,"twitter_image_custom_url":null,"twitter_image_custom_fields":null,"twitter_title":null,"twitter_description":null,"schema":{"blockGraphs":[],"customGraphs":[],"default":{"data":{"Article":[],"Course":[],"Dataset":[],"FAQPage":[],"Movie":[],"Person":[],"Product":[],"ProductReview":[],"Car":[],"Recipe":[],"Service":[],"SoftwareApplication":[],"WebPage":[]},"graphName":"Article","isEnabled":true},"graphs":[]},"schema_type":null,"schema_type_options":null,"pillar_content":false,"robots_default":true,"robots_noindex":false,"robots_noarchive":false,"robots_nosnippet":false,"robots_nofollow":false,"robots_noimageindex":false,"robots_noodp":false,"robots_notranslate":false,"robots_max_snippet":null,"robots_max_videopreview":null,"robots_max_imagepreview":"large","priority":null,"frequency":null,"local_seo":null,"limit_modified_date":false,"created":"2021-04-20 18:36:01","updated":"2026-08-06 10:24:57","focus_keyword":null,"additional_keywords":null,"truseo_locale":null,"ai":null,"breadcrumb_settings":null,"seo_analyzer_scan_date":null},"aioseo_breadcrumb":"<div class=\"aioseo-breadcrumbs\"><span class=\"aioseo-breadcrumb\">\n\t\t\t<a href=\"https:\/\/www.encontrasantana.com.br\/sobre\" title=\"In\u00edcio\">In\u00edcio<\/a>\n\t\t<\/span><span class=\"aioseo-breadcrumb-separator\">&raquo;<\/span><span class=\"aioseo-breadcrumb\">\n\t\t\t<a href=\"https:\/\/www.encontrasantana.com.br\/sobre\/noticias-em-santana\/\" title=\"Not\u00edcias Santana\">Not\u00edcias Santana<\/a>\n\t\t<\/span><span class=\"aioseo-breadcrumb-separator\">&raquo;<\/span><span class=\"aioseo-breadcrumb\">\n\t\t\tSantana: Metr\u00f4 abre licita\u00e7\u00f5es para revitaliza\u00e7\u00e3o da Esta\u00e7\u00e3o Portuguesa-Tiet\u00ea\n\t\t<\/span><\/div>","aioseo_breadcrumb_json":[{"label":"In\u00edcio","link":"https:\/\/www.encontrasantana.com.br\/sobre"},{"label":"Not\u00edcias Santana","link":"https:\/\/www.encontrasantana.com.br\/sobre\/noticias-em-santana\/"},{"label":"Santana: Metr\u00f4 abre licita\u00e7\u00f5es para revitaliza\u00e7\u00e3o da Esta\u00e7\u00e3o Portuguesa-Tiet\u00ea","link":"https:\/\/www.encontrasantana.com.br\/sobre\/santana-metro-abre-licitacoes-para-revitalizacao-da-estacao-portuguesa-tiete\/"}],"_links":{"self":[{"href":"https:\/\/www.encontrasantana.com.br\/sobre\/wp-json\/wp\/v2\/posts\/39020","targetHints":{"allow":["GET"]}}],"collection":[{"href":"https:\/\/www.encontrasantana.com.br\/sobre\/wp-json\/wp\/v2\/posts"}],"about":[{"href":"https:\/\/www.encontrasantana.com.br\/sobre\/wp-json\/wp\/v2\/types\/post"}],"author":[{"embeddable":true,"href":"https:\/\/www.encontrasantana.com.br\/sobre\/wp-json\/wp\/v2\/users\/1"}],"replies":[{"embeddable":true,"href":"https:\/\/www.encontrasantana.com.br\/sobre\/wp-json\/wp\/v2\/comments?post=39020"}],"version-history":[{"count":0,"href":"https:\/\/www.encontrasantana.com.br\/sobre\/wp-json\/wp\/v2\/posts\/39020\/revisions"}],"wp:attachment":[{"href":"https:\/\/www.encontrasantana.com.br\/sobre\/wp-json\/wp\/v2\/media?parent=39020"}],"wp:term":[{"taxonomy":"category","embeddable":true,"href":"https:\/\/www.encontrasantana.com.br\/sobre\/wp-json\/wp\/v2\/categories?post=39020"},{"taxonomy":"post_tag","embeddable":true,"href":"https:\/\/www.encontrasantana.com.br\/sobre\/wp-json\/wp\/v2\/tags?post=39020"}],"curies":[{"name":"wp","href":"https:\/\/api.w.org\/{rel}","templated":true}]}}