{"id":39049,"date":"2012-12-24T10:19:30","date_gmt":"2012-12-24T13:19:30","guid":{"rendered":"http:\/\/www.encontrasantana.com.br\/blog\/?p=39049"},"modified":"2019-04-15T09:58:23","modified_gmt":"2019-04-15T12:58:23","slug":"a-equipe-do-encontra-santana-deseja-a-todos-os-leitores-um-feliz-natal","status":"publish","type":"post","link":"https:\/\/www.encontrasantana.com.br\/sobre\/a-equipe-do-encontra-santana-deseja-a-todos-os-leitores-um-feliz-natal\/","title":{"rendered":"A Equipe do Encontra Santana deseja a todos os leitores um Feliz Natal"},"content":{"rendered":"<div class=\"1acf8468e559fd3cbeec5aee3a269a52\" data-index=\"1\" style=\"float: none; margin:0px;\">\n<!-- Anuncio display - global -->\r\n<ins class=\"adsbygoogle\"\r\n     style=\"display:block\"\r\n     data-ad-client=\"ca-pub-8585364105181520\"\r\n     data-ad-slot=\"8789329856\"\r\n     data-ad-format=\"auto\"\r\n     data-full-width-responsive=\"true\"><\/ins>\r\n<script>\r\n     (adsbygoogle = window.adsbygoogle || []).push({});\r\n<\/script>\n<\/div>\n<p>Por tudo que voc\u00ea representa para n\u00f3s, queremos dedicar os melhores votos de um Natal cheio de paz. Que n\u00f3s possamos continuar na miss\u00e3o de levar emo\u00e7\u00e3o, de desejar felicidades, de reconciliar sentimentos e de encurtar dist\u00e2ncias atrav\u00e9s das palavras, que juntas formam mensagens que agora dedicamos a voc\u00ea. Desejamos que neste Natal, a luz que guia o mundo possa tamb\u00e9m clarear os seus sonhos e desejos.<br \/>\n<strong><br \/>\nA Origem do Natal<\/strong><\/p>\n<p>Os primeiros ind\u00edcios da comemora\u00e7\u00e3o de uma festa crist\u00e3 lit\u00fargica do nascimento de Jesus em 25 de dezembro s\u00e3o a partir do Cron\u00f3grafo de 354. Essa comemora\u00e7\u00e3o come\u00e7ou em Roma, enquanto no cristianismo oriental o nascimento de Jesus j\u00e1 era celebrado em conex\u00e3o com a Epifania, em 6 de janeiro. A comemora\u00e7\u00e3o em 25 de dezembro foi importada para o oriente mais tarde: em Antioquia por Jo\u00e3o Cris\u00f3stomo, no final do s\u00e9culo IV, provavelmente, em 388, e em Alexandria somente no s\u00e9culo seguinte. Mesmo no ocidente, a celebra\u00e7\u00e3o da natividade de Jesus em 6 de janeiro parece ter continuado at\u00e9 depois de 380.<\/p>\n<p>No ano 350, o Papa J\u00falio I levou a efeito uma investiga\u00e7\u00e3o pormenorizada e proclamou o dia 25 de Dezembro como data oficial e o Imperador Justiniano, em 529, declarou-o feriado nacional.<\/p>\n\n<div style=\"font-size: 0px; height: 0px; line-height: 0px; margin: 0; padding: 0; clear: both;\"><\/div>","protected":false},"excerpt":{"rendered":"<p>Por tudo que voc\u00ea representa para n\u00f3s, queremos dedicar os melhores votos de um Natal cheio de paz. Que n\u00f3s possamos continuar na miss\u00e3o de levar emo\u00e7\u00e3o, de desejar felicidades, de reconciliar sentimentos e de encurtar dist\u00e2ncias atrav\u00e9s das palavras, que juntas formam mensagens que agora dedicamos a voc\u00ea. Desejamos que neste Natal, a luz que guia o mundo possa tamb\u00e9m clarear os seus sonhos e desejos. A Origem do Natal Os primeiros ind\u00edcios da comemora\u00e7\u00e3o de uma festa crist\u00e3 lit\u00fargica do nascimento de Jesus em 25 de dezembro s\u00e3o a partir do Cron\u00f3grafo de 354. Essa comemora\u00e7\u00e3o come\u00e7ou em <\/p>\n","protected":false},"author":1,"featured_media":0,"comment_status":"open","ping_status":"closed","sticky":false,"template":"","format":"standard","meta":{"footnotes":""},"categories":[3],"tags":[10],"class_list":["post-39049","post","type-post","status-publish","format-standard","hentry","category-noticias-em-santana","tag-santana"],"aioseo_notices":[],"aioseo_head":"\n\t\t<!-- All in One SEO 5.0.0.1 - aioseo.com -->\n\t<meta name=\"description\" content=\"Por tudo que voc\u00ea representa para n\u00f3s, queremos dedicar os melhores votos de um Natal cheio de paz. Que n\u00f3s possamos continuar na miss\u00e3o de levar emo\u00e7\u00e3o, de desejar felicidades, de reconciliar sentimentos e de encurtar dist\u00e2ncias atrav\u00e9s das palavras, que juntas formam mensagens que agora dedicamos a voc\u00ea. Desejamos que neste Natal, a luz\" \/>\n\t<meta name=\"robots\" content=\"max-image-preview:large\" \/>\n\t<meta name=\"author\" content=\"Encontra Santana\"\/>\n\t<link rel=\"canonical\" href=\"https:\/\/www.encontrasantana.com.br\/sobre\/a-equipe-do-encontra-santana-deseja-a-todos-os-leitores-um-feliz-natal\/\" \/>\n\t<meta name=\"generator\" content=\"All in One SEO (AIOSEO) 5.0.0.1\" \/>\n\t\t<meta property=\"og:locale\" content=\"pt_BR\" \/>\n\t\t<meta property=\"og:site_name\" content=\"Encontra Santana | Not\u00edcias, eventos, informa\u00e7\u00f5es e dicas no bairro de Santana e regi\u00e3o.\" \/>\n\t\t<meta property=\"og:type\" content=\"article\" \/>\n\t\t<meta property=\"og:title\" content=\"A Equipe do Encontra Santana deseja a todos os leitores um Feliz Natal \u00bb Encontra Santana\" \/>\n\t\t<meta property=\"og:description\" content=\"Por tudo que voc\u00ea representa para n\u00f3s, queremos dedicar os melhores votos de um Natal cheio de paz. Que n\u00f3s possamos continuar na miss\u00e3o de levar emo\u00e7\u00e3o, de desejar felicidades, de reconciliar sentimentos e de encurtar dist\u00e2ncias atrav\u00e9s das palavras, que juntas formam mensagens que agora dedicamos a voc\u00ea. Desejamos que neste Natal, a luz\" \/>\n\t\t<meta property=\"og:url\" content=\"https:\/\/www.encontrasantana.com.br\/sobre\/a-equipe-do-encontra-santana-deseja-a-todos-os-leitores-um-feliz-natal\/\" \/>\n\t\t<meta property=\"article:published_time\" content=\"2012-12-24T13:19:30+00:00\" \/>\n\t\t<meta property=\"article:modified_time\" content=\"2019-04-15T12:58:23+00:00\" \/>\n\t\t<meta name=\"twitter:card\" content=\"summary\" \/>\n\t\t<meta name=\"twitter:title\" content=\"A Equipe do Encontra Santana deseja a todos os leitores um Feliz Natal \u00bb Encontra Santana\" \/>\n\t\t<meta name=\"twitter:description\" content=\"Por tudo que voc\u00ea representa para n\u00f3s, queremos dedicar os melhores votos de um Natal cheio de paz. Que n\u00f3s possamos continuar na miss\u00e3o de levar emo\u00e7\u00e3o, de desejar felicidades, de reconciliar sentimentos e de encurtar dist\u00e2ncias atrav\u00e9s das palavras, que juntas formam mensagens que agora dedicamos a voc\u00ea. Desejamos que neste Natal, a luz\" \/>\n\t\t<script type=\"application\/ld+json\" class=\"aioseo-schema\">\n\t\t\t{\"@context\":\"https:\\\/\\\/schema.org\",\"@graph\":[{\"@type\":\"Article\",\"@id\":\"https:\\\/\\\/www.encontrasantana.com.br\\\/sobre\\\/a-equipe-do-encontra-santana-deseja-a-todos-os-leitores-um-feliz-natal\\\/#article\",\"name\":\"A Equipe do Encontra Santana deseja a todos os leitores um Feliz Natal \\u00bb Encontra Santana\",\"headline\":\"A Equipe do Encontra Santana deseja a todos os leitores um Feliz Natal\",\"author\":{\"@id\":\"https:\\\/\\\/www.encontrasantana.com.br\\\/sobre\\\/author\\\/esantana\\\/#author\"},\"publisher\":{\"@id\":\"https:\\\/\\\/www.encontrasantana.com.br\\\/sobre\\\/#organization\"},\"datePublished\":\"2012-12-24T10:19:30-03:00\",\"dateModified\":\"2019-04-15T09:58:23-03:00\",\"inLanguage\":\"pt-BR\",\"mainEntityOfPage\":{\"@id\":\"https:\\\/\\\/www.encontrasantana.com.br\\\/sobre\\\/a-equipe-do-encontra-santana-deseja-a-todos-os-leitores-um-feliz-natal\\\/#webpage\"},\"isPartOf\":{\"@id\":\"https:\\\/\\\/www.encontrasantana.com.br\\\/sobre\\\/a-equipe-do-encontra-santana-deseja-a-todos-os-leitores-um-feliz-natal\\\/#webpage\"},\"articleSection\":\"Not\\u00edcias Santana, Santana\"},{\"@type\":\"BreadcrumbList\",\"@id\":\"https:\\\/\\\/www.encontrasantana.com.br\\\/sobre\\\/a-equipe-do-encontra-santana-deseja-a-todos-os-leitores-um-feliz-natal\\\/#breadcrumblist\",\"itemListElement\":[{\"@type\":\"ListItem\",\"@id\":\"https:\\\/\\\/www.encontrasantana.com.br\\\/sobre#listItem\",\"position\":1,\"name\":\"In\\u00edcio\",\"item\":\"https:\\\/\\\/www.encontrasantana.com.br\\\/sobre\",\"nextItem\":{\"@type\":\"ListItem\",\"@id\":\"https:\\\/\\\/www.encontrasantana.com.br\\\/sobre\\\/noticias-em-santana\\\/#listItem\",\"name\":\"Not\\u00edcias Santana\"}},{\"@type\":\"ListItem\",\"@id\":\"https:\\\/\\\/www.encontrasantana.com.br\\\/sobre\\\/noticias-em-santana\\\/#listItem\",\"position\":2,\"name\":\"Not\\u00edcias Santana\",\"item\":\"https:\\\/\\\/www.encontrasantana.com.br\\\/sobre\\\/noticias-em-santana\\\/\",\"nextItem\":{\"@type\":\"ListItem\",\"@id\":\"https:\\\/\\\/www.encontrasantana.com.br\\\/sobre\\\/a-equipe-do-encontra-santana-deseja-a-todos-os-leitores-um-feliz-natal\\\/#listItem\",\"name\":\"A Equipe do Encontra Santana deseja a todos os leitores um Feliz Natal\"},\"previousItem\":{\"@type\":\"ListItem\",\"@id\":\"https:\\\/\\\/www.encontrasantana.com.br\\\/sobre#listItem\",\"name\":\"In\\u00edcio\"}},{\"@type\":\"ListItem\",\"@id\":\"https:\\\/\\\/www.encontrasantana.com.br\\\/sobre\\\/a-equipe-do-encontra-santana-deseja-a-todos-os-leitores-um-feliz-natal\\\/#listItem\",\"position\":3,\"name\":\"A Equipe do Encontra Santana deseja a todos os leitores um Feliz Natal\",\"previousItem\":{\"@type\":\"ListItem\",\"@id\":\"https:\\\/\\\/www.encontrasantana.com.br\\\/sobre\\\/noticias-em-santana\\\/#listItem\",\"name\":\"Not\\u00edcias Santana\"}}]},{\"@type\":\"Organization\",\"@id\":\"https:\\\/\\\/www.encontrasantana.com.br\\\/sobre\\\/#organization\",\"name\":\"Encontra Santana\",\"description\":\"Not\\u00edcias, eventos, informa\\u00e7\\u00f5es e dicas no bairro de Santana e regi\\u00e3o.\",\"url\":\"https:\\\/\\\/www.encontrasantana.com.br\\\/sobre\\\/\"},{\"@type\":\"Person\",\"@id\":\"https:\\\/\\\/www.encontrasantana.com.br\\\/sobre\\\/author\\\/esantana\\\/#author\",\"url\":\"https:\\\/\\\/www.encontrasantana.com.br\\\/sobre\\\/author\\\/esantana\\\/\",\"name\":\"Encontra Santana\",\"image\":{\"@type\":\"ImageObject\",\"@id\":\"https:\\\/\\\/www.encontrasantana.com.br\\\/sobre\\\/a-equipe-do-encontra-santana-deseja-a-todos-os-leitores-um-feliz-natal\\\/#authorImage\",\"url\":\"https:\\\/\\\/secure.gravatar.com\\\/avatar\\\/0fbed662e37531ae23e68f85f9517b2454e50c1dfebf80eb9b721449ac95e0b9?s=96&d=mm&r=g\",\"width\":96,\"height\":96,\"caption\":\"Encontra Santana\"}},{\"@type\":\"WebPage\",\"@id\":\"https:\\\/\\\/www.encontrasantana.com.br\\\/sobre\\\/a-equipe-do-encontra-santana-deseja-a-todos-os-leitores-um-feliz-natal\\\/#webpage\",\"url\":\"https:\\\/\\\/www.encontrasantana.com.br\\\/sobre\\\/a-equipe-do-encontra-santana-deseja-a-todos-os-leitores-um-feliz-natal\\\/\",\"name\":\"A Equipe do Encontra Santana deseja a todos os leitores um Feliz Natal \\u00bb Encontra Santana\",\"description\":\"Por tudo que voc\\u00ea representa para n\\u00f3s, queremos dedicar os melhores votos de um Natal cheio de paz. Que n\\u00f3s possamos continuar na miss\\u00e3o de levar emo\\u00e7\\u00e3o, de desejar felicidades, de reconciliar sentimentos e de encurtar dist\\u00e2ncias atrav\\u00e9s das palavras, que juntas formam mensagens que agora dedicamos a voc\\u00ea. Desejamos que neste Natal, a luz\",\"inLanguage\":\"pt-BR\",\"isPartOf\":{\"@id\":\"https:\\\/\\\/www.encontrasantana.com.br\\\/sobre\\\/#website\"},\"breadcrumb\":{\"@id\":\"https:\\\/\\\/www.encontrasantana.com.br\\\/sobre\\\/a-equipe-do-encontra-santana-deseja-a-todos-os-leitores-um-feliz-natal\\\/#breadcrumblist\"},\"author\":{\"@id\":\"https:\\\/\\\/www.encontrasantana.com.br\\\/sobre\\\/author\\\/esantana\\\/#author\"},\"creator\":{\"@id\":\"https:\\\/\\\/www.encontrasantana.com.br\\\/sobre\\\/author\\\/esantana\\\/#author\"},\"datePublished\":\"2012-12-24T10:19:30-03:00\",\"dateModified\":\"2019-04-15T09:58:23-03:00\"},{\"@type\":\"WebSite\",\"@id\":\"https:\\\/\\\/www.encontrasantana.com.br\\\/sobre\\\/#website\",\"url\":\"https:\\\/\\\/www.encontrasantana.com.br\\\/sobre\\\/\",\"name\":\"Encontra Santana\",\"description\":\"Not\\u00edcias, eventos, informa\\u00e7\\u00f5es e dicas no bairro de Santana e regi\\u00e3o.\",\"inLanguage\":\"pt-BR\",\"publisher\":{\"@id\":\"https:\\\/\\\/www.encontrasantana.com.br\\\/sobre\\\/#organization\"}}]}\n\t\t<\/script>\n\t\t<!-- All in One SEO -->\n\n","aioseo_head_json":{"title":"A Equipe do Encontra Santana deseja a todos os leitores um Feliz Natal \u00bb Encontra Santana","description":"Por tudo que voc\u00ea representa para n\u00f3s, queremos dedicar os melhores votos de um Natal cheio de paz. Que n\u00f3s possamos continuar na miss\u00e3o de levar emo\u00e7\u00e3o, de desejar felicidades, de reconciliar sentimentos e de encurtar dist\u00e2ncias atrav\u00e9s das palavras, que juntas formam mensagens que agora dedicamos a voc\u00ea. Desejamos que neste Natal, a luz","canonical_url":"https:\/\/www.encontrasantana.com.br\/sobre\/a-equipe-do-encontra-santana-deseja-a-todos-os-leitores-um-feliz-natal\/","robots":"max-image-preview:large","keywords":"","webmasterTools":{"miscellaneous":""},"schema":{"@context":"https:\/\/schema.org","@graph":[{"@type":"Article","@id":"https:\/\/www.encontrasantana.com.br\/sobre\/a-equipe-do-encontra-santana-deseja-a-todos-os-leitores-um-feliz-natal\/#article","name":"A Equipe do Encontra Santana deseja a todos os leitores um Feliz Natal \u00bb Encontra Santana","headline":"A Equipe do Encontra Santana deseja a todos os leitores um Feliz Natal","author":{"@id":"https:\/\/www.encontrasantana.com.br\/sobre\/author\/esantana\/#author"},"publisher":{"@id":"https:\/\/www.encontrasantana.com.br\/sobre\/#organization"},"datePublished":"2012-12-24T10:19:30-03:00","dateModified":"2019-04-15T09:58:23-03:00","inLanguage":"pt-BR","mainEntityOfPage":{"@id":"https:\/\/www.encontrasantana.com.br\/sobre\/a-equipe-do-encontra-santana-deseja-a-todos-os-leitores-um-feliz-natal\/#webpage"},"isPartOf":{"@id":"https:\/\/www.encontrasantana.com.br\/sobre\/a-equipe-do-encontra-santana-deseja-a-todos-os-leitores-um-feliz-natal\/#webpage"},"articleSection":"Not\u00edcias Santana, Santana"},{"@type":"BreadcrumbList","@id":"https:\/\/www.encontrasantana.com.br\/sobre\/a-equipe-do-encontra-santana-deseja-a-todos-os-leitores-um-feliz-natal\/#breadcrumblist","itemListElement":[{"@type":"ListItem","@id":"https:\/\/www.encontrasantana.com.br\/sobre#listItem","position":1,"name":"In\u00edcio","item":"https:\/\/www.encontrasantana.com.br\/sobre","nextItem":{"@type":"ListItem","@id":"https:\/\/www.encontrasantana.com.br\/sobre\/noticias-em-santana\/#listItem","name":"Not\u00edcias Santana"}},{"@type":"ListItem","@id":"https:\/\/www.encontrasantana.com.br\/sobre\/noticias-em-santana\/#listItem","position":2,"name":"Not\u00edcias Santana","item":"https:\/\/www.encontrasantana.com.br\/sobre\/noticias-em-santana\/","nextItem":{"@type":"ListItem","@id":"https:\/\/www.encontrasantana.com.br\/sobre\/a-equipe-do-encontra-santana-deseja-a-todos-os-leitores-um-feliz-natal\/#listItem","name":"A Equipe do Encontra Santana deseja a todos os leitores um Feliz Natal"},"previousItem":{"@type":"ListItem","@id":"https:\/\/www.encontrasantana.com.br\/sobre#listItem","name":"In\u00edcio"}},{"@type":"ListItem","@id":"https:\/\/www.encontrasantana.com.br\/sobre\/a-equipe-do-encontra-santana-deseja-a-todos-os-leitores-um-feliz-natal\/#listItem","position":3,"name":"A Equipe do Encontra Santana deseja a todos os leitores um Feliz Natal","previousItem":{"@type":"ListItem","@id":"https:\/\/www.encontrasantana.com.br\/sobre\/noticias-em-santana\/#listItem","name":"Not\u00edcias Santana"}}]},{"@type":"Organization","@id":"https:\/\/www.encontrasantana.com.br\/sobre\/#organization","name":"Encontra Santana","description":"Not\u00edcias, eventos, informa\u00e7\u00f5es e dicas no bairro de Santana e regi\u00e3o.","url":"https:\/\/www.encontrasantana.com.br\/sobre\/"},{"@type":"Person","@id":"https:\/\/www.encontrasantana.com.br\/sobre\/author\/esantana\/#author","url":"https:\/\/www.encontrasantana.com.br\/sobre\/author\/esantana\/","name":"Encontra Santana","image":{"@type":"ImageObject","@id":"https:\/\/www.encontrasantana.com.br\/sobre\/a-equipe-do-encontra-santana-deseja-a-todos-os-leitores-um-feliz-natal\/#authorImage","url":"https:\/\/secure.gravatar.com\/avatar\/0fbed662e37531ae23e68f85f9517b2454e50c1dfebf80eb9b721449ac95e0b9?s=96&d=mm&r=g","width":96,"height":96,"caption":"Encontra Santana"}},{"@type":"WebPage","@id":"https:\/\/www.encontrasantana.com.br\/sobre\/a-equipe-do-encontra-santana-deseja-a-todos-os-leitores-um-feliz-natal\/#webpage","url":"https:\/\/www.encontrasantana.com.br\/sobre\/a-equipe-do-encontra-santana-deseja-a-todos-os-leitores-um-feliz-natal\/","name":"A Equipe do Encontra Santana deseja a todos os leitores um Feliz Natal \u00bb Encontra Santana","description":"Por tudo que voc\u00ea representa para n\u00f3s, queremos dedicar os melhores votos de um Natal cheio de paz. Que n\u00f3s possamos continuar na miss\u00e3o de levar emo\u00e7\u00e3o, de desejar felicidades, de reconciliar sentimentos e de encurtar dist\u00e2ncias atrav\u00e9s das palavras, que juntas formam mensagens que agora dedicamos a voc\u00ea. Desejamos que neste Natal, a luz","inLanguage":"pt-BR","isPartOf":{"@id":"https:\/\/www.encontrasantana.com.br\/sobre\/#website"},"breadcrumb":{"@id":"https:\/\/www.encontrasantana.com.br\/sobre\/a-equipe-do-encontra-santana-deseja-a-todos-os-leitores-um-feliz-natal\/#breadcrumblist"},"author":{"@id":"https:\/\/www.encontrasantana.com.br\/sobre\/author\/esantana\/#author"},"creator":{"@id":"https:\/\/www.encontrasantana.com.br\/sobre\/author\/esantana\/#author"},"datePublished":"2012-12-24T10:19:30-03:00","dateModified":"2019-04-15T09:58:23-03:00"},{"@type":"WebSite","@id":"https:\/\/www.encontrasantana.com.br\/sobre\/#website","url":"https:\/\/www.encontrasantana.com.br\/sobre\/","name":"Encontra Santana","description":"Not\u00edcias, eventos, informa\u00e7\u00f5es e dicas no bairro de Santana e regi\u00e3o.","inLanguage":"pt-BR","publisher":{"@id":"https:\/\/www.encontrasantana.com.br\/sobre\/#organization"}}]},"og:locale":"pt_BR","og:site_name":"Encontra Santana | Not\u00edcias, eventos, informa\u00e7\u00f5es e dicas no bairro de Santana e regi\u00e3o.","og:type":"article","og:title":"A Equipe do Encontra Santana deseja a todos os leitores um Feliz Natal \u00bb Encontra Santana","og:description":"Por tudo que voc\u00ea representa para n\u00f3s, queremos dedicar os melhores votos de um Natal cheio de paz. Que n\u00f3s possamos continuar na miss\u00e3o de levar emo\u00e7\u00e3o, de desejar felicidades, de reconciliar sentimentos e de encurtar dist\u00e2ncias atrav\u00e9s das palavras, que juntas formam mensagens que agora dedicamos a voc\u00ea. Desejamos que neste Natal, a luz","og:url":"https:\/\/www.encontrasantana.com.br\/sobre\/a-equipe-do-encontra-santana-deseja-a-todos-os-leitores-um-feliz-natal\/","article:published_time":"2012-12-24T13:19:30+00:00","article:modified_time":"2019-04-15T12:58:23+00:00","twitter:card":"summary","twitter:title":"A Equipe do Encontra Santana deseja a todos os leitores um Feliz Natal \u00bb Encontra Santana","twitter:description":"Por tudo que voc\u00ea representa para n\u00f3s, queremos dedicar os melhores votos de um Natal cheio de paz. Que n\u00f3s possamos continuar na miss\u00e3o de levar emo\u00e7\u00e3o, de desejar felicidades, de reconciliar sentimentos e de encurtar dist\u00e2ncias atrav\u00e9s das palavras, que juntas formam mensagens que agora dedicamos a voc\u00ea. Desejamos que neste Natal, a luz"},"aioseo_meta_data":{"post_id":"39049","title":null,"description":null,"keywords":null,"keyphrases":null,"primary_term":null,"canonical_url":null,"og_title":null,"og_description":null,"og_object_type":"default","og_image_type":"default","og_image_url":null,"og_image_width":null,"og_image_height":null,"og_image_custom_url":null,"og_image_custom_fields":null,"og_video":null,"og_custom_url":null,"og_article_section":null,"og_article_tags":null,"twitter_use_og":false,"twitter_card":"default","twitter_image_type":"default","twitter_image_url":null,"twitter_image_custom_url":null,"twitter_image_custom_fields":null,"twitter_title":null,"twitter_description":null,"schema":{"blockGraphs":[],"customGraphs":[],"default":{"data":{"Article":[],"Course":[],"Dataset":[],"FAQPage":[],"Movie":[],"Person":[],"Product":[],"ProductReview":[],"Car":[],"Recipe":[],"Service":[],"SoftwareApplication":[],"WebPage":[]},"graphName":"Article","isEnabled":true},"graphs":[]},"schema_type":null,"schema_type_options":null,"pillar_content":false,"robots_default":true,"robots_noindex":false,"robots_noarchive":false,"robots_nosnippet":false,"robots_nofollow":false,"robots_noimageindex":false,"robots_noodp":false,"robots_notranslate":false,"robots_max_snippet":null,"robots_max_videopreview":null,"robots_max_imagepreview":"large","priority":null,"frequency":null,"local_seo":null,"limit_modified_date":false,"created":"2021-04-20 18:36:01","updated":"2026-08-07 00:09:25","focus_keyword":null,"additional_keywords":null,"truseo_locale":null,"ai":null,"breadcrumb_settings":null,"seo_analyzer_scan_date":null},"aioseo_breadcrumb":"<div class=\"aioseo-breadcrumbs\"><span class=\"aioseo-breadcrumb\">\n\t\t\t<a href=\"https:\/\/www.encontrasantana.com.br\/sobre\" title=\"In\u00edcio\">In\u00edcio<\/a>\n\t\t<\/span><span class=\"aioseo-breadcrumb-separator\">&raquo;<\/span><span class=\"aioseo-breadcrumb\">\n\t\t\t<a href=\"https:\/\/www.encontrasantana.com.br\/sobre\/noticias-em-santana\/\" title=\"Not\u00edcias Santana\">Not\u00edcias Santana<\/a>\n\t\t<\/span><span class=\"aioseo-breadcrumb-separator\">&raquo;<\/span><span class=\"aioseo-breadcrumb\">\n\t\t\tA Equipe do Encontra Santana deseja a todos os leitores um Feliz Natal\n\t\t<\/span><\/div>","aioseo_breadcrumb_json":[{"label":"In\u00edcio","link":"https:\/\/www.encontrasantana.com.br\/sobre"},{"label":"Not\u00edcias Santana","link":"https:\/\/www.encontrasantana.com.br\/sobre\/noticias-em-santana\/"},{"label":"A Equipe do Encontra Santana deseja a todos os leitores um Feliz Natal","link":"https:\/\/www.encontrasantana.com.br\/sobre\/a-equipe-do-encontra-santana-deseja-a-todos-os-leitores-um-feliz-natal\/"}],"_links":{"self":[{"href":"https:\/\/www.encontrasantana.com.br\/sobre\/wp-json\/wp\/v2\/posts\/39049","targetHints":{"allow":["GET"]}}],"collection":[{"href":"https:\/\/www.encontrasantana.com.br\/sobre\/wp-json\/wp\/v2\/posts"}],"about":[{"href":"https:\/\/www.encontrasantana.com.br\/sobre\/wp-json\/wp\/v2\/types\/post"}],"author":[{"embeddable":true,"href":"https:\/\/www.encontrasantana.com.br\/sobre\/wp-json\/wp\/v2\/users\/1"}],"replies":[{"embeddable":true,"href":"https:\/\/www.encontrasantana.com.br\/sobre\/wp-json\/wp\/v2\/comments?post=39049"}],"version-history":[{"count":0,"href":"https:\/\/www.encontrasantana.com.br\/sobre\/wp-json\/wp\/v2\/posts\/39049\/revisions"}],"wp:attachment":[{"href":"https:\/\/www.encontrasantana.com.br\/sobre\/wp-json\/wp\/v2\/media?parent=39049"}],"wp:term":[{"taxonomy":"category","embeddable":true,"href":"https:\/\/www.encontrasantana.com.br\/sobre\/wp-json\/wp\/v2\/categories?post=39049"},{"taxonomy":"post_tag","embeddable":true,"href":"https:\/\/www.encontrasantana.com.br\/sobre\/wp-json\/wp\/v2\/tags?post=39049"}],"curies":[{"name":"wp","href":"https:\/\/api.w.org\/{rel}","templated":true}]}}