{"id":39086,"date":"2013-01-15T08:47:12","date_gmt":"2013-01-15T11:47:12","guid":{"rendered":"http:\/\/www.encontrasantana.com.br\/blog\/?p=39086"},"modified":"2019-04-15T09:58:22","modified_gmt":"2019-04-15T12:58:22","slug":"bicicletario-do-metro-santana-esta-fechado-por-falta-de-patrocinio","status":"publish","type":"post","link":"https:\/\/www.encontrasantana.com.br\/sobre\/bicicletario-do-metro-santana-esta-fechado-por-falta-de-patrocinio\/","title":{"rendered":"Biciclet\u00e1rio do Metr\u00f4 Santana est\u00e1 fechado por falta de patroc\u00ednio"},"content":{"rendered":"<div class=\"1acf8468e559fd3cbeec5aee3a269a52\" data-index=\"1\" style=\"float: none; margin:0px;\">\n<!-- Anuncio display - global -->\r\n<ins class=\"adsbygoogle\"\r\n     style=\"display:block\"\r\n     data-ad-client=\"ca-pub-8585364105181520\"\r\n     data-ad-slot=\"8789329856\"\r\n     data-ad-format=\"auto\"\r\n     data-full-width-responsive=\"true\"><\/ins>\r\n<script>\r\n     (adsbygoogle = window.adsbygoogle || []).push({});\r\n<\/script>\n<\/div>\n<p>A vida do ciclista paulistano ficou mais complicada desde o final de 2012. Isso porque a maioria dos biciclet\u00e1rios do Metr\u00f4 est\u00e1 fechada. Dos 17 locais de empr\u00e9stimo e estacionamento de bicicletas, 12 est\u00e3o paralisados desde o final do ano passado.<\/p>\n<p>Os biciclet\u00e1rios fechados operavam nas seguintes locais:\u00a0Esta\u00e7\u00e3o Vila Madalena,\u00a0Esta\u00e7\u00e3o S\u00e9,\u00a0Esta\u00e7\u00e3o Br\u00e1s,\u00a0Esta\u00e7\u00e3o Carr\u00e3o,\u00a0Esta\u00e7\u00e3o Corinthians-Itaquera,\u00a0Esta\u00e7\u00e3o Santa Cec\u00edlia,\u00a0Esta\u00e7\u00e3o Marechal Deodoro,\u00a0Esta\u00e7\u00e3o Vila Mariana,\u00a0Esta\u00e7\u00e3o Para\u00edso,\u00a0<a title=\"Esta\u00e7\u00e3o Santana\" href=\"http:\/\/www.encontrasantana.com.br\/santana\/metro-santana.shtml\" target=\"_blank\">Esta\u00e7\u00e3o Santana<\/a>,\u00a0Esta\u00e7\u00e3o Liberdade\u00a0e\u00a0Esta\u00e7\u00e3o Arm\u00eania.<\/p>\n<p>A situa\u00e7\u00e3o do usu\u00e1rio que pretende emprestar uma bicicleta \u00e9 ainda pior. Dos cinco biciclet\u00e1rios em atividade, apenas dois possuem o servi\u00e7o de empr\u00e9stimo:\u00a0Esta\u00e7\u00e3o Butant\u00e3\u00a0e\u00a0Esta\u00e7\u00e3o Jabaquara. Nos outros tr\u00eas (Esta\u00e7\u00e3o Anhangaba\u00fa,\u00a0Esta\u00e7\u00e3o Guilhermina-Esperan\u00e7a\u00a0e\u00a0Esta\u00e7\u00e3o Palmeiras-Barra Funda) \u00e9 oferecido apenas o servi\u00e7o de estacionamento.<\/p>\n<p>O Metr\u00f4 afirma que \u201cproblemas de gest\u00e3o\u201d fizeram com que o Instituto Parada Vital, ONG respons\u00e1vel por administrar os biciclet\u00e1rios, interrompesse a oferta do servi\u00e7o em parte das esta\u00e7\u00f5es. Por sua vez, a institui\u00e7\u00e3o diz que ficou temporariamente sem patrocinador e que a reabertura dos biciclet\u00e1rios fechados est\u00e1 programada para fevereiro.<\/p>\n<p>Por outro lado, a Secret\u00e1ria Estadual de\u00a0Transporte\u00a0Urbano, respons\u00e1vel pelo Metr\u00f4, afirmou que ela pr\u00f3pria busca novos patrocinadores para manter a oferta do servi\u00e7o aos ciclistas.<\/p>\n<p>Em 2012, somente nos biciclet\u00e1rios que est\u00e3o fechados, foram realizados 22 mil empr\u00e9stimos de bicicletas.<\/p>\n<p><em>Fonte: O Estado de S.Paulo<\/em><\/p>\n\n<div style=\"font-size: 0px; height: 0px; line-height: 0px; margin: 0; padding: 0; clear: both;\"><\/div>","protected":false},"excerpt":{"rendered":"<p>A vida do ciclista paulistano ficou mais complicada desde o final de 2012. Isso porque a maioria dos biciclet\u00e1rios do Metr\u00f4 est\u00e1 fechada. Dos 17 locais de empr\u00e9stimo e estacionamento de bicicletas, 12 est\u00e3o paralisados desde o final do ano passado. Os biciclet\u00e1rios fechados operavam nas seguintes locais:\u00a0Esta\u00e7\u00e3o Vila Madalena,\u00a0Esta\u00e7\u00e3o S\u00e9,\u00a0Esta\u00e7\u00e3o Br\u00e1s,\u00a0Esta\u00e7\u00e3o Carr\u00e3o,\u00a0Esta\u00e7\u00e3o Corinthians-Itaquera,\u00a0Esta\u00e7\u00e3o Santa Cec\u00edlia,\u00a0Esta\u00e7\u00e3o Marechal Deodoro,\u00a0Esta\u00e7\u00e3o Vila Mariana,\u00a0Esta\u00e7\u00e3o Para\u00edso,\u00a0Esta\u00e7\u00e3o Santana,\u00a0Esta\u00e7\u00e3o Liberdade\u00a0e\u00a0Esta\u00e7\u00e3o Arm\u00eania. A situa\u00e7\u00e3o do usu\u00e1rio que pretende emprestar uma bicicleta \u00e9 ainda pior. Dos cinco biciclet\u00e1rios em atividade, apenas dois possuem o servi\u00e7o de empr\u00e9stimo:\u00a0Esta\u00e7\u00e3o Butant\u00e3\u00a0e\u00a0Esta\u00e7\u00e3o Jabaquara. Nos outros tr\u00eas (Esta\u00e7\u00e3o Anhangaba\u00fa,\u00a0Esta\u00e7\u00e3o Guilhermina-Esperan\u00e7a\u00a0e\u00a0Esta\u00e7\u00e3o Palmeiras-Barra Funda) \u00e9 oferecido <\/p>\n","protected":false},"author":1,"featured_media":0,"comment_status":"open","ping_status":"closed","sticky":false,"template":"","format":"standard","meta":{"footnotes":""},"categories":[3],"tags":[10],"class_list":["post-39086","post","type-post","status-publish","format-standard","hentry","category-noticias-em-santana","tag-santana"],"aioseo_notices":[],"aioseo_head":"\n\t\t<!-- All in One SEO 5.0.0.1 - aioseo.com -->\n\t<meta name=\"description\" content=\"A vida do ciclista paulistano ficou mais complicada desde o final de 2012. Isso porque a maioria dos biciclet\u00e1rios do Metr\u00f4 est\u00e1 fechada. Dos 17 locais de empr\u00e9stimo e estacionamento de bicicletas, 12 est\u00e3o paralisados desde o final do ano passado. Os biciclet\u00e1rios fechados operavam nas seguintes locais: Esta\u00e7\u00e3o Vila Madalena, Esta\u00e7\u00e3o S\u00e9, Esta\u00e7\u00e3o Br\u00e1s, Esta\u00e7\u00e3o Carr\u00e3o, Esta\u00e7\u00e3o Corinthians-Itaquera, Esta\u00e7\u00e3o Santa\" \/>\n\t<meta name=\"robots\" content=\"max-image-preview:large\" \/>\n\t<meta name=\"author\" content=\"Encontra Santana\"\/>\n\t<link rel=\"canonical\" href=\"https:\/\/www.encontrasantana.com.br\/sobre\/bicicletario-do-metro-santana-esta-fechado-por-falta-de-patrocinio\/\" \/>\n\t<meta name=\"generator\" content=\"All in One SEO (AIOSEO) 5.0.0.1\" \/>\n\t\t<meta property=\"og:locale\" content=\"pt_BR\" \/>\n\t\t<meta property=\"og:site_name\" content=\"Encontra Santana | Not\u00edcias, eventos, informa\u00e7\u00f5es e dicas no bairro de Santana e regi\u00e3o.\" \/>\n\t\t<meta property=\"og:type\" content=\"article\" \/>\n\t\t<meta property=\"og:title\" content=\"Biciclet\u00e1rio do Metr\u00f4 Santana est\u00e1 fechado por falta de patroc\u00ednio \u00bb Encontra Santana\" \/>\n\t\t<meta property=\"og:description\" content=\"A vida do ciclista paulistano ficou mais complicada desde o final de 2012. Isso porque a maioria dos biciclet\u00e1rios do Metr\u00f4 est\u00e1 fechada. Dos 17 locais de empr\u00e9stimo e estacionamento de bicicletas, 12 est\u00e3o paralisados desde o final do ano passado. Os biciclet\u00e1rios fechados operavam nas seguintes locais: Esta\u00e7\u00e3o Vila Madalena, Esta\u00e7\u00e3o S\u00e9, Esta\u00e7\u00e3o Br\u00e1s, Esta\u00e7\u00e3o Carr\u00e3o, Esta\u00e7\u00e3o Corinthians-Itaquera, Esta\u00e7\u00e3o Santa\" \/>\n\t\t<meta property=\"og:url\" content=\"https:\/\/www.encontrasantana.com.br\/sobre\/bicicletario-do-metro-santana-esta-fechado-por-falta-de-patrocinio\/\" \/>\n\t\t<meta property=\"article:published_time\" content=\"2013-01-15T11:47:12+00:00\" \/>\n\t\t<meta property=\"article:modified_time\" content=\"2019-04-15T12:58:22+00:00\" \/>\n\t\t<meta name=\"twitter:card\" content=\"summary\" \/>\n\t\t<meta name=\"twitter:title\" content=\"Biciclet\u00e1rio do Metr\u00f4 Santana est\u00e1 fechado por falta de patroc\u00ednio \u00bb Encontra Santana\" \/>\n\t\t<meta name=\"twitter:description\" content=\"A vida do ciclista paulistano ficou mais complicada desde o final de 2012. Isso porque a maioria dos biciclet\u00e1rios do Metr\u00f4 est\u00e1 fechada. Dos 17 locais de empr\u00e9stimo e estacionamento de bicicletas, 12 est\u00e3o paralisados desde o final do ano passado. Os biciclet\u00e1rios fechados operavam nas seguintes locais: Esta\u00e7\u00e3o Vila Madalena, Esta\u00e7\u00e3o S\u00e9, Esta\u00e7\u00e3o Br\u00e1s, Esta\u00e7\u00e3o Carr\u00e3o, Esta\u00e7\u00e3o Corinthians-Itaquera, Esta\u00e7\u00e3o Santa\" \/>\n\t\t<script type=\"application\/ld+json\" class=\"aioseo-schema\">\n\t\t\t{\"@context\":\"https:\\\/\\\/schema.org\",\"@graph\":[{\"@type\":\"Article\",\"@id\":\"https:\\\/\\\/www.encontrasantana.com.br\\\/sobre\\\/bicicletario-do-metro-santana-esta-fechado-por-falta-de-patrocinio\\\/#article\",\"name\":\"Biciclet\\u00e1rio do Metr\\u00f4 Santana est\\u00e1 fechado por falta de patroc\\u00ednio \\u00bb Encontra Santana\",\"headline\":\"Biciclet\\u00e1rio do Metr\\u00f4 Santana est\\u00e1 fechado por falta de patroc\\u00ednio\",\"author\":{\"@id\":\"https:\\\/\\\/www.encontrasantana.com.br\\\/sobre\\\/author\\\/esantana\\\/#author\"},\"publisher\":{\"@id\":\"https:\\\/\\\/www.encontrasantana.com.br\\\/sobre\\\/#organization\"},\"datePublished\":\"2013-01-15T08:47:12-03:00\",\"dateModified\":\"2019-04-15T09:58:22-03:00\",\"inLanguage\":\"pt-BR\",\"mainEntityOfPage\":{\"@id\":\"https:\\\/\\\/www.encontrasantana.com.br\\\/sobre\\\/bicicletario-do-metro-santana-esta-fechado-por-falta-de-patrocinio\\\/#webpage\"},\"isPartOf\":{\"@id\":\"https:\\\/\\\/www.encontrasantana.com.br\\\/sobre\\\/bicicletario-do-metro-santana-esta-fechado-por-falta-de-patrocinio\\\/#webpage\"},\"articleSection\":\"Not\\u00edcias Santana, Santana\"},{\"@type\":\"BreadcrumbList\",\"@id\":\"https:\\\/\\\/www.encontrasantana.com.br\\\/sobre\\\/bicicletario-do-metro-santana-esta-fechado-por-falta-de-patrocinio\\\/#breadcrumblist\",\"itemListElement\":[{\"@type\":\"ListItem\",\"@id\":\"https:\\\/\\\/www.encontrasantana.com.br\\\/sobre#listItem\",\"position\":1,\"name\":\"In\\u00edcio\",\"item\":\"https:\\\/\\\/www.encontrasantana.com.br\\\/sobre\",\"nextItem\":{\"@type\":\"ListItem\",\"@id\":\"https:\\\/\\\/www.encontrasantana.com.br\\\/sobre\\\/noticias-em-santana\\\/#listItem\",\"name\":\"Not\\u00edcias Santana\"}},{\"@type\":\"ListItem\",\"@id\":\"https:\\\/\\\/www.encontrasantana.com.br\\\/sobre\\\/noticias-em-santana\\\/#listItem\",\"position\":2,\"name\":\"Not\\u00edcias Santana\",\"item\":\"https:\\\/\\\/www.encontrasantana.com.br\\\/sobre\\\/noticias-em-santana\\\/\",\"nextItem\":{\"@type\":\"ListItem\",\"@id\":\"https:\\\/\\\/www.encontrasantana.com.br\\\/sobre\\\/bicicletario-do-metro-santana-esta-fechado-por-falta-de-patrocinio\\\/#listItem\",\"name\":\"Biciclet\\u00e1rio do Metr\\u00f4 Santana est\\u00e1 fechado por falta de patroc\\u00ednio\"},\"previousItem\":{\"@type\":\"ListItem\",\"@id\":\"https:\\\/\\\/www.encontrasantana.com.br\\\/sobre#listItem\",\"name\":\"In\\u00edcio\"}},{\"@type\":\"ListItem\",\"@id\":\"https:\\\/\\\/www.encontrasantana.com.br\\\/sobre\\\/bicicletario-do-metro-santana-esta-fechado-por-falta-de-patrocinio\\\/#listItem\",\"position\":3,\"name\":\"Biciclet\\u00e1rio do Metr\\u00f4 Santana est\\u00e1 fechado por falta de patroc\\u00ednio\",\"previousItem\":{\"@type\":\"ListItem\",\"@id\":\"https:\\\/\\\/www.encontrasantana.com.br\\\/sobre\\\/noticias-em-santana\\\/#listItem\",\"name\":\"Not\\u00edcias Santana\"}}]},{\"@type\":\"Organization\",\"@id\":\"https:\\\/\\\/www.encontrasantana.com.br\\\/sobre\\\/#organization\",\"name\":\"Encontra Santana\",\"description\":\"Not\\u00edcias, eventos, informa\\u00e7\\u00f5es e dicas no bairro de Santana e regi\\u00e3o.\",\"url\":\"https:\\\/\\\/www.encontrasantana.com.br\\\/sobre\\\/\"},{\"@type\":\"Person\",\"@id\":\"https:\\\/\\\/www.encontrasantana.com.br\\\/sobre\\\/author\\\/esantana\\\/#author\",\"url\":\"https:\\\/\\\/www.encontrasantana.com.br\\\/sobre\\\/author\\\/esantana\\\/\",\"name\":\"Encontra Santana\",\"image\":{\"@type\":\"ImageObject\",\"@id\":\"https:\\\/\\\/www.encontrasantana.com.br\\\/sobre\\\/bicicletario-do-metro-santana-esta-fechado-por-falta-de-patrocinio\\\/#authorImage\",\"url\":\"https:\\\/\\\/secure.gravatar.com\\\/avatar\\\/0fbed662e37531ae23e68f85f9517b2454e50c1dfebf80eb9b721449ac95e0b9?s=96&d=mm&r=g\",\"width\":96,\"height\":96,\"caption\":\"Encontra Santana\"}},{\"@type\":\"WebPage\",\"@id\":\"https:\\\/\\\/www.encontrasantana.com.br\\\/sobre\\\/bicicletario-do-metro-santana-esta-fechado-por-falta-de-patrocinio\\\/#webpage\",\"url\":\"https:\\\/\\\/www.encontrasantana.com.br\\\/sobre\\\/bicicletario-do-metro-santana-esta-fechado-por-falta-de-patrocinio\\\/\",\"name\":\"Biciclet\\u00e1rio do Metr\\u00f4 Santana est\\u00e1 fechado por falta de patroc\\u00ednio \\u00bb Encontra Santana\",\"description\":\"A vida do ciclista paulistano ficou mais complicada desde o final de 2012. Isso porque a maioria dos biciclet\\u00e1rios do Metr\\u00f4 est\\u00e1 fechada. Dos 17 locais de empr\\u00e9stimo e estacionamento de bicicletas, 12 est\\u00e3o paralisados desde o final do ano passado. Os biciclet\\u00e1rios fechados operavam nas seguintes locais: Esta\\u00e7\\u00e3o Vila Madalena, Esta\\u00e7\\u00e3o S\\u00e9, Esta\\u00e7\\u00e3o Br\\u00e1s, Esta\\u00e7\\u00e3o Carr\\u00e3o, Esta\\u00e7\\u00e3o Corinthians-Itaquera, Esta\\u00e7\\u00e3o Santa\",\"inLanguage\":\"pt-BR\",\"isPartOf\":{\"@id\":\"https:\\\/\\\/www.encontrasantana.com.br\\\/sobre\\\/#website\"},\"breadcrumb\":{\"@id\":\"https:\\\/\\\/www.encontrasantana.com.br\\\/sobre\\\/bicicletario-do-metro-santana-esta-fechado-por-falta-de-patrocinio\\\/#breadcrumblist\"},\"author\":{\"@id\":\"https:\\\/\\\/www.encontrasantana.com.br\\\/sobre\\\/author\\\/esantana\\\/#author\"},\"creator\":{\"@id\":\"https:\\\/\\\/www.encontrasantana.com.br\\\/sobre\\\/author\\\/esantana\\\/#author\"},\"datePublished\":\"2013-01-15T08:47:12-03:00\",\"dateModified\":\"2019-04-15T09:58:22-03:00\"},{\"@type\":\"WebSite\",\"@id\":\"https:\\\/\\\/www.encontrasantana.com.br\\\/sobre\\\/#website\",\"url\":\"https:\\\/\\\/www.encontrasantana.com.br\\\/sobre\\\/\",\"name\":\"Encontra Santana\",\"description\":\"Not\\u00edcias, eventos, informa\\u00e7\\u00f5es e dicas no bairro de Santana e regi\\u00e3o.\",\"inLanguage\":\"pt-BR\",\"publisher\":{\"@id\":\"https:\\\/\\\/www.encontrasantana.com.br\\\/sobre\\\/#organization\"}}]}\n\t\t<\/script>\n\t\t<!-- All in One SEO -->\n\n","aioseo_head_json":{"title":"Biciclet\u00e1rio do Metr\u00f4 Santana est\u00e1 fechado por falta de patroc\u00ednio \u00bb Encontra Santana","description":"A vida do ciclista paulistano ficou mais complicada desde o final de 2012. Isso porque a maioria dos biciclet\u00e1rios do Metr\u00f4 est\u00e1 fechada. Dos 17 locais de empr\u00e9stimo e estacionamento de bicicletas, 12 est\u00e3o paralisados desde o final do ano passado. Os biciclet\u00e1rios fechados operavam nas seguintes locais: Esta\u00e7\u00e3o Vila Madalena, Esta\u00e7\u00e3o S\u00e9, Esta\u00e7\u00e3o Br\u00e1s, Esta\u00e7\u00e3o Carr\u00e3o, Esta\u00e7\u00e3o Corinthians-Itaquera, Esta\u00e7\u00e3o Santa","canonical_url":"https:\/\/www.encontrasantana.com.br\/sobre\/bicicletario-do-metro-santana-esta-fechado-por-falta-de-patrocinio\/","robots":"max-image-preview:large","keywords":"","webmasterTools":{"miscellaneous":""},"schema":{"@context":"https:\/\/schema.org","@graph":[{"@type":"Article","@id":"https:\/\/www.encontrasantana.com.br\/sobre\/bicicletario-do-metro-santana-esta-fechado-por-falta-de-patrocinio\/#article","name":"Biciclet\u00e1rio do Metr\u00f4 Santana est\u00e1 fechado por falta de patroc\u00ednio \u00bb Encontra Santana","headline":"Biciclet\u00e1rio do Metr\u00f4 Santana est\u00e1 fechado por falta de patroc\u00ednio","author":{"@id":"https:\/\/www.encontrasantana.com.br\/sobre\/author\/esantana\/#author"},"publisher":{"@id":"https:\/\/www.encontrasantana.com.br\/sobre\/#organization"},"datePublished":"2013-01-15T08:47:12-03:00","dateModified":"2019-04-15T09:58:22-03:00","inLanguage":"pt-BR","mainEntityOfPage":{"@id":"https:\/\/www.encontrasantana.com.br\/sobre\/bicicletario-do-metro-santana-esta-fechado-por-falta-de-patrocinio\/#webpage"},"isPartOf":{"@id":"https:\/\/www.encontrasantana.com.br\/sobre\/bicicletario-do-metro-santana-esta-fechado-por-falta-de-patrocinio\/#webpage"},"articleSection":"Not\u00edcias Santana, Santana"},{"@type":"BreadcrumbList","@id":"https:\/\/www.encontrasantana.com.br\/sobre\/bicicletario-do-metro-santana-esta-fechado-por-falta-de-patrocinio\/#breadcrumblist","itemListElement":[{"@type":"ListItem","@id":"https:\/\/www.encontrasantana.com.br\/sobre#listItem","position":1,"name":"In\u00edcio","item":"https:\/\/www.encontrasantana.com.br\/sobre","nextItem":{"@type":"ListItem","@id":"https:\/\/www.encontrasantana.com.br\/sobre\/noticias-em-santana\/#listItem","name":"Not\u00edcias Santana"}},{"@type":"ListItem","@id":"https:\/\/www.encontrasantana.com.br\/sobre\/noticias-em-santana\/#listItem","position":2,"name":"Not\u00edcias Santana","item":"https:\/\/www.encontrasantana.com.br\/sobre\/noticias-em-santana\/","nextItem":{"@type":"ListItem","@id":"https:\/\/www.encontrasantana.com.br\/sobre\/bicicletario-do-metro-santana-esta-fechado-por-falta-de-patrocinio\/#listItem","name":"Biciclet\u00e1rio do Metr\u00f4 Santana est\u00e1 fechado por falta de patroc\u00ednio"},"previousItem":{"@type":"ListItem","@id":"https:\/\/www.encontrasantana.com.br\/sobre#listItem","name":"In\u00edcio"}},{"@type":"ListItem","@id":"https:\/\/www.encontrasantana.com.br\/sobre\/bicicletario-do-metro-santana-esta-fechado-por-falta-de-patrocinio\/#listItem","position":3,"name":"Biciclet\u00e1rio do Metr\u00f4 Santana est\u00e1 fechado por falta de patroc\u00ednio","previousItem":{"@type":"ListItem","@id":"https:\/\/www.encontrasantana.com.br\/sobre\/noticias-em-santana\/#listItem","name":"Not\u00edcias Santana"}}]},{"@type":"Organization","@id":"https:\/\/www.encontrasantana.com.br\/sobre\/#organization","name":"Encontra Santana","description":"Not\u00edcias, eventos, informa\u00e7\u00f5es e dicas no bairro de Santana e regi\u00e3o.","url":"https:\/\/www.encontrasantana.com.br\/sobre\/"},{"@type":"Person","@id":"https:\/\/www.encontrasantana.com.br\/sobre\/author\/esantana\/#author","url":"https:\/\/www.encontrasantana.com.br\/sobre\/author\/esantana\/","name":"Encontra Santana","image":{"@type":"ImageObject","@id":"https:\/\/www.encontrasantana.com.br\/sobre\/bicicletario-do-metro-santana-esta-fechado-por-falta-de-patrocinio\/#authorImage","url":"https:\/\/secure.gravatar.com\/avatar\/0fbed662e37531ae23e68f85f9517b2454e50c1dfebf80eb9b721449ac95e0b9?s=96&d=mm&r=g","width":96,"height":96,"caption":"Encontra Santana"}},{"@type":"WebPage","@id":"https:\/\/www.encontrasantana.com.br\/sobre\/bicicletario-do-metro-santana-esta-fechado-por-falta-de-patrocinio\/#webpage","url":"https:\/\/www.encontrasantana.com.br\/sobre\/bicicletario-do-metro-santana-esta-fechado-por-falta-de-patrocinio\/","name":"Biciclet\u00e1rio do Metr\u00f4 Santana est\u00e1 fechado por falta de patroc\u00ednio \u00bb Encontra Santana","description":"A vida do ciclista paulistano ficou mais complicada desde o final de 2012. Isso porque a maioria dos biciclet\u00e1rios do Metr\u00f4 est\u00e1 fechada. Dos 17 locais de empr\u00e9stimo e estacionamento de bicicletas, 12 est\u00e3o paralisados desde o final do ano passado. Os biciclet\u00e1rios fechados operavam nas seguintes locais: Esta\u00e7\u00e3o Vila Madalena, Esta\u00e7\u00e3o S\u00e9, Esta\u00e7\u00e3o Br\u00e1s, Esta\u00e7\u00e3o Carr\u00e3o, Esta\u00e7\u00e3o Corinthians-Itaquera, Esta\u00e7\u00e3o Santa","inLanguage":"pt-BR","isPartOf":{"@id":"https:\/\/www.encontrasantana.com.br\/sobre\/#website"},"breadcrumb":{"@id":"https:\/\/www.encontrasantana.com.br\/sobre\/bicicletario-do-metro-santana-esta-fechado-por-falta-de-patrocinio\/#breadcrumblist"},"author":{"@id":"https:\/\/www.encontrasantana.com.br\/sobre\/author\/esantana\/#author"},"creator":{"@id":"https:\/\/www.encontrasantana.com.br\/sobre\/author\/esantana\/#author"},"datePublished":"2013-01-15T08:47:12-03:00","dateModified":"2019-04-15T09:58:22-03:00"},{"@type":"WebSite","@id":"https:\/\/www.encontrasantana.com.br\/sobre\/#website","url":"https:\/\/www.encontrasantana.com.br\/sobre\/","name":"Encontra Santana","description":"Not\u00edcias, eventos, informa\u00e7\u00f5es e dicas no bairro de Santana e regi\u00e3o.","inLanguage":"pt-BR","publisher":{"@id":"https:\/\/www.encontrasantana.com.br\/sobre\/#organization"}}]},"og:locale":"pt_BR","og:site_name":"Encontra Santana | Not\u00edcias, eventos, informa\u00e7\u00f5es e dicas no bairro de Santana e regi\u00e3o.","og:type":"article","og:title":"Biciclet\u00e1rio do Metr\u00f4 Santana est\u00e1 fechado por falta de patroc\u00ednio \u00bb Encontra Santana","og:description":"A vida do ciclista paulistano ficou mais complicada desde o final de 2012. Isso porque a maioria dos biciclet\u00e1rios do Metr\u00f4 est\u00e1 fechada. Dos 17 locais de empr\u00e9stimo e estacionamento de bicicletas, 12 est\u00e3o paralisados desde o final do ano passado. Os biciclet\u00e1rios fechados operavam nas seguintes locais: Esta\u00e7\u00e3o Vila Madalena, Esta\u00e7\u00e3o S\u00e9, Esta\u00e7\u00e3o Br\u00e1s, Esta\u00e7\u00e3o Carr\u00e3o, Esta\u00e7\u00e3o Corinthians-Itaquera, Esta\u00e7\u00e3o Santa","og:url":"https:\/\/www.encontrasantana.com.br\/sobre\/bicicletario-do-metro-santana-esta-fechado-por-falta-de-patrocinio\/","article:published_time":"2013-01-15T11:47:12+00:00","article:modified_time":"2019-04-15T12:58:22+00:00","twitter:card":"summary","twitter:title":"Biciclet\u00e1rio do Metr\u00f4 Santana est\u00e1 fechado por falta de patroc\u00ednio \u00bb Encontra Santana","twitter:description":"A vida do ciclista paulistano ficou mais complicada desde o final de 2012. Isso porque a maioria dos biciclet\u00e1rios do Metr\u00f4 est\u00e1 fechada. Dos 17 locais de empr\u00e9stimo e estacionamento de bicicletas, 12 est\u00e3o paralisados desde o final do ano passado. Os biciclet\u00e1rios fechados operavam nas seguintes locais: Esta\u00e7\u00e3o Vila Madalena, Esta\u00e7\u00e3o S\u00e9, Esta\u00e7\u00e3o Br\u00e1s, Esta\u00e7\u00e3o Carr\u00e3o, Esta\u00e7\u00e3o Corinthians-Itaquera, Esta\u00e7\u00e3o Santa"},"aioseo_meta_data":{"post_id":"39086","title":null,"description":null,"keywords":null,"keyphrases":null,"primary_term":null,"canonical_url":null,"og_title":null,"og_description":null,"og_object_type":"default","og_image_type":"default","og_image_url":null,"og_image_width":null,"og_image_height":null,"og_image_custom_url":null,"og_image_custom_fields":null,"og_video":null,"og_custom_url":null,"og_article_section":null,"og_article_tags":null,"twitter_use_og":false,"twitter_card":"default","twitter_image_type":"default","twitter_image_url":null,"twitter_image_custom_url":null,"twitter_image_custom_fields":null,"twitter_title":null,"twitter_description":null,"schema":{"blockGraphs":[],"customGraphs":[],"default":{"data":{"Article":[],"Course":[],"Dataset":[],"FAQPage":[],"Movie":[],"Person":[],"Product":[],"ProductReview":[],"Car":[],"Recipe":[],"Service":[],"SoftwareApplication":[],"WebPage":[]},"graphName":"Article","isEnabled":true},"graphs":[]},"schema_type":null,"schema_type_options":null,"pillar_content":false,"robots_default":true,"robots_noindex":false,"robots_noarchive":false,"robots_nosnippet":false,"robots_nofollow":false,"robots_noimageindex":false,"robots_noodp":false,"robots_notranslate":false,"robots_max_snippet":null,"robots_max_videopreview":null,"robots_max_imagepreview":"large","priority":null,"frequency":null,"local_seo":null,"limit_modified_date":false,"created":"2021-04-20 18:36:01","updated":"2026-08-06 09:35:36","focus_keyword":null,"additional_keywords":null,"truseo_locale":null,"ai":null,"breadcrumb_settings":null,"seo_analyzer_scan_date":null},"aioseo_breadcrumb":"<div class=\"aioseo-breadcrumbs\"><span class=\"aioseo-breadcrumb\">\n\t\t\t<a href=\"https:\/\/www.encontrasantana.com.br\/sobre\" title=\"In\u00edcio\">In\u00edcio<\/a>\n\t\t<\/span><span class=\"aioseo-breadcrumb-separator\">&raquo;<\/span><span class=\"aioseo-breadcrumb\">\n\t\t\t<a href=\"https:\/\/www.encontrasantana.com.br\/sobre\/noticias-em-santana\/\" title=\"Not\u00edcias Santana\">Not\u00edcias Santana<\/a>\n\t\t<\/span><span class=\"aioseo-breadcrumb-separator\">&raquo;<\/span><span class=\"aioseo-breadcrumb\">\n\t\t\tBiciclet\u00e1rio do Metr\u00f4 Santana est\u00e1 fechado por falta de patroc\u00ednio\n\t\t<\/span><\/div>","aioseo_breadcrumb_json":[{"label":"In\u00edcio","link":"https:\/\/www.encontrasantana.com.br\/sobre"},{"label":"Not\u00edcias Santana","link":"https:\/\/www.encontrasantana.com.br\/sobre\/noticias-em-santana\/"},{"label":"Biciclet\u00e1rio do Metr\u00f4 Santana est\u00e1 fechado por falta de patroc\u00ednio","link":"https:\/\/www.encontrasantana.com.br\/sobre\/bicicletario-do-metro-santana-esta-fechado-por-falta-de-patrocinio\/"}],"_links":{"self":[{"href":"https:\/\/www.encontrasantana.com.br\/sobre\/wp-json\/wp\/v2\/posts\/39086","targetHints":{"allow":["GET"]}}],"collection":[{"href":"https:\/\/www.encontrasantana.com.br\/sobre\/wp-json\/wp\/v2\/posts"}],"about":[{"href":"https:\/\/www.encontrasantana.com.br\/sobre\/wp-json\/wp\/v2\/types\/post"}],"author":[{"embeddable":true,"href":"https:\/\/www.encontrasantana.com.br\/sobre\/wp-json\/wp\/v2\/users\/1"}],"replies":[{"embeddable":true,"href":"https:\/\/www.encontrasantana.com.br\/sobre\/wp-json\/wp\/v2\/comments?post=39086"}],"version-history":[{"count":0,"href":"https:\/\/www.encontrasantana.com.br\/sobre\/wp-json\/wp\/v2\/posts\/39086\/revisions"}],"wp:attachment":[{"href":"https:\/\/www.encontrasantana.com.br\/sobre\/wp-json\/wp\/v2\/media?parent=39086"}],"wp:term":[{"taxonomy":"category","embeddable":true,"href":"https:\/\/www.encontrasantana.com.br\/sobre\/wp-json\/wp\/v2\/categories?post=39086"},{"taxonomy":"post_tag","embeddable":true,"href":"https:\/\/www.encontrasantana.com.br\/sobre\/wp-json\/wp\/v2\/tags?post=39086"}],"curies":[{"name":"wp","href":"https:\/\/api.w.org\/{rel}","templated":true}]}}