{"id":39135,"date":"2013-02-15T15:48:24","date_gmt":"2013-02-15T18:48:24","guid":{"rendered":"http:\/\/www.encontrasantana.com.br\/blog\/?p=39135"},"modified":"2019-04-15T09:58:19","modified_gmt":"2019-04-15T12:58:19","slug":"escolas-de-samba-campeas-desfilam-nesta-sexta-no-sambodromo-do-anhembi","status":"publish","type":"post","link":"https:\/\/www.encontrasantana.com.br\/sobre\/escolas-de-samba-campeas-desfilam-nesta-sexta-no-sambodromo-do-anhembi\/","title":{"rendered":"Escolas de samba campe\u00e3s desfilam nesta sexta no Samb\u00f3dromo do Anhembi"},"content":{"rendered":"<div class=\"1acf8468e559fd3cbeec5aee3a269a52\" data-index=\"1\" style=\"float: none; margin:0px;\">\n<!-- Anuncio display - global -->\r\n<ins class=\"adsbygoogle\"\r\n     style=\"display:block\"\r\n     data-ad-client=\"ca-pub-8585364105181520\"\r\n     data-ad-slot=\"8789329856\"\r\n     data-ad-format=\"auto\"\r\n     data-full-width-responsive=\"true\"><\/ins>\r\n<script>\r\n     (adsbygoogle = window.adsbygoogle || []).push({});\r\n<\/script>\n<\/div>\n<p>Quem ainda quiser curtir o Carnaval de S\u00e3o Paulo este ano e ter a experi\u00eancia de ver as escolas de samba na avenida tem sua \u00faltima chance hoje \u00e0 noite. A partir das 22h, acontece no <a href=\"http:\/\/www.encontrasantana.com.br\/santana\/sambodromo-santana.shtml\" target=\"_blank\">Samb\u00f3dromo do Anhembi<\/a> o Desfile das Campe\u00e3s, com as cinco primeiras colocadas do Grupo Especial e as duas vencedoras do Grupo de Acesso. A apresenta\u00e7\u00e3o ter\u00e1 in\u00edcio com a Leandro de Itaquera e termina com a grande campe\u00e3, Mocidade Alegre. Ainda v\u00e3o desfilar P\u00e9rola Negra, Imp\u00e9rio de Casa Verde, Drag\u00f5es da Real, \u00c1guia de Ouro e Rosas de Ouro, todas escolas muito tradicionais da cidade.<\/p>\n<p>Segundo Marcelo Rehder, presidente da S\u00e3o Paulo Turismo (empresa municipal respons\u00e1vel pela organiza\u00e7\u00e3o e infraestrutura do Carnaval), o desfile de hoje \u00e9 igualmente grandioso, com a vantagem de ter um tom mais descontra\u00eddo e os ingressos terem um valor mais baixo. &#8220;Teremos um grande espet\u00e1culo. \u00c9 a \u00faltima oportunidade de aproveitar o Carnaval de S\u00e3o Paulo este ano. E festa de hoje ganha mais descontra\u00e7\u00e3o, porque n\u00e3o h\u00e1 mais a tens\u00e3o da disputa. As escolas v\u00eam com seus integrantes comemorando muito, todos felizes com a vit\u00f3ria. \u00c9 divers\u00e3o garantida para os foli\u00f5es&#8221;, afirma.<\/p>\n<p>Ainda h\u00e1 lugares em todos os setores, mas \u00e9 preciso correr. Os ingressos custam a partir de R$ 70, mas h\u00e1 meia-entrada para estudantes e idosos. Os ingressos podem ser adquiridos nas bilheterias do <a href=\"http:\/\/www.encontrasantana.com.br\/santana\/anhembi-em-santana.shtml\" target=\"_blank\">Anhembi<\/a> e do Gin\u00e1sio de Ibirapuera.<\/p>\n<p>Mais informa\u00e7\u00f5es no site oficial do Carnaval 2013, o cidadedesaopaulo.com\/carnaval. Confira outros dados abaixo.<\/p>\n<p>1. Desfile das Campe\u00e3s: data, local e ordem dos desfiles<\/p>\n<p>Data: dia 15 de fevereiro (hoje), a partir das 22h.<br \/>\nLocal: Samb\u00f3dromo do Anhembi &#8211; acesso pela Marginal Tiet\u00ea, pr\u00f3ximo \u00e0 Ponte das Bandeiras, com estacionamento dispon\u00edvel no local. Recomenda-se o uso de transporte p\u00fablico (mais informa\u00e7\u00f5es abaixo).<br \/>\nAbertura dos port\u00f5es: a partir das 17h.<br \/>\nTempo de desfile: m\u00ednimo de 50 minutos e m\u00e1ximo de 60 minutos.<\/p>\n<p>Ordem do desfile:<br \/>\n1\u00aa &#8211; Leandro de Itaquera: Vice-campe\u00e3 do Grupo de Acesso;<br \/>\n2\u00aa &#8211; P\u00e9rola Negra: Campe\u00e3 do Grupo de Acesso;<br \/>\n3\u00aa &#8211; Imp\u00e9rio de Casa Verde: quinta colocada do Grupo Especial;<br \/>\n4\u00aa &#8211; Drag\u00f5es da Real: quarta colocada do Grupo Especial;<br \/>\n5\u00aa &#8211; \u00c1guia de Ouro: terceira colocada do Grupo Especial;<br \/>\n6\u00aa &#8211; Rosas de Ouro: Vice-campe\u00e3 do Grupo Especial;<br \/>\n7\u00aa &#8211; Mocidade Alegre: Campe\u00e3 do Carnaval<\/p>\n<p>2. Ingressos<\/p>\n<p>Os valores variam entre R$ 70 e R$ 1.200 (arquibancadas de R$ 70 a R$ 90, cadeira de pista de R$ 120 a R$ 270, mesa de pista de R$ 700 a R$ 1200).<\/p>\n<p>Os ingressos podem ser obtidos das bilheterias do Gin\u00e1sio do Ibirapuera, das 11h \u00e0s 17h, e do Anhembi, que abrir\u00e1 \u00e0s 11h e ficar\u00e1 aberta at\u00e9 os t\u00edquetes se esgotarem. Os bilhetes s\u00e3o nominais, sendo necess\u00e1ria a apresenta\u00e7\u00e3o do RG e do CPF na hora da compra. Outras informa\u00e7\u00f5es em ingressofacil.com.br.<\/p>\n<p>3. P\u00fablico<\/p>\n<p>Haver\u00e1 uma revista preventiva para os foli\u00f5es nos port\u00f5es de entrada do samb\u00f3dromo. \u00c9 proibida a entrada de bebidas alco\u00f3licas, latas, garrafas, bandeiras com mastro, guarda-chuvas com ponta, caixas t\u00e9rmicas, subst\u00e2ncias t\u00f3xicas, fogos de artif\u00edcio e materiais ou objetos que possam causar ferimentos. A entrada de alimentos \u00e9 permitida, desde que n\u00e3o se enquadrem como os objetos descritos acima.<br \/>\nA censura \u00e9 de cinco anos e menores de 16 anos devem estar acompanhados dos pais ou respons\u00e1veis.<\/p>\n<p>4. Premia\u00e7\u00e3o para as escolas vencedoras<\/p>\n<p>O valor total da premia\u00e7\u00e3o \u00e9 de R$ 422.829,00, que s\u00e3o distribu\u00eddos da seguinte forma:<\/p>\n<p>Mocidade Alegre: R$ 75 mil &#8211; 1\u00aa colocada do Grupo Especial;<br \/>\nRosas de Ouro e \u00c1guia de Ouro: R$ 65 mil &#8211; 2\u00aa e o 3\u00aa colocadas do Grupo Especial;<br \/>\nDrag\u00f5es da Real e Imp\u00e9rio de Casa Verde: R$ 55 mil &#8211; 4\u00aa e o 5\u00aa colocadas do Grupo Especial;<br \/>\nP\u00e9rola Negra: R$ 60 mil &#8211; 1\u00aa colocada do Grupo de Acesso;<br \/>\nLeandro de Itaquera: R$ 47,8 mil &#8211; 2\u00aa colocada do Grupo de Acesso.<\/p>\n<p>5. Seguran\u00e7a<br \/>\nTodas as medidas de seguran\u00e7a foram tomadas para o Desfile das Campe\u00e3s da mesma forma que os dias de desfile principais. O efetivo policial, de seguran\u00e7as, bombeiros e brigadistas permanece o mesmo, com cerca de duas mil pessoas trabalhando por turnos. Haver\u00e1, ainda, 49 c\u00e2meras de monitoramento do p\u00fablico, nos acessos e nas arquibancadas. O v\u00eddeo do Samb\u00f3dromo sobre os equipamentos de seguran\u00e7a, sa\u00eddas de emerg\u00eancia e outras medidas ir\u00e1 passar nos 10tel\u00f5es nos intervalos dos desfiles.<\/p>\n<p>6. Transporte<\/p>\n<p>Bloqueios de tr\u00e2nsito:<\/p>\n<p>&#8211; Av. Olavo Fontoura:<br \/>\nSentido Casa Verde \/ Santana: a partir das 18h do dia 15 at\u00e9 \u00e0s 9h do dia 16 de<br \/>\nfevereiro, permitida a circula\u00e7\u00e3o somente para tr\u00e1fego local.<br \/>\nSentido Santana \/ Casa Verde: a partir das 18h do dia 15 at\u00e9 \u00e0s 9h do dia 16 de<br \/>\nfevereiro, ter\u00e1 sua circula\u00e7\u00e3o alterada para m\u00e3o dupla de dire\u00e7\u00e3o no trecho de 200 m antes e 200<br \/>\nm ap\u00f3s a Rua Prof. Milton Rodrigues, montagem de pista revers\u00edvel, a opera\u00e7\u00e3o em m\u00e3o dupla \u00e9<br \/>\nexclusiva para ve\u00edculos de servi\u00e7o, imprensa, policiamento e de emerg\u00eancia.<\/p>\n<p>&#8211; Av. Assis Chateaubriand (marginal Tiet\u00ea \/ pista local) entre ponte das Bandeiras e Casa<br \/>\nVerde:<br \/>\nAp\u00f3s o bloqueio, este trecho ser\u00e1 utilizado como Bols\u00e3o de estacionamento dos \u00f4nibus das<br \/>\nescolas.<br \/>\nDas 22h do dia 15 at\u00e9 \u00e0s 9h do dia 16 de fevereiro.<\/p>\n<p>&#8211; Rua Prof. Milton Rodrigues:<br \/>\nPista Olavo\/Marginal: a partir das 20h do dia 27 at\u00e9 as 9h do dia 16 de fevereiro, \u00e1rea<br \/>\nde pr\u00e9-concentra\u00e7\u00e3o e estacionamento de carros aleg\u00f3ricos.<\/p>\n<p>Pista Marginal\/Olavo: das 18h do dia 15 at\u00e9 \u00e0s 9h do dia 16 de fevereiro, ser\u00e1 utilizada exclusivamente para acesso local e por ve\u00edculos credenciados do Hotel Holiday-Inn, Anhembi e<br \/>\nLiga das Escolas.<\/p>\n<p>&#8211; Rua Marechal Leit\u00e3o de Carvalho:<br \/>\nTer\u00e1 seu sentido de circula\u00e7\u00e3o alterado de \u00fanico para duplo das 18h do dia 15 at\u00e9 \u00e0s<br \/>\n3h do dia 16 de fevereiro.<\/p>\n<p>\u00d4NIBUS &#8211; O p\u00fablico participante do evento no bairro de Santana poder\u00e1 utilizar-se das linhas normais que servem a<br \/>\nregi\u00e3o. As linhas que circulam pela av. Olavo Fontoura ter\u00e3o o itiner\u00e1rio alterado passando a<br \/>\ncircular pela av. Braz Leme.<\/p>\n<p>METR\u00d4 &#8211; A Esta\u00e7\u00e3o do Tiet\u00ea \u00e9 a mais pr\u00f3xima do evento. Segundo informa\u00e7\u00f5es da Cia do<br \/>\nMetropolitano de S\u00e3o Paulo os hor\u00e1rios de funcionamento n\u00e3o ser\u00e3o alterados.<\/p>\n<p>T\u00c1XI &#8211; Estar\u00e3o circulando em grande n\u00famero. O desembarque deve ser realizado de prefer\u00eancia<br \/>\nnas proximidades da ponte da Casa Verde x Av. Braz Leme, este \u00e9 o menor trajeto at\u00e9 o<br \/>\nSamb\u00f3dromo. Haver\u00e1 cinco Pontos de bols\u00f5es de Taxi: Rua Anita Malfatti, Rua Santa Eul\u00e1lia, av.<br \/>\nOlavo Fontoura, av. Br\u00e1s Leme e Rua Maria Prestes Maia estar\u00e3o sendo operacionalizados pelo<br \/>\nDTP &#8211; Departamento de Transporte P\u00fablico.<\/p>\n<p>ATENDE &#8211; Para os Portadores de Necessidades Especiais &#8211; PNE, a SPTrans estar\u00e1 implantando<br \/>\no Projeto Atende; embarque pela R. Mal. Odylio Denys, junto a esta\u00e7\u00e3o Tiet\u00ea do Metr\u00f4 e terminal<br \/>\n Barra Funda sendo o desembarque no setor indicado no seu bilhete.<\/p>\n<p>LINHAS ESPECIAIS &#8211; Ser\u00e1 colocado a disposi\u00e7\u00e3o do p\u00fablico, linhas especiais tarifadas operadas<br \/>\npela SPTRANS com micro e mini\u00f4nibus no terminal do metr\u00f4 Tiet\u00ea, embarque pela R. Volunt\u00e1rios<br \/>\nda P\u00e1tria x R. Mal. Odylio Dennys, sendo o desembarque no Port\u00e3o 1 da Av. Olavo Fontoura.<br \/>\nTerminal Barra Funda: Embarque no Terminal Tur\u00edstico na \u00e1rea interna do pr\u00f3prio terminal, sendo<br \/>\no desembarque no Port\u00e3o 1 da Av. Olavo Fontoura. O local de embarque para o retorno aos terminais ser\u00e1 o mesmo local de desembarque (Port\u00e3o 1 da Av. Olavo Fontoura.<\/p>\n<p><em>Fonte: Prefeitura de S\u00e3o Paulo<\/em><\/p>\n\n<div style=\"font-size: 0px; height: 0px; line-height: 0px; margin: 0; padding: 0; clear: both;\"><\/div>","protected":false},"excerpt":{"rendered":"<p>Quem ainda quiser curtir o Carnaval de S\u00e3o Paulo este ano e ter a experi\u00eancia de ver as escolas de samba na avenida tem sua \u00faltima chance hoje \u00e0 noite. A partir das 22h, acontece no Samb\u00f3dromo do Anhembi o Desfile das Campe\u00e3s, com as cinco primeiras colocadas do Grupo Especial e as duas vencedoras do Grupo de Acesso. A apresenta\u00e7\u00e3o ter\u00e1 in\u00edcio com a Leandro de Itaquera e termina com a grande campe\u00e3, Mocidade Alegre. Ainda v\u00e3o desfilar P\u00e9rola Negra, Imp\u00e9rio de Casa Verde, Drag\u00f5es da Real, \u00c1guia de Ouro e Rosas de Ouro, todas escolas muito tradicionais da <\/p>\n","protected":false},"author":1,"featured_media":0,"comment_status":"open","ping_status":"closed","sticky":false,"template":"","format":"standard","meta":{"footnotes":""},"categories":[3],"tags":[],"class_list":["post-39135","post","type-post","status-publish","format-standard","hentry","category-noticias-em-santana"],"aioseo_notices":[],"_links":{"self":[{"href":"https:\/\/www.encontrasantana.com.br\/sobre\/wp-json\/wp\/v2\/posts\/39135"}],"collection":[{"href":"https:\/\/www.encontrasantana.com.br\/sobre\/wp-json\/wp\/v2\/posts"}],"about":[{"href":"https:\/\/www.encontrasantana.com.br\/sobre\/wp-json\/wp\/v2\/types\/post"}],"author":[{"embeddable":true,"href":"https:\/\/www.encontrasantana.com.br\/sobre\/wp-json\/wp\/v2\/users\/1"}],"replies":[{"embeddable":true,"href":"https:\/\/www.encontrasantana.com.br\/sobre\/wp-json\/wp\/v2\/comments?post=39135"}],"version-history":[{"count":0,"href":"https:\/\/www.encontrasantana.com.br\/sobre\/wp-json\/wp\/v2\/posts\/39135\/revisions"}],"wp:attachment":[{"href":"https:\/\/www.encontrasantana.com.br\/sobre\/wp-json\/wp\/v2\/media?parent=39135"}],"wp:term":[{"taxonomy":"category","embeddable":true,"href":"https:\/\/www.encontrasantana.com.br\/sobre\/wp-json\/wp\/v2\/categories?post=39135"},{"taxonomy":"post_tag","embeddable":true,"href":"https:\/\/www.encontrasantana.com.br\/sobre\/wp-json\/wp\/v2\/tags?post=39135"}],"curies":[{"name":"wp","href":"https:\/\/api.w.org\/{rel}","templated":true}]}}