{"id":39143,"date":"2013-02-19T17:23:53","date_gmt":"2013-02-19T20:23:53","guid":{"rendered":"http:\/\/www.encontrasantana.com.br\/blog\/?p=39143"},"modified":"2019-04-15T09:58:18","modified_gmt":"2019-04-15T12:58:18","slug":"santana-biblioteca-de-sao-paulo-recebe-bate-papo-com-pedro-bandeira-e-ruth-rocha","status":"publish","type":"post","link":"https:\/\/www.encontrasantana.com.br\/sobre\/santana-biblioteca-de-sao-paulo-recebe-bate-papo-com-pedro-bandeira-e-ruth-rocha\/","title":{"rendered":"Santana: Biblioteca de S\u00e3o Paulo recebe bate-papo com Pedro Bandeira e Ruth Rocha"},"content":{"rendered":"<div class=\"1acf8468e559fd3cbeec5aee3a269a52\" data-index=\"1\" style=\"float: none; margin:0px;\">\n<!-- Anuncio display - global -->\r\n<ins class=\"adsbygoogle\"\r\n     style=\"display:block\"\r\n     data-ad-client=\"ca-pub-8585364105181520\"\r\n     data-ad-slot=\"8789329856\"\r\n     data-ad-format=\"auto\"\r\n     data-full-width-responsive=\"true\"><\/ins>\r\n<script>\r\n     (adsbygoogle = window.adsbygoogle || []).push({});\r\n<\/script>\n<\/div>\n<p>Para celebrar o anivers\u00e1rio de tr\u00eas anos completos em 8 de fevereiro, a <a href=\"http:\/\/www.encontrasantana.com.br\/santana\/biblioteca-de-sao-paulo-em-santana.shtml\" target=\"_blank\">Biblioteca de S\u00e3o Paulo<\/a> recebe os escritores Ruth Rocha e Pedro Bandeira para um bate-papo, que ser\u00e1 mediado pela apresentadora do programa Metr\u00f3polis, da TV Cultura, Adriana Couto. O bate-papo acontece neste s\u00e1bado (23), a partir das 14h, com entrada gratuita. Recomenda-se chegar com pelo menos 1h de anteced\u00eancia para a retirada dos ingressos.<\/p>\n<p>Refer\u00eancia do conceito de &#8220;biblioteca viva&#8221;, a BSP recebeu mais de 309 mil visitantes em 2012 e terminou o ano com 52 mil pessoas cadastradas para realizar empr\u00e9stimos. Desde que foi inaugurada, em 2010, realizou mais de 227 mil empr\u00e9stimos de livros. Tamb\u00e9m realizou 661 a\u00e7\u00f5es culturais no \u00faltimo ano, com mais de 9 mil participantes.<br \/>\nPara conferir a programa\u00e7\u00e3o completa, acesse o site: bsp.org.br.<\/p>\n<p><strong>Servi\u00e7o no bairro de Santana<\/strong><\/p>\n<p><strong> Bate-papo com Ruth Rocha e Pedro Bandeira<\/strong><\/p>\n<p><strong>Local:<\/strong> Biblioteca de S\u00e3o Paulo<\/p>\n<p><strong>Endere\u00e7o:<\/strong>\u00a0Avenida Cruzeiro do Sul,\u00a02630 &#8211; <a href=\"http:\/\/www.encontrasantana.com.br\/santana\/parque-da-juventude-em-santana.shtml\" target=\"_blank\">Parque da Juventude<\/a>, Santana<\/p>\n<p><strong>Data:<\/strong> 23 de fevereiro de 2013<\/p>\n<p><strong>Hor\u00e1rio:<\/strong> 14h<\/p>\n<p><strong>Entrada:<\/strong> Gr\u00e1tis<\/p>\n<p><strong>Telefone:<\/strong> (11) 2089-0800<\/p>\n<p><em>Fonte: Governo de SP<\/em><\/p>\n\n<div style=\"font-size: 0px; height: 0px; line-height: 0px; margin: 0; padding: 0; clear: both;\"><\/div>","protected":false},"excerpt":{"rendered":"<p>Para celebrar o anivers\u00e1rio de tr\u00eas anos completos em 8 de fevereiro, a Biblioteca de S\u00e3o Paulo recebe os escritores Ruth Rocha e Pedro Bandeira para um bate-papo, que ser\u00e1 mediado pela apresentadora do programa Metr\u00f3polis, da TV Cultura, Adriana Couto. O bate-papo acontece neste s\u00e1bado (23), a partir das 14h, com entrada gratuita. Recomenda-se chegar com pelo menos 1h de anteced\u00eancia para a retirada dos ingressos. Refer\u00eancia do conceito de &#8220;biblioteca viva&#8221;, a BSP recebeu mais de 309 mil visitantes em 2012 e terminou o ano com 52 mil pessoas cadastradas para realizar empr\u00e9stimos. Desde que foi inaugurada, em <\/p>\n","protected":false},"author":1,"featured_media":0,"comment_status":"open","ping_status":"closed","sticky":false,"template":"","format":"standard","meta":{"footnotes":""},"categories":[3],"tags":[],"class_list":["post-39143","post","type-post","status-publish","format-standard","hentry","category-noticias-em-santana"],"aioseo_notices":[],"aioseo_head":"\n\t\t<!-- All in One SEO 5.0.0.1 - aioseo.com -->\n\t<meta name=\"description\" content=\"Para celebrar o anivers\u00e1rio de tr\u00eas anos completos em 8 de fevereiro, a Biblioteca de S\u00e3o Paulo recebe os escritores Ruth Rocha e Pedro Bandeira para um bate-papo, que ser\u00e1 mediado pela apresentadora do programa Metr\u00f3polis, da TV Cultura, Adriana Couto. O bate-papo acontece neste s\u00e1bado (23), a partir das 14h, com entrada gratuita. Recomenda-se\" \/>\n\t<meta name=\"robots\" content=\"max-image-preview:large\" \/>\n\t<meta name=\"author\" content=\"Encontra Santana\"\/>\n\t<link rel=\"canonical\" href=\"https:\/\/www.encontrasantana.com.br\/sobre\/santana-biblioteca-de-sao-paulo-recebe-bate-papo-com-pedro-bandeira-e-ruth-rocha\/\" \/>\n\t<meta name=\"generator\" content=\"All in One SEO (AIOSEO) 5.0.0.1\" \/>\n\t\t<meta property=\"og:locale\" content=\"pt_BR\" \/>\n\t\t<meta property=\"og:site_name\" content=\"Encontra Santana | Not\u00edcias, eventos, informa\u00e7\u00f5es e dicas no bairro de Santana e regi\u00e3o.\" \/>\n\t\t<meta property=\"og:type\" content=\"article\" \/>\n\t\t<meta property=\"og:title\" content=\"Santana: Biblioteca de S\u00e3o Paulo recebe bate-papo com Pedro Bandeira e Ruth Rocha \u00bb Encontra Santana\" \/>\n\t\t<meta property=\"og:description\" content=\"Para celebrar o anivers\u00e1rio de tr\u00eas anos completos em 8 de fevereiro, a Biblioteca de S\u00e3o Paulo recebe os escritores Ruth Rocha e Pedro Bandeira para um bate-papo, que ser\u00e1 mediado pela apresentadora do programa Metr\u00f3polis, da TV Cultura, Adriana Couto. O bate-papo acontece neste s\u00e1bado (23), a partir das 14h, com entrada gratuita. Recomenda-se\" \/>\n\t\t<meta property=\"og:url\" content=\"https:\/\/www.encontrasantana.com.br\/sobre\/santana-biblioteca-de-sao-paulo-recebe-bate-papo-com-pedro-bandeira-e-ruth-rocha\/\" \/>\n\t\t<meta property=\"article:published_time\" content=\"2013-02-19T20:23:53+00:00\" \/>\n\t\t<meta property=\"article:modified_time\" content=\"2019-04-15T12:58:18+00:00\" \/>\n\t\t<meta name=\"twitter:card\" content=\"summary\" \/>\n\t\t<meta name=\"twitter:title\" content=\"Santana: Biblioteca de S\u00e3o Paulo recebe bate-papo com Pedro Bandeira e Ruth Rocha \u00bb Encontra Santana\" \/>\n\t\t<meta name=\"twitter:description\" content=\"Para celebrar o anivers\u00e1rio de tr\u00eas anos completos em 8 de fevereiro, a Biblioteca de S\u00e3o Paulo recebe os escritores Ruth Rocha e Pedro Bandeira para um bate-papo, que ser\u00e1 mediado pela apresentadora do programa Metr\u00f3polis, da TV Cultura, Adriana Couto. O bate-papo acontece neste s\u00e1bado (23), a partir das 14h, com entrada gratuita. Recomenda-se\" \/>\n\t\t<script type=\"application\/ld+json\" class=\"aioseo-schema\">\n\t\t\t{\"@context\":\"https:\\\/\\\/schema.org\",\"@graph\":[{\"@type\":\"Article\",\"@id\":\"https:\\\/\\\/www.encontrasantana.com.br\\\/sobre\\\/santana-biblioteca-de-sao-paulo-recebe-bate-papo-com-pedro-bandeira-e-ruth-rocha\\\/#article\",\"name\":\"Santana: Biblioteca de S\\u00e3o Paulo recebe bate-papo com Pedro Bandeira e Ruth Rocha \\u00bb Encontra Santana\",\"headline\":\"Santana: Biblioteca de S\\u00e3o Paulo recebe bate-papo com Pedro Bandeira e Ruth Rocha\",\"author\":{\"@id\":\"https:\\\/\\\/www.encontrasantana.com.br\\\/sobre\\\/author\\\/esantana\\\/#author\"},\"publisher\":{\"@id\":\"https:\\\/\\\/www.encontrasantana.com.br\\\/sobre\\\/#organization\"},\"datePublished\":\"2013-02-19T17:23:53-03:00\",\"dateModified\":\"2019-04-15T09:58:18-03:00\",\"inLanguage\":\"pt-BR\",\"mainEntityOfPage\":{\"@id\":\"https:\\\/\\\/www.encontrasantana.com.br\\\/sobre\\\/santana-biblioteca-de-sao-paulo-recebe-bate-papo-com-pedro-bandeira-e-ruth-rocha\\\/#webpage\"},\"isPartOf\":{\"@id\":\"https:\\\/\\\/www.encontrasantana.com.br\\\/sobre\\\/santana-biblioteca-de-sao-paulo-recebe-bate-papo-com-pedro-bandeira-e-ruth-rocha\\\/#webpage\"},\"articleSection\":\"Not\\u00edcias Santana\"},{\"@type\":\"BreadcrumbList\",\"@id\":\"https:\\\/\\\/www.encontrasantana.com.br\\\/sobre\\\/santana-biblioteca-de-sao-paulo-recebe-bate-papo-com-pedro-bandeira-e-ruth-rocha\\\/#breadcrumblist\",\"itemListElement\":[{\"@type\":\"ListItem\",\"@id\":\"https:\\\/\\\/www.encontrasantana.com.br\\\/sobre#listItem\",\"position\":1,\"name\":\"In\\u00edcio\",\"item\":\"https:\\\/\\\/www.encontrasantana.com.br\\\/sobre\",\"nextItem\":{\"@type\":\"ListItem\",\"@id\":\"https:\\\/\\\/www.encontrasantana.com.br\\\/sobre\\\/noticias-em-santana\\\/#listItem\",\"name\":\"Not\\u00edcias Santana\"}},{\"@type\":\"ListItem\",\"@id\":\"https:\\\/\\\/www.encontrasantana.com.br\\\/sobre\\\/noticias-em-santana\\\/#listItem\",\"position\":2,\"name\":\"Not\\u00edcias Santana\",\"item\":\"https:\\\/\\\/www.encontrasantana.com.br\\\/sobre\\\/noticias-em-santana\\\/\",\"nextItem\":{\"@type\":\"ListItem\",\"@id\":\"https:\\\/\\\/www.encontrasantana.com.br\\\/sobre\\\/santana-biblioteca-de-sao-paulo-recebe-bate-papo-com-pedro-bandeira-e-ruth-rocha\\\/#listItem\",\"name\":\"Santana: Biblioteca de S\\u00e3o Paulo recebe bate-papo com Pedro Bandeira e Ruth Rocha\"},\"previousItem\":{\"@type\":\"ListItem\",\"@id\":\"https:\\\/\\\/www.encontrasantana.com.br\\\/sobre#listItem\",\"name\":\"In\\u00edcio\"}},{\"@type\":\"ListItem\",\"@id\":\"https:\\\/\\\/www.encontrasantana.com.br\\\/sobre\\\/santana-biblioteca-de-sao-paulo-recebe-bate-papo-com-pedro-bandeira-e-ruth-rocha\\\/#listItem\",\"position\":3,\"name\":\"Santana: Biblioteca de S\\u00e3o Paulo recebe bate-papo com Pedro Bandeira e Ruth Rocha\",\"previousItem\":{\"@type\":\"ListItem\",\"@id\":\"https:\\\/\\\/www.encontrasantana.com.br\\\/sobre\\\/noticias-em-santana\\\/#listItem\",\"name\":\"Not\\u00edcias Santana\"}}]},{\"@type\":\"Organization\",\"@id\":\"https:\\\/\\\/www.encontrasantana.com.br\\\/sobre\\\/#organization\",\"name\":\"Encontra Santana\",\"description\":\"Not\\u00edcias, eventos, informa\\u00e7\\u00f5es e dicas no bairro de Santana e regi\\u00e3o.\",\"url\":\"https:\\\/\\\/www.encontrasantana.com.br\\\/sobre\\\/\"},{\"@type\":\"Person\",\"@id\":\"https:\\\/\\\/www.encontrasantana.com.br\\\/sobre\\\/author\\\/esantana\\\/#author\",\"url\":\"https:\\\/\\\/www.encontrasantana.com.br\\\/sobre\\\/author\\\/esantana\\\/\",\"name\":\"Encontra Santana\",\"image\":{\"@type\":\"ImageObject\",\"@id\":\"https:\\\/\\\/www.encontrasantana.com.br\\\/sobre\\\/santana-biblioteca-de-sao-paulo-recebe-bate-papo-com-pedro-bandeira-e-ruth-rocha\\\/#authorImage\",\"url\":\"https:\\\/\\\/secure.gravatar.com\\\/avatar\\\/0fbed662e37531ae23e68f85f9517b2454e50c1dfebf80eb9b721449ac95e0b9?s=96&d=mm&r=g\",\"width\":96,\"height\":96,\"caption\":\"Encontra Santana\"}},{\"@type\":\"WebPage\",\"@id\":\"https:\\\/\\\/www.encontrasantana.com.br\\\/sobre\\\/santana-biblioteca-de-sao-paulo-recebe-bate-papo-com-pedro-bandeira-e-ruth-rocha\\\/#webpage\",\"url\":\"https:\\\/\\\/www.encontrasantana.com.br\\\/sobre\\\/santana-biblioteca-de-sao-paulo-recebe-bate-papo-com-pedro-bandeira-e-ruth-rocha\\\/\",\"name\":\"Santana: Biblioteca de S\\u00e3o Paulo recebe bate-papo com Pedro Bandeira e Ruth Rocha \\u00bb Encontra Santana\",\"description\":\"Para celebrar o anivers\\u00e1rio de tr\\u00eas anos completos em 8 de fevereiro, a Biblioteca de S\\u00e3o Paulo recebe os escritores Ruth Rocha e Pedro Bandeira para um bate-papo, que ser\\u00e1 mediado pela apresentadora do programa Metr\\u00f3polis, da TV Cultura, Adriana Couto. O bate-papo acontece neste s\\u00e1bado (23), a partir das 14h, com entrada gratuita. Recomenda-se\",\"inLanguage\":\"pt-BR\",\"isPartOf\":{\"@id\":\"https:\\\/\\\/www.encontrasantana.com.br\\\/sobre\\\/#website\"},\"breadcrumb\":{\"@id\":\"https:\\\/\\\/www.encontrasantana.com.br\\\/sobre\\\/santana-biblioteca-de-sao-paulo-recebe-bate-papo-com-pedro-bandeira-e-ruth-rocha\\\/#breadcrumblist\"},\"author\":{\"@id\":\"https:\\\/\\\/www.encontrasantana.com.br\\\/sobre\\\/author\\\/esantana\\\/#author\"},\"creator\":{\"@id\":\"https:\\\/\\\/www.encontrasantana.com.br\\\/sobre\\\/author\\\/esantana\\\/#author\"},\"datePublished\":\"2013-02-19T17:23:53-03:00\",\"dateModified\":\"2019-04-15T09:58:18-03:00\"},{\"@type\":\"WebSite\",\"@id\":\"https:\\\/\\\/www.encontrasantana.com.br\\\/sobre\\\/#website\",\"url\":\"https:\\\/\\\/www.encontrasantana.com.br\\\/sobre\\\/\",\"name\":\"Encontra Santana\",\"description\":\"Not\\u00edcias, eventos, informa\\u00e7\\u00f5es e dicas no bairro de Santana e regi\\u00e3o.\",\"inLanguage\":\"pt-BR\",\"publisher\":{\"@id\":\"https:\\\/\\\/www.encontrasantana.com.br\\\/sobre\\\/#organization\"}}]}\n\t\t<\/script>\n\t\t<!-- All in One SEO -->\n\n","aioseo_head_json":{"title":"Santana: Biblioteca de S\u00e3o Paulo recebe bate-papo com Pedro Bandeira e Ruth Rocha \u00bb Encontra Santana","description":"Para celebrar o anivers\u00e1rio de tr\u00eas anos completos em 8 de fevereiro, a Biblioteca de S\u00e3o Paulo recebe os escritores Ruth Rocha e Pedro Bandeira para um bate-papo, que ser\u00e1 mediado pela apresentadora do programa Metr\u00f3polis, da TV Cultura, Adriana Couto. O bate-papo acontece neste s\u00e1bado (23), a partir das 14h, com entrada gratuita. Recomenda-se","canonical_url":"https:\/\/www.encontrasantana.com.br\/sobre\/santana-biblioteca-de-sao-paulo-recebe-bate-papo-com-pedro-bandeira-e-ruth-rocha\/","robots":"max-image-preview:large","keywords":"","webmasterTools":{"miscellaneous":""},"schema":{"@context":"https:\/\/schema.org","@graph":[{"@type":"Article","@id":"https:\/\/www.encontrasantana.com.br\/sobre\/santana-biblioteca-de-sao-paulo-recebe-bate-papo-com-pedro-bandeira-e-ruth-rocha\/#article","name":"Santana: Biblioteca de S\u00e3o Paulo recebe bate-papo com Pedro Bandeira e Ruth Rocha \u00bb Encontra Santana","headline":"Santana: Biblioteca de S\u00e3o Paulo recebe bate-papo com Pedro Bandeira e Ruth Rocha","author":{"@id":"https:\/\/www.encontrasantana.com.br\/sobre\/author\/esantana\/#author"},"publisher":{"@id":"https:\/\/www.encontrasantana.com.br\/sobre\/#organization"},"datePublished":"2013-02-19T17:23:53-03:00","dateModified":"2019-04-15T09:58:18-03:00","inLanguage":"pt-BR","mainEntityOfPage":{"@id":"https:\/\/www.encontrasantana.com.br\/sobre\/santana-biblioteca-de-sao-paulo-recebe-bate-papo-com-pedro-bandeira-e-ruth-rocha\/#webpage"},"isPartOf":{"@id":"https:\/\/www.encontrasantana.com.br\/sobre\/santana-biblioteca-de-sao-paulo-recebe-bate-papo-com-pedro-bandeira-e-ruth-rocha\/#webpage"},"articleSection":"Not\u00edcias Santana"},{"@type":"BreadcrumbList","@id":"https:\/\/www.encontrasantana.com.br\/sobre\/santana-biblioteca-de-sao-paulo-recebe-bate-papo-com-pedro-bandeira-e-ruth-rocha\/#breadcrumblist","itemListElement":[{"@type":"ListItem","@id":"https:\/\/www.encontrasantana.com.br\/sobre#listItem","position":1,"name":"In\u00edcio","item":"https:\/\/www.encontrasantana.com.br\/sobre","nextItem":{"@type":"ListItem","@id":"https:\/\/www.encontrasantana.com.br\/sobre\/noticias-em-santana\/#listItem","name":"Not\u00edcias Santana"}},{"@type":"ListItem","@id":"https:\/\/www.encontrasantana.com.br\/sobre\/noticias-em-santana\/#listItem","position":2,"name":"Not\u00edcias Santana","item":"https:\/\/www.encontrasantana.com.br\/sobre\/noticias-em-santana\/","nextItem":{"@type":"ListItem","@id":"https:\/\/www.encontrasantana.com.br\/sobre\/santana-biblioteca-de-sao-paulo-recebe-bate-papo-com-pedro-bandeira-e-ruth-rocha\/#listItem","name":"Santana: Biblioteca de S\u00e3o Paulo recebe bate-papo com Pedro Bandeira e Ruth Rocha"},"previousItem":{"@type":"ListItem","@id":"https:\/\/www.encontrasantana.com.br\/sobre#listItem","name":"In\u00edcio"}},{"@type":"ListItem","@id":"https:\/\/www.encontrasantana.com.br\/sobre\/santana-biblioteca-de-sao-paulo-recebe-bate-papo-com-pedro-bandeira-e-ruth-rocha\/#listItem","position":3,"name":"Santana: Biblioteca de S\u00e3o Paulo recebe bate-papo com Pedro Bandeira e Ruth Rocha","previousItem":{"@type":"ListItem","@id":"https:\/\/www.encontrasantana.com.br\/sobre\/noticias-em-santana\/#listItem","name":"Not\u00edcias Santana"}}]},{"@type":"Organization","@id":"https:\/\/www.encontrasantana.com.br\/sobre\/#organization","name":"Encontra Santana","description":"Not\u00edcias, eventos, informa\u00e7\u00f5es e dicas no bairro de Santana e regi\u00e3o.","url":"https:\/\/www.encontrasantana.com.br\/sobre\/"},{"@type":"Person","@id":"https:\/\/www.encontrasantana.com.br\/sobre\/author\/esantana\/#author","url":"https:\/\/www.encontrasantana.com.br\/sobre\/author\/esantana\/","name":"Encontra Santana","image":{"@type":"ImageObject","@id":"https:\/\/www.encontrasantana.com.br\/sobre\/santana-biblioteca-de-sao-paulo-recebe-bate-papo-com-pedro-bandeira-e-ruth-rocha\/#authorImage","url":"https:\/\/secure.gravatar.com\/avatar\/0fbed662e37531ae23e68f85f9517b2454e50c1dfebf80eb9b721449ac95e0b9?s=96&d=mm&r=g","width":96,"height":96,"caption":"Encontra Santana"}},{"@type":"WebPage","@id":"https:\/\/www.encontrasantana.com.br\/sobre\/santana-biblioteca-de-sao-paulo-recebe-bate-papo-com-pedro-bandeira-e-ruth-rocha\/#webpage","url":"https:\/\/www.encontrasantana.com.br\/sobre\/santana-biblioteca-de-sao-paulo-recebe-bate-papo-com-pedro-bandeira-e-ruth-rocha\/","name":"Santana: Biblioteca de S\u00e3o Paulo recebe bate-papo com Pedro Bandeira e Ruth Rocha \u00bb Encontra Santana","description":"Para celebrar o anivers\u00e1rio de tr\u00eas anos completos em 8 de fevereiro, a Biblioteca de S\u00e3o Paulo recebe os escritores Ruth Rocha e Pedro Bandeira para um bate-papo, que ser\u00e1 mediado pela apresentadora do programa Metr\u00f3polis, da TV Cultura, Adriana Couto. O bate-papo acontece neste s\u00e1bado (23), a partir das 14h, com entrada gratuita. Recomenda-se","inLanguage":"pt-BR","isPartOf":{"@id":"https:\/\/www.encontrasantana.com.br\/sobre\/#website"},"breadcrumb":{"@id":"https:\/\/www.encontrasantana.com.br\/sobre\/santana-biblioteca-de-sao-paulo-recebe-bate-papo-com-pedro-bandeira-e-ruth-rocha\/#breadcrumblist"},"author":{"@id":"https:\/\/www.encontrasantana.com.br\/sobre\/author\/esantana\/#author"},"creator":{"@id":"https:\/\/www.encontrasantana.com.br\/sobre\/author\/esantana\/#author"},"datePublished":"2013-02-19T17:23:53-03:00","dateModified":"2019-04-15T09:58:18-03:00"},{"@type":"WebSite","@id":"https:\/\/www.encontrasantana.com.br\/sobre\/#website","url":"https:\/\/www.encontrasantana.com.br\/sobre\/","name":"Encontra Santana","description":"Not\u00edcias, eventos, informa\u00e7\u00f5es e dicas no bairro de Santana e regi\u00e3o.","inLanguage":"pt-BR","publisher":{"@id":"https:\/\/www.encontrasantana.com.br\/sobre\/#organization"}}]},"og:locale":"pt_BR","og:site_name":"Encontra Santana | Not\u00edcias, eventos, informa\u00e7\u00f5es e dicas no bairro de Santana e regi\u00e3o.","og:type":"article","og:title":"Santana: Biblioteca de S\u00e3o Paulo recebe bate-papo com Pedro Bandeira e Ruth Rocha \u00bb Encontra Santana","og:description":"Para celebrar o anivers\u00e1rio de tr\u00eas anos completos em 8 de fevereiro, a Biblioteca de S\u00e3o Paulo recebe os escritores Ruth Rocha e Pedro Bandeira para um bate-papo, que ser\u00e1 mediado pela apresentadora do programa Metr\u00f3polis, da TV Cultura, Adriana Couto. O bate-papo acontece neste s\u00e1bado (23), a partir das 14h, com entrada gratuita. Recomenda-se","og:url":"https:\/\/www.encontrasantana.com.br\/sobre\/santana-biblioteca-de-sao-paulo-recebe-bate-papo-com-pedro-bandeira-e-ruth-rocha\/","article:published_time":"2013-02-19T20:23:53+00:00","article:modified_time":"2019-04-15T12:58:18+00:00","twitter:card":"summary","twitter:title":"Santana: Biblioteca de S\u00e3o Paulo recebe bate-papo com Pedro Bandeira e Ruth Rocha \u00bb Encontra Santana","twitter:description":"Para celebrar o anivers\u00e1rio de tr\u00eas anos completos em 8 de fevereiro, a Biblioteca de S\u00e3o Paulo recebe os escritores Ruth Rocha e Pedro Bandeira para um bate-papo, que ser\u00e1 mediado pela apresentadora do programa Metr\u00f3polis, da TV Cultura, Adriana Couto. O bate-papo acontece neste s\u00e1bado (23), a partir das 14h, com entrada gratuita. Recomenda-se"},"aioseo_meta_data":{"post_id":"39143","title":null,"description":null,"keywords":null,"keyphrases":null,"primary_term":null,"canonical_url":null,"og_title":null,"og_description":null,"og_object_type":"default","og_image_type":"default","og_image_url":null,"og_image_width":null,"og_image_height":null,"og_image_custom_url":null,"og_image_custom_fields":null,"og_video":null,"og_custom_url":null,"og_article_section":null,"og_article_tags":null,"twitter_use_og":false,"twitter_card":"default","twitter_image_type":"default","twitter_image_url":null,"twitter_image_custom_url":null,"twitter_image_custom_fields":null,"twitter_title":null,"twitter_description":null,"schema":{"blockGraphs":[],"customGraphs":[],"default":{"data":{"Article":[],"Course":[],"Dataset":[],"FAQPage":[],"Movie":[],"Person":[],"Product":[],"ProductReview":[],"Car":[],"Recipe":[],"Service":[],"SoftwareApplication":[],"WebPage":[]},"graphName":"Article","isEnabled":true},"graphs":[]},"schema_type":null,"schema_type_options":null,"pillar_content":false,"robots_default":true,"robots_noindex":false,"robots_noarchive":false,"robots_nosnippet":false,"robots_nofollow":false,"robots_noimageindex":false,"robots_noodp":false,"robots_notranslate":false,"robots_max_snippet":null,"robots_max_videopreview":null,"robots_max_imagepreview":"large","priority":null,"frequency":null,"local_seo":null,"limit_modified_date":false,"created":"2021-04-20 18:33:56","updated":"2026-08-07 00:14:33","focus_keyword":null,"additional_keywords":null,"truseo_locale":null,"ai":null,"breadcrumb_settings":null,"seo_analyzer_scan_date":null},"aioseo_breadcrumb":"<div class=\"aioseo-breadcrumbs\"><span class=\"aioseo-breadcrumb\">\n\t\t\t<a href=\"https:\/\/www.encontrasantana.com.br\/sobre\" title=\"In\u00edcio\">In\u00edcio<\/a>\n\t\t<\/span><span class=\"aioseo-breadcrumb-separator\">&raquo;<\/span><span class=\"aioseo-breadcrumb\">\n\t\t\t<a href=\"https:\/\/www.encontrasantana.com.br\/sobre\/noticias-em-santana\/\" title=\"Not\u00edcias Santana\">Not\u00edcias Santana<\/a>\n\t\t<\/span><span class=\"aioseo-breadcrumb-separator\">&raquo;<\/span><span class=\"aioseo-breadcrumb\">\n\t\t\tSantana: Biblioteca de S\u00e3o Paulo recebe bate-papo com Pedro Bandeira e Ruth Rocha\n\t\t<\/span><\/div>","aioseo_breadcrumb_json":[{"label":"In\u00edcio","link":"https:\/\/www.encontrasantana.com.br\/sobre"},{"label":"Not\u00edcias Santana","link":"https:\/\/www.encontrasantana.com.br\/sobre\/noticias-em-santana\/"},{"label":"Santana: Biblioteca de S\u00e3o Paulo recebe bate-papo com Pedro Bandeira e Ruth Rocha","link":"https:\/\/www.encontrasantana.com.br\/sobre\/santana-biblioteca-de-sao-paulo-recebe-bate-papo-com-pedro-bandeira-e-ruth-rocha\/"}],"_links":{"self":[{"href":"https:\/\/www.encontrasantana.com.br\/sobre\/wp-json\/wp\/v2\/posts\/39143","targetHints":{"allow":["GET"]}}],"collection":[{"href":"https:\/\/www.encontrasantana.com.br\/sobre\/wp-json\/wp\/v2\/posts"}],"about":[{"href":"https:\/\/www.encontrasantana.com.br\/sobre\/wp-json\/wp\/v2\/types\/post"}],"author":[{"embeddable":true,"href":"https:\/\/www.encontrasantana.com.br\/sobre\/wp-json\/wp\/v2\/users\/1"}],"replies":[{"embeddable":true,"href":"https:\/\/www.encontrasantana.com.br\/sobre\/wp-json\/wp\/v2\/comments?post=39143"}],"version-history":[{"count":0,"href":"https:\/\/www.encontrasantana.com.br\/sobre\/wp-json\/wp\/v2\/posts\/39143\/revisions"}],"wp:attachment":[{"href":"https:\/\/www.encontrasantana.com.br\/sobre\/wp-json\/wp\/v2\/media?parent=39143"}],"wp:term":[{"taxonomy":"category","embeddable":true,"href":"https:\/\/www.encontrasantana.com.br\/sobre\/wp-json\/wp\/v2\/categories?post=39143"},{"taxonomy":"post_tag","embeddable":true,"href":"https:\/\/www.encontrasantana.com.br\/sobre\/wp-json\/wp\/v2\/tags?post=39143"}],"curies":[{"name":"wp","href":"https:\/\/api.w.org\/{rel}","templated":true}]}}