{"id":39147,"date":"2013-02-20T08:35:39","date_gmt":"2013-02-20T11:35:39","guid":{"rendered":"http:\/\/www.encontrasantana.com.br\/blog\/?p=39147"},"modified":"2019-04-15T09:58:18","modified_gmt":"2019-04-15T12:58:18","slug":"a-banda-mais-bonita-da-cidade-toca-nesta-quinta-em-santana","status":"publish","type":"post","link":"https:\/\/www.encontrasantana.com.br\/sobre\/a-banda-mais-bonita-da-cidade-toca-nesta-quinta-em-santana\/","title":{"rendered":"A Banda Mais Bonita da Cidade toca nesta quinta em Santana"},"content":{"rendered":"<div class=\"1acf8468e559fd3cbeec5aee3a269a52\" data-index=\"1\" style=\"float: none; margin:0px;\">\n<!-- Anuncio display - global -->\r\n<ins class=\"adsbygoogle\"\r\n     style=\"display:block\"\r\n     data-ad-client=\"ca-pub-8585364105181520\"\r\n     data-ad-slot=\"8789329856\"\r\n     data-ad-format=\"auto\"\r\n     data-full-width-responsive=\"true\"><\/ins>\r\n<script>\r\n     (adsbygoogle = window.adsbygoogle || []).push({});\r\n<\/script>\n<\/div>\n<p>Fruto de um viral que atingiu milh\u00f5es de visualiza\u00e7\u00f5es no portal de v\u00eddeos YouTube, A Banda mais Bonita da Cidade traz a Ora\u00e7\u00e3o e outras composi\u00e7\u00f5es a S\u00e3o Paulo. O grupo da cidade de Curitiba faz sua primeira apresenta\u00e7\u00e3o nesta quinta-feira, 21, em Santana.<\/p>\n<p>O Bar Brahma Aeroclube recebe os sulistas que se destacaram gra\u00e7as ao sucesso do webclipe de Ora\u00e7\u00e3o. A ideia de gravar em plano-sequ\u00eancia, sem cortes, chamou a aten\u00e7\u00e3o dos internautas, mas a letra simples e os arranjos contagiantes foram fundamentais para a populariza\u00e7\u00e3o da banda, formada por Uyara Torrente, Diego Pla\u00e7a, Lu\u00eds Bourscheidt, Rodrigo Lemos e\u00a0Vin\u00edcius Nisi.<\/p>\n<p>Com o sucesso, a banda aproveitou o momento e lan\u00e7ou seu &#8216;Primeiro \u00c1lbum&#8217; (nome do disco), dispon\u00edvel para download gratuito, e fez shows pelo Brasil e Europa.\u00a0No ano passado, a banda fez um show que rendeu o &#8216;Vinil Compacto 7 &#8211; Can\u00e7\u00f5es que V\u00e3o Morrer no Ar&#8217;, com apenas duas m\u00fasicas, que estar\u00e3o na set list do show.<\/p>\n<p>A banda far\u00e1 uma temporada de shows no Bar Brahma Aeroclube, com apresenta\u00e7\u00f5es tamb\u00e9m nos dias 28 de fevereiro e dias 1, 7, 14, 21 e 28 de mar\u00e7o.<\/p>\n<p><strong>Servi\u00e7o no bairro de Santana<\/strong><\/p>\n<p><strong>Temporada de shows &#8211; A Banda mais Bonita da Cidade<\/strong><\/p>\n<p><strong>Datas:<\/strong> 21 e 28 de fevereiro e 1, 7, 14, 21 e 28 de mar\u00e7o, \u00e0s 22h30<\/p>\n<p><strong>Local:<\/strong> Bar Brahma Aeroclube<\/p>\n<p><strong>Endere\u00e7o:<\/strong> Avenida Olavo Fontoura, 650 &#8211; Santana (Campo de Marte)<\/p>\n<p><strong>Ingressos:<\/strong> R$ 25<\/p>\n<p><strong>Infos:<\/strong> (11) 3333.3030 \/ 3367.3601<\/p>\n<p><em>Fonte: Portal Terra<\/em><\/p>\n\n<div style=\"font-size: 0px; height: 0px; line-height: 0px; margin: 0; padding: 0; clear: both;\"><\/div>","protected":false},"excerpt":{"rendered":"<p>Fruto de um viral que atingiu milh\u00f5es de visualiza\u00e7\u00f5es no portal de v\u00eddeos YouTube, A Banda mais Bonita da Cidade traz a Ora\u00e7\u00e3o e outras composi\u00e7\u00f5es a S\u00e3o Paulo. O grupo da cidade de Curitiba faz sua primeira apresenta\u00e7\u00e3o nesta quinta-feira, 21, em Santana. O Bar Brahma Aeroclube recebe os sulistas que se destacaram gra\u00e7as ao sucesso do webclipe de Ora\u00e7\u00e3o. A ideia de gravar em plano-sequ\u00eancia, sem cortes, chamou a aten\u00e7\u00e3o dos internautas, mas a letra simples e os arranjos contagiantes foram fundamentais para a populariza\u00e7\u00e3o da banda, formada por Uyara Torrente, Diego Pla\u00e7a, Lu\u00eds Bourscheidt, Rodrigo Lemos e\u00a0Vin\u00edcius <\/p>\n","protected":false},"author":1,"featured_media":0,"comment_status":"open","ping_status":"closed","sticky":false,"template":"","format":"standard","meta":{"footnotes":""},"categories":[3],"tags":[],"class_list":["post-39147","post","type-post","status-publish","format-standard","hentry","category-noticias-em-santana"],"aioseo_notices":[],"aioseo_head":"\n\t\t<!-- All in One SEO 5.0.0.1 - aioseo.com -->\n\t<meta name=\"description\" content=\"Fruto de um viral que atingiu milh\u00f5es de visualiza\u00e7\u00f5es no portal de v\u00eddeos YouTube, A Banda mais Bonita da Cidade traz a Ora\u00e7\u00e3o e outras composi\u00e7\u00f5es a S\u00e3o Paulo. O grupo da cidade de Curitiba faz sua primeira apresenta\u00e7\u00e3o nesta quinta-feira, 21, em Santana. O Bar Brahma Aeroclube recebe os sulistas que se destacaram gra\u00e7as\" \/>\n\t<meta name=\"robots\" content=\"max-image-preview:large\" \/>\n\t<meta name=\"author\" content=\"Encontra Santana\"\/>\n\t<link rel=\"canonical\" href=\"https:\/\/www.encontrasantana.com.br\/sobre\/a-banda-mais-bonita-da-cidade-toca-nesta-quinta-em-santana\/\" \/>\n\t<meta name=\"generator\" content=\"All in One SEO (AIOSEO) 5.0.0.1\" \/>\n\t\t<meta property=\"og:locale\" content=\"pt_BR\" \/>\n\t\t<meta property=\"og:site_name\" content=\"Encontra Santana | Not\u00edcias, eventos, informa\u00e7\u00f5es e dicas no bairro de Santana e regi\u00e3o.\" \/>\n\t\t<meta property=\"og:type\" content=\"article\" \/>\n\t\t<meta property=\"og:title\" content=\"A Banda Mais Bonita da Cidade toca nesta quinta em Santana \u00bb Encontra Santana\" \/>\n\t\t<meta property=\"og:description\" content=\"Fruto de um viral que atingiu milh\u00f5es de visualiza\u00e7\u00f5es no portal de v\u00eddeos YouTube, A Banda mais Bonita da Cidade traz a Ora\u00e7\u00e3o e outras composi\u00e7\u00f5es a S\u00e3o Paulo. O grupo da cidade de Curitiba faz sua primeira apresenta\u00e7\u00e3o nesta quinta-feira, 21, em Santana. O Bar Brahma Aeroclube recebe os sulistas que se destacaram gra\u00e7as\" \/>\n\t\t<meta property=\"og:url\" content=\"https:\/\/www.encontrasantana.com.br\/sobre\/a-banda-mais-bonita-da-cidade-toca-nesta-quinta-em-santana\/\" \/>\n\t\t<meta property=\"article:published_time\" content=\"2013-02-20T11:35:39+00:00\" \/>\n\t\t<meta property=\"article:modified_time\" content=\"2019-04-15T12:58:18+00:00\" \/>\n\t\t<meta name=\"twitter:card\" content=\"summary\" \/>\n\t\t<meta name=\"twitter:title\" content=\"A Banda Mais Bonita da Cidade toca nesta quinta em Santana \u00bb Encontra Santana\" \/>\n\t\t<meta name=\"twitter:description\" content=\"Fruto de um viral que atingiu milh\u00f5es de visualiza\u00e7\u00f5es no portal de v\u00eddeos YouTube, A Banda mais Bonita da Cidade traz a Ora\u00e7\u00e3o e outras composi\u00e7\u00f5es a S\u00e3o Paulo. O grupo da cidade de Curitiba faz sua primeira apresenta\u00e7\u00e3o nesta quinta-feira, 21, em Santana. O Bar Brahma Aeroclube recebe os sulistas que se destacaram gra\u00e7as\" \/>\n\t\t<script type=\"application\/ld+json\" class=\"aioseo-schema\">\n\t\t\t{\"@context\":\"https:\\\/\\\/schema.org\",\"@graph\":[{\"@type\":\"Article\",\"@id\":\"https:\\\/\\\/www.encontrasantana.com.br\\\/sobre\\\/a-banda-mais-bonita-da-cidade-toca-nesta-quinta-em-santana\\\/#article\",\"name\":\"A Banda Mais Bonita da Cidade toca nesta quinta em Santana \\u00bb Encontra Santana\",\"headline\":\"A Banda Mais Bonita da Cidade toca nesta quinta em Santana\",\"author\":{\"@id\":\"https:\\\/\\\/www.encontrasantana.com.br\\\/sobre\\\/author\\\/esantana\\\/#author\"},\"publisher\":{\"@id\":\"https:\\\/\\\/www.encontrasantana.com.br\\\/sobre\\\/#organization\"},\"datePublished\":\"2013-02-20T08:35:39-03:00\",\"dateModified\":\"2019-04-15T09:58:18-03:00\",\"inLanguage\":\"pt-BR\",\"mainEntityOfPage\":{\"@id\":\"https:\\\/\\\/www.encontrasantana.com.br\\\/sobre\\\/a-banda-mais-bonita-da-cidade-toca-nesta-quinta-em-santana\\\/#webpage\"},\"isPartOf\":{\"@id\":\"https:\\\/\\\/www.encontrasantana.com.br\\\/sobre\\\/a-banda-mais-bonita-da-cidade-toca-nesta-quinta-em-santana\\\/#webpage\"},\"articleSection\":\"Not\\u00edcias Santana\"},{\"@type\":\"BreadcrumbList\",\"@id\":\"https:\\\/\\\/www.encontrasantana.com.br\\\/sobre\\\/a-banda-mais-bonita-da-cidade-toca-nesta-quinta-em-santana\\\/#breadcrumblist\",\"itemListElement\":[{\"@type\":\"ListItem\",\"@id\":\"https:\\\/\\\/www.encontrasantana.com.br\\\/sobre#listItem\",\"position\":1,\"name\":\"In\\u00edcio\",\"item\":\"https:\\\/\\\/www.encontrasantana.com.br\\\/sobre\",\"nextItem\":{\"@type\":\"ListItem\",\"@id\":\"https:\\\/\\\/www.encontrasantana.com.br\\\/sobre\\\/noticias-em-santana\\\/#listItem\",\"name\":\"Not\\u00edcias Santana\"}},{\"@type\":\"ListItem\",\"@id\":\"https:\\\/\\\/www.encontrasantana.com.br\\\/sobre\\\/noticias-em-santana\\\/#listItem\",\"position\":2,\"name\":\"Not\\u00edcias Santana\",\"item\":\"https:\\\/\\\/www.encontrasantana.com.br\\\/sobre\\\/noticias-em-santana\\\/\",\"nextItem\":{\"@type\":\"ListItem\",\"@id\":\"https:\\\/\\\/www.encontrasantana.com.br\\\/sobre\\\/a-banda-mais-bonita-da-cidade-toca-nesta-quinta-em-santana\\\/#listItem\",\"name\":\"A Banda Mais Bonita da Cidade toca nesta quinta em Santana\"},\"previousItem\":{\"@type\":\"ListItem\",\"@id\":\"https:\\\/\\\/www.encontrasantana.com.br\\\/sobre#listItem\",\"name\":\"In\\u00edcio\"}},{\"@type\":\"ListItem\",\"@id\":\"https:\\\/\\\/www.encontrasantana.com.br\\\/sobre\\\/a-banda-mais-bonita-da-cidade-toca-nesta-quinta-em-santana\\\/#listItem\",\"position\":3,\"name\":\"A Banda Mais Bonita da Cidade toca nesta quinta em Santana\",\"previousItem\":{\"@type\":\"ListItem\",\"@id\":\"https:\\\/\\\/www.encontrasantana.com.br\\\/sobre\\\/noticias-em-santana\\\/#listItem\",\"name\":\"Not\\u00edcias Santana\"}}]},{\"@type\":\"Organization\",\"@id\":\"https:\\\/\\\/www.encontrasantana.com.br\\\/sobre\\\/#organization\",\"name\":\"Encontra Santana\",\"description\":\"Not\\u00edcias, eventos, informa\\u00e7\\u00f5es e dicas no bairro de Santana e regi\\u00e3o.\",\"url\":\"https:\\\/\\\/www.encontrasantana.com.br\\\/sobre\\\/\"},{\"@type\":\"Person\",\"@id\":\"https:\\\/\\\/www.encontrasantana.com.br\\\/sobre\\\/author\\\/esantana\\\/#author\",\"url\":\"https:\\\/\\\/www.encontrasantana.com.br\\\/sobre\\\/author\\\/esantana\\\/\",\"name\":\"Encontra Santana\",\"image\":{\"@type\":\"ImageObject\",\"@id\":\"https:\\\/\\\/www.encontrasantana.com.br\\\/sobre\\\/a-banda-mais-bonita-da-cidade-toca-nesta-quinta-em-santana\\\/#authorImage\",\"url\":\"https:\\\/\\\/secure.gravatar.com\\\/avatar\\\/0fbed662e37531ae23e68f85f9517b2454e50c1dfebf80eb9b721449ac95e0b9?s=96&d=mm&r=g\",\"width\":96,\"height\":96,\"caption\":\"Encontra Santana\"}},{\"@type\":\"WebPage\",\"@id\":\"https:\\\/\\\/www.encontrasantana.com.br\\\/sobre\\\/a-banda-mais-bonita-da-cidade-toca-nesta-quinta-em-santana\\\/#webpage\",\"url\":\"https:\\\/\\\/www.encontrasantana.com.br\\\/sobre\\\/a-banda-mais-bonita-da-cidade-toca-nesta-quinta-em-santana\\\/\",\"name\":\"A Banda Mais Bonita da Cidade toca nesta quinta em Santana \\u00bb Encontra Santana\",\"description\":\"Fruto de um viral que atingiu milh\\u00f5es de visualiza\\u00e7\\u00f5es no portal de v\\u00eddeos YouTube, A Banda mais Bonita da Cidade traz a Ora\\u00e7\\u00e3o e outras composi\\u00e7\\u00f5es a S\\u00e3o Paulo. O grupo da cidade de Curitiba faz sua primeira apresenta\\u00e7\\u00e3o nesta quinta-feira, 21, em Santana. O Bar Brahma Aeroclube recebe os sulistas que se destacaram gra\\u00e7as\",\"inLanguage\":\"pt-BR\",\"isPartOf\":{\"@id\":\"https:\\\/\\\/www.encontrasantana.com.br\\\/sobre\\\/#website\"},\"breadcrumb\":{\"@id\":\"https:\\\/\\\/www.encontrasantana.com.br\\\/sobre\\\/a-banda-mais-bonita-da-cidade-toca-nesta-quinta-em-santana\\\/#breadcrumblist\"},\"author\":{\"@id\":\"https:\\\/\\\/www.encontrasantana.com.br\\\/sobre\\\/author\\\/esantana\\\/#author\"},\"creator\":{\"@id\":\"https:\\\/\\\/www.encontrasantana.com.br\\\/sobre\\\/author\\\/esantana\\\/#author\"},\"datePublished\":\"2013-02-20T08:35:39-03:00\",\"dateModified\":\"2019-04-15T09:58:18-03:00\"},{\"@type\":\"WebSite\",\"@id\":\"https:\\\/\\\/www.encontrasantana.com.br\\\/sobre\\\/#website\",\"url\":\"https:\\\/\\\/www.encontrasantana.com.br\\\/sobre\\\/\",\"name\":\"Encontra Santana\",\"description\":\"Not\\u00edcias, eventos, informa\\u00e7\\u00f5es e dicas no bairro de Santana e regi\\u00e3o.\",\"inLanguage\":\"pt-BR\",\"publisher\":{\"@id\":\"https:\\\/\\\/www.encontrasantana.com.br\\\/sobre\\\/#organization\"}}]}\n\t\t<\/script>\n\t\t<!-- All in One SEO -->\n\n","aioseo_head_json":{"title":"A Banda Mais Bonita da Cidade toca nesta quinta em Santana \u00bb Encontra Santana","description":"Fruto de um viral que atingiu milh\u00f5es de visualiza\u00e7\u00f5es no portal de v\u00eddeos YouTube, A Banda mais Bonita da Cidade traz a Ora\u00e7\u00e3o e outras composi\u00e7\u00f5es a S\u00e3o Paulo. O grupo da cidade de Curitiba faz sua primeira apresenta\u00e7\u00e3o nesta quinta-feira, 21, em Santana. O Bar Brahma Aeroclube recebe os sulistas que se destacaram gra\u00e7as","canonical_url":"https:\/\/www.encontrasantana.com.br\/sobre\/a-banda-mais-bonita-da-cidade-toca-nesta-quinta-em-santana\/","robots":"max-image-preview:large","keywords":"","webmasterTools":{"miscellaneous":""},"schema":{"@context":"https:\/\/schema.org","@graph":[{"@type":"Article","@id":"https:\/\/www.encontrasantana.com.br\/sobre\/a-banda-mais-bonita-da-cidade-toca-nesta-quinta-em-santana\/#article","name":"A Banda Mais Bonita da Cidade toca nesta quinta em Santana \u00bb Encontra Santana","headline":"A Banda Mais Bonita da Cidade toca nesta quinta em Santana","author":{"@id":"https:\/\/www.encontrasantana.com.br\/sobre\/author\/esantana\/#author"},"publisher":{"@id":"https:\/\/www.encontrasantana.com.br\/sobre\/#organization"},"datePublished":"2013-02-20T08:35:39-03:00","dateModified":"2019-04-15T09:58:18-03:00","inLanguage":"pt-BR","mainEntityOfPage":{"@id":"https:\/\/www.encontrasantana.com.br\/sobre\/a-banda-mais-bonita-da-cidade-toca-nesta-quinta-em-santana\/#webpage"},"isPartOf":{"@id":"https:\/\/www.encontrasantana.com.br\/sobre\/a-banda-mais-bonita-da-cidade-toca-nesta-quinta-em-santana\/#webpage"},"articleSection":"Not\u00edcias Santana"},{"@type":"BreadcrumbList","@id":"https:\/\/www.encontrasantana.com.br\/sobre\/a-banda-mais-bonita-da-cidade-toca-nesta-quinta-em-santana\/#breadcrumblist","itemListElement":[{"@type":"ListItem","@id":"https:\/\/www.encontrasantana.com.br\/sobre#listItem","position":1,"name":"In\u00edcio","item":"https:\/\/www.encontrasantana.com.br\/sobre","nextItem":{"@type":"ListItem","@id":"https:\/\/www.encontrasantana.com.br\/sobre\/noticias-em-santana\/#listItem","name":"Not\u00edcias Santana"}},{"@type":"ListItem","@id":"https:\/\/www.encontrasantana.com.br\/sobre\/noticias-em-santana\/#listItem","position":2,"name":"Not\u00edcias Santana","item":"https:\/\/www.encontrasantana.com.br\/sobre\/noticias-em-santana\/","nextItem":{"@type":"ListItem","@id":"https:\/\/www.encontrasantana.com.br\/sobre\/a-banda-mais-bonita-da-cidade-toca-nesta-quinta-em-santana\/#listItem","name":"A Banda Mais Bonita da Cidade toca nesta quinta em Santana"},"previousItem":{"@type":"ListItem","@id":"https:\/\/www.encontrasantana.com.br\/sobre#listItem","name":"In\u00edcio"}},{"@type":"ListItem","@id":"https:\/\/www.encontrasantana.com.br\/sobre\/a-banda-mais-bonita-da-cidade-toca-nesta-quinta-em-santana\/#listItem","position":3,"name":"A Banda Mais Bonita da Cidade toca nesta quinta em Santana","previousItem":{"@type":"ListItem","@id":"https:\/\/www.encontrasantana.com.br\/sobre\/noticias-em-santana\/#listItem","name":"Not\u00edcias Santana"}}]},{"@type":"Organization","@id":"https:\/\/www.encontrasantana.com.br\/sobre\/#organization","name":"Encontra Santana","description":"Not\u00edcias, eventos, informa\u00e7\u00f5es e dicas no bairro de Santana e regi\u00e3o.","url":"https:\/\/www.encontrasantana.com.br\/sobre\/"},{"@type":"Person","@id":"https:\/\/www.encontrasantana.com.br\/sobre\/author\/esantana\/#author","url":"https:\/\/www.encontrasantana.com.br\/sobre\/author\/esantana\/","name":"Encontra Santana","image":{"@type":"ImageObject","@id":"https:\/\/www.encontrasantana.com.br\/sobre\/a-banda-mais-bonita-da-cidade-toca-nesta-quinta-em-santana\/#authorImage","url":"https:\/\/secure.gravatar.com\/avatar\/0fbed662e37531ae23e68f85f9517b2454e50c1dfebf80eb9b721449ac95e0b9?s=96&d=mm&r=g","width":96,"height":96,"caption":"Encontra Santana"}},{"@type":"WebPage","@id":"https:\/\/www.encontrasantana.com.br\/sobre\/a-banda-mais-bonita-da-cidade-toca-nesta-quinta-em-santana\/#webpage","url":"https:\/\/www.encontrasantana.com.br\/sobre\/a-banda-mais-bonita-da-cidade-toca-nesta-quinta-em-santana\/","name":"A Banda Mais Bonita da Cidade toca nesta quinta em Santana \u00bb Encontra Santana","description":"Fruto de um viral que atingiu milh\u00f5es de visualiza\u00e7\u00f5es no portal de v\u00eddeos YouTube, A Banda mais Bonita da Cidade traz a Ora\u00e7\u00e3o e outras composi\u00e7\u00f5es a S\u00e3o Paulo. O grupo da cidade de Curitiba faz sua primeira apresenta\u00e7\u00e3o nesta quinta-feira, 21, em Santana. O Bar Brahma Aeroclube recebe os sulistas que se destacaram gra\u00e7as","inLanguage":"pt-BR","isPartOf":{"@id":"https:\/\/www.encontrasantana.com.br\/sobre\/#website"},"breadcrumb":{"@id":"https:\/\/www.encontrasantana.com.br\/sobre\/a-banda-mais-bonita-da-cidade-toca-nesta-quinta-em-santana\/#breadcrumblist"},"author":{"@id":"https:\/\/www.encontrasantana.com.br\/sobre\/author\/esantana\/#author"},"creator":{"@id":"https:\/\/www.encontrasantana.com.br\/sobre\/author\/esantana\/#author"},"datePublished":"2013-02-20T08:35:39-03:00","dateModified":"2019-04-15T09:58:18-03:00"},{"@type":"WebSite","@id":"https:\/\/www.encontrasantana.com.br\/sobre\/#website","url":"https:\/\/www.encontrasantana.com.br\/sobre\/","name":"Encontra Santana","description":"Not\u00edcias, eventos, informa\u00e7\u00f5es e dicas no bairro de Santana e regi\u00e3o.","inLanguage":"pt-BR","publisher":{"@id":"https:\/\/www.encontrasantana.com.br\/sobre\/#organization"}}]},"og:locale":"pt_BR","og:site_name":"Encontra Santana | Not\u00edcias, eventos, informa\u00e7\u00f5es e dicas no bairro de Santana e regi\u00e3o.","og:type":"article","og:title":"A Banda Mais Bonita da Cidade toca nesta quinta em Santana \u00bb Encontra Santana","og:description":"Fruto de um viral que atingiu milh\u00f5es de visualiza\u00e7\u00f5es no portal de v\u00eddeos YouTube, A Banda mais Bonita da Cidade traz a Ora\u00e7\u00e3o e outras composi\u00e7\u00f5es a S\u00e3o Paulo. O grupo da cidade de Curitiba faz sua primeira apresenta\u00e7\u00e3o nesta quinta-feira, 21, em Santana. O Bar Brahma Aeroclube recebe os sulistas que se destacaram gra\u00e7as","og:url":"https:\/\/www.encontrasantana.com.br\/sobre\/a-banda-mais-bonita-da-cidade-toca-nesta-quinta-em-santana\/","article:published_time":"2013-02-20T11:35:39+00:00","article:modified_time":"2019-04-15T12:58:18+00:00","twitter:card":"summary","twitter:title":"A Banda Mais Bonita da Cidade toca nesta quinta em Santana \u00bb Encontra Santana","twitter:description":"Fruto de um viral que atingiu milh\u00f5es de visualiza\u00e7\u00f5es no portal de v\u00eddeos YouTube, A Banda mais Bonita da Cidade traz a Ora\u00e7\u00e3o e outras composi\u00e7\u00f5es a S\u00e3o Paulo. O grupo da cidade de Curitiba faz sua primeira apresenta\u00e7\u00e3o nesta quinta-feira, 21, em Santana. O Bar Brahma Aeroclube recebe os sulistas que se destacaram gra\u00e7as"},"aioseo_meta_data":{"post_id":"39147","title":null,"description":null,"keywords":null,"keyphrases":null,"primary_term":null,"canonical_url":null,"og_title":null,"og_description":null,"og_object_type":"default","og_image_type":"default","og_image_url":null,"og_image_width":null,"og_image_height":null,"og_image_custom_url":null,"og_image_custom_fields":null,"og_video":null,"og_custom_url":null,"og_article_section":null,"og_article_tags":null,"twitter_use_og":false,"twitter_card":"default","twitter_image_type":"default","twitter_image_url":null,"twitter_image_custom_url":null,"twitter_image_custom_fields":null,"twitter_title":null,"twitter_description":null,"schema":{"blockGraphs":[],"customGraphs":[],"default":{"data":{"Article":[],"Course":[],"Dataset":[],"FAQPage":[],"Movie":[],"Person":[],"Product":[],"ProductReview":[],"Car":[],"Recipe":[],"Service":[],"SoftwareApplication":[],"WebPage":[]},"graphName":"Article","isEnabled":true},"graphs":[]},"schema_type":null,"schema_type_options":null,"pillar_content":false,"robots_default":true,"robots_noindex":false,"robots_noarchive":false,"robots_nosnippet":false,"robots_nofollow":false,"robots_noimageindex":false,"robots_noodp":false,"robots_notranslate":false,"robots_max_snippet":null,"robots_max_videopreview":null,"robots_max_imagepreview":"large","priority":null,"frequency":null,"local_seo":null,"limit_modified_date":false,"created":"2021-04-20 18:33:56","updated":"2026-08-07 00:17:04","focus_keyword":null,"additional_keywords":null,"truseo_locale":null,"ai":null,"breadcrumb_settings":null,"seo_analyzer_scan_date":null},"aioseo_breadcrumb":"<div class=\"aioseo-breadcrumbs\"><span class=\"aioseo-breadcrumb\">\n\t\t\t<a href=\"https:\/\/www.encontrasantana.com.br\/sobre\" title=\"In\u00edcio\">In\u00edcio<\/a>\n\t\t<\/span><span class=\"aioseo-breadcrumb-separator\">&raquo;<\/span><span class=\"aioseo-breadcrumb\">\n\t\t\t<a href=\"https:\/\/www.encontrasantana.com.br\/sobre\/noticias-em-santana\/\" title=\"Not\u00edcias Santana\">Not\u00edcias Santana<\/a>\n\t\t<\/span><span class=\"aioseo-breadcrumb-separator\">&raquo;<\/span><span class=\"aioseo-breadcrumb\">\n\t\t\tA Banda Mais Bonita da Cidade toca nesta quinta em Santana\n\t\t<\/span><\/div>","aioseo_breadcrumb_json":[{"label":"In\u00edcio","link":"https:\/\/www.encontrasantana.com.br\/sobre"},{"label":"Not\u00edcias Santana","link":"https:\/\/www.encontrasantana.com.br\/sobre\/noticias-em-santana\/"},{"label":"A Banda Mais Bonita da Cidade toca nesta quinta em Santana","link":"https:\/\/www.encontrasantana.com.br\/sobre\/a-banda-mais-bonita-da-cidade-toca-nesta-quinta-em-santana\/"}],"_links":{"self":[{"href":"https:\/\/www.encontrasantana.com.br\/sobre\/wp-json\/wp\/v2\/posts\/39147","targetHints":{"allow":["GET"]}}],"collection":[{"href":"https:\/\/www.encontrasantana.com.br\/sobre\/wp-json\/wp\/v2\/posts"}],"about":[{"href":"https:\/\/www.encontrasantana.com.br\/sobre\/wp-json\/wp\/v2\/types\/post"}],"author":[{"embeddable":true,"href":"https:\/\/www.encontrasantana.com.br\/sobre\/wp-json\/wp\/v2\/users\/1"}],"replies":[{"embeddable":true,"href":"https:\/\/www.encontrasantana.com.br\/sobre\/wp-json\/wp\/v2\/comments?post=39147"}],"version-history":[{"count":0,"href":"https:\/\/www.encontrasantana.com.br\/sobre\/wp-json\/wp\/v2\/posts\/39147\/revisions"}],"wp:attachment":[{"href":"https:\/\/www.encontrasantana.com.br\/sobre\/wp-json\/wp\/v2\/media?parent=39147"}],"wp:term":[{"taxonomy":"category","embeddable":true,"href":"https:\/\/www.encontrasantana.com.br\/sobre\/wp-json\/wp\/v2\/categories?post=39147"},{"taxonomy":"post_tag","embeddable":true,"href":"https:\/\/www.encontrasantana.com.br\/sobre\/wp-json\/wp\/v2\/tags?post=39147"}],"curies":[{"name":"wp","href":"https:\/\/api.w.org\/{rel}","templated":true}]}}