{"id":39149,"date":"2013-02-22T17:43:35","date_gmt":"2013-02-22T20:43:35","guid":{"rendered":"http:\/\/www.encontrasantana.com.br\/blog\/?p=39149"},"modified":"2019-04-15T09:58:18","modified_gmt":"2019-04-15T12:58:18","slug":"santana-recebe-seminario-aberto-ao-publico-sobre-saude-e-sexualidade","status":"publish","type":"post","link":"https:\/\/www.encontrasantana.com.br\/sobre\/santana-recebe-seminario-aberto-ao-publico-sobre-saude-e-sexualidade\/","title":{"rendered":"Santana recebe semin\u00e1rio aberto ao p\u00fablico sobre sa\u00fade e sexualidade"},"content":{"rendered":"<div class=\"1acf8468e559fd3cbeec5aee3a269a52\" data-index=\"1\" style=\"float: none; margin:0px;\">\n<!-- Anuncio display - global -->\r\n<ins class=\"adsbygoogle\"\r\n     style=\"display:block\"\r\n     data-ad-client=\"ca-pub-8585364105181520\"\r\n     data-ad-slot=\"8789329856\"\r\n     data-ad-format=\"auto\"\r\n     data-full-width-responsive=\"true\"><\/ins>\r\n<script>\r\n     (adsbygoogle = window.adsbygoogle || []).push({});\r\n<\/script>\n<\/div>\n<p>A Coordenadoria de Juventude, da Secretaria de Esporte, Lazer e Juventude do Governo do Estado de S\u00e3o Paulo, realiza neste s\u00e1bado, dia 23 de fevereiro de 2013, um semin\u00e1rio de conscientiza\u00e7\u00e3o sobre sa\u00fade e sexualidade destinado aos jovens, pais e educadores, intitulado de\u00a0<i>2\u00ba Di\u00e1logos sobre Pol\u00edticas de Juventude, Sa\u00fade e Sexualidade: Juventude sem AIDS<\/i>.<\/p>\n<p>Em formato de Sociodrama, o semin\u00e1rio tem o prop\u00f3sito de oferecer conhecimento sobre sa\u00fade e sexualidade, capacitar servidores da administra\u00e7\u00e3o p\u00fablica e debater com pais e jovens, meios de combate \u00e0s DSTs\/AIDS, gravidez precoce, o abuso e a explora\u00e7\u00e3o sexual.<\/p>\n<p>O evento no bairro de Santana \u00e9 aberto ao p\u00fablico e ser\u00e1 dividido em per\u00edodos: manh\u00e3: com o tema\u00a0<i>Introdu\u00e7\u00e3o ao Conceito de Pol\u00edticas P\u00fablicas e o Panorama da Juventude do Estado de S\u00e3o Paulo<\/i>, e a tarde com\u00a0<i>Drogas: Consumo, Preven\u00e7\u00e3o e Tratamento<\/i>.<\/p>\n<p>O semin\u00e1rio que visa mobilizar a opini\u00e3o p\u00fablica conta com ilustres palestrantes como a doutora Ana Maria e o doutor Paulo Zampieri, conhecidos por utilizarem uma metodologia de ponta, atraente e eficaz de comunica\u00e7\u00e3o, principalmente com o p\u00fablico jovem. No final do debate, ser\u00e3o disponibilizadas cartilhas aos participantes sobre sa\u00fade e sexualidade.<\/p>\n<p>Desde a epidemia em 1980, at\u00e9 os dias de hoje, de acordo com o relat\u00f3rio da UNAIDS de 2012, o Brasil tem 608.230 pessoas infectadas com HIV\/AIDS. Atualmente, o Minist\u00e9rio da Sa\u00fade tamb\u00e9m estima que 255.000 pessoas n\u00e3o tenha o conhecimento que contra\u00edram o v\u00edrus. \u201cAtento a essa realidade, a sa\u00edda \u00e9 atacar mais atrav\u00e9s de pol\u00edticas de preven\u00e7\u00e3o, e a\u00e7\u00f5es como esta de conscientiza\u00e7\u00e3o para a popula\u00e7\u00e3o.<\/p>\n<p>Os desafios est\u00e3o lan\u00e7ados: conscientizar e dialogar com a popula\u00e7\u00e3o.<\/p>\n<p><b>Servi\u00e7o<\/b>:<\/p>\n<p><strong>2\u00ba Di\u00e1logos sobre Pol\u00edticas de Juventude, Sa\u00fade e Sexualidade: Juventude sem AIDS<\/strong><\/p>\n<p>Dia 23 de fevereiro de 2013<br \/>\nLocal: Audit\u00f3rio Elis Regina<br \/>\nAvenida Olavo Fontoura, 1209 &#8211; <a href=\"http:\/\/www.encontrasantana.com.br\/santana\/anhembi-em-santana.shtml\" target=\"_blank\">Parque Anhembi<\/a><br \/>\nHor\u00e1rio: 8h \u00e0s 14h45<\/p>\n\n<div style=\"font-size: 0px; height: 0px; line-height: 0px; margin: 0; padding: 0; clear: both;\"><\/div>","protected":false},"excerpt":{"rendered":"<p>A Coordenadoria de Juventude, da Secretaria de Esporte, Lazer e Juventude do Governo do Estado de S\u00e3o Paulo, realiza neste s\u00e1bado, dia 23 de fevereiro de 2013, um semin\u00e1rio de conscientiza\u00e7\u00e3o sobre sa\u00fade e sexualidade destinado aos jovens, pais e educadores, intitulado de\u00a02\u00ba Di\u00e1logos sobre Pol\u00edticas de Juventude, Sa\u00fade e Sexualidade: Juventude sem AIDS. Em formato de Sociodrama, o semin\u00e1rio tem o prop\u00f3sito de oferecer conhecimento sobre sa\u00fade e sexualidade, capacitar servidores da administra\u00e7\u00e3o p\u00fablica e debater com pais e jovens, meios de combate \u00e0s DSTs\/AIDS, gravidez precoce, o abuso e a explora\u00e7\u00e3o sexual. O evento no bairro de Santana <\/p>\n","protected":false},"author":1,"featured_media":0,"comment_status":"open","ping_status":"closed","sticky":false,"template":"","format":"standard","meta":{"footnotes":""},"categories":[3],"tags":[],"class_list":["post-39149","post","type-post","status-publish","format-standard","hentry","category-noticias-em-santana"],"aioseo_notices":[],"aioseo_head":"\n\t\t<!-- All in One SEO 5.0.0.1 - aioseo.com -->\n\t<meta name=\"description\" content=\"A Coordenadoria de Juventude, da Secretaria de Esporte, Lazer e Juventude do Governo do Estado de S\u00e3o Paulo, realiza neste s\u00e1bado, dia 23 de fevereiro de 2013, um semin\u00e1rio de conscientiza\u00e7\u00e3o sobre sa\u00fade e sexualidade destinado aos jovens, pais e educadores, intitulado de 2\u00ba Di\u00e1logos sobre Pol\u00edticas de Juventude, Sa\u00fade e Sexualidade: Juventude sem AIDS. Em\" \/>\n\t<meta name=\"robots\" content=\"max-image-preview:large\" \/>\n\t<meta name=\"author\" content=\"Encontra Santana\"\/>\n\t<link rel=\"canonical\" href=\"https:\/\/www.encontrasantana.com.br\/sobre\/santana-recebe-seminario-aberto-ao-publico-sobre-saude-e-sexualidade\/\" \/>\n\t<meta name=\"generator\" content=\"All in One SEO (AIOSEO) 5.0.0.1\" \/>\n\t\t<meta property=\"og:locale\" content=\"pt_BR\" \/>\n\t\t<meta property=\"og:site_name\" content=\"Encontra Santana | Not\u00edcias, eventos, informa\u00e7\u00f5es e dicas no bairro de Santana e regi\u00e3o.\" \/>\n\t\t<meta property=\"og:type\" content=\"article\" \/>\n\t\t<meta property=\"og:title\" content=\"Santana recebe semin\u00e1rio aberto ao p\u00fablico sobre sa\u00fade e sexualidade \u00bb Encontra Santana\" \/>\n\t\t<meta property=\"og:description\" content=\"A Coordenadoria de Juventude, da Secretaria de Esporte, Lazer e Juventude do Governo do Estado de S\u00e3o Paulo, realiza neste s\u00e1bado, dia 23 de fevereiro de 2013, um semin\u00e1rio de conscientiza\u00e7\u00e3o sobre sa\u00fade e sexualidade destinado aos jovens, pais e educadores, intitulado de 2\u00ba Di\u00e1logos sobre Pol\u00edticas de Juventude, Sa\u00fade e Sexualidade: Juventude sem AIDS. Em\" \/>\n\t\t<meta property=\"og:url\" content=\"https:\/\/www.encontrasantana.com.br\/sobre\/santana-recebe-seminario-aberto-ao-publico-sobre-saude-e-sexualidade\/\" \/>\n\t\t<meta property=\"article:published_time\" content=\"2013-02-22T20:43:35+00:00\" \/>\n\t\t<meta property=\"article:modified_time\" content=\"2019-04-15T12:58:18+00:00\" \/>\n\t\t<meta name=\"twitter:card\" content=\"summary\" \/>\n\t\t<meta name=\"twitter:title\" content=\"Santana recebe semin\u00e1rio aberto ao p\u00fablico sobre sa\u00fade e sexualidade \u00bb Encontra Santana\" \/>\n\t\t<meta name=\"twitter:description\" content=\"A Coordenadoria de Juventude, da Secretaria de Esporte, Lazer e Juventude do Governo do Estado de S\u00e3o Paulo, realiza neste s\u00e1bado, dia 23 de fevereiro de 2013, um semin\u00e1rio de conscientiza\u00e7\u00e3o sobre sa\u00fade e sexualidade destinado aos jovens, pais e educadores, intitulado de 2\u00ba Di\u00e1logos sobre Pol\u00edticas de Juventude, Sa\u00fade e Sexualidade: Juventude sem AIDS. Em\" \/>\n\t\t<script type=\"application\/ld+json\" class=\"aioseo-schema\">\n\t\t\t{\"@context\":\"https:\\\/\\\/schema.org\",\"@graph\":[{\"@type\":\"Article\",\"@id\":\"https:\\\/\\\/www.encontrasantana.com.br\\\/sobre\\\/santana-recebe-seminario-aberto-ao-publico-sobre-saude-e-sexualidade\\\/#article\",\"name\":\"Santana recebe semin\\u00e1rio aberto ao p\\u00fablico sobre sa\\u00fade e sexualidade \\u00bb Encontra Santana\",\"headline\":\"Santana recebe semin\\u00e1rio aberto ao p\\u00fablico sobre sa\\u00fade e sexualidade\",\"author\":{\"@id\":\"https:\\\/\\\/www.encontrasantana.com.br\\\/sobre\\\/author\\\/esantana\\\/#author\"},\"publisher\":{\"@id\":\"https:\\\/\\\/www.encontrasantana.com.br\\\/sobre\\\/#organization\"},\"datePublished\":\"2013-02-22T17:43:35-03:00\",\"dateModified\":\"2019-04-15T09:58:18-03:00\",\"inLanguage\":\"pt-BR\",\"mainEntityOfPage\":{\"@id\":\"https:\\\/\\\/www.encontrasantana.com.br\\\/sobre\\\/santana-recebe-seminario-aberto-ao-publico-sobre-saude-e-sexualidade\\\/#webpage\"},\"isPartOf\":{\"@id\":\"https:\\\/\\\/www.encontrasantana.com.br\\\/sobre\\\/santana-recebe-seminario-aberto-ao-publico-sobre-saude-e-sexualidade\\\/#webpage\"},\"articleSection\":\"Not\\u00edcias Santana\"},{\"@type\":\"BreadcrumbList\",\"@id\":\"https:\\\/\\\/www.encontrasantana.com.br\\\/sobre\\\/santana-recebe-seminario-aberto-ao-publico-sobre-saude-e-sexualidade\\\/#breadcrumblist\",\"itemListElement\":[{\"@type\":\"ListItem\",\"@id\":\"https:\\\/\\\/www.encontrasantana.com.br\\\/sobre#listItem\",\"position\":1,\"name\":\"In\\u00edcio\",\"item\":\"https:\\\/\\\/www.encontrasantana.com.br\\\/sobre\",\"nextItem\":{\"@type\":\"ListItem\",\"@id\":\"https:\\\/\\\/www.encontrasantana.com.br\\\/sobre\\\/noticias-em-santana\\\/#listItem\",\"name\":\"Not\\u00edcias Santana\"}},{\"@type\":\"ListItem\",\"@id\":\"https:\\\/\\\/www.encontrasantana.com.br\\\/sobre\\\/noticias-em-santana\\\/#listItem\",\"position\":2,\"name\":\"Not\\u00edcias Santana\",\"item\":\"https:\\\/\\\/www.encontrasantana.com.br\\\/sobre\\\/noticias-em-santana\\\/\",\"nextItem\":{\"@type\":\"ListItem\",\"@id\":\"https:\\\/\\\/www.encontrasantana.com.br\\\/sobre\\\/santana-recebe-seminario-aberto-ao-publico-sobre-saude-e-sexualidade\\\/#listItem\",\"name\":\"Santana recebe semin\\u00e1rio aberto ao p\\u00fablico sobre sa\\u00fade e sexualidade\"},\"previousItem\":{\"@type\":\"ListItem\",\"@id\":\"https:\\\/\\\/www.encontrasantana.com.br\\\/sobre#listItem\",\"name\":\"In\\u00edcio\"}},{\"@type\":\"ListItem\",\"@id\":\"https:\\\/\\\/www.encontrasantana.com.br\\\/sobre\\\/santana-recebe-seminario-aberto-ao-publico-sobre-saude-e-sexualidade\\\/#listItem\",\"position\":3,\"name\":\"Santana recebe semin\\u00e1rio aberto ao p\\u00fablico sobre sa\\u00fade e sexualidade\",\"previousItem\":{\"@type\":\"ListItem\",\"@id\":\"https:\\\/\\\/www.encontrasantana.com.br\\\/sobre\\\/noticias-em-santana\\\/#listItem\",\"name\":\"Not\\u00edcias Santana\"}}]},{\"@type\":\"Organization\",\"@id\":\"https:\\\/\\\/www.encontrasantana.com.br\\\/sobre\\\/#organization\",\"name\":\"Encontra Santana\",\"description\":\"Not\\u00edcias, eventos, informa\\u00e7\\u00f5es e dicas no bairro de Santana e regi\\u00e3o.\",\"url\":\"https:\\\/\\\/www.encontrasantana.com.br\\\/sobre\\\/\"},{\"@type\":\"Person\",\"@id\":\"https:\\\/\\\/www.encontrasantana.com.br\\\/sobre\\\/author\\\/esantana\\\/#author\",\"url\":\"https:\\\/\\\/www.encontrasantana.com.br\\\/sobre\\\/author\\\/esantana\\\/\",\"name\":\"Encontra Santana\",\"image\":{\"@type\":\"ImageObject\",\"@id\":\"https:\\\/\\\/www.encontrasantana.com.br\\\/sobre\\\/santana-recebe-seminario-aberto-ao-publico-sobre-saude-e-sexualidade\\\/#authorImage\",\"url\":\"https:\\\/\\\/secure.gravatar.com\\\/avatar\\\/0fbed662e37531ae23e68f85f9517b2454e50c1dfebf80eb9b721449ac95e0b9?s=96&d=mm&r=g\",\"width\":96,\"height\":96,\"caption\":\"Encontra Santana\"}},{\"@type\":\"WebPage\",\"@id\":\"https:\\\/\\\/www.encontrasantana.com.br\\\/sobre\\\/santana-recebe-seminario-aberto-ao-publico-sobre-saude-e-sexualidade\\\/#webpage\",\"url\":\"https:\\\/\\\/www.encontrasantana.com.br\\\/sobre\\\/santana-recebe-seminario-aberto-ao-publico-sobre-saude-e-sexualidade\\\/\",\"name\":\"Santana recebe semin\\u00e1rio aberto ao p\\u00fablico sobre sa\\u00fade e sexualidade \\u00bb Encontra Santana\",\"description\":\"A Coordenadoria de Juventude, da Secretaria de Esporte, Lazer e Juventude do Governo do Estado de S\\u00e3o Paulo, realiza neste s\\u00e1bado, dia 23 de fevereiro de 2013, um semin\\u00e1rio de conscientiza\\u00e7\\u00e3o sobre sa\\u00fade e sexualidade destinado aos jovens, pais e educadores, intitulado de 2\\u00ba Di\\u00e1logos sobre Pol\\u00edticas de Juventude, Sa\\u00fade e Sexualidade: Juventude sem AIDS. Em\",\"inLanguage\":\"pt-BR\",\"isPartOf\":{\"@id\":\"https:\\\/\\\/www.encontrasantana.com.br\\\/sobre\\\/#website\"},\"breadcrumb\":{\"@id\":\"https:\\\/\\\/www.encontrasantana.com.br\\\/sobre\\\/santana-recebe-seminario-aberto-ao-publico-sobre-saude-e-sexualidade\\\/#breadcrumblist\"},\"author\":{\"@id\":\"https:\\\/\\\/www.encontrasantana.com.br\\\/sobre\\\/author\\\/esantana\\\/#author\"},\"creator\":{\"@id\":\"https:\\\/\\\/www.encontrasantana.com.br\\\/sobre\\\/author\\\/esantana\\\/#author\"},\"datePublished\":\"2013-02-22T17:43:35-03:00\",\"dateModified\":\"2019-04-15T09:58:18-03:00\"},{\"@type\":\"WebSite\",\"@id\":\"https:\\\/\\\/www.encontrasantana.com.br\\\/sobre\\\/#website\",\"url\":\"https:\\\/\\\/www.encontrasantana.com.br\\\/sobre\\\/\",\"name\":\"Encontra Santana\",\"description\":\"Not\\u00edcias, eventos, informa\\u00e7\\u00f5es e dicas no bairro de Santana e regi\\u00e3o.\",\"inLanguage\":\"pt-BR\",\"publisher\":{\"@id\":\"https:\\\/\\\/www.encontrasantana.com.br\\\/sobre\\\/#organization\"}}]}\n\t\t<\/script>\n\t\t<!-- All in One SEO -->\n\n","aioseo_head_json":{"title":"Santana recebe semin\u00e1rio aberto ao p\u00fablico sobre sa\u00fade e sexualidade \u00bb Encontra Santana","description":"A Coordenadoria de Juventude, da Secretaria de Esporte, Lazer e Juventude do Governo do Estado de S\u00e3o Paulo, realiza neste s\u00e1bado, dia 23 de fevereiro de 2013, um semin\u00e1rio de conscientiza\u00e7\u00e3o sobre sa\u00fade e sexualidade destinado aos jovens, pais e educadores, intitulado de 2\u00ba Di\u00e1logos sobre Pol\u00edticas de Juventude, Sa\u00fade e Sexualidade: Juventude sem AIDS. Em","canonical_url":"https:\/\/www.encontrasantana.com.br\/sobre\/santana-recebe-seminario-aberto-ao-publico-sobre-saude-e-sexualidade\/","robots":"max-image-preview:large","keywords":"","webmasterTools":{"miscellaneous":""},"schema":{"@context":"https:\/\/schema.org","@graph":[{"@type":"Article","@id":"https:\/\/www.encontrasantana.com.br\/sobre\/santana-recebe-seminario-aberto-ao-publico-sobre-saude-e-sexualidade\/#article","name":"Santana recebe semin\u00e1rio aberto ao p\u00fablico sobre sa\u00fade e sexualidade \u00bb Encontra Santana","headline":"Santana recebe semin\u00e1rio aberto ao p\u00fablico sobre sa\u00fade e sexualidade","author":{"@id":"https:\/\/www.encontrasantana.com.br\/sobre\/author\/esantana\/#author"},"publisher":{"@id":"https:\/\/www.encontrasantana.com.br\/sobre\/#organization"},"datePublished":"2013-02-22T17:43:35-03:00","dateModified":"2019-04-15T09:58:18-03:00","inLanguage":"pt-BR","mainEntityOfPage":{"@id":"https:\/\/www.encontrasantana.com.br\/sobre\/santana-recebe-seminario-aberto-ao-publico-sobre-saude-e-sexualidade\/#webpage"},"isPartOf":{"@id":"https:\/\/www.encontrasantana.com.br\/sobre\/santana-recebe-seminario-aberto-ao-publico-sobre-saude-e-sexualidade\/#webpage"},"articleSection":"Not\u00edcias Santana"},{"@type":"BreadcrumbList","@id":"https:\/\/www.encontrasantana.com.br\/sobre\/santana-recebe-seminario-aberto-ao-publico-sobre-saude-e-sexualidade\/#breadcrumblist","itemListElement":[{"@type":"ListItem","@id":"https:\/\/www.encontrasantana.com.br\/sobre#listItem","position":1,"name":"In\u00edcio","item":"https:\/\/www.encontrasantana.com.br\/sobre","nextItem":{"@type":"ListItem","@id":"https:\/\/www.encontrasantana.com.br\/sobre\/noticias-em-santana\/#listItem","name":"Not\u00edcias Santana"}},{"@type":"ListItem","@id":"https:\/\/www.encontrasantana.com.br\/sobre\/noticias-em-santana\/#listItem","position":2,"name":"Not\u00edcias Santana","item":"https:\/\/www.encontrasantana.com.br\/sobre\/noticias-em-santana\/","nextItem":{"@type":"ListItem","@id":"https:\/\/www.encontrasantana.com.br\/sobre\/santana-recebe-seminario-aberto-ao-publico-sobre-saude-e-sexualidade\/#listItem","name":"Santana recebe semin\u00e1rio aberto ao p\u00fablico sobre sa\u00fade e sexualidade"},"previousItem":{"@type":"ListItem","@id":"https:\/\/www.encontrasantana.com.br\/sobre#listItem","name":"In\u00edcio"}},{"@type":"ListItem","@id":"https:\/\/www.encontrasantana.com.br\/sobre\/santana-recebe-seminario-aberto-ao-publico-sobre-saude-e-sexualidade\/#listItem","position":3,"name":"Santana recebe semin\u00e1rio aberto ao p\u00fablico sobre sa\u00fade e sexualidade","previousItem":{"@type":"ListItem","@id":"https:\/\/www.encontrasantana.com.br\/sobre\/noticias-em-santana\/#listItem","name":"Not\u00edcias Santana"}}]},{"@type":"Organization","@id":"https:\/\/www.encontrasantana.com.br\/sobre\/#organization","name":"Encontra Santana","description":"Not\u00edcias, eventos, informa\u00e7\u00f5es e dicas no bairro de Santana e regi\u00e3o.","url":"https:\/\/www.encontrasantana.com.br\/sobre\/"},{"@type":"Person","@id":"https:\/\/www.encontrasantana.com.br\/sobre\/author\/esantana\/#author","url":"https:\/\/www.encontrasantana.com.br\/sobre\/author\/esantana\/","name":"Encontra Santana","image":{"@type":"ImageObject","@id":"https:\/\/www.encontrasantana.com.br\/sobre\/santana-recebe-seminario-aberto-ao-publico-sobre-saude-e-sexualidade\/#authorImage","url":"https:\/\/secure.gravatar.com\/avatar\/0fbed662e37531ae23e68f85f9517b2454e50c1dfebf80eb9b721449ac95e0b9?s=96&d=mm&r=g","width":96,"height":96,"caption":"Encontra Santana"}},{"@type":"WebPage","@id":"https:\/\/www.encontrasantana.com.br\/sobre\/santana-recebe-seminario-aberto-ao-publico-sobre-saude-e-sexualidade\/#webpage","url":"https:\/\/www.encontrasantana.com.br\/sobre\/santana-recebe-seminario-aberto-ao-publico-sobre-saude-e-sexualidade\/","name":"Santana recebe semin\u00e1rio aberto ao p\u00fablico sobre sa\u00fade e sexualidade \u00bb Encontra Santana","description":"A Coordenadoria de Juventude, da Secretaria de Esporte, Lazer e Juventude do Governo do Estado de S\u00e3o Paulo, realiza neste s\u00e1bado, dia 23 de fevereiro de 2013, um semin\u00e1rio de conscientiza\u00e7\u00e3o sobre sa\u00fade e sexualidade destinado aos jovens, pais e educadores, intitulado de 2\u00ba Di\u00e1logos sobre Pol\u00edticas de Juventude, Sa\u00fade e Sexualidade: Juventude sem AIDS. Em","inLanguage":"pt-BR","isPartOf":{"@id":"https:\/\/www.encontrasantana.com.br\/sobre\/#website"},"breadcrumb":{"@id":"https:\/\/www.encontrasantana.com.br\/sobre\/santana-recebe-seminario-aberto-ao-publico-sobre-saude-e-sexualidade\/#breadcrumblist"},"author":{"@id":"https:\/\/www.encontrasantana.com.br\/sobre\/author\/esantana\/#author"},"creator":{"@id":"https:\/\/www.encontrasantana.com.br\/sobre\/author\/esantana\/#author"},"datePublished":"2013-02-22T17:43:35-03:00","dateModified":"2019-04-15T09:58:18-03:00"},{"@type":"WebSite","@id":"https:\/\/www.encontrasantana.com.br\/sobre\/#website","url":"https:\/\/www.encontrasantana.com.br\/sobre\/","name":"Encontra Santana","description":"Not\u00edcias, eventos, informa\u00e7\u00f5es e dicas no bairro de Santana e regi\u00e3o.","inLanguage":"pt-BR","publisher":{"@id":"https:\/\/www.encontrasantana.com.br\/sobre\/#organization"}}]},"og:locale":"pt_BR","og:site_name":"Encontra Santana | Not\u00edcias, eventos, informa\u00e7\u00f5es e dicas no bairro de Santana e regi\u00e3o.","og:type":"article","og:title":"Santana recebe semin\u00e1rio aberto ao p\u00fablico sobre sa\u00fade e sexualidade \u00bb Encontra Santana","og:description":"A Coordenadoria de Juventude, da Secretaria de Esporte, Lazer e Juventude do Governo do Estado de S\u00e3o Paulo, realiza neste s\u00e1bado, dia 23 de fevereiro de 2013, um semin\u00e1rio de conscientiza\u00e7\u00e3o sobre sa\u00fade e sexualidade destinado aos jovens, pais e educadores, intitulado de 2\u00ba Di\u00e1logos sobre Pol\u00edticas de Juventude, Sa\u00fade e Sexualidade: Juventude sem AIDS. Em","og:url":"https:\/\/www.encontrasantana.com.br\/sobre\/santana-recebe-seminario-aberto-ao-publico-sobre-saude-e-sexualidade\/","article:published_time":"2013-02-22T20:43:35+00:00","article:modified_time":"2019-04-15T12:58:18+00:00","twitter:card":"summary","twitter:title":"Santana recebe semin\u00e1rio aberto ao p\u00fablico sobre sa\u00fade e sexualidade \u00bb Encontra Santana","twitter:description":"A Coordenadoria de Juventude, da Secretaria de Esporte, Lazer e Juventude do Governo do Estado de S\u00e3o Paulo, realiza neste s\u00e1bado, dia 23 de fevereiro de 2013, um semin\u00e1rio de conscientiza\u00e7\u00e3o sobre sa\u00fade e sexualidade destinado aos jovens, pais e educadores, intitulado de 2\u00ba Di\u00e1logos sobre Pol\u00edticas de Juventude, Sa\u00fade e Sexualidade: Juventude sem AIDS. Em"},"aioseo_meta_data":{"post_id":"39149","title":null,"description":null,"keywords":null,"keyphrases":null,"primary_term":null,"canonical_url":null,"og_title":null,"og_description":null,"og_object_type":"default","og_image_type":"default","og_image_url":null,"og_image_width":null,"og_image_height":null,"og_image_custom_url":null,"og_image_custom_fields":null,"og_video":null,"og_custom_url":null,"og_article_section":null,"og_article_tags":null,"twitter_use_og":false,"twitter_card":"default","twitter_image_type":"default","twitter_image_url":null,"twitter_image_custom_url":null,"twitter_image_custom_fields":null,"twitter_title":null,"twitter_description":null,"schema":{"blockGraphs":[],"customGraphs":[],"default":{"data":{"Article":[],"Course":[],"Dataset":[],"FAQPage":[],"Movie":[],"Person":[],"Product":[],"ProductReview":[],"Car":[],"Recipe":[],"Service":[],"SoftwareApplication":[],"WebPage":[]},"graphName":"Article","isEnabled":true},"graphs":[]},"schema_type":null,"schema_type_options":null,"pillar_content":false,"robots_default":true,"robots_noindex":false,"robots_noarchive":false,"robots_nosnippet":false,"robots_nofollow":false,"robots_noimageindex":false,"robots_noodp":false,"robots_notranslate":false,"robots_max_snippet":null,"robots_max_videopreview":null,"robots_max_imagepreview":"large","priority":null,"frequency":null,"local_seo":null,"limit_modified_date":false,"created":"2021-04-20 18:33:56","updated":"2026-08-07 00:17:04","focus_keyword":null,"additional_keywords":null,"truseo_locale":null,"ai":null,"breadcrumb_settings":null,"seo_analyzer_scan_date":null},"aioseo_breadcrumb":"<div class=\"aioseo-breadcrumbs\"><span class=\"aioseo-breadcrumb\">\n\t\t\t<a href=\"https:\/\/www.encontrasantana.com.br\/sobre\" title=\"In\u00edcio\">In\u00edcio<\/a>\n\t\t<\/span><span class=\"aioseo-breadcrumb-separator\">&raquo;<\/span><span class=\"aioseo-breadcrumb\">\n\t\t\t<a href=\"https:\/\/www.encontrasantana.com.br\/sobre\/noticias-em-santana\/\" title=\"Not\u00edcias Santana\">Not\u00edcias Santana<\/a>\n\t\t<\/span><span class=\"aioseo-breadcrumb-separator\">&raquo;<\/span><span class=\"aioseo-breadcrumb\">\n\t\t\tSantana recebe semin\u00e1rio aberto ao p\u00fablico sobre sa\u00fade e sexualidade\n\t\t<\/span><\/div>","aioseo_breadcrumb_json":[{"label":"In\u00edcio","link":"https:\/\/www.encontrasantana.com.br\/sobre"},{"label":"Not\u00edcias Santana","link":"https:\/\/www.encontrasantana.com.br\/sobre\/noticias-em-santana\/"},{"label":"Santana recebe semin\u00e1rio aberto ao p\u00fablico sobre sa\u00fade e sexualidade","link":"https:\/\/www.encontrasantana.com.br\/sobre\/santana-recebe-seminario-aberto-ao-publico-sobre-saude-e-sexualidade\/"}],"_links":{"self":[{"href":"https:\/\/www.encontrasantana.com.br\/sobre\/wp-json\/wp\/v2\/posts\/39149","targetHints":{"allow":["GET"]}}],"collection":[{"href":"https:\/\/www.encontrasantana.com.br\/sobre\/wp-json\/wp\/v2\/posts"}],"about":[{"href":"https:\/\/www.encontrasantana.com.br\/sobre\/wp-json\/wp\/v2\/types\/post"}],"author":[{"embeddable":true,"href":"https:\/\/www.encontrasantana.com.br\/sobre\/wp-json\/wp\/v2\/users\/1"}],"replies":[{"embeddable":true,"href":"https:\/\/www.encontrasantana.com.br\/sobre\/wp-json\/wp\/v2\/comments?post=39149"}],"version-history":[{"count":0,"href":"https:\/\/www.encontrasantana.com.br\/sobre\/wp-json\/wp\/v2\/posts\/39149\/revisions"}],"wp:attachment":[{"href":"https:\/\/www.encontrasantana.com.br\/sobre\/wp-json\/wp\/v2\/media?parent=39149"}],"wp:term":[{"taxonomy":"category","embeddable":true,"href":"https:\/\/www.encontrasantana.com.br\/sobre\/wp-json\/wp\/v2\/categories?post=39149"},{"taxonomy":"post_tag","embeddable":true,"href":"https:\/\/www.encontrasantana.com.br\/sobre\/wp-json\/wp\/v2\/tags?post=39149"}],"curies":[{"name":"wp","href":"https:\/\/api.w.org\/{rel}","templated":true}]}}