{"id":39156,"date":"2013-03-02T08:14:41","date_gmt":"2013-03-02T11:14:41","guid":{"rendered":"http:\/\/www.encontrasantana.com.br\/blog\/?p=39156"},"modified":"2019-04-15T09:57:54","modified_gmt":"2019-04-15T12:57:54","slug":"santana-ceu-se-apresenta-neste-domingo-no-parque-da-juventude","status":"publish","type":"post","link":"https:\/\/www.encontrasantana.com.br\/sobre\/santana-ceu-se-apresenta-neste-domingo-no-parque-da-juventude\/","title":{"rendered":"Santana: C\u00e9u se apresenta neste domingo no Parque da Juventude"},"content":{"rendered":"<div class=\"1acf8468e559fd3cbeec5aee3a269a52\" data-index=\"1\" style=\"float: none; margin:0px;\">\n<!-- Anuncio display - global -->\r\n<ins class=\"adsbygoogle\"\r\n     style=\"display:block\"\r\n     data-ad-client=\"ca-pub-8585364105181520\"\r\n     data-ad-slot=\"8789329856\"\r\n     data-ad-format=\"auto\"\r\n     data-full-width-responsive=\"true\"><\/ins>\r\n<script>\r\n     (adsbygoogle = window.adsbygoogle || []).push({});\r\n<\/script>\n<\/div>\n<p>Destaque da programa\u00e7\u00e3o do projeto Cultura Livre 2013, a cantora e compositora C\u00e9u apresenta o repert\u00f3rio de seu \u00faltimo CD\u00a0\u201dCaravana Sereia Bloom\u201d, no dia 3 de mar\u00e7o, no <a href=\"http:\/\/www.encontrasantana.com.br\/santana\/parque-da-juventude-em-santana.shtml\" target=\"_blank\">Parque da Juventude<\/a>. \u00c0s 14h, com entrada livre.<\/p>\n<p>Filha de Edgard Po\u00e7as, maestro brasileiro, a artista elabora sua ess\u00eancia sonora misturando ritmos variados, como samba, afrobeat, jazz, R&amp;B, entre outros. A virtuosidade de seu trabalho lhe rendeu grandes pr\u00eamios, como Grammy Latino (Melhor \u00c1lbum de Pop Contempor\u00e2neo Brasileiro), no ano de 2007, com o disco \u201cVagarosa\u201d.<\/p>\n<p>Nesta apresenta\u00e7\u00e3o, a cantora relembra sambas de compositores paulistas consagrados, al\u00e9m de can\u00e7\u00f5es de seu novo disco como \u201cFalta de Ar\u201d e \u201cRetrovisor\u201d. Sucessos de outros \u00e1lbuns como \u201cMalemol\u00eancia\u201d e \u201cGrans de Beaut\u00e9\u201d tamb\u00e9m fazem parte do repert\u00f3rio.<\/p>\n<p>No palco, a cantora \u00e9 acompanhada pelos m\u00fasicos Dustan Gallas (teclados e guitarra), Lucas Martins (baixo), Bruno Buarque (bateria) e DJ Marco (MPC e pick-up).<\/p>\n<p><strong>Servi\u00e7o no bairro Santana<\/strong><\/p>\n<p><strong>C\u00e9u<\/strong><\/p>\n<p>Data: dia 3 de mar\u00e7o de 2013<\/p>\n<p>Hor\u00e1rio: 14h<\/p>\n<p>Entrada: Livre<\/p>\n<p>Onde: Parque da Juventude<\/p>\n<p>Endere\u00e7o:\u00a0Avenida Zaki Narchi, 1309 &#8211; Santana<\/p>\n<p>Telefone:\u00a0(11) 2251-2706<\/p>\n<p><em>Fonte: Catraca Livre<\/em><\/p>\n\n<div style=\"font-size: 0px; height: 0px; line-height: 0px; margin: 0; padding: 0; clear: both;\"><\/div>","protected":false},"excerpt":{"rendered":"<p>Destaque da programa\u00e7\u00e3o do projeto Cultura Livre 2013, a cantora e compositora C\u00e9u apresenta o repert\u00f3rio de seu \u00faltimo CD\u00a0\u201dCaravana Sereia Bloom\u201d, no dia 3 de mar\u00e7o, no Parque da Juventude. \u00c0s 14h, com entrada livre. Filha de Edgard Po\u00e7as, maestro brasileiro, a artista elabora sua ess\u00eancia sonora misturando ritmos variados, como samba, afrobeat, jazz, R&amp;B, entre outros. A virtuosidade de seu trabalho lhe rendeu grandes pr\u00eamios, como Grammy Latino (Melhor \u00c1lbum de Pop Contempor\u00e2neo Brasileiro), no ano de 2007, com o disco \u201cVagarosa\u201d. Nesta apresenta\u00e7\u00e3o, a cantora relembra sambas de compositores paulistas consagrados, al\u00e9m de can\u00e7\u00f5es de seu novo <\/p>\n","protected":false},"author":1,"featured_media":0,"comment_status":"open","ping_status":"closed","sticky":false,"template":"","format":"standard","meta":{"footnotes":""},"categories":[8],"tags":[],"class_list":["post-39156","post","type-post","status-publish","format-standard","hentry","category-shows-em-santana"],"aioseo_notices":[],"aioseo_head":"\n\t\t<!-- All in One SEO 5.0.0.1 - aioseo.com -->\n\t<meta name=\"description\" content=\"Destaque da programa\u00e7\u00e3o do projeto Cultura Livre 2013, a cantora e compositora C\u00e9u apresenta o repert\u00f3rio de seu \u00faltimo CD \u201dCaravana Sereia Bloom\u201d, no dia 3 de mar\u00e7o, no Parque da Juventude. \u00c0s 14h, com entrada livre. Filha de Edgard Po\u00e7as, maestro brasileiro, a artista elabora sua ess\u00eancia sonora misturando ritmos variados, como samba, afrobeat, jazz,\" \/>\n\t<meta name=\"robots\" content=\"max-image-preview:large\" \/>\n\t<meta name=\"author\" content=\"Encontra Santana\"\/>\n\t<link rel=\"canonical\" href=\"https:\/\/www.encontrasantana.com.br\/sobre\/santana-ceu-se-apresenta-neste-domingo-no-parque-da-juventude\/\" \/>\n\t<meta name=\"generator\" content=\"All in One SEO (AIOSEO) 5.0.0.1\" \/>\n\t\t<meta property=\"og:locale\" content=\"pt_BR\" \/>\n\t\t<meta property=\"og:site_name\" content=\"Encontra Santana | Not\u00edcias, eventos, informa\u00e7\u00f5es e dicas no bairro de Santana e regi\u00e3o.\" \/>\n\t\t<meta property=\"og:type\" content=\"article\" \/>\n\t\t<meta property=\"og:title\" content=\"Santana: C\u00e9u se apresenta neste domingo no Parque da Juventude \u00bb Encontra Santana\" \/>\n\t\t<meta property=\"og:description\" content=\"Destaque da programa\u00e7\u00e3o do projeto Cultura Livre 2013, a cantora e compositora C\u00e9u apresenta o repert\u00f3rio de seu \u00faltimo CD \u201dCaravana Sereia Bloom\u201d, no dia 3 de mar\u00e7o, no Parque da Juventude. \u00c0s 14h, com entrada livre. Filha de Edgard Po\u00e7as, maestro brasileiro, a artista elabora sua ess\u00eancia sonora misturando ritmos variados, como samba, afrobeat, jazz,\" \/>\n\t\t<meta property=\"og:url\" content=\"https:\/\/www.encontrasantana.com.br\/sobre\/santana-ceu-se-apresenta-neste-domingo-no-parque-da-juventude\/\" \/>\n\t\t<meta property=\"article:published_time\" content=\"2013-03-02T11:14:41+00:00\" \/>\n\t\t<meta property=\"article:modified_time\" content=\"2019-04-15T12:57:54+00:00\" \/>\n\t\t<meta name=\"twitter:card\" content=\"summary\" \/>\n\t\t<meta name=\"twitter:title\" content=\"Santana: C\u00e9u se apresenta neste domingo no Parque da Juventude \u00bb Encontra Santana\" \/>\n\t\t<meta name=\"twitter:description\" content=\"Destaque da programa\u00e7\u00e3o do projeto Cultura Livre 2013, a cantora e compositora C\u00e9u apresenta o repert\u00f3rio de seu \u00faltimo CD \u201dCaravana Sereia Bloom\u201d, no dia 3 de mar\u00e7o, no Parque da Juventude. \u00c0s 14h, com entrada livre. Filha de Edgard Po\u00e7as, maestro brasileiro, a artista elabora sua ess\u00eancia sonora misturando ritmos variados, como samba, afrobeat, jazz,\" \/>\n\t\t<script type=\"application\/ld+json\" class=\"aioseo-schema\">\n\t\t\t{\"@context\":\"https:\\\/\\\/schema.org\",\"@graph\":[{\"@type\":\"Article\",\"@id\":\"https:\\\/\\\/www.encontrasantana.com.br\\\/sobre\\\/santana-ceu-se-apresenta-neste-domingo-no-parque-da-juventude\\\/#article\",\"name\":\"Santana: C\\u00e9u se apresenta neste domingo no Parque da Juventude \\u00bb Encontra Santana\",\"headline\":\"Santana: C\\u00e9u se apresenta neste domingo no Parque da Juventude\",\"author\":{\"@id\":\"https:\\\/\\\/www.encontrasantana.com.br\\\/sobre\\\/author\\\/esantana\\\/#author\"},\"publisher\":{\"@id\":\"https:\\\/\\\/www.encontrasantana.com.br\\\/sobre\\\/#organization\"},\"datePublished\":\"2013-03-02T08:14:41-03:00\",\"dateModified\":\"2019-04-15T09:57:54-03:00\",\"inLanguage\":\"pt-BR\",\"mainEntityOfPage\":{\"@id\":\"https:\\\/\\\/www.encontrasantana.com.br\\\/sobre\\\/santana-ceu-se-apresenta-neste-domingo-no-parque-da-juventude\\\/#webpage\"},\"isPartOf\":{\"@id\":\"https:\\\/\\\/www.encontrasantana.com.br\\\/sobre\\\/santana-ceu-se-apresenta-neste-domingo-no-parque-da-juventude\\\/#webpage\"},\"articleSection\":\"Show Santana\"},{\"@type\":\"BreadcrumbList\",\"@id\":\"https:\\\/\\\/www.encontrasantana.com.br\\\/sobre\\\/santana-ceu-se-apresenta-neste-domingo-no-parque-da-juventude\\\/#breadcrumblist\",\"itemListElement\":[{\"@type\":\"ListItem\",\"@id\":\"https:\\\/\\\/www.encontrasantana.com.br\\\/sobre#listItem\",\"position\":1,\"name\":\"In\\u00edcio\",\"item\":\"https:\\\/\\\/www.encontrasantana.com.br\\\/sobre\",\"nextItem\":{\"@type\":\"ListItem\",\"@id\":\"https:\\\/\\\/www.encontrasantana.com.br\\\/sobre\\\/shows-em-santana\\\/#listItem\",\"name\":\"Show Santana\"}},{\"@type\":\"ListItem\",\"@id\":\"https:\\\/\\\/www.encontrasantana.com.br\\\/sobre\\\/shows-em-santana\\\/#listItem\",\"position\":2,\"name\":\"Show Santana\",\"item\":\"https:\\\/\\\/www.encontrasantana.com.br\\\/sobre\\\/shows-em-santana\\\/\",\"nextItem\":{\"@type\":\"ListItem\",\"@id\":\"https:\\\/\\\/www.encontrasantana.com.br\\\/sobre\\\/santana-ceu-se-apresenta-neste-domingo-no-parque-da-juventude\\\/#listItem\",\"name\":\"Santana: C\\u00e9u se apresenta neste domingo no Parque da Juventude\"},\"previousItem\":{\"@type\":\"ListItem\",\"@id\":\"https:\\\/\\\/www.encontrasantana.com.br\\\/sobre#listItem\",\"name\":\"In\\u00edcio\"}},{\"@type\":\"ListItem\",\"@id\":\"https:\\\/\\\/www.encontrasantana.com.br\\\/sobre\\\/santana-ceu-se-apresenta-neste-domingo-no-parque-da-juventude\\\/#listItem\",\"position\":3,\"name\":\"Santana: C\\u00e9u se apresenta neste domingo no Parque da Juventude\",\"previousItem\":{\"@type\":\"ListItem\",\"@id\":\"https:\\\/\\\/www.encontrasantana.com.br\\\/sobre\\\/shows-em-santana\\\/#listItem\",\"name\":\"Show Santana\"}}]},{\"@type\":\"Organization\",\"@id\":\"https:\\\/\\\/www.encontrasantana.com.br\\\/sobre\\\/#organization\",\"name\":\"Encontra Santana\",\"description\":\"Not\\u00edcias, eventos, informa\\u00e7\\u00f5es e dicas no bairro de Santana e regi\\u00e3o.\",\"url\":\"https:\\\/\\\/www.encontrasantana.com.br\\\/sobre\\\/\"},{\"@type\":\"Person\",\"@id\":\"https:\\\/\\\/www.encontrasantana.com.br\\\/sobre\\\/author\\\/esantana\\\/#author\",\"url\":\"https:\\\/\\\/www.encontrasantana.com.br\\\/sobre\\\/author\\\/esantana\\\/\",\"name\":\"Encontra Santana\",\"image\":{\"@type\":\"ImageObject\",\"@id\":\"https:\\\/\\\/www.encontrasantana.com.br\\\/sobre\\\/santana-ceu-se-apresenta-neste-domingo-no-parque-da-juventude\\\/#authorImage\",\"url\":\"https:\\\/\\\/secure.gravatar.com\\\/avatar\\\/0fbed662e37531ae23e68f85f9517b2454e50c1dfebf80eb9b721449ac95e0b9?s=96&d=mm&r=g\",\"width\":96,\"height\":96,\"caption\":\"Encontra Santana\"}},{\"@type\":\"WebPage\",\"@id\":\"https:\\\/\\\/www.encontrasantana.com.br\\\/sobre\\\/santana-ceu-se-apresenta-neste-domingo-no-parque-da-juventude\\\/#webpage\",\"url\":\"https:\\\/\\\/www.encontrasantana.com.br\\\/sobre\\\/santana-ceu-se-apresenta-neste-domingo-no-parque-da-juventude\\\/\",\"name\":\"Santana: C\\u00e9u se apresenta neste domingo no Parque da Juventude \\u00bb Encontra Santana\",\"description\":\"Destaque da programa\\u00e7\\u00e3o do projeto Cultura Livre 2013, a cantora e compositora C\\u00e9u apresenta o repert\\u00f3rio de seu \\u00faltimo CD \\u201dCaravana Sereia Bloom\\u201d, no dia 3 de mar\\u00e7o, no Parque da Juventude. \\u00c0s 14h, com entrada livre. Filha de Edgard Po\\u00e7as, maestro brasileiro, a artista elabora sua ess\\u00eancia sonora misturando ritmos variados, como samba, afrobeat, jazz,\",\"inLanguage\":\"pt-BR\",\"isPartOf\":{\"@id\":\"https:\\\/\\\/www.encontrasantana.com.br\\\/sobre\\\/#website\"},\"breadcrumb\":{\"@id\":\"https:\\\/\\\/www.encontrasantana.com.br\\\/sobre\\\/santana-ceu-se-apresenta-neste-domingo-no-parque-da-juventude\\\/#breadcrumblist\"},\"author\":{\"@id\":\"https:\\\/\\\/www.encontrasantana.com.br\\\/sobre\\\/author\\\/esantana\\\/#author\"},\"creator\":{\"@id\":\"https:\\\/\\\/www.encontrasantana.com.br\\\/sobre\\\/author\\\/esantana\\\/#author\"},\"datePublished\":\"2013-03-02T08:14:41-03:00\",\"dateModified\":\"2019-04-15T09:57:54-03:00\"},{\"@type\":\"WebSite\",\"@id\":\"https:\\\/\\\/www.encontrasantana.com.br\\\/sobre\\\/#website\",\"url\":\"https:\\\/\\\/www.encontrasantana.com.br\\\/sobre\\\/\",\"name\":\"Encontra Santana\",\"description\":\"Not\\u00edcias, eventos, informa\\u00e7\\u00f5es e dicas no bairro de Santana e regi\\u00e3o.\",\"inLanguage\":\"pt-BR\",\"publisher\":{\"@id\":\"https:\\\/\\\/www.encontrasantana.com.br\\\/sobre\\\/#organization\"}}]}\n\t\t<\/script>\n\t\t<!-- All in One SEO -->\n\n","aioseo_head_json":{"title":"Santana: C\u00e9u se apresenta neste domingo no Parque da Juventude \u00bb Encontra Santana","description":"Destaque da programa\u00e7\u00e3o do projeto Cultura Livre 2013, a cantora e compositora C\u00e9u apresenta o repert\u00f3rio de seu \u00faltimo CD \u201dCaravana Sereia Bloom\u201d, no dia 3 de mar\u00e7o, no Parque da Juventude. \u00c0s 14h, com entrada livre. Filha de Edgard Po\u00e7as, maestro brasileiro, a artista elabora sua ess\u00eancia sonora misturando ritmos variados, como samba, afrobeat, jazz,","canonical_url":"https:\/\/www.encontrasantana.com.br\/sobre\/santana-ceu-se-apresenta-neste-domingo-no-parque-da-juventude\/","robots":"max-image-preview:large","keywords":"","webmasterTools":{"miscellaneous":""},"schema":{"@context":"https:\/\/schema.org","@graph":[{"@type":"Article","@id":"https:\/\/www.encontrasantana.com.br\/sobre\/santana-ceu-se-apresenta-neste-domingo-no-parque-da-juventude\/#article","name":"Santana: C\u00e9u se apresenta neste domingo no Parque da Juventude \u00bb Encontra Santana","headline":"Santana: C\u00e9u se apresenta neste domingo no Parque da Juventude","author":{"@id":"https:\/\/www.encontrasantana.com.br\/sobre\/author\/esantana\/#author"},"publisher":{"@id":"https:\/\/www.encontrasantana.com.br\/sobre\/#organization"},"datePublished":"2013-03-02T08:14:41-03:00","dateModified":"2019-04-15T09:57:54-03:00","inLanguage":"pt-BR","mainEntityOfPage":{"@id":"https:\/\/www.encontrasantana.com.br\/sobre\/santana-ceu-se-apresenta-neste-domingo-no-parque-da-juventude\/#webpage"},"isPartOf":{"@id":"https:\/\/www.encontrasantana.com.br\/sobre\/santana-ceu-se-apresenta-neste-domingo-no-parque-da-juventude\/#webpage"},"articleSection":"Show Santana"},{"@type":"BreadcrumbList","@id":"https:\/\/www.encontrasantana.com.br\/sobre\/santana-ceu-se-apresenta-neste-domingo-no-parque-da-juventude\/#breadcrumblist","itemListElement":[{"@type":"ListItem","@id":"https:\/\/www.encontrasantana.com.br\/sobre#listItem","position":1,"name":"In\u00edcio","item":"https:\/\/www.encontrasantana.com.br\/sobre","nextItem":{"@type":"ListItem","@id":"https:\/\/www.encontrasantana.com.br\/sobre\/shows-em-santana\/#listItem","name":"Show Santana"}},{"@type":"ListItem","@id":"https:\/\/www.encontrasantana.com.br\/sobre\/shows-em-santana\/#listItem","position":2,"name":"Show Santana","item":"https:\/\/www.encontrasantana.com.br\/sobre\/shows-em-santana\/","nextItem":{"@type":"ListItem","@id":"https:\/\/www.encontrasantana.com.br\/sobre\/santana-ceu-se-apresenta-neste-domingo-no-parque-da-juventude\/#listItem","name":"Santana: C\u00e9u se apresenta neste domingo no Parque da Juventude"},"previousItem":{"@type":"ListItem","@id":"https:\/\/www.encontrasantana.com.br\/sobre#listItem","name":"In\u00edcio"}},{"@type":"ListItem","@id":"https:\/\/www.encontrasantana.com.br\/sobre\/santana-ceu-se-apresenta-neste-domingo-no-parque-da-juventude\/#listItem","position":3,"name":"Santana: C\u00e9u se apresenta neste domingo no Parque da Juventude","previousItem":{"@type":"ListItem","@id":"https:\/\/www.encontrasantana.com.br\/sobre\/shows-em-santana\/#listItem","name":"Show Santana"}}]},{"@type":"Organization","@id":"https:\/\/www.encontrasantana.com.br\/sobre\/#organization","name":"Encontra Santana","description":"Not\u00edcias, eventos, informa\u00e7\u00f5es e dicas no bairro de Santana e regi\u00e3o.","url":"https:\/\/www.encontrasantana.com.br\/sobre\/"},{"@type":"Person","@id":"https:\/\/www.encontrasantana.com.br\/sobre\/author\/esantana\/#author","url":"https:\/\/www.encontrasantana.com.br\/sobre\/author\/esantana\/","name":"Encontra Santana","image":{"@type":"ImageObject","@id":"https:\/\/www.encontrasantana.com.br\/sobre\/santana-ceu-se-apresenta-neste-domingo-no-parque-da-juventude\/#authorImage","url":"https:\/\/secure.gravatar.com\/avatar\/0fbed662e37531ae23e68f85f9517b2454e50c1dfebf80eb9b721449ac95e0b9?s=96&d=mm&r=g","width":96,"height":96,"caption":"Encontra Santana"}},{"@type":"WebPage","@id":"https:\/\/www.encontrasantana.com.br\/sobre\/santana-ceu-se-apresenta-neste-domingo-no-parque-da-juventude\/#webpage","url":"https:\/\/www.encontrasantana.com.br\/sobre\/santana-ceu-se-apresenta-neste-domingo-no-parque-da-juventude\/","name":"Santana: C\u00e9u se apresenta neste domingo no Parque da Juventude \u00bb Encontra Santana","description":"Destaque da programa\u00e7\u00e3o do projeto Cultura Livre 2013, a cantora e compositora C\u00e9u apresenta o repert\u00f3rio de seu \u00faltimo CD \u201dCaravana Sereia Bloom\u201d, no dia 3 de mar\u00e7o, no Parque da Juventude. \u00c0s 14h, com entrada livre. Filha de Edgard Po\u00e7as, maestro brasileiro, a artista elabora sua ess\u00eancia sonora misturando ritmos variados, como samba, afrobeat, jazz,","inLanguage":"pt-BR","isPartOf":{"@id":"https:\/\/www.encontrasantana.com.br\/sobre\/#website"},"breadcrumb":{"@id":"https:\/\/www.encontrasantana.com.br\/sobre\/santana-ceu-se-apresenta-neste-domingo-no-parque-da-juventude\/#breadcrumblist"},"author":{"@id":"https:\/\/www.encontrasantana.com.br\/sobre\/author\/esantana\/#author"},"creator":{"@id":"https:\/\/www.encontrasantana.com.br\/sobre\/author\/esantana\/#author"},"datePublished":"2013-03-02T08:14:41-03:00","dateModified":"2019-04-15T09:57:54-03:00"},{"@type":"WebSite","@id":"https:\/\/www.encontrasantana.com.br\/sobre\/#website","url":"https:\/\/www.encontrasantana.com.br\/sobre\/","name":"Encontra Santana","description":"Not\u00edcias, eventos, informa\u00e7\u00f5es e dicas no bairro de Santana e regi\u00e3o.","inLanguage":"pt-BR","publisher":{"@id":"https:\/\/www.encontrasantana.com.br\/sobre\/#organization"}}]},"og:locale":"pt_BR","og:site_name":"Encontra Santana | Not\u00edcias, eventos, informa\u00e7\u00f5es e dicas no bairro de Santana e regi\u00e3o.","og:type":"article","og:title":"Santana: C\u00e9u se apresenta neste domingo no Parque da Juventude \u00bb Encontra Santana","og:description":"Destaque da programa\u00e7\u00e3o do projeto Cultura Livre 2013, a cantora e compositora C\u00e9u apresenta o repert\u00f3rio de seu \u00faltimo CD \u201dCaravana Sereia Bloom\u201d, no dia 3 de mar\u00e7o, no Parque da Juventude. \u00c0s 14h, com entrada livre. Filha de Edgard Po\u00e7as, maestro brasileiro, a artista elabora sua ess\u00eancia sonora misturando ritmos variados, como samba, afrobeat, jazz,","og:url":"https:\/\/www.encontrasantana.com.br\/sobre\/santana-ceu-se-apresenta-neste-domingo-no-parque-da-juventude\/","article:published_time":"2013-03-02T11:14:41+00:00","article:modified_time":"2019-04-15T12:57:54+00:00","twitter:card":"summary","twitter:title":"Santana: C\u00e9u se apresenta neste domingo no Parque da Juventude \u00bb Encontra Santana","twitter:description":"Destaque da programa\u00e7\u00e3o do projeto Cultura Livre 2013, a cantora e compositora C\u00e9u apresenta o repert\u00f3rio de seu \u00faltimo CD \u201dCaravana Sereia Bloom\u201d, no dia 3 de mar\u00e7o, no Parque da Juventude. \u00c0s 14h, com entrada livre. Filha de Edgard Po\u00e7as, maestro brasileiro, a artista elabora sua ess\u00eancia sonora misturando ritmos variados, como samba, afrobeat, jazz,"},"aioseo_meta_data":{"post_id":"39156","title":null,"description":null,"keywords":null,"keyphrases":null,"primary_term":null,"canonical_url":null,"og_title":null,"og_description":null,"og_object_type":"default","og_image_type":"default","og_image_url":null,"og_image_width":null,"og_image_height":null,"og_image_custom_url":null,"og_image_custom_fields":null,"og_video":null,"og_custom_url":null,"og_article_section":null,"og_article_tags":null,"twitter_use_og":false,"twitter_card":"default","twitter_image_type":"default","twitter_image_url":null,"twitter_image_custom_url":null,"twitter_image_custom_fields":null,"twitter_title":null,"twitter_description":null,"schema":{"blockGraphs":[],"customGraphs":[],"default":{"data":{"Article":[],"Course":[],"Dataset":[],"FAQPage":[],"Movie":[],"Person":[],"Product":[],"ProductReview":[],"Car":[],"Recipe":[],"Service":[],"SoftwareApplication":[],"WebPage":[]},"graphName":"Article","isEnabled":true},"graphs":[]},"schema_type":null,"schema_type_options":null,"pillar_content":false,"robots_default":true,"robots_noindex":false,"robots_noarchive":false,"robots_nosnippet":false,"robots_nofollow":false,"robots_noimageindex":false,"robots_noodp":false,"robots_notranslate":false,"robots_max_snippet":null,"robots_max_videopreview":null,"robots_max_imagepreview":"large","priority":null,"frequency":null,"local_seo":null,"limit_modified_date":false,"created":"2021-04-20 18:33:56","updated":"2026-08-07 00:17:04","focus_keyword":null,"additional_keywords":null,"truseo_locale":null,"ai":null,"breadcrumb_settings":null,"seo_analyzer_scan_date":null},"aioseo_breadcrumb":"<div class=\"aioseo-breadcrumbs\"><span class=\"aioseo-breadcrumb\">\n\t\t\t<a href=\"https:\/\/www.encontrasantana.com.br\/sobre\" title=\"In\u00edcio\">In\u00edcio<\/a>\n\t\t<\/span><span class=\"aioseo-breadcrumb-separator\">&raquo;<\/span><span class=\"aioseo-breadcrumb\">\n\t\t\t<a href=\"https:\/\/www.encontrasantana.com.br\/sobre\/shows-em-santana\/\" title=\"Show Santana\">Show Santana<\/a>\n\t\t<\/span><span class=\"aioseo-breadcrumb-separator\">&raquo;<\/span><span class=\"aioseo-breadcrumb\">\n\t\t\tSantana: C\u00e9u se apresenta neste domingo no Parque da Juventude\n\t\t<\/span><\/div>","aioseo_breadcrumb_json":[{"label":"In\u00edcio","link":"https:\/\/www.encontrasantana.com.br\/sobre"},{"label":"Show Santana","link":"https:\/\/www.encontrasantana.com.br\/sobre\/shows-em-santana\/"},{"label":"Santana: C\u00e9u se apresenta neste domingo no Parque da Juventude","link":"https:\/\/www.encontrasantana.com.br\/sobre\/santana-ceu-se-apresenta-neste-domingo-no-parque-da-juventude\/"}],"_links":{"self":[{"href":"https:\/\/www.encontrasantana.com.br\/sobre\/wp-json\/wp\/v2\/posts\/39156","targetHints":{"allow":["GET"]}}],"collection":[{"href":"https:\/\/www.encontrasantana.com.br\/sobre\/wp-json\/wp\/v2\/posts"}],"about":[{"href":"https:\/\/www.encontrasantana.com.br\/sobre\/wp-json\/wp\/v2\/types\/post"}],"author":[{"embeddable":true,"href":"https:\/\/www.encontrasantana.com.br\/sobre\/wp-json\/wp\/v2\/users\/1"}],"replies":[{"embeddable":true,"href":"https:\/\/www.encontrasantana.com.br\/sobre\/wp-json\/wp\/v2\/comments?post=39156"}],"version-history":[{"count":0,"href":"https:\/\/www.encontrasantana.com.br\/sobre\/wp-json\/wp\/v2\/posts\/39156\/revisions"}],"wp:attachment":[{"href":"https:\/\/www.encontrasantana.com.br\/sobre\/wp-json\/wp\/v2\/media?parent=39156"}],"wp:term":[{"taxonomy":"category","embeddable":true,"href":"https:\/\/www.encontrasantana.com.br\/sobre\/wp-json\/wp\/v2\/categories?post=39156"},{"taxonomy":"post_tag","embeddable":true,"href":"https:\/\/www.encontrasantana.com.br\/sobre\/wp-json\/wp\/v2\/tags?post=39156"}],"curies":[{"name":"wp","href":"https:\/\/api.w.org\/{rel}","templated":true}]}}