{"id":39158,"date":"2013-03-01T17:21:15","date_gmt":"2013-03-01T20:21:15","guid":{"rendered":"http:\/\/www.encontrasantana.com.br\/blog\/?p=39158"},"modified":"2019-04-15T09:57:55","modified_gmt":"2019-04-15T12:57:55","slug":"biblioteca-de-sao-paulo-promove-encontro-com-autores-brasileiros","status":"publish","type":"post","link":"https:\/\/www.encontrasantana.com.br\/sobre\/biblioteca-de-sao-paulo-promove-encontro-com-autores-brasileiros\/","title":{"rendered":"Biblioteca de S\u00e3o Paulo promove encontro com autores brasileiros"},"content":{"rendered":"<div class=\"1acf8468e559fd3cbeec5aee3a269a52\" data-index=\"1\" style=\"float: none; margin:0px;\">\n<!-- Anuncio display - global -->\r\n<ins class=\"adsbygoogle\"\r\n     style=\"display:block\"\r\n     data-ad-client=\"ca-pub-8585364105181520\"\r\n     data-ad-slot=\"8789329856\"\r\n     data-ad-format=\"auto\"\r\n     data-full-width-responsive=\"true\"><\/ins>\r\n<script>\r\n     (adsbygoogle = window.adsbygoogle || []).push({});\r\n<\/script>\n<\/div>\n<p>A <a href=\"http:\/\/www.encontrasantana.com.br\/santana\/biblioteca-de-sao-paulo-em-santana.shtml\" target=\"_blank\">Biblioteca de S\u00e3o Paulo<\/a> d\u00e1 in\u00edcio \u00e0 temporada 2013 do projeto\u00a0<i>Autores e Ideias<\/i>. No primeiro evento no bairro de Santana do ano, a escritora Andrea del Fuego (autora do romance Os Malaquias, vencedor do Pr\u00eamio Jos\u00e9 Saramago e finalista do Pr\u00eamio S\u00e3o Paulo de Literatura) conversa com os visitantes sobre o g\u00eanero minicontos.<\/p>\n<p>A partir de imagens projetadas em um tel\u00e3o e leitura de trechos de seus livros, a autora buscar\u00e1 aproximar o p\u00fablico desse g\u00eanero liter\u00e1rio. O projeto tem por objetivo estimular o interesse pela leitura de autores. Os encontros ser\u00e3o realizados duas vezes por m\u00eas, aos s\u00e1bados, sempre com dura\u00e7\u00e3o de duas horas.<\/p>\n<p>At\u00e9 o final do projeto &#8211; que termina em setembro &#8211; est\u00e3o previstos encontros com Humberto Wernek (Cr\u00f4nica), Mar\u00e7al Aquino (Literatura e Cinema), Luiz Rufatto (Literatura Epistolar), Fernando Morais (Biografia) e M\u00e1rio Prata (romance policial), sempre com media\u00e7\u00e3o da jornalista Mona Dorf, que tamb\u00e9m assina o projeto.<\/p>\n<p><b>SERVI\u00c7O<\/b>:<br \/>\nEncontros com Autores e Ideias &#8211; Minicontos com Andrea Del Fuego<br \/>\nS\u00e1bado, 2 de Mar\u00e7o, \u00e0s 11h<br \/>\nBiblioteca de S\u00e3o Paulo &#8211; Parque da Juventude<br \/>\nAvenida Cruzeiro do Sul, 2.630 &#8211; ao lado da <a href=\"http:\/\/www.encontrasantana.com.br\/santana\/estacao-carandiru-metro.shtml\" target=\"_blank\">esta\u00e7\u00e3o Carandiru do metr\u00f4<\/a><br \/>\n(11) 2089-0800<\/p>\n<p><em>Fonte: Governo de SP<\/em><\/p>\n\n<div style=\"font-size: 0px; height: 0px; line-height: 0px; margin: 0; padding: 0; clear: both;\"><\/div>","protected":false},"excerpt":{"rendered":"<p>A Biblioteca de S\u00e3o Paulo d\u00e1 in\u00edcio \u00e0 temporada 2013 do projeto\u00a0Autores e Ideias. No primeiro evento no bairro de Santana do ano, a escritora Andrea del Fuego (autora do romance Os Malaquias, vencedor do Pr\u00eamio Jos\u00e9 Saramago e finalista do Pr\u00eamio S\u00e3o Paulo de Literatura) conversa com os visitantes sobre o g\u00eanero minicontos. A partir de imagens projetadas em um tel\u00e3o e leitura de trechos de seus livros, a autora buscar\u00e1 aproximar o p\u00fablico desse g\u00eanero liter\u00e1rio. O projeto tem por objetivo estimular o interesse pela leitura de autores. Os encontros ser\u00e3o realizados duas vezes por m\u00eas, aos s\u00e1bados, <\/p>\n","protected":false},"author":1,"featured_media":0,"comment_status":"open","ping_status":"closed","sticky":false,"template":"","format":"standard","meta":{"footnotes":""},"categories":[3],"tags":[],"class_list":["post-39158","post","type-post","status-publish","format-standard","hentry","category-noticias-em-santana"],"aioseo_notices":[],"_links":{"self":[{"href":"https:\/\/www.encontrasantana.com.br\/sobre\/wp-json\/wp\/v2\/posts\/39158"}],"collection":[{"href":"https:\/\/www.encontrasantana.com.br\/sobre\/wp-json\/wp\/v2\/posts"}],"about":[{"href":"https:\/\/www.encontrasantana.com.br\/sobre\/wp-json\/wp\/v2\/types\/post"}],"author":[{"embeddable":true,"href":"https:\/\/www.encontrasantana.com.br\/sobre\/wp-json\/wp\/v2\/users\/1"}],"replies":[{"embeddable":true,"href":"https:\/\/www.encontrasantana.com.br\/sobre\/wp-json\/wp\/v2\/comments?post=39158"}],"version-history":[{"count":0,"href":"https:\/\/www.encontrasantana.com.br\/sobre\/wp-json\/wp\/v2\/posts\/39158\/revisions"}],"wp:attachment":[{"href":"https:\/\/www.encontrasantana.com.br\/sobre\/wp-json\/wp\/v2\/media?parent=39158"}],"wp:term":[{"taxonomy":"category","embeddable":true,"href":"https:\/\/www.encontrasantana.com.br\/sobre\/wp-json\/wp\/v2\/categories?post=39158"},{"taxonomy":"post_tag","embeddable":true,"href":"https:\/\/www.encontrasantana.com.br\/sobre\/wp-json\/wp\/v2\/tags?post=39158"}],"curies":[{"name":"wp","href":"https:\/\/api.w.org\/{rel}","templated":true}]}}