{"id":39170,"date":"2013-03-13T01:17:31","date_gmt":"2013-03-13T04:17:31","guid":{"rendered":"http:\/\/www.encontrasantana.com.br\/blog\/?p=39170"},"modified":"2019-04-15T09:57:53","modified_gmt":"2019-04-15T12:57:53","slug":"teatro-apcd-recebe-a-peca-a-bela-e-a-fera-na-inauguracao-da-programacao-infantil-2013","status":"publish","type":"post","link":"https:\/\/www.encontrasantana.com.br\/sobre\/teatro-apcd-recebe-a-peca-a-bela-e-a-fera-na-inauguracao-da-programacao-infantil-2013\/","title":{"rendered":"Teatro APCD recebe a pe\u00e7a A Bela e a Fera na inaugura\u00e7\u00e3o da programa\u00e7\u00e3o infantil 2013"},"content":{"rendered":"<div class=\"1acf8468e559fd3cbeec5aee3a269a52\" data-index=\"1\" style=\"float: none; margin:0px;\">\n<!-- Anuncio display - global -->\r\n<ins class=\"adsbygoogle\"\r\n     style=\"display:block\"\r\n     data-ad-client=\"ca-pub-8585364105181520\"\r\n     data-ad-slot=\"8789329856\"\r\n     data-ad-format=\"auto\"\r\n     data-full-width-responsive=\"true\"><\/ins>\r\n<script>\r\n     (adsbygoogle = window.adsbygoogle || []).push({});\r\n<\/script>\n<\/div>\n<p>Das p\u00e1ginas da literatura francesa das autoras Gabrielle-Suzanne Barbot e Jeanne-Marie LePrince de Beaumon ou imortalizado pela Disney, A Bela e a Fera \u00e9 um dos maiores conto de fadas de todos tempos.<\/p>\n<p>A trama pode ser conferida nos palcos com a encena\u00e7\u00e3o musical da diretora Tatyana Dantas (respons\u00e1vel tamb\u00e9m pela adapta\u00e7\u00e3o), a partir de 16 de mar\u00e7o, s\u00e1bado, \u00e0s 16 horas. Trata-se da inaugura\u00e7\u00e3o da programa\u00e7\u00e3o infantil 2013 do Teatro APCD.<\/p>\n<p>A montagem conta com m\u00fasica de Eduardo Gebara e coreografia de Guilherme Castro. No elenco est\u00e3o os atores Vict\u00f3ria Rocha, Guilherme Castro, Thiago Catelani , Mariana Moraes, Erika Zan\u00e3o, Vinicius Calamari, Alysson Lima, Marcos Manrai, al\u00e9m da pr\u00f3pria diretora.<\/p>\n<p>Na hist\u00f3ria, Bela busca nos livros uma maneira de fugir da vida pacata de sua aldeia, da crueldade de suas irm\u00e3s invejosas, P\u00e9rola e Cristal, al\u00e9m do amor rude de Gaston. Certo dia, seu pai, Maurice, desaparece e Bela sai \u00e0 sua procura.<\/p>\n<p>Ela o encontra em um castelo, onde mora uma Fera e v\u00e1rios objetos falantes: um bule, um casti\u00e7al e um rel\u00f3gio. Na verdade, todos os habitantes do local foram enfeiti\u00e7ados por uma bruxa e somente podem voltar a serem pessoas comuns quando uma jovem se apaixonar pela Fera.<\/p>\n<p><strong>Servi\u00e7o no bairro de Santana<\/strong><\/p>\n<p><strong>Local:<\/strong>\u00a0Teatro APCD<\/p>\n<p><strong>Endere\u00e7o:\u00a0<\/strong>Rua Volunt\u00e1rios da P\u00e1tria, 547 &#8211; Santana<\/p>\n<p><strong>Datas:\u00a0<\/strong>16 de mar\u00e7o at\u00e9 20 de abril de 2013<\/p>\n<p><strong>Hor\u00e1rios:<\/strong>\u00a0s\u00e1bado, \u00e0s 16h<\/p>\n<p><strong>Telefone:<\/strong> 2223-2424<\/p>\n<p><strong>Ingressos:<\/strong>\u00a0R$ 40,00<\/p>\n<p><em>Fonte: Filtro Cultural<\/em><\/p>\n\n<div style=\"font-size: 0px; height: 0px; line-height: 0px; margin: 0; padding: 0; clear: both;\"><\/div>","protected":false},"excerpt":{"rendered":"<p>Das p\u00e1ginas da literatura francesa das autoras Gabrielle-Suzanne Barbot e Jeanne-Marie LePrince de Beaumon ou imortalizado pela Disney, A Bela e a Fera \u00e9 um dos maiores conto de fadas de todos tempos. A trama pode ser conferida nos palcos com a encena\u00e7\u00e3o musical da diretora Tatyana Dantas (respons\u00e1vel tamb\u00e9m pela adapta\u00e7\u00e3o), a partir de 16 de mar\u00e7o, s\u00e1bado, \u00e0s 16 horas. Trata-se da inaugura\u00e7\u00e3o da programa\u00e7\u00e3o infantil 2013 do Teatro APCD. A montagem conta com m\u00fasica de Eduardo Gebara e coreografia de Guilherme Castro. No elenco est\u00e3o os atores Vict\u00f3ria Rocha, Guilherme Castro, Thiago Catelani , Mariana Moraes, Erika <\/p>\n","protected":false},"author":1,"featured_media":0,"comment_status":"open","ping_status":"closed","sticky":false,"template":"","format":"standard","meta":{"footnotes":""},"categories":[20],"tags":[],"class_list":["post-39170","post","type-post","status-publish","format-standard","hentry","category-cultura-em-santana"],"aioseo_notices":[],"aioseo_head":"\n\t\t<!-- All in One SEO 5.0.0.1 - aioseo.com -->\n\t<meta name=\"description\" content=\"Das p\u00e1ginas da literatura francesa das autoras Gabrielle-Suzanne Barbot e Jeanne-Marie LePrince de Beaumon ou imortalizado pela Disney, A Bela e a Fera \u00e9 um dos maiores conto de fadas de todos tempos. A trama pode ser conferida nos palcos com a encena\u00e7\u00e3o musical da diretora Tatyana Dantas (respons\u00e1vel tamb\u00e9m pela adapta\u00e7\u00e3o), a partir de\" \/>\n\t<meta name=\"robots\" content=\"max-image-preview:large\" \/>\n\t<meta name=\"author\" content=\"Encontra Santana\"\/>\n\t<link rel=\"canonical\" href=\"https:\/\/www.encontrasantana.com.br\/sobre\/teatro-apcd-recebe-a-peca-a-bela-e-a-fera-na-inauguracao-da-programacao-infantil-2013\/\" \/>\n\t<meta name=\"generator\" content=\"All in One SEO (AIOSEO) 5.0.0.1\" \/>\n\t\t<meta property=\"og:locale\" content=\"pt_BR\" \/>\n\t\t<meta property=\"og:site_name\" content=\"Encontra Santana | Not\u00edcias, eventos, informa\u00e7\u00f5es e dicas no bairro de Santana e regi\u00e3o.\" \/>\n\t\t<meta property=\"og:type\" content=\"article\" \/>\n\t\t<meta property=\"og:title\" content=\"Teatro APCD recebe a pe\u00e7a A Bela e a Fera na inaugura\u00e7\u00e3o da programa\u00e7\u00e3o infantil 2013 \u00bb Encontra Santana\" \/>\n\t\t<meta property=\"og:description\" content=\"Das p\u00e1ginas da literatura francesa das autoras Gabrielle-Suzanne Barbot e Jeanne-Marie LePrince de Beaumon ou imortalizado pela Disney, A Bela e a Fera \u00e9 um dos maiores conto de fadas de todos tempos. A trama pode ser conferida nos palcos com a encena\u00e7\u00e3o musical da diretora Tatyana Dantas (respons\u00e1vel tamb\u00e9m pela adapta\u00e7\u00e3o), a partir de\" \/>\n\t\t<meta property=\"og:url\" content=\"https:\/\/www.encontrasantana.com.br\/sobre\/teatro-apcd-recebe-a-peca-a-bela-e-a-fera-na-inauguracao-da-programacao-infantil-2013\/\" \/>\n\t\t<meta property=\"article:published_time\" content=\"2013-03-13T04:17:31+00:00\" \/>\n\t\t<meta property=\"article:modified_time\" content=\"2019-04-15T12:57:53+00:00\" \/>\n\t\t<meta name=\"twitter:card\" content=\"summary\" \/>\n\t\t<meta name=\"twitter:title\" content=\"Teatro APCD recebe a pe\u00e7a A Bela e a Fera na inaugura\u00e7\u00e3o da programa\u00e7\u00e3o infantil 2013 \u00bb Encontra Santana\" \/>\n\t\t<meta name=\"twitter:description\" content=\"Das p\u00e1ginas da literatura francesa das autoras Gabrielle-Suzanne Barbot e Jeanne-Marie LePrince de Beaumon ou imortalizado pela Disney, A Bela e a Fera \u00e9 um dos maiores conto de fadas de todos tempos. A trama pode ser conferida nos palcos com a encena\u00e7\u00e3o musical da diretora Tatyana Dantas (respons\u00e1vel tamb\u00e9m pela adapta\u00e7\u00e3o), a partir de\" \/>\n\t\t<script type=\"application\/ld+json\" class=\"aioseo-schema\">\n\t\t\t{\"@context\":\"https:\\\/\\\/schema.org\",\"@graph\":[{\"@type\":\"Article\",\"@id\":\"https:\\\/\\\/www.encontrasantana.com.br\\\/sobre\\\/teatro-apcd-recebe-a-peca-a-bela-e-a-fera-na-inauguracao-da-programacao-infantil-2013\\\/#article\",\"name\":\"Teatro APCD recebe a pe\\u00e7a A Bela e a Fera na inaugura\\u00e7\\u00e3o da programa\\u00e7\\u00e3o infantil 2013 \\u00bb Encontra Santana\",\"headline\":\"Teatro APCD recebe a pe\\u00e7a A Bela e a Fera na inaugura\\u00e7\\u00e3o da programa\\u00e7\\u00e3o infantil 2013\",\"author\":{\"@id\":\"https:\\\/\\\/www.encontrasantana.com.br\\\/sobre\\\/author\\\/esantana\\\/#author\"},\"publisher\":{\"@id\":\"https:\\\/\\\/www.encontrasantana.com.br\\\/sobre\\\/#organization\"},\"datePublished\":\"2013-03-13T01:17:31-03:00\",\"dateModified\":\"2019-04-15T09:57:53-03:00\",\"inLanguage\":\"pt-BR\",\"mainEntityOfPage\":{\"@id\":\"https:\\\/\\\/www.encontrasantana.com.br\\\/sobre\\\/teatro-apcd-recebe-a-peca-a-bela-e-a-fera-na-inauguracao-da-programacao-infantil-2013\\\/#webpage\"},\"isPartOf\":{\"@id\":\"https:\\\/\\\/www.encontrasantana.com.br\\\/sobre\\\/teatro-apcd-recebe-a-peca-a-bela-e-a-fera-na-inauguracao-da-programacao-infantil-2013\\\/#webpage\"},\"articleSection\":\"Cultura Santana\"},{\"@type\":\"BreadcrumbList\",\"@id\":\"https:\\\/\\\/www.encontrasantana.com.br\\\/sobre\\\/teatro-apcd-recebe-a-peca-a-bela-e-a-fera-na-inauguracao-da-programacao-infantil-2013\\\/#breadcrumblist\",\"itemListElement\":[{\"@type\":\"ListItem\",\"@id\":\"https:\\\/\\\/www.encontrasantana.com.br\\\/sobre#listItem\",\"position\":1,\"name\":\"In\\u00edcio\",\"item\":\"https:\\\/\\\/www.encontrasantana.com.br\\\/sobre\",\"nextItem\":{\"@type\":\"ListItem\",\"@id\":\"https:\\\/\\\/www.encontrasantana.com.br\\\/sobre\\\/cultura-em-santana\\\/#listItem\",\"name\":\"Cultura Santana\"}},{\"@type\":\"ListItem\",\"@id\":\"https:\\\/\\\/www.encontrasantana.com.br\\\/sobre\\\/cultura-em-santana\\\/#listItem\",\"position\":2,\"name\":\"Cultura Santana\",\"item\":\"https:\\\/\\\/www.encontrasantana.com.br\\\/sobre\\\/cultura-em-santana\\\/\",\"nextItem\":{\"@type\":\"ListItem\",\"@id\":\"https:\\\/\\\/www.encontrasantana.com.br\\\/sobre\\\/teatro-apcd-recebe-a-peca-a-bela-e-a-fera-na-inauguracao-da-programacao-infantil-2013\\\/#listItem\",\"name\":\"Teatro APCD recebe a pe\\u00e7a A Bela e a Fera na inaugura\\u00e7\\u00e3o da programa\\u00e7\\u00e3o infantil 2013\"},\"previousItem\":{\"@type\":\"ListItem\",\"@id\":\"https:\\\/\\\/www.encontrasantana.com.br\\\/sobre#listItem\",\"name\":\"In\\u00edcio\"}},{\"@type\":\"ListItem\",\"@id\":\"https:\\\/\\\/www.encontrasantana.com.br\\\/sobre\\\/teatro-apcd-recebe-a-peca-a-bela-e-a-fera-na-inauguracao-da-programacao-infantil-2013\\\/#listItem\",\"position\":3,\"name\":\"Teatro APCD recebe a pe\\u00e7a A Bela e a Fera na inaugura\\u00e7\\u00e3o da programa\\u00e7\\u00e3o infantil 2013\",\"previousItem\":{\"@type\":\"ListItem\",\"@id\":\"https:\\\/\\\/www.encontrasantana.com.br\\\/sobre\\\/cultura-em-santana\\\/#listItem\",\"name\":\"Cultura Santana\"}}]},{\"@type\":\"Organization\",\"@id\":\"https:\\\/\\\/www.encontrasantana.com.br\\\/sobre\\\/#organization\",\"name\":\"Encontra Santana\",\"description\":\"Not\\u00edcias, eventos, informa\\u00e7\\u00f5es e dicas no bairro de Santana e regi\\u00e3o.\",\"url\":\"https:\\\/\\\/www.encontrasantana.com.br\\\/sobre\\\/\"},{\"@type\":\"Person\",\"@id\":\"https:\\\/\\\/www.encontrasantana.com.br\\\/sobre\\\/author\\\/esantana\\\/#author\",\"url\":\"https:\\\/\\\/www.encontrasantana.com.br\\\/sobre\\\/author\\\/esantana\\\/\",\"name\":\"Encontra Santana\",\"image\":{\"@type\":\"ImageObject\",\"@id\":\"https:\\\/\\\/www.encontrasantana.com.br\\\/sobre\\\/teatro-apcd-recebe-a-peca-a-bela-e-a-fera-na-inauguracao-da-programacao-infantil-2013\\\/#authorImage\",\"url\":\"https:\\\/\\\/secure.gravatar.com\\\/avatar\\\/0fbed662e37531ae23e68f85f9517b2454e50c1dfebf80eb9b721449ac95e0b9?s=96&d=mm&r=g\",\"width\":96,\"height\":96,\"caption\":\"Encontra Santana\"}},{\"@type\":\"WebPage\",\"@id\":\"https:\\\/\\\/www.encontrasantana.com.br\\\/sobre\\\/teatro-apcd-recebe-a-peca-a-bela-e-a-fera-na-inauguracao-da-programacao-infantil-2013\\\/#webpage\",\"url\":\"https:\\\/\\\/www.encontrasantana.com.br\\\/sobre\\\/teatro-apcd-recebe-a-peca-a-bela-e-a-fera-na-inauguracao-da-programacao-infantil-2013\\\/\",\"name\":\"Teatro APCD recebe a pe\\u00e7a A Bela e a Fera na inaugura\\u00e7\\u00e3o da programa\\u00e7\\u00e3o infantil 2013 \\u00bb Encontra Santana\",\"description\":\"Das p\\u00e1ginas da literatura francesa das autoras Gabrielle-Suzanne Barbot e Jeanne-Marie LePrince de Beaumon ou imortalizado pela Disney, A Bela e a Fera \\u00e9 um dos maiores conto de fadas de todos tempos. A trama pode ser conferida nos palcos com a encena\\u00e7\\u00e3o musical da diretora Tatyana Dantas (respons\\u00e1vel tamb\\u00e9m pela adapta\\u00e7\\u00e3o), a partir de\",\"inLanguage\":\"pt-BR\",\"isPartOf\":{\"@id\":\"https:\\\/\\\/www.encontrasantana.com.br\\\/sobre\\\/#website\"},\"breadcrumb\":{\"@id\":\"https:\\\/\\\/www.encontrasantana.com.br\\\/sobre\\\/teatro-apcd-recebe-a-peca-a-bela-e-a-fera-na-inauguracao-da-programacao-infantil-2013\\\/#breadcrumblist\"},\"author\":{\"@id\":\"https:\\\/\\\/www.encontrasantana.com.br\\\/sobre\\\/author\\\/esantana\\\/#author\"},\"creator\":{\"@id\":\"https:\\\/\\\/www.encontrasantana.com.br\\\/sobre\\\/author\\\/esantana\\\/#author\"},\"datePublished\":\"2013-03-13T01:17:31-03:00\",\"dateModified\":\"2019-04-15T09:57:53-03:00\"},{\"@type\":\"WebSite\",\"@id\":\"https:\\\/\\\/www.encontrasantana.com.br\\\/sobre\\\/#website\",\"url\":\"https:\\\/\\\/www.encontrasantana.com.br\\\/sobre\\\/\",\"name\":\"Encontra Santana\",\"description\":\"Not\\u00edcias, eventos, informa\\u00e7\\u00f5es e dicas no bairro de Santana e regi\\u00e3o.\",\"inLanguage\":\"pt-BR\",\"publisher\":{\"@id\":\"https:\\\/\\\/www.encontrasantana.com.br\\\/sobre\\\/#organization\"}}]}\n\t\t<\/script>\n\t\t<!-- All in One SEO -->\n\n","aioseo_head_json":{"title":"Teatro APCD recebe a pe\u00e7a A Bela e a Fera na inaugura\u00e7\u00e3o da programa\u00e7\u00e3o infantil 2013 \u00bb Encontra Santana","description":"Das p\u00e1ginas da literatura francesa das autoras Gabrielle-Suzanne Barbot e Jeanne-Marie LePrince de Beaumon ou imortalizado pela Disney, A Bela e a Fera \u00e9 um dos maiores conto de fadas de todos tempos. A trama pode ser conferida nos palcos com a encena\u00e7\u00e3o musical da diretora Tatyana Dantas (respons\u00e1vel tamb\u00e9m pela adapta\u00e7\u00e3o), a partir de","canonical_url":"https:\/\/www.encontrasantana.com.br\/sobre\/teatro-apcd-recebe-a-peca-a-bela-e-a-fera-na-inauguracao-da-programacao-infantil-2013\/","robots":"max-image-preview:large","keywords":"","webmasterTools":{"miscellaneous":""},"schema":{"@context":"https:\/\/schema.org","@graph":[{"@type":"Article","@id":"https:\/\/www.encontrasantana.com.br\/sobre\/teatro-apcd-recebe-a-peca-a-bela-e-a-fera-na-inauguracao-da-programacao-infantil-2013\/#article","name":"Teatro APCD recebe a pe\u00e7a A Bela e a Fera na inaugura\u00e7\u00e3o da programa\u00e7\u00e3o infantil 2013 \u00bb Encontra Santana","headline":"Teatro APCD recebe a pe\u00e7a A Bela e a Fera na inaugura\u00e7\u00e3o da programa\u00e7\u00e3o infantil 2013","author":{"@id":"https:\/\/www.encontrasantana.com.br\/sobre\/author\/esantana\/#author"},"publisher":{"@id":"https:\/\/www.encontrasantana.com.br\/sobre\/#organization"},"datePublished":"2013-03-13T01:17:31-03:00","dateModified":"2019-04-15T09:57:53-03:00","inLanguage":"pt-BR","mainEntityOfPage":{"@id":"https:\/\/www.encontrasantana.com.br\/sobre\/teatro-apcd-recebe-a-peca-a-bela-e-a-fera-na-inauguracao-da-programacao-infantil-2013\/#webpage"},"isPartOf":{"@id":"https:\/\/www.encontrasantana.com.br\/sobre\/teatro-apcd-recebe-a-peca-a-bela-e-a-fera-na-inauguracao-da-programacao-infantil-2013\/#webpage"},"articleSection":"Cultura Santana"},{"@type":"BreadcrumbList","@id":"https:\/\/www.encontrasantana.com.br\/sobre\/teatro-apcd-recebe-a-peca-a-bela-e-a-fera-na-inauguracao-da-programacao-infantil-2013\/#breadcrumblist","itemListElement":[{"@type":"ListItem","@id":"https:\/\/www.encontrasantana.com.br\/sobre#listItem","position":1,"name":"In\u00edcio","item":"https:\/\/www.encontrasantana.com.br\/sobre","nextItem":{"@type":"ListItem","@id":"https:\/\/www.encontrasantana.com.br\/sobre\/cultura-em-santana\/#listItem","name":"Cultura Santana"}},{"@type":"ListItem","@id":"https:\/\/www.encontrasantana.com.br\/sobre\/cultura-em-santana\/#listItem","position":2,"name":"Cultura Santana","item":"https:\/\/www.encontrasantana.com.br\/sobre\/cultura-em-santana\/","nextItem":{"@type":"ListItem","@id":"https:\/\/www.encontrasantana.com.br\/sobre\/teatro-apcd-recebe-a-peca-a-bela-e-a-fera-na-inauguracao-da-programacao-infantil-2013\/#listItem","name":"Teatro APCD recebe a pe\u00e7a A Bela e a Fera na inaugura\u00e7\u00e3o da programa\u00e7\u00e3o infantil 2013"},"previousItem":{"@type":"ListItem","@id":"https:\/\/www.encontrasantana.com.br\/sobre#listItem","name":"In\u00edcio"}},{"@type":"ListItem","@id":"https:\/\/www.encontrasantana.com.br\/sobre\/teatro-apcd-recebe-a-peca-a-bela-e-a-fera-na-inauguracao-da-programacao-infantil-2013\/#listItem","position":3,"name":"Teatro APCD recebe a pe\u00e7a A Bela e a Fera na inaugura\u00e7\u00e3o da programa\u00e7\u00e3o infantil 2013","previousItem":{"@type":"ListItem","@id":"https:\/\/www.encontrasantana.com.br\/sobre\/cultura-em-santana\/#listItem","name":"Cultura Santana"}}]},{"@type":"Organization","@id":"https:\/\/www.encontrasantana.com.br\/sobre\/#organization","name":"Encontra Santana","description":"Not\u00edcias, eventos, informa\u00e7\u00f5es e dicas no bairro de Santana e regi\u00e3o.","url":"https:\/\/www.encontrasantana.com.br\/sobre\/"},{"@type":"Person","@id":"https:\/\/www.encontrasantana.com.br\/sobre\/author\/esantana\/#author","url":"https:\/\/www.encontrasantana.com.br\/sobre\/author\/esantana\/","name":"Encontra Santana","image":{"@type":"ImageObject","@id":"https:\/\/www.encontrasantana.com.br\/sobre\/teatro-apcd-recebe-a-peca-a-bela-e-a-fera-na-inauguracao-da-programacao-infantil-2013\/#authorImage","url":"https:\/\/secure.gravatar.com\/avatar\/0fbed662e37531ae23e68f85f9517b2454e50c1dfebf80eb9b721449ac95e0b9?s=96&d=mm&r=g","width":96,"height":96,"caption":"Encontra Santana"}},{"@type":"WebPage","@id":"https:\/\/www.encontrasantana.com.br\/sobre\/teatro-apcd-recebe-a-peca-a-bela-e-a-fera-na-inauguracao-da-programacao-infantil-2013\/#webpage","url":"https:\/\/www.encontrasantana.com.br\/sobre\/teatro-apcd-recebe-a-peca-a-bela-e-a-fera-na-inauguracao-da-programacao-infantil-2013\/","name":"Teatro APCD recebe a pe\u00e7a A Bela e a Fera na inaugura\u00e7\u00e3o da programa\u00e7\u00e3o infantil 2013 \u00bb Encontra Santana","description":"Das p\u00e1ginas da literatura francesa das autoras Gabrielle-Suzanne Barbot e Jeanne-Marie LePrince de Beaumon ou imortalizado pela Disney, A Bela e a Fera \u00e9 um dos maiores conto de fadas de todos tempos. A trama pode ser conferida nos palcos com a encena\u00e7\u00e3o musical da diretora Tatyana Dantas (respons\u00e1vel tamb\u00e9m pela adapta\u00e7\u00e3o), a partir de","inLanguage":"pt-BR","isPartOf":{"@id":"https:\/\/www.encontrasantana.com.br\/sobre\/#website"},"breadcrumb":{"@id":"https:\/\/www.encontrasantana.com.br\/sobre\/teatro-apcd-recebe-a-peca-a-bela-e-a-fera-na-inauguracao-da-programacao-infantil-2013\/#breadcrumblist"},"author":{"@id":"https:\/\/www.encontrasantana.com.br\/sobre\/author\/esantana\/#author"},"creator":{"@id":"https:\/\/www.encontrasantana.com.br\/sobre\/author\/esantana\/#author"},"datePublished":"2013-03-13T01:17:31-03:00","dateModified":"2019-04-15T09:57:53-03:00"},{"@type":"WebSite","@id":"https:\/\/www.encontrasantana.com.br\/sobre\/#website","url":"https:\/\/www.encontrasantana.com.br\/sobre\/","name":"Encontra Santana","description":"Not\u00edcias, eventos, informa\u00e7\u00f5es e dicas no bairro de Santana e regi\u00e3o.","inLanguage":"pt-BR","publisher":{"@id":"https:\/\/www.encontrasantana.com.br\/sobre\/#organization"}}]},"og:locale":"pt_BR","og:site_name":"Encontra Santana | Not\u00edcias, eventos, informa\u00e7\u00f5es e dicas no bairro de Santana e regi\u00e3o.","og:type":"article","og:title":"Teatro APCD recebe a pe\u00e7a A Bela e a Fera na inaugura\u00e7\u00e3o da programa\u00e7\u00e3o infantil 2013 \u00bb Encontra Santana","og:description":"Das p\u00e1ginas da literatura francesa das autoras Gabrielle-Suzanne Barbot e Jeanne-Marie LePrince de Beaumon ou imortalizado pela Disney, A Bela e a Fera \u00e9 um dos maiores conto de fadas de todos tempos. A trama pode ser conferida nos palcos com a encena\u00e7\u00e3o musical da diretora Tatyana Dantas (respons\u00e1vel tamb\u00e9m pela adapta\u00e7\u00e3o), a partir de","og:url":"https:\/\/www.encontrasantana.com.br\/sobre\/teatro-apcd-recebe-a-peca-a-bela-e-a-fera-na-inauguracao-da-programacao-infantil-2013\/","article:published_time":"2013-03-13T04:17:31+00:00","article:modified_time":"2019-04-15T12:57:53+00:00","twitter:card":"summary","twitter:title":"Teatro APCD recebe a pe\u00e7a A Bela e a Fera na inaugura\u00e7\u00e3o da programa\u00e7\u00e3o infantil 2013 \u00bb Encontra Santana","twitter:description":"Das p\u00e1ginas da literatura francesa das autoras Gabrielle-Suzanne Barbot e Jeanne-Marie LePrince de Beaumon ou imortalizado pela Disney, A Bela e a Fera \u00e9 um dos maiores conto de fadas de todos tempos. A trama pode ser conferida nos palcos com a encena\u00e7\u00e3o musical da diretora Tatyana Dantas (respons\u00e1vel tamb\u00e9m pela adapta\u00e7\u00e3o), a partir de"},"aioseo_meta_data":{"post_id":"39170","title":null,"description":null,"keywords":null,"keyphrases":null,"primary_term":null,"canonical_url":null,"og_title":null,"og_description":null,"og_object_type":"default","og_image_type":"default","og_image_url":null,"og_image_width":null,"og_image_height":null,"og_image_custom_url":null,"og_image_custom_fields":null,"og_video":null,"og_custom_url":null,"og_article_section":null,"og_article_tags":null,"twitter_use_og":false,"twitter_card":"default","twitter_image_type":"default","twitter_image_url":null,"twitter_image_custom_url":null,"twitter_image_custom_fields":null,"twitter_title":null,"twitter_description":null,"schema":{"blockGraphs":[],"customGraphs":[],"default":{"data":{"Article":[],"Course":[],"Dataset":[],"FAQPage":[],"Movie":[],"Person":[],"Product":[],"ProductReview":[],"Car":[],"Recipe":[],"Service":[],"SoftwareApplication":[],"WebPage":[]},"graphName":"Article","isEnabled":true},"graphs":[]},"schema_type":null,"schema_type_options":null,"pillar_content":false,"robots_default":true,"robots_noindex":false,"robots_noarchive":false,"robots_nosnippet":false,"robots_nofollow":false,"robots_noimageindex":false,"robots_noodp":false,"robots_notranslate":false,"robots_max_snippet":null,"robots_max_videopreview":null,"robots_max_imagepreview":"large","priority":null,"frequency":null,"local_seo":null,"limit_modified_date":false,"created":"2021-04-20 18:33:56","updated":"2026-08-07 00:24:02","focus_keyword":null,"additional_keywords":null,"truseo_locale":null,"ai":null,"breadcrumb_settings":null,"seo_analyzer_scan_date":null},"aioseo_breadcrumb":"<div class=\"aioseo-breadcrumbs\"><span class=\"aioseo-breadcrumb\">\n\t\t\t<a href=\"https:\/\/www.encontrasantana.com.br\/sobre\" title=\"In\u00edcio\">In\u00edcio<\/a>\n\t\t<\/span><span class=\"aioseo-breadcrumb-separator\">&raquo;<\/span><span class=\"aioseo-breadcrumb\">\n\t\t\t<a href=\"https:\/\/www.encontrasantana.com.br\/sobre\/cultura-em-santana\/\" title=\"Cultura Santana\">Cultura Santana<\/a>\n\t\t<\/span><span class=\"aioseo-breadcrumb-separator\">&raquo;<\/span><span class=\"aioseo-breadcrumb\">\n\t\t\tTeatro APCD recebe a pe\u00e7a A Bela e a Fera na inaugura\u00e7\u00e3o da programa\u00e7\u00e3o infantil 2013\n\t\t<\/span><\/div>","aioseo_breadcrumb_json":[{"label":"In\u00edcio","link":"https:\/\/www.encontrasantana.com.br\/sobre"},{"label":"Cultura Santana","link":"https:\/\/www.encontrasantana.com.br\/sobre\/cultura-em-santana\/"},{"label":"Teatro APCD recebe a pe\u00e7a A Bela e a Fera na inaugura\u00e7\u00e3o da programa\u00e7\u00e3o infantil 2013","link":"https:\/\/www.encontrasantana.com.br\/sobre\/teatro-apcd-recebe-a-peca-a-bela-e-a-fera-na-inauguracao-da-programacao-infantil-2013\/"}],"_links":{"self":[{"href":"https:\/\/www.encontrasantana.com.br\/sobre\/wp-json\/wp\/v2\/posts\/39170","targetHints":{"allow":["GET"]}}],"collection":[{"href":"https:\/\/www.encontrasantana.com.br\/sobre\/wp-json\/wp\/v2\/posts"}],"about":[{"href":"https:\/\/www.encontrasantana.com.br\/sobre\/wp-json\/wp\/v2\/types\/post"}],"author":[{"embeddable":true,"href":"https:\/\/www.encontrasantana.com.br\/sobre\/wp-json\/wp\/v2\/users\/1"}],"replies":[{"embeddable":true,"href":"https:\/\/www.encontrasantana.com.br\/sobre\/wp-json\/wp\/v2\/comments?post=39170"}],"version-history":[{"count":0,"href":"https:\/\/www.encontrasantana.com.br\/sobre\/wp-json\/wp\/v2\/posts\/39170\/revisions"}],"wp:attachment":[{"href":"https:\/\/www.encontrasantana.com.br\/sobre\/wp-json\/wp\/v2\/media?parent=39170"}],"wp:term":[{"taxonomy":"category","embeddable":true,"href":"https:\/\/www.encontrasantana.com.br\/sobre\/wp-json\/wp\/v2\/categories?post=39170"},{"taxonomy":"post_tag","embeddable":true,"href":"https:\/\/www.encontrasantana.com.br\/sobre\/wp-json\/wp\/v2\/tags?post=39170"}],"curies":[{"name":"wp","href":"https:\/\/api.w.org\/{rel}","templated":true}]}}