{"id":39189,"date":"2013-03-20T19:18:45","date_gmt":"2013-03-20T22:18:45","guid":{"rendered":"http:\/\/www.encontrasantana.com.br\/blog\/?p=39189"},"modified":"2019-04-15T09:57:52","modified_gmt":"2019-04-15T12:57:52","slug":"cirque-du-soleil-e-cat-santana-abrem-vagas-temporarias-de-trabalho","status":"publish","type":"post","link":"https:\/\/www.encontrasantana.com.br\/sobre\/cirque-du-soleil-e-cat-santana-abrem-vagas-temporarias-de-trabalho\/","title":{"rendered":"Cirque du Soleil e CAT Santana abrem vagas tempor\u00e1rias de trabalho"},"content":{"rendered":"<div class=\"1acf8468e559fd3cbeec5aee3a269a52\" data-index=\"1\" style=\"float: none; margin:0px;\">\n<!-- Anuncio display - global -->\r\n<ins class=\"adsbygoogle\"\r\n     style=\"display:block\"\r\n     data-ad-client=\"ca-pub-8585364105181520\"\r\n     data-ad-slot=\"8789329856\"\r\n     data-ad-format=\"auto\"\r\n     data-full-width-responsive=\"true\"><\/ins>\r\n<script>\r\n     (adsbygoogle = window.adsbygoogle || []).push({});\r\n<\/script>\n<\/div>\n<p>O Cirque du Soleil busca 145 pessoas para trabalharem na\u00a0cidade de S\u00e3o Paulo, em fun\u00e7\u00e3o do espet\u00e1culo Corteo, que estreia no dia 30 de mar\u00e7o.<\/p>\n<p>As vagas s\u00e3o para as fun\u00e7\u00f5es de ajudante de cozinha, atendente de lanchonete, atendente de mesa, camareira de teatro, costureira geral, cozinheiro geral, estoquista, gar\u00e7om, operador de caixa, vendedor interno, recepcionista, e outras.<\/p>\n<p>Os sal\u00e1rios variam de R$ 898 a R$ 1.400. Alguns cargos exigem conhecimento da l\u00edngua inglesa e experi\u00eancia anterior. O trabalho durar\u00e1 pouco mais de tr\u00eas meses.<\/p>\n<p>As inscri\u00e7\u00f5es podem ser feitas em todas as unidades fixas e m\u00f3veis do Centro de Apoio ao Trabalhador espalhadas pela cidade. \u00c9 necess\u00e1rio levar RG, CPF, Carteira Profissional e n\u00famero do PIS. Os endere\u00e7os e outras informa\u00e7\u00f5es est\u00e3o dispon\u00edveis no site da\u00a0Prefeitura de S\u00e3o Paulo\u00a0e na Central de Atendimento ao Mun\u00edcipe pelo telefone 156.<\/p>\n<p>O\u00a0servi\u00e7o no bairro de Santana\u00a0est\u00e1 dispon\u00edvel atrav\u00e9s do Centro de Apoio ao Trabalho.<\/p>\n<p><strong>Confira o endere\u00e7o abaixo:<\/strong><\/p>\n<p><a title=\"CAT Santana\" href=\"http:\/\/www.encontrasantana.com.br\/santana\/cat-em-santana.shtml\" target=\"_blank\"><strong>CAT Santana<\/strong><\/a><br \/>\nRua Volunt\u00e1rios da P\u00e1tria, 1.553<br \/>\nSegunda a sexta-feira, das 7h \u00e0s 18h<\/p>\n<p><em>Fonte: Prefeitura de S\u00e3o Paulo<\/em><\/p>\n\n<div style=\"font-size: 0px; height: 0px; line-height: 0px; margin: 0; padding: 0; clear: both;\"><\/div>","protected":false},"excerpt":{"rendered":"<p>O Cirque du Soleil busca 145 pessoas para trabalharem na\u00a0cidade de S\u00e3o Paulo, em fun\u00e7\u00e3o do espet\u00e1culo Corteo, que estreia no dia 30 de mar\u00e7o. As vagas s\u00e3o para as fun\u00e7\u00f5es de ajudante de cozinha, atendente de lanchonete, atendente de mesa, camareira de teatro, costureira geral, cozinheiro geral, estoquista, gar\u00e7om, operador de caixa, vendedor interno, recepcionista, e outras. Os sal\u00e1rios variam de R$ 898 a R$ 1.400. Alguns cargos exigem conhecimento da l\u00edngua inglesa e experi\u00eancia anterior. O trabalho durar\u00e1 pouco mais de tr\u00eas meses. As inscri\u00e7\u00f5es podem ser feitas em todas as unidades fixas e m\u00f3veis do Centro de <\/p>\n","protected":false},"author":1,"featured_media":0,"comment_status":"open","ping_status":"closed","sticky":false,"template":"","format":"standard","meta":{"footnotes":""},"categories":[7],"tags":[],"class_list":["post-39189","post","type-post","status-publish","format-standard","hentry","category-empregos-em-santana"],"aioseo_notices":[],"aioseo_head":"\n\t\t<!-- All in One SEO 5.0.0.1 - aioseo.com -->\n\t<meta name=\"description\" content=\"O Cirque du Soleil busca 145 pessoas para trabalharem na cidade de S\u00e3o Paulo, em fun\u00e7\u00e3o do espet\u00e1culo Corteo, que estreia no dia 30 de mar\u00e7o. As vagas s\u00e3o para as fun\u00e7\u00f5es de ajudante de cozinha, atendente de lanchonete, atendente de mesa, camareira de teatro, costureira geral, cozinheiro geral, estoquista, gar\u00e7om, operador de caixa, vendedor interno,\" \/>\n\t<meta name=\"robots\" content=\"max-image-preview:large\" \/>\n\t<meta name=\"author\" content=\"Encontra Santana\"\/>\n\t<link rel=\"canonical\" href=\"https:\/\/www.encontrasantana.com.br\/sobre\/cirque-du-soleil-e-cat-santana-abrem-vagas-temporarias-de-trabalho\/\" \/>\n\t<meta name=\"generator\" content=\"All in One SEO (AIOSEO) 5.0.0.1\" \/>\n\t\t<meta property=\"og:locale\" content=\"pt_BR\" \/>\n\t\t<meta property=\"og:site_name\" content=\"Encontra Santana | Not\u00edcias, eventos, informa\u00e7\u00f5es e dicas no bairro de Santana e regi\u00e3o.\" \/>\n\t\t<meta property=\"og:type\" content=\"article\" \/>\n\t\t<meta property=\"og:title\" content=\"Cirque du Soleil e CAT Santana abrem vagas tempor\u00e1rias de trabalho \u00bb Encontra Santana\" \/>\n\t\t<meta property=\"og:description\" content=\"O Cirque du Soleil busca 145 pessoas para trabalharem na cidade de S\u00e3o Paulo, em fun\u00e7\u00e3o do espet\u00e1culo Corteo, que estreia no dia 30 de mar\u00e7o. As vagas s\u00e3o para as fun\u00e7\u00f5es de ajudante de cozinha, atendente de lanchonete, atendente de mesa, camareira de teatro, costureira geral, cozinheiro geral, estoquista, gar\u00e7om, operador de caixa, vendedor interno,\" \/>\n\t\t<meta property=\"og:url\" content=\"https:\/\/www.encontrasantana.com.br\/sobre\/cirque-du-soleil-e-cat-santana-abrem-vagas-temporarias-de-trabalho\/\" \/>\n\t\t<meta property=\"article:published_time\" content=\"2013-03-20T22:18:45+00:00\" \/>\n\t\t<meta property=\"article:modified_time\" content=\"2019-04-15T12:57:52+00:00\" \/>\n\t\t<meta name=\"twitter:card\" content=\"summary\" \/>\n\t\t<meta name=\"twitter:title\" content=\"Cirque du Soleil e CAT Santana abrem vagas tempor\u00e1rias de trabalho \u00bb Encontra Santana\" \/>\n\t\t<meta name=\"twitter:description\" content=\"O Cirque du Soleil busca 145 pessoas para trabalharem na cidade de S\u00e3o Paulo, em fun\u00e7\u00e3o do espet\u00e1culo Corteo, que estreia no dia 30 de mar\u00e7o. As vagas s\u00e3o para as fun\u00e7\u00f5es de ajudante de cozinha, atendente de lanchonete, atendente de mesa, camareira de teatro, costureira geral, cozinheiro geral, estoquista, gar\u00e7om, operador de caixa, vendedor interno,\" \/>\n\t\t<script type=\"application\/ld+json\" class=\"aioseo-schema\">\n\t\t\t{\"@context\":\"https:\\\/\\\/schema.org\",\"@graph\":[{\"@type\":\"Article\",\"@id\":\"https:\\\/\\\/www.encontrasantana.com.br\\\/sobre\\\/cirque-du-soleil-e-cat-santana-abrem-vagas-temporarias-de-trabalho\\\/#article\",\"name\":\"Cirque du Soleil e CAT Santana abrem vagas tempor\\u00e1rias de trabalho \\u00bb Encontra Santana\",\"headline\":\"Cirque du Soleil e CAT Santana abrem vagas tempor\\u00e1rias de trabalho\",\"author\":{\"@id\":\"https:\\\/\\\/www.encontrasantana.com.br\\\/sobre\\\/author\\\/esantana\\\/#author\"},\"publisher\":{\"@id\":\"https:\\\/\\\/www.encontrasantana.com.br\\\/sobre\\\/#organization\"},\"datePublished\":\"2013-03-20T19:18:45-03:00\",\"dateModified\":\"2019-04-15T09:57:52-03:00\",\"inLanguage\":\"pt-BR\",\"mainEntityOfPage\":{\"@id\":\"https:\\\/\\\/www.encontrasantana.com.br\\\/sobre\\\/cirque-du-soleil-e-cat-santana-abrem-vagas-temporarias-de-trabalho\\\/#webpage\"},\"isPartOf\":{\"@id\":\"https:\\\/\\\/www.encontrasantana.com.br\\\/sobre\\\/cirque-du-soleil-e-cat-santana-abrem-vagas-temporarias-de-trabalho\\\/#webpage\"},\"articleSection\":\"Empregos Santana\"},{\"@type\":\"BreadcrumbList\",\"@id\":\"https:\\\/\\\/www.encontrasantana.com.br\\\/sobre\\\/cirque-du-soleil-e-cat-santana-abrem-vagas-temporarias-de-trabalho\\\/#breadcrumblist\",\"itemListElement\":[{\"@type\":\"ListItem\",\"@id\":\"https:\\\/\\\/www.encontrasantana.com.br\\\/sobre#listItem\",\"position\":1,\"name\":\"In\\u00edcio\",\"item\":\"https:\\\/\\\/www.encontrasantana.com.br\\\/sobre\",\"nextItem\":{\"@type\":\"ListItem\",\"@id\":\"https:\\\/\\\/www.encontrasantana.com.br\\\/sobre\\\/empregos-em-santana\\\/#listItem\",\"name\":\"Empregos Santana\"}},{\"@type\":\"ListItem\",\"@id\":\"https:\\\/\\\/www.encontrasantana.com.br\\\/sobre\\\/empregos-em-santana\\\/#listItem\",\"position\":2,\"name\":\"Empregos Santana\",\"item\":\"https:\\\/\\\/www.encontrasantana.com.br\\\/sobre\\\/empregos-em-santana\\\/\",\"nextItem\":{\"@type\":\"ListItem\",\"@id\":\"https:\\\/\\\/www.encontrasantana.com.br\\\/sobre\\\/cirque-du-soleil-e-cat-santana-abrem-vagas-temporarias-de-trabalho\\\/#listItem\",\"name\":\"Cirque du Soleil e CAT Santana abrem vagas tempor\\u00e1rias de trabalho\"},\"previousItem\":{\"@type\":\"ListItem\",\"@id\":\"https:\\\/\\\/www.encontrasantana.com.br\\\/sobre#listItem\",\"name\":\"In\\u00edcio\"}},{\"@type\":\"ListItem\",\"@id\":\"https:\\\/\\\/www.encontrasantana.com.br\\\/sobre\\\/cirque-du-soleil-e-cat-santana-abrem-vagas-temporarias-de-trabalho\\\/#listItem\",\"position\":3,\"name\":\"Cirque du Soleil e CAT Santana abrem vagas tempor\\u00e1rias de trabalho\",\"previousItem\":{\"@type\":\"ListItem\",\"@id\":\"https:\\\/\\\/www.encontrasantana.com.br\\\/sobre\\\/empregos-em-santana\\\/#listItem\",\"name\":\"Empregos Santana\"}}]},{\"@type\":\"Organization\",\"@id\":\"https:\\\/\\\/www.encontrasantana.com.br\\\/sobre\\\/#organization\",\"name\":\"Encontra Santana\",\"description\":\"Not\\u00edcias, eventos, informa\\u00e7\\u00f5es e dicas no bairro de Santana e regi\\u00e3o.\",\"url\":\"https:\\\/\\\/www.encontrasantana.com.br\\\/sobre\\\/\"},{\"@type\":\"Person\",\"@id\":\"https:\\\/\\\/www.encontrasantana.com.br\\\/sobre\\\/author\\\/esantana\\\/#author\",\"url\":\"https:\\\/\\\/www.encontrasantana.com.br\\\/sobre\\\/author\\\/esantana\\\/\",\"name\":\"Encontra Santana\",\"image\":{\"@type\":\"ImageObject\",\"@id\":\"https:\\\/\\\/www.encontrasantana.com.br\\\/sobre\\\/cirque-du-soleil-e-cat-santana-abrem-vagas-temporarias-de-trabalho\\\/#authorImage\",\"url\":\"https:\\\/\\\/secure.gravatar.com\\\/avatar\\\/0fbed662e37531ae23e68f85f9517b2454e50c1dfebf80eb9b721449ac95e0b9?s=96&d=mm&r=g\",\"width\":96,\"height\":96,\"caption\":\"Encontra Santana\"}},{\"@type\":\"WebPage\",\"@id\":\"https:\\\/\\\/www.encontrasantana.com.br\\\/sobre\\\/cirque-du-soleil-e-cat-santana-abrem-vagas-temporarias-de-trabalho\\\/#webpage\",\"url\":\"https:\\\/\\\/www.encontrasantana.com.br\\\/sobre\\\/cirque-du-soleil-e-cat-santana-abrem-vagas-temporarias-de-trabalho\\\/\",\"name\":\"Cirque du Soleil e CAT Santana abrem vagas tempor\\u00e1rias de trabalho \\u00bb Encontra Santana\",\"description\":\"O Cirque du Soleil busca 145 pessoas para trabalharem na cidade de S\\u00e3o Paulo, em fun\\u00e7\\u00e3o do espet\\u00e1culo Corteo, que estreia no dia 30 de mar\\u00e7o. As vagas s\\u00e3o para as fun\\u00e7\\u00f5es de ajudante de cozinha, atendente de lanchonete, atendente de mesa, camareira de teatro, costureira geral, cozinheiro geral, estoquista, gar\\u00e7om, operador de caixa, vendedor interno,\",\"inLanguage\":\"pt-BR\",\"isPartOf\":{\"@id\":\"https:\\\/\\\/www.encontrasantana.com.br\\\/sobre\\\/#website\"},\"breadcrumb\":{\"@id\":\"https:\\\/\\\/www.encontrasantana.com.br\\\/sobre\\\/cirque-du-soleil-e-cat-santana-abrem-vagas-temporarias-de-trabalho\\\/#breadcrumblist\"},\"author\":{\"@id\":\"https:\\\/\\\/www.encontrasantana.com.br\\\/sobre\\\/author\\\/esantana\\\/#author\"},\"creator\":{\"@id\":\"https:\\\/\\\/www.encontrasantana.com.br\\\/sobre\\\/author\\\/esantana\\\/#author\"},\"datePublished\":\"2013-03-20T19:18:45-03:00\",\"dateModified\":\"2019-04-15T09:57:52-03:00\"},{\"@type\":\"WebSite\",\"@id\":\"https:\\\/\\\/www.encontrasantana.com.br\\\/sobre\\\/#website\",\"url\":\"https:\\\/\\\/www.encontrasantana.com.br\\\/sobre\\\/\",\"name\":\"Encontra Santana\",\"description\":\"Not\\u00edcias, eventos, informa\\u00e7\\u00f5es e dicas no bairro de Santana e regi\\u00e3o.\",\"inLanguage\":\"pt-BR\",\"publisher\":{\"@id\":\"https:\\\/\\\/www.encontrasantana.com.br\\\/sobre\\\/#organization\"}}]}\n\t\t<\/script>\n\t\t<!-- All in One SEO -->\n\n","aioseo_head_json":{"title":"Cirque du Soleil e CAT Santana abrem vagas tempor\u00e1rias de trabalho \u00bb Encontra Santana","description":"O Cirque du Soleil busca 145 pessoas para trabalharem na cidade de S\u00e3o Paulo, em fun\u00e7\u00e3o do espet\u00e1culo Corteo, que estreia no dia 30 de mar\u00e7o. As vagas s\u00e3o para as fun\u00e7\u00f5es de ajudante de cozinha, atendente de lanchonete, atendente de mesa, camareira de teatro, costureira geral, cozinheiro geral, estoquista, gar\u00e7om, operador de caixa, vendedor interno,","canonical_url":"https:\/\/www.encontrasantana.com.br\/sobre\/cirque-du-soleil-e-cat-santana-abrem-vagas-temporarias-de-trabalho\/","robots":"max-image-preview:large","keywords":"","webmasterTools":{"miscellaneous":""},"schema":{"@context":"https:\/\/schema.org","@graph":[{"@type":"Article","@id":"https:\/\/www.encontrasantana.com.br\/sobre\/cirque-du-soleil-e-cat-santana-abrem-vagas-temporarias-de-trabalho\/#article","name":"Cirque du Soleil e CAT Santana abrem vagas tempor\u00e1rias de trabalho \u00bb Encontra Santana","headline":"Cirque du Soleil e CAT Santana abrem vagas tempor\u00e1rias de trabalho","author":{"@id":"https:\/\/www.encontrasantana.com.br\/sobre\/author\/esantana\/#author"},"publisher":{"@id":"https:\/\/www.encontrasantana.com.br\/sobre\/#organization"},"datePublished":"2013-03-20T19:18:45-03:00","dateModified":"2019-04-15T09:57:52-03:00","inLanguage":"pt-BR","mainEntityOfPage":{"@id":"https:\/\/www.encontrasantana.com.br\/sobre\/cirque-du-soleil-e-cat-santana-abrem-vagas-temporarias-de-trabalho\/#webpage"},"isPartOf":{"@id":"https:\/\/www.encontrasantana.com.br\/sobre\/cirque-du-soleil-e-cat-santana-abrem-vagas-temporarias-de-trabalho\/#webpage"},"articleSection":"Empregos Santana"},{"@type":"BreadcrumbList","@id":"https:\/\/www.encontrasantana.com.br\/sobre\/cirque-du-soleil-e-cat-santana-abrem-vagas-temporarias-de-trabalho\/#breadcrumblist","itemListElement":[{"@type":"ListItem","@id":"https:\/\/www.encontrasantana.com.br\/sobre#listItem","position":1,"name":"In\u00edcio","item":"https:\/\/www.encontrasantana.com.br\/sobre","nextItem":{"@type":"ListItem","@id":"https:\/\/www.encontrasantana.com.br\/sobre\/empregos-em-santana\/#listItem","name":"Empregos Santana"}},{"@type":"ListItem","@id":"https:\/\/www.encontrasantana.com.br\/sobre\/empregos-em-santana\/#listItem","position":2,"name":"Empregos Santana","item":"https:\/\/www.encontrasantana.com.br\/sobre\/empregos-em-santana\/","nextItem":{"@type":"ListItem","@id":"https:\/\/www.encontrasantana.com.br\/sobre\/cirque-du-soleil-e-cat-santana-abrem-vagas-temporarias-de-trabalho\/#listItem","name":"Cirque du Soleil e CAT Santana abrem vagas tempor\u00e1rias de trabalho"},"previousItem":{"@type":"ListItem","@id":"https:\/\/www.encontrasantana.com.br\/sobre#listItem","name":"In\u00edcio"}},{"@type":"ListItem","@id":"https:\/\/www.encontrasantana.com.br\/sobre\/cirque-du-soleil-e-cat-santana-abrem-vagas-temporarias-de-trabalho\/#listItem","position":3,"name":"Cirque du Soleil e CAT Santana abrem vagas tempor\u00e1rias de trabalho","previousItem":{"@type":"ListItem","@id":"https:\/\/www.encontrasantana.com.br\/sobre\/empregos-em-santana\/#listItem","name":"Empregos Santana"}}]},{"@type":"Organization","@id":"https:\/\/www.encontrasantana.com.br\/sobre\/#organization","name":"Encontra Santana","description":"Not\u00edcias, eventos, informa\u00e7\u00f5es e dicas no bairro de Santana e regi\u00e3o.","url":"https:\/\/www.encontrasantana.com.br\/sobre\/"},{"@type":"Person","@id":"https:\/\/www.encontrasantana.com.br\/sobre\/author\/esantana\/#author","url":"https:\/\/www.encontrasantana.com.br\/sobre\/author\/esantana\/","name":"Encontra Santana","image":{"@type":"ImageObject","@id":"https:\/\/www.encontrasantana.com.br\/sobre\/cirque-du-soleil-e-cat-santana-abrem-vagas-temporarias-de-trabalho\/#authorImage","url":"https:\/\/secure.gravatar.com\/avatar\/0fbed662e37531ae23e68f85f9517b2454e50c1dfebf80eb9b721449ac95e0b9?s=96&d=mm&r=g","width":96,"height":96,"caption":"Encontra Santana"}},{"@type":"WebPage","@id":"https:\/\/www.encontrasantana.com.br\/sobre\/cirque-du-soleil-e-cat-santana-abrem-vagas-temporarias-de-trabalho\/#webpage","url":"https:\/\/www.encontrasantana.com.br\/sobre\/cirque-du-soleil-e-cat-santana-abrem-vagas-temporarias-de-trabalho\/","name":"Cirque du Soleil e CAT Santana abrem vagas tempor\u00e1rias de trabalho \u00bb Encontra Santana","description":"O Cirque du Soleil busca 145 pessoas para trabalharem na cidade de S\u00e3o Paulo, em fun\u00e7\u00e3o do espet\u00e1culo Corteo, que estreia no dia 30 de mar\u00e7o. As vagas s\u00e3o para as fun\u00e7\u00f5es de ajudante de cozinha, atendente de lanchonete, atendente de mesa, camareira de teatro, costureira geral, cozinheiro geral, estoquista, gar\u00e7om, operador de caixa, vendedor interno,","inLanguage":"pt-BR","isPartOf":{"@id":"https:\/\/www.encontrasantana.com.br\/sobre\/#website"},"breadcrumb":{"@id":"https:\/\/www.encontrasantana.com.br\/sobre\/cirque-du-soleil-e-cat-santana-abrem-vagas-temporarias-de-trabalho\/#breadcrumblist"},"author":{"@id":"https:\/\/www.encontrasantana.com.br\/sobre\/author\/esantana\/#author"},"creator":{"@id":"https:\/\/www.encontrasantana.com.br\/sobre\/author\/esantana\/#author"},"datePublished":"2013-03-20T19:18:45-03:00","dateModified":"2019-04-15T09:57:52-03:00"},{"@type":"WebSite","@id":"https:\/\/www.encontrasantana.com.br\/sobre\/#website","url":"https:\/\/www.encontrasantana.com.br\/sobre\/","name":"Encontra Santana","description":"Not\u00edcias, eventos, informa\u00e7\u00f5es e dicas no bairro de Santana e regi\u00e3o.","inLanguage":"pt-BR","publisher":{"@id":"https:\/\/www.encontrasantana.com.br\/sobre\/#organization"}}]},"og:locale":"pt_BR","og:site_name":"Encontra Santana | Not\u00edcias, eventos, informa\u00e7\u00f5es e dicas no bairro de Santana e regi\u00e3o.","og:type":"article","og:title":"Cirque du Soleil e CAT Santana abrem vagas tempor\u00e1rias de trabalho \u00bb Encontra Santana","og:description":"O Cirque du Soleil busca 145 pessoas para trabalharem na cidade de S\u00e3o Paulo, em fun\u00e7\u00e3o do espet\u00e1culo Corteo, que estreia no dia 30 de mar\u00e7o. As vagas s\u00e3o para as fun\u00e7\u00f5es de ajudante de cozinha, atendente de lanchonete, atendente de mesa, camareira de teatro, costureira geral, cozinheiro geral, estoquista, gar\u00e7om, operador de caixa, vendedor interno,","og:url":"https:\/\/www.encontrasantana.com.br\/sobre\/cirque-du-soleil-e-cat-santana-abrem-vagas-temporarias-de-trabalho\/","article:published_time":"2013-03-20T22:18:45+00:00","article:modified_time":"2019-04-15T12:57:52+00:00","twitter:card":"summary","twitter:title":"Cirque du Soleil e CAT Santana abrem vagas tempor\u00e1rias de trabalho \u00bb Encontra Santana","twitter:description":"O Cirque du Soleil busca 145 pessoas para trabalharem na cidade de S\u00e3o Paulo, em fun\u00e7\u00e3o do espet\u00e1culo Corteo, que estreia no dia 30 de mar\u00e7o. As vagas s\u00e3o para as fun\u00e7\u00f5es de ajudante de cozinha, atendente de lanchonete, atendente de mesa, camareira de teatro, costureira geral, cozinheiro geral, estoquista, gar\u00e7om, operador de caixa, vendedor interno,"},"aioseo_meta_data":{"post_id":"39189","title":null,"description":null,"keywords":null,"keyphrases":null,"primary_term":null,"canonical_url":null,"og_title":null,"og_description":null,"og_object_type":"default","og_image_type":"default","og_image_url":null,"og_image_width":null,"og_image_height":null,"og_image_custom_url":null,"og_image_custom_fields":null,"og_video":null,"og_custom_url":null,"og_article_section":null,"og_article_tags":null,"twitter_use_og":false,"twitter_card":"default","twitter_image_type":"default","twitter_image_url":null,"twitter_image_custom_url":null,"twitter_image_custom_fields":null,"twitter_title":null,"twitter_description":null,"schema":{"blockGraphs":[],"customGraphs":[],"default":{"data":{"Article":[],"Course":[],"Dataset":[],"FAQPage":[],"Movie":[],"Person":[],"Product":[],"ProductReview":[],"Car":[],"Recipe":[],"Service":[],"SoftwareApplication":[],"WebPage":[]},"graphName":"Article","isEnabled":true},"graphs":[]},"schema_type":null,"schema_type_options":null,"pillar_content":false,"robots_default":true,"robots_noindex":false,"robots_noarchive":false,"robots_nosnippet":false,"robots_nofollow":false,"robots_noimageindex":false,"robots_noodp":false,"robots_notranslate":false,"robots_max_snippet":null,"robots_max_videopreview":null,"robots_max_imagepreview":"large","priority":null,"frequency":null,"local_seo":null,"limit_modified_date":false,"created":"2021-04-20 18:33:56","updated":"2026-08-07 00:24:02","focus_keyword":null,"additional_keywords":null,"truseo_locale":null,"ai":null,"breadcrumb_settings":null,"seo_analyzer_scan_date":null},"aioseo_breadcrumb":"<div class=\"aioseo-breadcrumbs\"><span class=\"aioseo-breadcrumb\">\n\t\t\t<a href=\"https:\/\/www.encontrasantana.com.br\/sobre\" title=\"In\u00edcio\">In\u00edcio<\/a>\n\t\t<\/span><span class=\"aioseo-breadcrumb-separator\">&raquo;<\/span><span class=\"aioseo-breadcrumb\">\n\t\t\t<a href=\"https:\/\/www.encontrasantana.com.br\/sobre\/empregos-em-santana\/\" title=\"Empregos Santana\">Empregos Santana<\/a>\n\t\t<\/span><span class=\"aioseo-breadcrumb-separator\">&raquo;<\/span><span class=\"aioseo-breadcrumb\">\n\t\t\tCirque du Soleil e CAT Santana abrem vagas tempor\u00e1rias de trabalho\n\t\t<\/span><\/div>","aioseo_breadcrumb_json":[{"label":"In\u00edcio","link":"https:\/\/www.encontrasantana.com.br\/sobre"},{"label":"Empregos Santana","link":"https:\/\/www.encontrasantana.com.br\/sobre\/empregos-em-santana\/"},{"label":"Cirque du Soleil e CAT Santana abrem vagas tempor\u00e1rias de trabalho","link":"https:\/\/www.encontrasantana.com.br\/sobre\/cirque-du-soleil-e-cat-santana-abrem-vagas-temporarias-de-trabalho\/"}],"_links":{"self":[{"href":"https:\/\/www.encontrasantana.com.br\/sobre\/wp-json\/wp\/v2\/posts\/39189","targetHints":{"allow":["GET"]}}],"collection":[{"href":"https:\/\/www.encontrasantana.com.br\/sobre\/wp-json\/wp\/v2\/posts"}],"about":[{"href":"https:\/\/www.encontrasantana.com.br\/sobre\/wp-json\/wp\/v2\/types\/post"}],"author":[{"embeddable":true,"href":"https:\/\/www.encontrasantana.com.br\/sobre\/wp-json\/wp\/v2\/users\/1"}],"replies":[{"embeddable":true,"href":"https:\/\/www.encontrasantana.com.br\/sobre\/wp-json\/wp\/v2\/comments?post=39189"}],"version-history":[{"count":0,"href":"https:\/\/www.encontrasantana.com.br\/sobre\/wp-json\/wp\/v2\/posts\/39189\/revisions"}],"wp:attachment":[{"href":"https:\/\/www.encontrasantana.com.br\/sobre\/wp-json\/wp\/v2\/media?parent=39189"}],"wp:term":[{"taxonomy":"category","embeddable":true,"href":"https:\/\/www.encontrasantana.com.br\/sobre\/wp-json\/wp\/v2\/categories?post=39189"},{"taxonomy":"post_tag","embeddable":true,"href":"https:\/\/www.encontrasantana.com.br\/sobre\/wp-json\/wp\/v2\/tags?post=39189"}],"curies":[{"name":"wp","href":"https:\/\/api.w.org\/{rel}","templated":true}]}}