{"id":39210,"date":"2013-04-03T10:11:12","date_gmt":"2013-04-03T13:11:12","guid":{"rendered":"http:\/\/www.encontrasantana.com.br\/blog\/?p=39210"},"modified":"2019-04-15T09:57:49","modified_gmt":"2019-04-15T12:57:49","slug":"realizada-no-sambodromo-do-anhembi-prova-indy-run-8k-abre-inscricoes","status":"publish","type":"post","link":"https:\/\/www.encontrasantana.com.br\/sobre\/realizada-no-sambodromo-do-anhembi-prova-indy-run-8k-abre-inscricoes\/","title":{"rendered":"Realizada no Samb\u00f3dromo do Anhembi, prova Indy Run 8K abre inscri\u00e7\u00f5es"},"content":{"rendered":"<div class=\"1acf8468e559fd3cbeec5aee3a269a52\" data-index=\"1\" style=\"float: none; margin:0px;\">\n<!-- Anuncio display - global -->\r\n<ins class=\"adsbygoogle\"\r\n     style=\"display:block\"\r\n     data-ad-client=\"ca-pub-8585364105181520\"\r\n     data-ad-slot=\"8789329856\"\r\n     data-ad-format=\"auto\"\r\n     data-full-width-responsive=\"true\"><\/ins>\r\n<script>\r\n     (adsbygoogle = window.adsbygoogle || []).push({});\r\n<\/script>\n<\/div>\n<p>Fazendo parte da programa\u00e7\u00e3o oficial da\u00a0S\u00e3o Paulo Indy 300, a prova\u00a0Indy Run 8K\u00a0abriu as inscri\u00e7\u00f5es para os corredores. A corrida acontecer\u00e1 no s\u00e1bado, dia\u00a04 de maio, ap\u00f3s as atividades de pista dos carros da F\u00f3rmula Indy.<\/p>\n<p>A exemplo dos anos anteriores, o percurso ser\u00e3o os mesmos\u00a0oito quil\u00f4metros, que equivale a duas voltas completas no\u00a0circuito de rua do <a href=\"http:\/\/www.encontrasantana.com.br\/santana\/anhembi-em-santana.shtml\" target=\"_blank\">Anhembi<\/a>, montado exclusivamente para receber a etapa brasileira da IndyCar Series. O trajeto, por ser totalmente plano, \u00e9 muito elogiado pelos participantes.<\/p>\n<p>Para os corredores se sentirem totalmente no clima da prova, a largada ser\u00e1 dada as 19h30 com os competidores em movimento e a chegada ser\u00e1 dada com a\u00a0bandeira quadriculada, a exemplo da F\u00f3rmula Indy.<\/p>\n<p>As\u00a0inscri\u00e7\u00f5es\u00a0ser\u00e3o feitas atrav\u00e9s do site:\u00a0indyrun.com.br. Os inscritos receber\u00e3o um kit contendo uma camiseta, uma sacola e um n\u00famero de peito, al\u00e9m de receber um\u00a0ingresso\u00a0para assistir aos treinos ou \u00e0 corrida da S\u00e3o Paulo Indy 300. A entrega dos ingressos s\u00e3o de acordo com o pacote escolhido. Confira as op\u00e7\u00f5es:<\/p>\n<p><b>Pacote A:\u00a0<\/b>Kit para a Indy Run e<b>\u00a0<\/b>1 ingresso para os treinos da S\u00e3o Paulo Indy 300.<br \/>\n<b>Pre\u00e7o:\u00a0<\/b>at\u00e9 31\/03: R$ 105 ou at\u00e9 28\/04: R$: 115.<\/p>\n<p><b>Pacote B:\u00a0<\/b>Kit para a Indy Run e<b>\u00a0<\/b>1 ingresso para os treinos e 1 ingresso para a corrida da S\u00e3o Paulo Indy 300.<br \/>\n<b>Pre\u00e7o:\u00a0<\/b>at\u00e9 31\/03: R$ 155 ou at\u00e9 28\/04: R$: 165.<\/p>\n<p><b>Pacote C:\u00a0<\/b>Kit para a Indy Run e<b>\u00a0<\/b>2 ingressos para os treinos e 2 ingressos para a corrida da S\u00e3o Paulo Indy 300.<br \/>\n<b>Pre\u00e7o:\u00a0<\/b>at\u00e9 31\/03: R$ 205 ou at\u00e9 28\/04: R$: 215.<\/p>\n<p>Idosos com mais de 60 anos t\u00eam direito a\u00a0desconto\u00a0em todos os pacotes.<\/p>\n<p><b>Servi\u00e7o no bairro de Santana:<\/b><\/p>\n<p><b>Indy Run 8K<br \/>\n<\/b>Data: 4 de maio de 2013.<br \/>\nLocal: <a href=\"http:\/\/www.encontrasantana.com.br\/santana\/sambodromo-santana.shtml\" target=\"_blank\">Samb\u00f3dromo do Anhembi<\/a>.<br \/>\nHor\u00e1rio: a partir das 18h; largada as 19h30.<br \/>\nPre\u00e7o: de R$ 105 a R$ 215.<br \/>\nindyrun.com.br<\/p>\n<p><em>Fonte: SPTuris<\/em><\/p>\n\n<div style=\"font-size: 0px; height: 0px; line-height: 0px; margin: 0; padding: 0; clear: both;\"><\/div>","protected":false},"excerpt":{"rendered":"<p>Fazendo parte da programa\u00e7\u00e3o oficial da\u00a0S\u00e3o Paulo Indy 300, a prova\u00a0Indy Run 8K\u00a0abriu as inscri\u00e7\u00f5es para os corredores. A corrida acontecer\u00e1 no s\u00e1bado, dia\u00a04 de maio, ap\u00f3s as atividades de pista dos carros da F\u00f3rmula Indy. A exemplo dos anos anteriores, o percurso ser\u00e3o os mesmos\u00a0oito quil\u00f4metros, que equivale a duas voltas completas no\u00a0circuito de rua do Anhembi, montado exclusivamente para receber a etapa brasileira da IndyCar Series. O trajeto, por ser totalmente plano, \u00e9 muito elogiado pelos participantes. Para os corredores se sentirem totalmente no clima da prova, a largada ser\u00e1 dada as 19h30 com os competidores em movimento <\/p>\n","protected":false},"author":1,"featured_media":0,"comment_status":"open","ping_status":"closed","sticky":false,"template":"","format":"standard","meta":{"footnotes":""},"categories":[3],"tags":[],"class_list":["post-39210","post","type-post","status-publish","format-standard","hentry","category-noticias-em-santana"],"aioseo_notices":[],"aioseo_head":"\n\t\t<!-- All in One SEO 5.0.0.1 - aioseo.com -->\n\t<meta name=\"description\" content=\"Fazendo parte da programa\u00e7\u00e3o oficial da S\u00e3o Paulo Indy 300, a prova Indy Run 8K abriu as inscri\u00e7\u00f5es para os corredores. A corrida acontecer\u00e1 no s\u00e1bado, dia 4 de maio, ap\u00f3s as atividades de pista dos carros da F\u00f3rmula Indy. A exemplo dos anos anteriores, o percurso ser\u00e3o os mesmos oito quil\u00f4metros, que equivale a duas voltas completas no circuito de\" \/>\n\t<meta name=\"robots\" content=\"max-image-preview:large\" \/>\n\t<meta name=\"author\" content=\"Encontra Santana\"\/>\n\t<link rel=\"canonical\" href=\"https:\/\/www.encontrasantana.com.br\/sobre\/realizada-no-sambodromo-do-anhembi-prova-indy-run-8k-abre-inscricoes\/\" \/>\n\t<meta name=\"generator\" content=\"All in One SEO (AIOSEO) 5.0.0.1\" \/>\n\t\t<meta property=\"og:locale\" content=\"pt_BR\" \/>\n\t\t<meta property=\"og:site_name\" content=\"Encontra Santana | Not\u00edcias, eventos, informa\u00e7\u00f5es e dicas no bairro de Santana e regi\u00e3o.\" \/>\n\t\t<meta property=\"og:type\" content=\"article\" \/>\n\t\t<meta property=\"og:title\" content=\"Realizada no Samb\u00f3dromo do Anhembi, prova Indy Run 8K abre inscri\u00e7\u00f5es \u00bb Encontra Santana\" \/>\n\t\t<meta property=\"og:description\" content=\"Fazendo parte da programa\u00e7\u00e3o oficial da S\u00e3o Paulo Indy 300, a prova Indy Run 8K abriu as inscri\u00e7\u00f5es para os corredores. A corrida acontecer\u00e1 no s\u00e1bado, dia 4 de maio, ap\u00f3s as atividades de pista dos carros da F\u00f3rmula Indy. A exemplo dos anos anteriores, o percurso ser\u00e3o os mesmos oito quil\u00f4metros, que equivale a duas voltas completas no circuito de\" \/>\n\t\t<meta property=\"og:url\" content=\"https:\/\/www.encontrasantana.com.br\/sobre\/realizada-no-sambodromo-do-anhembi-prova-indy-run-8k-abre-inscricoes\/\" \/>\n\t\t<meta property=\"article:published_time\" content=\"2013-04-03T13:11:12+00:00\" \/>\n\t\t<meta property=\"article:modified_time\" content=\"2019-04-15T12:57:49+00:00\" \/>\n\t\t<meta name=\"twitter:card\" content=\"summary\" \/>\n\t\t<meta name=\"twitter:title\" content=\"Realizada no Samb\u00f3dromo do Anhembi, prova Indy Run 8K abre inscri\u00e7\u00f5es \u00bb Encontra Santana\" \/>\n\t\t<meta name=\"twitter:description\" content=\"Fazendo parte da programa\u00e7\u00e3o oficial da S\u00e3o Paulo Indy 300, a prova Indy Run 8K abriu as inscri\u00e7\u00f5es para os corredores. A corrida acontecer\u00e1 no s\u00e1bado, dia 4 de maio, ap\u00f3s as atividades de pista dos carros da F\u00f3rmula Indy. A exemplo dos anos anteriores, o percurso ser\u00e3o os mesmos oito quil\u00f4metros, que equivale a duas voltas completas no circuito de\" \/>\n\t\t<script type=\"application\/ld+json\" class=\"aioseo-schema\">\n\t\t\t{\"@context\":\"https:\\\/\\\/schema.org\",\"@graph\":[{\"@type\":\"Article\",\"@id\":\"https:\\\/\\\/www.encontrasantana.com.br\\\/sobre\\\/realizada-no-sambodromo-do-anhembi-prova-indy-run-8k-abre-inscricoes\\\/#article\",\"name\":\"Realizada no Samb\\u00f3dromo do Anhembi, prova Indy Run 8K abre inscri\\u00e7\\u00f5es \\u00bb Encontra Santana\",\"headline\":\"Realizada no Samb\\u00f3dromo do Anhembi, prova Indy Run 8K abre inscri\\u00e7\\u00f5es\",\"author\":{\"@id\":\"https:\\\/\\\/www.encontrasantana.com.br\\\/sobre\\\/author\\\/esantana\\\/#author\"},\"publisher\":{\"@id\":\"https:\\\/\\\/www.encontrasantana.com.br\\\/sobre\\\/#organization\"},\"datePublished\":\"2013-04-03T10:11:12-03:00\",\"dateModified\":\"2019-04-15T09:57:49-03:00\",\"inLanguage\":\"pt-BR\",\"mainEntityOfPage\":{\"@id\":\"https:\\\/\\\/www.encontrasantana.com.br\\\/sobre\\\/realizada-no-sambodromo-do-anhembi-prova-indy-run-8k-abre-inscricoes\\\/#webpage\"},\"isPartOf\":{\"@id\":\"https:\\\/\\\/www.encontrasantana.com.br\\\/sobre\\\/realizada-no-sambodromo-do-anhembi-prova-indy-run-8k-abre-inscricoes\\\/#webpage\"},\"articleSection\":\"Not\\u00edcias Santana\"},{\"@type\":\"BreadcrumbList\",\"@id\":\"https:\\\/\\\/www.encontrasantana.com.br\\\/sobre\\\/realizada-no-sambodromo-do-anhembi-prova-indy-run-8k-abre-inscricoes\\\/#breadcrumblist\",\"itemListElement\":[{\"@type\":\"ListItem\",\"@id\":\"https:\\\/\\\/www.encontrasantana.com.br\\\/sobre#listItem\",\"position\":1,\"name\":\"In\\u00edcio\",\"item\":\"https:\\\/\\\/www.encontrasantana.com.br\\\/sobre\",\"nextItem\":{\"@type\":\"ListItem\",\"@id\":\"https:\\\/\\\/www.encontrasantana.com.br\\\/sobre\\\/noticias-em-santana\\\/#listItem\",\"name\":\"Not\\u00edcias Santana\"}},{\"@type\":\"ListItem\",\"@id\":\"https:\\\/\\\/www.encontrasantana.com.br\\\/sobre\\\/noticias-em-santana\\\/#listItem\",\"position\":2,\"name\":\"Not\\u00edcias Santana\",\"item\":\"https:\\\/\\\/www.encontrasantana.com.br\\\/sobre\\\/noticias-em-santana\\\/\",\"nextItem\":{\"@type\":\"ListItem\",\"@id\":\"https:\\\/\\\/www.encontrasantana.com.br\\\/sobre\\\/realizada-no-sambodromo-do-anhembi-prova-indy-run-8k-abre-inscricoes\\\/#listItem\",\"name\":\"Realizada no Samb\\u00f3dromo do Anhembi, prova Indy Run 8K abre inscri\\u00e7\\u00f5es\"},\"previousItem\":{\"@type\":\"ListItem\",\"@id\":\"https:\\\/\\\/www.encontrasantana.com.br\\\/sobre#listItem\",\"name\":\"In\\u00edcio\"}},{\"@type\":\"ListItem\",\"@id\":\"https:\\\/\\\/www.encontrasantana.com.br\\\/sobre\\\/realizada-no-sambodromo-do-anhembi-prova-indy-run-8k-abre-inscricoes\\\/#listItem\",\"position\":3,\"name\":\"Realizada no Samb\\u00f3dromo do Anhembi, prova Indy Run 8K abre inscri\\u00e7\\u00f5es\",\"previousItem\":{\"@type\":\"ListItem\",\"@id\":\"https:\\\/\\\/www.encontrasantana.com.br\\\/sobre\\\/noticias-em-santana\\\/#listItem\",\"name\":\"Not\\u00edcias Santana\"}}]},{\"@type\":\"Organization\",\"@id\":\"https:\\\/\\\/www.encontrasantana.com.br\\\/sobre\\\/#organization\",\"name\":\"Encontra Santana\",\"description\":\"Not\\u00edcias, eventos, informa\\u00e7\\u00f5es e dicas no bairro de Santana e regi\\u00e3o.\",\"url\":\"https:\\\/\\\/www.encontrasantana.com.br\\\/sobre\\\/\"},{\"@type\":\"Person\",\"@id\":\"https:\\\/\\\/www.encontrasantana.com.br\\\/sobre\\\/author\\\/esantana\\\/#author\",\"url\":\"https:\\\/\\\/www.encontrasantana.com.br\\\/sobre\\\/author\\\/esantana\\\/\",\"name\":\"Encontra Santana\",\"image\":{\"@type\":\"ImageObject\",\"@id\":\"https:\\\/\\\/www.encontrasantana.com.br\\\/sobre\\\/realizada-no-sambodromo-do-anhembi-prova-indy-run-8k-abre-inscricoes\\\/#authorImage\",\"url\":\"https:\\\/\\\/secure.gravatar.com\\\/avatar\\\/0fbed662e37531ae23e68f85f9517b2454e50c1dfebf80eb9b721449ac95e0b9?s=96&d=mm&r=g\",\"width\":96,\"height\":96,\"caption\":\"Encontra Santana\"}},{\"@type\":\"WebPage\",\"@id\":\"https:\\\/\\\/www.encontrasantana.com.br\\\/sobre\\\/realizada-no-sambodromo-do-anhembi-prova-indy-run-8k-abre-inscricoes\\\/#webpage\",\"url\":\"https:\\\/\\\/www.encontrasantana.com.br\\\/sobre\\\/realizada-no-sambodromo-do-anhembi-prova-indy-run-8k-abre-inscricoes\\\/\",\"name\":\"Realizada no Samb\\u00f3dromo do Anhembi, prova Indy Run 8K abre inscri\\u00e7\\u00f5es \\u00bb Encontra Santana\",\"description\":\"Fazendo parte da programa\\u00e7\\u00e3o oficial da S\\u00e3o Paulo Indy 300, a prova Indy Run 8K abriu as inscri\\u00e7\\u00f5es para os corredores. A corrida acontecer\\u00e1 no s\\u00e1bado, dia 4 de maio, ap\\u00f3s as atividades de pista dos carros da F\\u00f3rmula Indy. A exemplo dos anos anteriores, o percurso ser\\u00e3o os mesmos oito quil\\u00f4metros, que equivale a duas voltas completas no circuito de\",\"inLanguage\":\"pt-BR\",\"isPartOf\":{\"@id\":\"https:\\\/\\\/www.encontrasantana.com.br\\\/sobre\\\/#website\"},\"breadcrumb\":{\"@id\":\"https:\\\/\\\/www.encontrasantana.com.br\\\/sobre\\\/realizada-no-sambodromo-do-anhembi-prova-indy-run-8k-abre-inscricoes\\\/#breadcrumblist\"},\"author\":{\"@id\":\"https:\\\/\\\/www.encontrasantana.com.br\\\/sobre\\\/author\\\/esantana\\\/#author\"},\"creator\":{\"@id\":\"https:\\\/\\\/www.encontrasantana.com.br\\\/sobre\\\/author\\\/esantana\\\/#author\"},\"datePublished\":\"2013-04-03T10:11:12-03:00\",\"dateModified\":\"2019-04-15T09:57:49-03:00\"},{\"@type\":\"WebSite\",\"@id\":\"https:\\\/\\\/www.encontrasantana.com.br\\\/sobre\\\/#website\",\"url\":\"https:\\\/\\\/www.encontrasantana.com.br\\\/sobre\\\/\",\"name\":\"Encontra Santana\",\"description\":\"Not\\u00edcias, eventos, informa\\u00e7\\u00f5es e dicas no bairro de Santana e regi\\u00e3o.\",\"inLanguage\":\"pt-BR\",\"publisher\":{\"@id\":\"https:\\\/\\\/www.encontrasantana.com.br\\\/sobre\\\/#organization\"}}]}\n\t\t<\/script>\n\t\t<!-- All in One SEO -->\n\n","aioseo_head_json":{"title":"Realizada no Samb\u00f3dromo do Anhembi, prova Indy Run 8K abre inscri\u00e7\u00f5es \u00bb Encontra Santana","description":"Fazendo parte da programa\u00e7\u00e3o oficial da S\u00e3o Paulo Indy 300, a prova Indy Run 8K abriu as inscri\u00e7\u00f5es para os corredores. A corrida acontecer\u00e1 no s\u00e1bado, dia 4 de maio, ap\u00f3s as atividades de pista dos carros da F\u00f3rmula Indy. A exemplo dos anos anteriores, o percurso ser\u00e3o os mesmos oito quil\u00f4metros, que equivale a duas voltas completas no circuito de","canonical_url":"https:\/\/www.encontrasantana.com.br\/sobre\/realizada-no-sambodromo-do-anhembi-prova-indy-run-8k-abre-inscricoes\/","robots":"max-image-preview:large","keywords":"","webmasterTools":{"miscellaneous":""},"schema":{"@context":"https:\/\/schema.org","@graph":[{"@type":"Article","@id":"https:\/\/www.encontrasantana.com.br\/sobre\/realizada-no-sambodromo-do-anhembi-prova-indy-run-8k-abre-inscricoes\/#article","name":"Realizada no Samb\u00f3dromo do Anhembi, prova Indy Run 8K abre inscri\u00e7\u00f5es \u00bb Encontra Santana","headline":"Realizada no Samb\u00f3dromo do Anhembi, prova Indy Run 8K abre inscri\u00e7\u00f5es","author":{"@id":"https:\/\/www.encontrasantana.com.br\/sobre\/author\/esantana\/#author"},"publisher":{"@id":"https:\/\/www.encontrasantana.com.br\/sobre\/#organization"},"datePublished":"2013-04-03T10:11:12-03:00","dateModified":"2019-04-15T09:57:49-03:00","inLanguage":"pt-BR","mainEntityOfPage":{"@id":"https:\/\/www.encontrasantana.com.br\/sobre\/realizada-no-sambodromo-do-anhembi-prova-indy-run-8k-abre-inscricoes\/#webpage"},"isPartOf":{"@id":"https:\/\/www.encontrasantana.com.br\/sobre\/realizada-no-sambodromo-do-anhembi-prova-indy-run-8k-abre-inscricoes\/#webpage"},"articleSection":"Not\u00edcias Santana"},{"@type":"BreadcrumbList","@id":"https:\/\/www.encontrasantana.com.br\/sobre\/realizada-no-sambodromo-do-anhembi-prova-indy-run-8k-abre-inscricoes\/#breadcrumblist","itemListElement":[{"@type":"ListItem","@id":"https:\/\/www.encontrasantana.com.br\/sobre#listItem","position":1,"name":"In\u00edcio","item":"https:\/\/www.encontrasantana.com.br\/sobre","nextItem":{"@type":"ListItem","@id":"https:\/\/www.encontrasantana.com.br\/sobre\/noticias-em-santana\/#listItem","name":"Not\u00edcias Santana"}},{"@type":"ListItem","@id":"https:\/\/www.encontrasantana.com.br\/sobre\/noticias-em-santana\/#listItem","position":2,"name":"Not\u00edcias Santana","item":"https:\/\/www.encontrasantana.com.br\/sobre\/noticias-em-santana\/","nextItem":{"@type":"ListItem","@id":"https:\/\/www.encontrasantana.com.br\/sobre\/realizada-no-sambodromo-do-anhembi-prova-indy-run-8k-abre-inscricoes\/#listItem","name":"Realizada no Samb\u00f3dromo do Anhembi, prova Indy Run 8K abre inscri\u00e7\u00f5es"},"previousItem":{"@type":"ListItem","@id":"https:\/\/www.encontrasantana.com.br\/sobre#listItem","name":"In\u00edcio"}},{"@type":"ListItem","@id":"https:\/\/www.encontrasantana.com.br\/sobre\/realizada-no-sambodromo-do-anhembi-prova-indy-run-8k-abre-inscricoes\/#listItem","position":3,"name":"Realizada no Samb\u00f3dromo do Anhembi, prova Indy Run 8K abre inscri\u00e7\u00f5es","previousItem":{"@type":"ListItem","@id":"https:\/\/www.encontrasantana.com.br\/sobre\/noticias-em-santana\/#listItem","name":"Not\u00edcias Santana"}}]},{"@type":"Organization","@id":"https:\/\/www.encontrasantana.com.br\/sobre\/#organization","name":"Encontra Santana","description":"Not\u00edcias, eventos, informa\u00e7\u00f5es e dicas no bairro de Santana e regi\u00e3o.","url":"https:\/\/www.encontrasantana.com.br\/sobre\/"},{"@type":"Person","@id":"https:\/\/www.encontrasantana.com.br\/sobre\/author\/esantana\/#author","url":"https:\/\/www.encontrasantana.com.br\/sobre\/author\/esantana\/","name":"Encontra Santana","image":{"@type":"ImageObject","@id":"https:\/\/www.encontrasantana.com.br\/sobre\/realizada-no-sambodromo-do-anhembi-prova-indy-run-8k-abre-inscricoes\/#authorImage","url":"https:\/\/secure.gravatar.com\/avatar\/0fbed662e37531ae23e68f85f9517b2454e50c1dfebf80eb9b721449ac95e0b9?s=96&d=mm&r=g","width":96,"height":96,"caption":"Encontra Santana"}},{"@type":"WebPage","@id":"https:\/\/www.encontrasantana.com.br\/sobre\/realizada-no-sambodromo-do-anhembi-prova-indy-run-8k-abre-inscricoes\/#webpage","url":"https:\/\/www.encontrasantana.com.br\/sobre\/realizada-no-sambodromo-do-anhembi-prova-indy-run-8k-abre-inscricoes\/","name":"Realizada no Samb\u00f3dromo do Anhembi, prova Indy Run 8K abre inscri\u00e7\u00f5es \u00bb Encontra Santana","description":"Fazendo parte da programa\u00e7\u00e3o oficial da S\u00e3o Paulo Indy 300, a prova Indy Run 8K abriu as inscri\u00e7\u00f5es para os corredores. A corrida acontecer\u00e1 no s\u00e1bado, dia 4 de maio, ap\u00f3s as atividades de pista dos carros da F\u00f3rmula Indy. A exemplo dos anos anteriores, o percurso ser\u00e3o os mesmos oito quil\u00f4metros, que equivale a duas voltas completas no circuito de","inLanguage":"pt-BR","isPartOf":{"@id":"https:\/\/www.encontrasantana.com.br\/sobre\/#website"},"breadcrumb":{"@id":"https:\/\/www.encontrasantana.com.br\/sobre\/realizada-no-sambodromo-do-anhembi-prova-indy-run-8k-abre-inscricoes\/#breadcrumblist"},"author":{"@id":"https:\/\/www.encontrasantana.com.br\/sobre\/author\/esantana\/#author"},"creator":{"@id":"https:\/\/www.encontrasantana.com.br\/sobre\/author\/esantana\/#author"},"datePublished":"2013-04-03T10:11:12-03:00","dateModified":"2019-04-15T09:57:49-03:00"},{"@type":"WebSite","@id":"https:\/\/www.encontrasantana.com.br\/sobre\/#website","url":"https:\/\/www.encontrasantana.com.br\/sobre\/","name":"Encontra Santana","description":"Not\u00edcias, eventos, informa\u00e7\u00f5es e dicas no bairro de Santana e regi\u00e3o.","inLanguage":"pt-BR","publisher":{"@id":"https:\/\/www.encontrasantana.com.br\/sobre\/#organization"}}]},"og:locale":"pt_BR","og:site_name":"Encontra Santana | Not\u00edcias, eventos, informa\u00e7\u00f5es e dicas no bairro de Santana e regi\u00e3o.","og:type":"article","og:title":"Realizada no Samb\u00f3dromo do Anhembi, prova Indy Run 8K abre inscri\u00e7\u00f5es \u00bb Encontra Santana","og:description":"Fazendo parte da programa\u00e7\u00e3o oficial da S\u00e3o Paulo Indy 300, a prova Indy Run 8K abriu as inscri\u00e7\u00f5es para os corredores. A corrida acontecer\u00e1 no s\u00e1bado, dia 4 de maio, ap\u00f3s as atividades de pista dos carros da F\u00f3rmula Indy. A exemplo dos anos anteriores, o percurso ser\u00e3o os mesmos oito quil\u00f4metros, que equivale a duas voltas completas no circuito de","og:url":"https:\/\/www.encontrasantana.com.br\/sobre\/realizada-no-sambodromo-do-anhembi-prova-indy-run-8k-abre-inscricoes\/","article:published_time":"2013-04-03T13:11:12+00:00","article:modified_time":"2019-04-15T12:57:49+00:00","twitter:card":"summary","twitter:title":"Realizada no Samb\u00f3dromo do Anhembi, prova Indy Run 8K abre inscri\u00e7\u00f5es \u00bb Encontra Santana","twitter:description":"Fazendo parte da programa\u00e7\u00e3o oficial da S\u00e3o Paulo Indy 300, a prova Indy Run 8K abriu as inscri\u00e7\u00f5es para os corredores. A corrida acontecer\u00e1 no s\u00e1bado, dia 4 de maio, ap\u00f3s as atividades de pista dos carros da F\u00f3rmula Indy. A exemplo dos anos anteriores, o percurso ser\u00e3o os mesmos oito quil\u00f4metros, que equivale a duas voltas completas no circuito de"},"aioseo_meta_data":{"post_id":"39210","title":null,"description":null,"keywords":null,"keyphrases":null,"primary_term":null,"canonical_url":null,"og_title":null,"og_description":null,"og_object_type":"default","og_image_type":"default","og_image_url":null,"og_image_width":null,"og_image_height":null,"og_image_custom_url":null,"og_image_custom_fields":null,"og_video":null,"og_custom_url":null,"og_article_section":null,"og_article_tags":null,"twitter_use_og":false,"twitter_card":"default","twitter_image_type":"default","twitter_image_url":null,"twitter_image_custom_url":null,"twitter_image_custom_fields":null,"twitter_title":null,"twitter_description":null,"schema":{"blockGraphs":[],"customGraphs":[],"default":{"data":{"Article":[],"Course":[],"Dataset":[],"FAQPage":[],"Movie":[],"Person":[],"Product":[],"ProductReview":[],"Car":[],"Recipe":[],"Service":[],"SoftwareApplication":[],"WebPage":[]},"graphName":"Article","isEnabled":true},"graphs":[]},"schema_type":null,"schema_type_options":null,"pillar_content":false,"robots_default":true,"robots_noindex":false,"robots_noarchive":false,"robots_nosnippet":false,"robots_nofollow":false,"robots_noimageindex":false,"robots_noodp":false,"robots_notranslate":false,"robots_max_snippet":null,"robots_max_videopreview":null,"robots_max_imagepreview":"large","priority":null,"frequency":null,"local_seo":null,"limit_modified_date":false,"created":"2021-04-20 18:33:56","updated":"2026-08-07 00:34:59","focus_keyword":null,"additional_keywords":null,"truseo_locale":null,"ai":null,"breadcrumb_settings":null,"seo_analyzer_scan_date":null},"aioseo_breadcrumb":"<div class=\"aioseo-breadcrumbs\"><span class=\"aioseo-breadcrumb\">\n\t\t\t<a href=\"https:\/\/www.encontrasantana.com.br\/sobre\" title=\"In\u00edcio\">In\u00edcio<\/a>\n\t\t<\/span><span class=\"aioseo-breadcrumb-separator\">&raquo;<\/span><span class=\"aioseo-breadcrumb\">\n\t\t\t<a href=\"https:\/\/www.encontrasantana.com.br\/sobre\/noticias-em-santana\/\" title=\"Not\u00edcias Santana\">Not\u00edcias Santana<\/a>\n\t\t<\/span><span class=\"aioseo-breadcrumb-separator\">&raquo;<\/span><span class=\"aioseo-breadcrumb\">\n\t\t\tRealizada no Samb\u00f3dromo do Anhembi, prova Indy Run 8K abre inscri\u00e7\u00f5es\n\t\t<\/span><\/div>","aioseo_breadcrumb_json":[{"label":"In\u00edcio","link":"https:\/\/www.encontrasantana.com.br\/sobre"},{"label":"Not\u00edcias Santana","link":"https:\/\/www.encontrasantana.com.br\/sobre\/noticias-em-santana\/"},{"label":"Realizada no Samb\u00f3dromo do Anhembi, prova Indy Run 8K abre inscri\u00e7\u00f5es","link":"https:\/\/www.encontrasantana.com.br\/sobre\/realizada-no-sambodromo-do-anhembi-prova-indy-run-8k-abre-inscricoes\/"}],"_links":{"self":[{"href":"https:\/\/www.encontrasantana.com.br\/sobre\/wp-json\/wp\/v2\/posts\/39210","targetHints":{"allow":["GET"]}}],"collection":[{"href":"https:\/\/www.encontrasantana.com.br\/sobre\/wp-json\/wp\/v2\/posts"}],"about":[{"href":"https:\/\/www.encontrasantana.com.br\/sobre\/wp-json\/wp\/v2\/types\/post"}],"author":[{"embeddable":true,"href":"https:\/\/www.encontrasantana.com.br\/sobre\/wp-json\/wp\/v2\/users\/1"}],"replies":[{"embeddable":true,"href":"https:\/\/www.encontrasantana.com.br\/sobre\/wp-json\/wp\/v2\/comments?post=39210"}],"version-history":[{"count":0,"href":"https:\/\/www.encontrasantana.com.br\/sobre\/wp-json\/wp\/v2\/posts\/39210\/revisions"}],"wp:attachment":[{"href":"https:\/\/www.encontrasantana.com.br\/sobre\/wp-json\/wp\/v2\/media?parent=39210"}],"wp:term":[{"taxonomy":"category","embeddable":true,"href":"https:\/\/www.encontrasantana.com.br\/sobre\/wp-json\/wp\/v2\/categories?post=39210"},{"taxonomy":"post_tag","embeddable":true,"href":"https:\/\/www.encontrasantana.com.br\/sobre\/wp-json\/wp\/v2\/tags?post=39210"}],"curies":[{"name":"wp","href":"https:\/\/api.w.org\/{rel}","templated":true}]}}