{"id":39220,"date":"2013-04-17T17:33:19","date_gmt":"2013-04-17T20:33:19","guid":{"rendered":"http:\/\/www.encontrasantana.com.br\/blog\/?p=39220"},"modified":"2019-04-15T09:57:46","modified_gmt":"2019-04-15T12:57:46","slug":"santana-recebe-a-formula-indy-nos-dias-4-e-5-de-maio","status":"publish","type":"post","link":"https:\/\/www.encontrasantana.com.br\/sobre\/santana-recebe-a-formula-indy-nos-dias-4-e-5-de-maio\/","title":{"rendered":"Santana recebe a F\u00f3rmula Indy nos dias 4 e 5 de maio"},"content":{"rendered":"<div class=\"1acf8468e559fd3cbeec5aee3a269a52\" data-index=\"1\" style=\"float: none; margin:0px;\">\n<!-- Anuncio display - global -->\r\n<ins class=\"adsbygoogle\"\r\n     style=\"display:block\"\r\n     data-ad-client=\"ca-pub-8585364105181520\"\r\n     data-ad-slot=\"8789329856\"\r\n     data-ad-format=\"auto\"\r\n     data-full-width-responsive=\"true\"><\/ins>\r\n<script>\r\n     (adsbygoogle = window.adsbygoogle || []).push({});\r\n<\/script>\n<\/div>\n<p>A organiza\u00e7\u00e3o da F\u00f3rmula Indy (Indycar) anunciou oficialmente o calend\u00e1rio da temporada de 2013 da categoria e a etapa brasileira nas ruas entorno do <a href=\"http:\/\/www.encontrasantana.com.br\/santana\/anhembi-em-santana.shtml\" target=\"_blank\">Anhembi<\/a>, conhecida como\u00a0SP Indy 300, ser\u00e1 no dia 5 de maio.<\/p>\n<p>Em 2013, a prova da cidade de S\u00e3o Paulo, a exemplo do ano passado, tamb\u00e9m anteceder\u00e1 a tradicional\u00a0500 milhas de Indian\u00e1polis, nos Estados Unidos. O circuito de rua do Anhembi tem extens\u00e3o de 4.080 metros, passando por dentro do Samb\u00f3dromo, Av. Olavo Fontoura e tem a\u00a0maior reta da temporada\u00a0na Marginal Tiet\u00ea, com 1.500 metros, na qual os carros chegam a\u00a0mais de 300 km\/h.<\/p>\n<p>Neste ano, acontecer\u00e3o duas provas preliminares: o Campeonato Brasileiro de Gran Turismo e a Mercedes-Benz Grand Challenge. Confira a programa\u00e7\u00e3o completa do evento no bairro de Santana:<\/p>\n<p><b>Sexta-feira \u2013 3\/4<br \/>\n<\/b>14h-14h45: Brasileiro de GT, treino livre 1<br \/>\n15h-15h45: Mercedes-Benz Grand Challenge, treino livre 1<\/p>\n<p><b>S\u00e1bado \u2013 4\/5<\/b><br \/>\n7h00: Abertura dos port\u00f5es<br \/>\n8h30-9h00: S\u00e3o Paulo Indy 300, treino livre 1, grupo A<br \/>\n9h00-9h45: S\u00e3o Paulo Indy 300, treino livre 1, grupo B<br \/>\n10h00-10h20: Brasileiro de GT, treino livre 2<br \/>\n10h30-10h50: Mercedes-Benz Grand Challenge, treino livre 2<br \/>\n11h00-11h20: Brasileiro de GT, classifica\u00e7\u00e3o I<br \/>\n11h30-11h50: Mercedes-Benz Grand Challenge, classifica\u00e7\u00e3o.<br \/>\n12h05-13h05: S\u00e3o Paulo Indy 300, treino livre 2<br \/>\n13h20-13h40: Brasileiro de GT, classifica\u00e7\u00e3o II<br \/>\n13h50-14h20: Atividade promocional<br \/>\n14h35-15h45: S\u00e3o Paulo Indy 300, classifica\u00e7\u00e3o<br \/>\n16h00-16h50: Brasileiro de GT, corrida<br \/>\n18h45-21h00: Indy Run 8K<\/p>\n<p><b>Domingo \u2013 5\/5<\/b><br \/>\n7h00: Abertura dos port\u00f5es<br \/>\n8h00-8h30: S\u00e3o Paulo Indy 300, Warm up<br \/>\n8h45-9h35: Mercedes-Benz Grand Challenge, corrida<br \/>\n9h50-10h40: Brasileiro de GT, corrida II<br \/>\n10h55-11h55: Atividade promocional<br \/>\n12h00-12h20: Desfile dos pilotos<br \/>\n12h30-15h00: S\u00e3o Paulo Indy 300, corrida<br \/>\n15h10-15h45: P\u00f3dio<\/p>\n<p>Os\u00a0ingressos\u00a0para acompanhar a prova j\u00e1 est\u00e3o \u00e0 venda no site\u00a0tkt1.com.br\u00a0e tamb\u00e9m em cinco lojas da rede Centauro dos shoppings: Shopping Tambor\u00e9, Shopping Eldorado, Shopping Center Norte, Shopping Bourbon Pompeia e Shopping An\u00e1lia Franco. Outro ponto de venda \u00e9 o Shopping Market Place (Av. Dr. Chucri Zaidan, 902), onde\u00a0est\u00e1 exposta uma r\u00e9plica do F-Indy\u00a0e do trof\u00e9u conquistado por Will Power, vencedor da corrida brasileira em 2012.<\/p>\n<p>Os pre\u00e7os variam de R$ 55 a R$ 800. Cada ingresso d\u00e1 o direito de assistir aos treinos de s\u00e1bado e \u00e0 corrida no domingo. Mais informa\u00e7\u00f5es em:\u00a0saopauloindy300.com.br.<\/p>\n<p>Confira os pre\u00e7os dos ingressos:<\/p>\n<p><b>Setor A:<\/b>\u00a0R$ 110 (meia-entrada)\/ R$ 220 (inteira)<br \/>\n<b>Setor B:<\/b>\u00a0R$ 100 (meia-entrada) \/ R$ 200 (inteira)<br \/>\n<b>Setor C:<\/b>\u00a0R$ 82,50 (meia-entrada) \/ R$ 165 (inteira)<br \/>\n<b>Setor D:<\/b>\u00a0R$ 99 (meia-entrada) \/ R$ 198 (inteira)<br \/>\n<b>Setor E:<\/b>\u00a0R$ 99 (meia-entrada) \/ R$ 198 (inteira)<br \/>\n<b>Setor F:<\/b>\u00a0R$ 99 (meia-entrada) \/ R$ 198 (inteira)<br \/>\n<b>Setor G:<\/b>\u00a0R$ 99 (meia-entrada) \/ R$ 198 (inteira)<br \/>\n<b>Setor H:<\/b>\u00a0R$ 55 (meia-entrada) \/ R$ 110 (inteira) \u2013\u00a0<strong>ESGOTADO<\/strong><br \/>\n<b>Setor J:<\/b>\u00a0R$ 99 (meia-entrada) \/ R$ 198 (inteira)<br \/>\n<b>Setor K:<\/b>\u00a0R$ 165 (meia-entrada) \/ R$ 330 (inteira)<br \/>\n<b>Setor L:<\/b>\u00a0R$ 220 (meia-entrada) \/ R$ 440 (inteira) \u2013\u00a0<strong>ESGOTADO<\/strong><br \/>\n<b>Setor Vit\u00f3ria:<\/b>\u00a0R$ 99 (meia-entrada) \/ R$ 198 (inteira)<br \/>\n<b>Setor VIP<\/b>: R$ 400 (meia-entrada) \/ R$ 800 (inteira)<\/p>\n<p><b>Servi\u00e7o:<\/b><\/p>\n<p><b>S\u00e3o Paulo Indy 300<br \/>\n<\/b>Data: 4 e 5 de maio de 2013.<br \/>\nLocal: Samb\u00f3dromo do Anhembi.<br \/>\nEnd.: Av. Olavo Fontoura, 1.209 \u2013 Santana \u2013 zona Norte \u2013 S\u00e3o Paulo.<br \/>\nPre\u00e7o: de R$ 55 a R$ 800.<br \/>\nsaopauloindy300.com.br<\/p>\n<p><em>Fonte: SPTuris<\/em><\/p>\n\n<div style=\"font-size: 0px; height: 0px; line-height: 0px; margin: 0; padding: 0; clear: both;\"><\/div>","protected":false},"excerpt":{"rendered":"<p>A organiza\u00e7\u00e3o da F\u00f3rmula Indy (Indycar) anunciou oficialmente o calend\u00e1rio da temporada de 2013 da categoria e a etapa brasileira nas ruas entorno do Anhembi, conhecida como\u00a0SP Indy 300, ser\u00e1 no dia 5 de maio. Em 2013, a prova da cidade de S\u00e3o Paulo, a exemplo do ano passado, tamb\u00e9m anteceder\u00e1 a tradicional\u00a0500 milhas de Indian\u00e1polis, nos Estados Unidos. O circuito de rua do Anhembi tem extens\u00e3o de 4.080 metros, passando por dentro do Samb\u00f3dromo, Av. Olavo Fontoura e tem a\u00a0maior reta da temporada\u00a0na Marginal Tiet\u00ea, com 1.500 metros, na qual os carros chegam a\u00a0mais de 300 km\/h. Neste ano, <\/p>\n","protected":false},"author":1,"featured_media":0,"comment_status":"open","ping_status":"closed","sticky":false,"template":"","format":"standard","meta":{"footnotes":""},"categories":[3],"tags":[],"class_list":["post-39220","post","type-post","status-publish","format-standard","hentry","category-noticias-em-santana"],"aioseo_notices":[],"aioseo_head":"\n\t\t<!-- All in One SEO 5.0.0.1 - aioseo.com -->\n\t<meta name=\"description\" content=\"A organiza\u00e7\u00e3o da F\u00f3rmula Indy (Indycar) anunciou oficialmente o calend\u00e1rio da temporada de 2013 da categoria e a etapa brasileira nas ruas entorno do Anhembi, conhecida como SP Indy 300, ser\u00e1 no dia 5 de maio. Em 2013, a prova da cidade de S\u00e3o Paulo, a exemplo do ano passado, tamb\u00e9m anteceder\u00e1 a tradicional 500 milhas de\" \/>\n\t<meta name=\"robots\" content=\"max-image-preview:large\" \/>\n\t<meta name=\"author\" content=\"Encontra Santana\"\/>\n\t<link rel=\"canonical\" href=\"https:\/\/www.encontrasantana.com.br\/sobre\/santana-recebe-a-formula-indy-nos-dias-4-e-5-de-maio\/\" \/>\n\t<meta name=\"generator\" content=\"All in One SEO (AIOSEO) 5.0.0.1\" \/>\n\t\t<meta property=\"og:locale\" content=\"pt_BR\" \/>\n\t\t<meta property=\"og:site_name\" content=\"Encontra Santana | Not\u00edcias, eventos, informa\u00e7\u00f5es e dicas no bairro de Santana e regi\u00e3o.\" \/>\n\t\t<meta property=\"og:type\" content=\"article\" \/>\n\t\t<meta property=\"og:title\" content=\"Santana recebe a F\u00f3rmula Indy nos dias 4 e 5 de maio \u00bb Encontra Santana\" \/>\n\t\t<meta property=\"og:description\" content=\"A organiza\u00e7\u00e3o da F\u00f3rmula Indy (Indycar) anunciou oficialmente o calend\u00e1rio da temporada de 2013 da categoria e a etapa brasileira nas ruas entorno do Anhembi, conhecida como SP Indy 300, ser\u00e1 no dia 5 de maio. Em 2013, a prova da cidade de S\u00e3o Paulo, a exemplo do ano passado, tamb\u00e9m anteceder\u00e1 a tradicional 500 milhas de\" \/>\n\t\t<meta property=\"og:url\" content=\"https:\/\/www.encontrasantana.com.br\/sobre\/santana-recebe-a-formula-indy-nos-dias-4-e-5-de-maio\/\" \/>\n\t\t<meta property=\"article:published_time\" content=\"2013-04-17T20:33:19+00:00\" \/>\n\t\t<meta property=\"article:modified_time\" content=\"2019-04-15T12:57:46+00:00\" \/>\n\t\t<meta name=\"twitter:card\" content=\"summary\" \/>\n\t\t<meta name=\"twitter:title\" content=\"Santana recebe a F\u00f3rmula Indy nos dias 4 e 5 de maio \u00bb Encontra Santana\" \/>\n\t\t<meta name=\"twitter:description\" content=\"A organiza\u00e7\u00e3o da F\u00f3rmula Indy (Indycar) anunciou oficialmente o calend\u00e1rio da temporada de 2013 da categoria e a etapa brasileira nas ruas entorno do Anhembi, conhecida como SP Indy 300, ser\u00e1 no dia 5 de maio. Em 2013, a prova da cidade de S\u00e3o Paulo, a exemplo do ano passado, tamb\u00e9m anteceder\u00e1 a tradicional 500 milhas de\" \/>\n\t\t<script type=\"application\/ld+json\" class=\"aioseo-schema\">\n\t\t\t{\"@context\":\"https:\\\/\\\/schema.org\",\"@graph\":[{\"@type\":\"Article\",\"@id\":\"https:\\\/\\\/www.encontrasantana.com.br\\\/sobre\\\/santana-recebe-a-formula-indy-nos-dias-4-e-5-de-maio\\\/#article\",\"name\":\"Santana recebe a F\\u00f3rmula Indy nos dias 4 e 5 de maio \\u00bb Encontra Santana\",\"headline\":\"Santana recebe a F\\u00f3rmula Indy nos dias 4 e 5 de maio\",\"author\":{\"@id\":\"https:\\\/\\\/www.encontrasantana.com.br\\\/sobre\\\/author\\\/esantana\\\/#author\"},\"publisher\":{\"@id\":\"https:\\\/\\\/www.encontrasantana.com.br\\\/sobre\\\/#organization\"},\"datePublished\":\"2013-04-17T17:33:19-03:00\",\"dateModified\":\"2019-04-15T09:57:46-03:00\",\"inLanguage\":\"pt-BR\",\"mainEntityOfPage\":{\"@id\":\"https:\\\/\\\/www.encontrasantana.com.br\\\/sobre\\\/santana-recebe-a-formula-indy-nos-dias-4-e-5-de-maio\\\/#webpage\"},\"isPartOf\":{\"@id\":\"https:\\\/\\\/www.encontrasantana.com.br\\\/sobre\\\/santana-recebe-a-formula-indy-nos-dias-4-e-5-de-maio\\\/#webpage\"},\"articleSection\":\"Not\\u00edcias Santana\"},{\"@type\":\"BreadcrumbList\",\"@id\":\"https:\\\/\\\/www.encontrasantana.com.br\\\/sobre\\\/santana-recebe-a-formula-indy-nos-dias-4-e-5-de-maio\\\/#breadcrumblist\",\"itemListElement\":[{\"@type\":\"ListItem\",\"@id\":\"https:\\\/\\\/www.encontrasantana.com.br\\\/sobre#listItem\",\"position\":1,\"name\":\"In\\u00edcio\",\"item\":\"https:\\\/\\\/www.encontrasantana.com.br\\\/sobre\",\"nextItem\":{\"@type\":\"ListItem\",\"@id\":\"https:\\\/\\\/www.encontrasantana.com.br\\\/sobre\\\/noticias-em-santana\\\/#listItem\",\"name\":\"Not\\u00edcias Santana\"}},{\"@type\":\"ListItem\",\"@id\":\"https:\\\/\\\/www.encontrasantana.com.br\\\/sobre\\\/noticias-em-santana\\\/#listItem\",\"position\":2,\"name\":\"Not\\u00edcias Santana\",\"item\":\"https:\\\/\\\/www.encontrasantana.com.br\\\/sobre\\\/noticias-em-santana\\\/\",\"nextItem\":{\"@type\":\"ListItem\",\"@id\":\"https:\\\/\\\/www.encontrasantana.com.br\\\/sobre\\\/santana-recebe-a-formula-indy-nos-dias-4-e-5-de-maio\\\/#listItem\",\"name\":\"Santana recebe a F\\u00f3rmula Indy nos dias 4 e 5 de maio\"},\"previousItem\":{\"@type\":\"ListItem\",\"@id\":\"https:\\\/\\\/www.encontrasantana.com.br\\\/sobre#listItem\",\"name\":\"In\\u00edcio\"}},{\"@type\":\"ListItem\",\"@id\":\"https:\\\/\\\/www.encontrasantana.com.br\\\/sobre\\\/santana-recebe-a-formula-indy-nos-dias-4-e-5-de-maio\\\/#listItem\",\"position\":3,\"name\":\"Santana recebe a F\\u00f3rmula Indy nos dias 4 e 5 de maio\",\"previousItem\":{\"@type\":\"ListItem\",\"@id\":\"https:\\\/\\\/www.encontrasantana.com.br\\\/sobre\\\/noticias-em-santana\\\/#listItem\",\"name\":\"Not\\u00edcias Santana\"}}]},{\"@type\":\"Organization\",\"@id\":\"https:\\\/\\\/www.encontrasantana.com.br\\\/sobre\\\/#organization\",\"name\":\"Encontra Santana\",\"description\":\"Not\\u00edcias, eventos, informa\\u00e7\\u00f5es e dicas no bairro de Santana e regi\\u00e3o.\",\"url\":\"https:\\\/\\\/www.encontrasantana.com.br\\\/sobre\\\/\"},{\"@type\":\"Person\",\"@id\":\"https:\\\/\\\/www.encontrasantana.com.br\\\/sobre\\\/author\\\/esantana\\\/#author\",\"url\":\"https:\\\/\\\/www.encontrasantana.com.br\\\/sobre\\\/author\\\/esantana\\\/\",\"name\":\"Encontra Santana\",\"image\":{\"@type\":\"ImageObject\",\"@id\":\"https:\\\/\\\/www.encontrasantana.com.br\\\/sobre\\\/santana-recebe-a-formula-indy-nos-dias-4-e-5-de-maio\\\/#authorImage\",\"url\":\"https:\\\/\\\/secure.gravatar.com\\\/avatar\\\/0fbed662e37531ae23e68f85f9517b2454e50c1dfebf80eb9b721449ac95e0b9?s=96&d=mm&r=g\",\"width\":96,\"height\":96,\"caption\":\"Encontra Santana\"}},{\"@type\":\"WebPage\",\"@id\":\"https:\\\/\\\/www.encontrasantana.com.br\\\/sobre\\\/santana-recebe-a-formula-indy-nos-dias-4-e-5-de-maio\\\/#webpage\",\"url\":\"https:\\\/\\\/www.encontrasantana.com.br\\\/sobre\\\/santana-recebe-a-formula-indy-nos-dias-4-e-5-de-maio\\\/\",\"name\":\"Santana recebe a F\\u00f3rmula Indy nos dias 4 e 5 de maio \\u00bb Encontra Santana\",\"description\":\"A organiza\\u00e7\\u00e3o da F\\u00f3rmula Indy (Indycar) anunciou oficialmente o calend\\u00e1rio da temporada de 2013 da categoria e a etapa brasileira nas ruas entorno do Anhembi, conhecida como SP Indy 300, ser\\u00e1 no dia 5 de maio. Em 2013, a prova da cidade de S\\u00e3o Paulo, a exemplo do ano passado, tamb\\u00e9m anteceder\\u00e1 a tradicional 500 milhas de\",\"inLanguage\":\"pt-BR\",\"isPartOf\":{\"@id\":\"https:\\\/\\\/www.encontrasantana.com.br\\\/sobre\\\/#website\"},\"breadcrumb\":{\"@id\":\"https:\\\/\\\/www.encontrasantana.com.br\\\/sobre\\\/santana-recebe-a-formula-indy-nos-dias-4-e-5-de-maio\\\/#breadcrumblist\"},\"author\":{\"@id\":\"https:\\\/\\\/www.encontrasantana.com.br\\\/sobre\\\/author\\\/esantana\\\/#author\"},\"creator\":{\"@id\":\"https:\\\/\\\/www.encontrasantana.com.br\\\/sobre\\\/author\\\/esantana\\\/#author\"},\"datePublished\":\"2013-04-17T17:33:19-03:00\",\"dateModified\":\"2019-04-15T09:57:46-03:00\"},{\"@type\":\"WebSite\",\"@id\":\"https:\\\/\\\/www.encontrasantana.com.br\\\/sobre\\\/#website\",\"url\":\"https:\\\/\\\/www.encontrasantana.com.br\\\/sobre\\\/\",\"name\":\"Encontra Santana\",\"description\":\"Not\\u00edcias, eventos, informa\\u00e7\\u00f5es e dicas no bairro de Santana e regi\\u00e3o.\",\"inLanguage\":\"pt-BR\",\"publisher\":{\"@id\":\"https:\\\/\\\/www.encontrasantana.com.br\\\/sobre\\\/#organization\"}}]}\n\t\t<\/script>\n\t\t<!-- All in One SEO -->\n\n","aioseo_head_json":{"title":"Santana recebe a F\u00f3rmula Indy nos dias 4 e 5 de maio \u00bb Encontra Santana","description":"A organiza\u00e7\u00e3o da F\u00f3rmula Indy (Indycar) anunciou oficialmente o calend\u00e1rio da temporada de 2013 da categoria e a etapa brasileira nas ruas entorno do Anhembi, conhecida como SP Indy 300, ser\u00e1 no dia 5 de maio. Em 2013, a prova da cidade de S\u00e3o Paulo, a exemplo do ano passado, tamb\u00e9m anteceder\u00e1 a tradicional 500 milhas de","canonical_url":"https:\/\/www.encontrasantana.com.br\/sobre\/santana-recebe-a-formula-indy-nos-dias-4-e-5-de-maio\/","robots":"max-image-preview:large","keywords":"","webmasterTools":{"miscellaneous":""},"schema":{"@context":"https:\/\/schema.org","@graph":[{"@type":"Article","@id":"https:\/\/www.encontrasantana.com.br\/sobre\/santana-recebe-a-formula-indy-nos-dias-4-e-5-de-maio\/#article","name":"Santana recebe a F\u00f3rmula Indy nos dias 4 e 5 de maio \u00bb Encontra Santana","headline":"Santana recebe a F\u00f3rmula Indy nos dias 4 e 5 de maio","author":{"@id":"https:\/\/www.encontrasantana.com.br\/sobre\/author\/esantana\/#author"},"publisher":{"@id":"https:\/\/www.encontrasantana.com.br\/sobre\/#organization"},"datePublished":"2013-04-17T17:33:19-03:00","dateModified":"2019-04-15T09:57:46-03:00","inLanguage":"pt-BR","mainEntityOfPage":{"@id":"https:\/\/www.encontrasantana.com.br\/sobre\/santana-recebe-a-formula-indy-nos-dias-4-e-5-de-maio\/#webpage"},"isPartOf":{"@id":"https:\/\/www.encontrasantana.com.br\/sobre\/santana-recebe-a-formula-indy-nos-dias-4-e-5-de-maio\/#webpage"},"articleSection":"Not\u00edcias Santana"},{"@type":"BreadcrumbList","@id":"https:\/\/www.encontrasantana.com.br\/sobre\/santana-recebe-a-formula-indy-nos-dias-4-e-5-de-maio\/#breadcrumblist","itemListElement":[{"@type":"ListItem","@id":"https:\/\/www.encontrasantana.com.br\/sobre#listItem","position":1,"name":"In\u00edcio","item":"https:\/\/www.encontrasantana.com.br\/sobre","nextItem":{"@type":"ListItem","@id":"https:\/\/www.encontrasantana.com.br\/sobre\/noticias-em-santana\/#listItem","name":"Not\u00edcias Santana"}},{"@type":"ListItem","@id":"https:\/\/www.encontrasantana.com.br\/sobre\/noticias-em-santana\/#listItem","position":2,"name":"Not\u00edcias Santana","item":"https:\/\/www.encontrasantana.com.br\/sobre\/noticias-em-santana\/","nextItem":{"@type":"ListItem","@id":"https:\/\/www.encontrasantana.com.br\/sobre\/santana-recebe-a-formula-indy-nos-dias-4-e-5-de-maio\/#listItem","name":"Santana recebe a F\u00f3rmula Indy nos dias 4 e 5 de maio"},"previousItem":{"@type":"ListItem","@id":"https:\/\/www.encontrasantana.com.br\/sobre#listItem","name":"In\u00edcio"}},{"@type":"ListItem","@id":"https:\/\/www.encontrasantana.com.br\/sobre\/santana-recebe-a-formula-indy-nos-dias-4-e-5-de-maio\/#listItem","position":3,"name":"Santana recebe a F\u00f3rmula Indy nos dias 4 e 5 de maio","previousItem":{"@type":"ListItem","@id":"https:\/\/www.encontrasantana.com.br\/sobre\/noticias-em-santana\/#listItem","name":"Not\u00edcias Santana"}}]},{"@type":"Organization","@id":"https:\/\/www.encontrasantana.com.br\/sobre\/#organization","name":"Encontra Santana","description":"Not\u00edcias, eventos, informa\u00e7\u00f5es e dicas no bairro de Santana e regi\u00e3o.","url":"https:\/\/www.encontrasantana.com.br\/sobre\/"},{"@type":"Person","@id":"https:\/\/www.encontrasantana.com.br\/sobre\/author\/esantana\/#author","url":"https:\/\/www.encontrasantana.com.br\/sobre\/author\/esantana\/","name":"Encontra Santana","image":{"@type":"ImageObject","@id":"https:\/\/www.encontrasantana.com.br\/sobre\/santana-recebe-a-formula-indy-nos-dias-4-e-5-de-maio\/#authorImage","url":"https:\/\/secure.gravatar.com\/avatar\/0fbed662e37531ae23e68f85f9517b2454e50c1dfebf80eb9b721449ac95e0b9?s=96&d=mm&r=g","width":96,"height":96,"caption":"Encontra Santana"}},{"@type":"WebPage","@id":"https:\/\/www.encontrasantana.com.br\/sobre\/santana-recebe-a-formula-indy-nos-dias-4-e-5-de-maio\/#webpage","url":"https:\/\/www.encontrasantana.com.br\/sobre\/santana-recebe-a-formula-indy-nos-dias-4-e-5-de-maio\/","name":"Santana recebe a F\u00f3rmula Indy nos dias 4 e 5 de maio \u00bb Encontra Santana","description":"A organiza\u00e7\u00e3o da F\u00f3rmula Indy (Indycar) anunciou oficialmente o calend\u00e1rio da temporada de 2013 da categoria e a etapa brasileira nas ruas entorno do Anhembi, conhecida como SP Indy 300, ser\u00e1 no dia 5 de maio. Em 2013, a prova da cidade de S\u00e3o Paulo, a exemplo do ano passado, tamb\u00e9m anteceder\u00e1 a tradicional 500 milhas de","inLanguage":"pt-BR","isPartOf":{"@id":"https:\/\/www.encontrasantana.com.br\/sobre\/#website"},"breadcrumb":{"@id":"https:\/\/www.encontrasantana.com.br\/sobre\/santana-recebe-a-formula-indy-nos-dias-4-e-5-de-maio\/#breadcrumblist"},"author":{"@id":"https:\/\/www.encontrasantana.com.br\/sobre\/author\/esantana\/#author"},"creator":{"@id":"https:\/\/www.encontrasantana.com.br\/sobre\/author\/esantana\/#author"},"datePublished":"2013-04-17T17:33:19-03:00","dateModified":"2019-04-15T09:57:46-03:00"},{"@type":"WebSite","@id":"https:\/\/www.encontrasantana.com.br\/sobre\/#website","url":"https:\/\/www.encontrasantana.com.br\/sobre\/","name":"Encontra Santana","description":"Not\u00edcias, eventos, informa\u00e7\u00f5es e dicas no bairro de Santana e regi\u00e3o.","inLanguage":"pt-BR","publisher":{"@id":"https:\/\/www.encontrasantana.com.br\/sobre\/#organization"}}]},"og:locale":"pt_BR","og:site_name":"Encontra Santana | Not\u00edcias, eventos, informa\u00e7\u00f5es e dicas no bairro de Santana e regi\u00e3o.","og:type":"article","og:title":"Santana recebe a F\u00f3rmula Indy nos dias 4 e 5 de maio \u00bb Encontra Santana","og:description":"A organiza\u00e7\u00e3o da F\u00f3rmula Indy (Indycar) anunciou oficialmente o calend\u00e1rio da temporada de 2013 da categoria e a etapa brasileira nas ruas entorno do Anhembi, conhecida como SP Indy 300, ser\u00e1 no dia 5 de maio. Em 2013, a prova da cidade de S\u00e3o Paulo, a exemplo do ano passado, tamb\u00e9m anteceder\u00e1 a tradicional 500 milhas de","og:url":"https:\/\/www.encontrasantana.com.br\/sobre\/santana-recebe-a-formula-indy-nos-dias-4-e-5-de-maio\/","article:published_time":"2013-04-17T20:33:19+00:00","article:modified_time":"2019-04-15T12:57:46+00:00","twitter:card":"summary","twitter:title":"Santana recebe a F\u00f3rmula Indy nos dias 4 e 5 de maio \u00bb Encontra Santana","twitter:description":"A organiza\u00e7\u00e3o da F\u00f3rmula Indy (Indycar) anunciou oficialmente o calend\u00e1rio da temporada de 2013 da categoria e a etapa brasileira nas ruas entorno do Anhembi, conhecida como SP Indy 300, ser\u00e1 no dia 5 de maio. Em 2013, a prova da cidade de S\u00e3o Paulo, a exemplo do ano passado, tamb\u00e9m anteceder\u00e1 a tradicional 500 milhas de"},"aioseo_meta_data":{"post_id":"39220","title":null,"description":null,"keywords":null,"keyphrases":null,"primary_term":null,"canonical_url":null,"og_title":null,"og_description":null,"og_object_type":"default","og_image_type":"default","og_image_url":null,"og_image_width":null,"og_image_height":null,"og_image_custom_url":null,"og_image_custom_fields":null,"og_video":null,"og_custom_url":null,"og_article_section":null,"og_article_tags":null,"twitter_use_og":false,"twitter_card":"default","twitter_image_type":"default","twitter_image_url":null,"twitter_image_custom_url":null,"twitter_image_custom_fields":null,"twitter_title":null,"twitter_description":null,"schema":{"blockGraphs":[],"customGraphs":[],"default":{"data":{"Article":[],"Course":[],"Dataset":[],"FAQPage":[],"Movie":[],"Person":[],"Product":[],"ProductReview":[],"Car":[],"Recipe":[],"Service":[],"SoftwareApplication":[],"WebPage":[]},"graphName":"Article","isEnabled":true},"graphs":[]},"schema_type":null,"schema_type_options":null,"pillar_content":false,"robots_default":true,"robots_noindex":false,"robots_noarchive":false,"robots_nosnippet":false,"robots_nofollow":false,"robots_noimageindex":false,"robots_noodp":false,"robots_notranslate":false,"robots_max_snippet":null,"robots_max_videopreview":null,"robots_max_imagepreview":"large","priority":null,"frequency":null,"local_seo":null,"limit_modified_date":false,"created":"2021-04-20 18:30:06","updated":"2026-08-07 00:41:24","focus_keyword":null,"additional_keywords":null,"truseo_locale":null,"ai":null,"breadcrumb_settings":null,"seo_analyzer_scan_date":null},"aioseo_breadcrumb":"<div class=\"aioseo-breadcrumbs\"><span class=\"aioseo-breadcrumb\">\n\t\t\t<a href=\"https:\/\/www.encontrasantana.com.br\/sobre\" title=\"In\u00edcio\">In\u00edcio<\/a>\n\t\t<\/span><span class=\"aioseo-breadcrumb-separator\">&raquo;<\/span><span class=\"aioseo-breadcrumb\">\n\t\t\t<a href=\"https:\/\/www.encontrasantana.com.br\/sobre\/noticias-em-santana\/\" title=\"Not\u00edcias Santana\">Not\u00edcias Santana<\/a>\n\t\t<\/span><span class=\"aioseo-breadcrumb-separator\">&raquo;<\/span><span class=\"aioseo-breadcrumb\">\n\t\t\tSantana recebe a F\u00f3rmula Indy nos dias 4 e 5 de maio\n\t\t<\/span><\/div>","aioseo_breadcrumb_json":[{"label":"In\u00edcio","link":"https:\/\/www.encontrasantana.com.br\/sobre"},{"label":"Not\u00edcias Santana","link":"https:\/\/www.encontrasantana.com.br\/sobre\/noticias-em-santana\/"},{"label":"Santana recebe a F\u00f3rmula Indy nos dias 4 e 5 de maio","link":"https:\/\/www.encontrasantana.com.br\/sobre\/santana-recebe-a-formula-indy-nos-dias-4-e-5-de-maio\/"}],"_links":{"self":[{"href":"https:\/\/www.encontrasantana.com.br\/sobre\/wp-json\/wp\/v2\/posts\/39220","targetHints":{"allow":["GET"]}}],"collection":[{"href":"https:\/\/www.encontrasantana.com.br\/sobre\/wp-json\/wp\/v2\/posts"}],"about":[{"href":"https:\/\/www.encontrasantana.com.br\/sobre\/wp-json\/wp\/v2\/types\/post"}],"author":[{"embeddable":true,"href":"https:\/\/www.encontrasantana.com.br\/sobre\/wp-json\/wp\/v2\/users\/1"}],"replies":[{"embeddable":true,"href":"https:\/\/www.encontrasantana.com.br\/sobre\/wp-json\/wp\/v2\/comments?post=39220"}],"version-history":[{"count":0,"href":"https:\/\/www.encontrasantana.com.br\/sobre\/wp-json\/wp\/v2\/posts\/39220\/revisions"}],"wp:attachment":[{"href":"https:\/\/www.encontrasantana.com.br\/sobre\/wp-json\/wp\/v2\/media?parent=39220"}],"wp:term":[{"taxonomy":"category","embeddable":true,"href":"https:\/\/www.encontrasantana.com.br\/sobre\/wp-json\/wp\/v2\/categories?post=39220"},{"taxonomy":"post_tag","embeddable":true,"href":"https:\/\/www.encontrasantana.com.br\/sobre\/wp-json\/wp\/v2\/tags?post=39220"}],"curies":[{"name":"wp","href":"https:\/\/api.w.org\/{rel}","templated":true}]}}