{"id":39235,"date":"2013-04-26T10:35:26","date_gmt":"2013-04-26T13:35:26","guid":{"rendered":"http:\/\/www.encontrasantana.com.br\/blog\/?p=39235"},"modified":"2019-04-15T09:57:40","modified_gmt":"2019-04-15T12:57:40","slug":"teatro-de-santana-recebe-a-peca-os-boemios-de-adoniran","status":"publish","type":"post","link":"https:\/\/www.encontrasantana.com.br\/sobre\/teatro-de-santana-recebe-a-peca-os-boemios-de-adoniran\/","title":{"rendered":"Teatro de Santana recebe a pe\u00e7a Os Bo\u00eamios de Adoniran"},"content":{"rendered":"<div class=\"1acf8468e559fd3cbeec5aee3a269a52\" data-index=\"1\" style=\"float: none; margin:0px;\">\n<!-- Anuncio display - global -->\r\n<ins class=\"adsbygoogle\"\r\n     style=\"display:block\"\r\n     data-ad-client=\"ca-pub-8585364105181520\"\r\n     data-ad-slot=\"8789329856\"\r\n     data-ad-format=\"auto\"\r\n     data-full-width-responsive=\"true\"><\/ins>\r\n<script>\r\n     (adsbygoogle = window.adsbygoogle || []).push({});\r\n<\/script>\n<\/div>\n<p>Devido ao grande sucesso das temporadas de 2010, 2011 e 2012, a pe\u00e7a Os Bo\u00eamios\u00a0de Adoniran reestreia no pr\u00f3ximo dia quatro, no Teatro da APCD &#8211; S\u00e3o Paulo &#8211; em\u00a0curta temporada.<\/p>\n<p>Trata-se de um projeto sociocultural que visa o resgate e a difus\u00e3o da hist\u00f3ria do\u00a0samba paulistano para o p\u00fablico em geral, atrav\u00e9s das composi\u00e7\u00f5es de Adoniran\u00a0Barbosa, onde jovens, adultos e idosos tem a oportunidade de conhecer os\u00a0personagens criados pelo mestre do samba, e saber um pouco mais da hist\u00f3ria de\u00a0S\u00e3o Paulo, j\u00e1 que seus sambas s\u00e3o a maioria inspirados em bairros paulistanos e seus\u00a0personagens, os tipos da cidade.<\/p>\n<p>\u00c9 uma hist\u00f3ria fict\u00edcia onde os personagens Jo\u00e3o e Jac\u00f3, um velho Turco, revivem\u00a0emocionantes momentos de pura boemia. Para compor a ess\u00eancia do espet\u00e1culo,\u00a0os atores\/ dan\u00e7arinos contam com a presen\u00e7a de cinco m\u00fasicos para interpretar as\u00a0can\u00e7\u00f5es de Adoniran. O grupo aposta nestes momentos do espet\u00e1culo, para atrair as\u00a0aten\u00e7\u00f5es da plateia diretamente para o trabalho do compositor.<\/p>\n<p>O espet\u00e1culo, al\u00e9m de contar com um elenco premiado e de grande talento, retrata\u00a0lindamente a hist\u00f3ria da boemia em S\u00e3o Paulo e foi destaque nos principais guias\u00a0de cultura da cidade, se consagrando com sess\u00f5es sempre lotadas e elogiadas pelo\u00a0p\u00fablico e pela cr\u00edtica.<\/p>\n<p><strong>Servi\u00e7o no bairro de Santana<\/strong><\/p>\n<p>Data: de 4 de maio a 16 de junho de 2013<\/p>\n<p>Hor\u00e1rio: 21h (s\u00e1bados) e 19h (domingos)<\/p>\n<p>Local:\u00a0Teatro APCD<\/p>\n<p>Endere\u00e7o:\u00a0Rua Volunt\u00e1rios da P\u00e1tria, 547<\/p>\n<p>Telefone:\u00a02223-2424<\/p>\n<p>Ingressos:\u00a0R$ 30,00 (inteira) e R$ 15,00 (meia entrada)<\/p>\n<p><em>Fonte: Filtro Cultural<\/em><\/p>\n\n<div style=\"font-size: 0px; height: 0px; line-height: 0px; margin: 0; padding: 0; clear: both;\"><\/div>","protected":false},"excerpt":{"rendered":"<p>Devido ao grande sucesso das temporadas de 2010, 2011 e 2012, a pe\u00e7a Os Bo\u00eamios\u00a0de Adoniran reestreia no pr\u00f3ximo dia quatro, no Teatro da APCD &#8211; S\u00e3o Paulo &#8211; em\u00a0curta temporada. Trata-se de um projeto sociocultural que visa o resgate e a difus\u00e3o da hist\u00f3ria do\u00a0samba paulistano para o p\u00fablico em geral, atrav\u00e9s das composi\u00e7\u00f5es de Adoniran\u00a0Barbosa, onde jovens, adultos e idosos tem a oportunidade de conhecer os\u00a0personagens criados pelo mestre do samba, e saber um pouco mais da hist\u00f3ria de\u00a0S\u00e3o Paulo, j\u00e1 que seus sambas s\u00e3o a maioria inspirados em bairros paulistanos e seus\u00a0personagens, os tipos da cidade. \u00c9 <\/p>\n","protected":false},"author":1,"featured_media":0,"comment_status":"open","ping_status":"closed","sticky":false,"template":"","format":"standard","meta":{"footnotes":""},"categories":[20],"tags":[],"class_list":["post-39235","post","type-post","status-publish","format-standard","hentry","category-cultura-em-santana"],"aioseo_notices":[],"aioseo_head":"\n\t\t<!-- All in One SEO 5.0.0.1 - aioseo.com -->\n\t<meta name=\"description\" content=\"Devido ao grande sucesso das temporadas de 2010, 2011 e 2012, a pe\u00e7a Os Bo\u00eamios de Adoniran reestreia no pr\u00f3ximo dia quatro, no Teatro da APCD - S\u00e3o Paulo - em curta temporada. Trata-se de um projeto sociocultural que visa o resgate e a difus\u00e3o da hist\u00f3ria do samba paulistano para o p\u00fablico em geral, atrav\u00e9s das composi\u00e7\u00f5es\" \/>\n\t<meta name=\"robots\" content=\"max-image-preview:large\" \/>\n\t<meta name=\"author\" content=\"Encontra Santana\"\/>\n\t<link rel=\"canonical\" href=\"https:\/\/www.encontrasantana.com.br\/sobre\/teatro-de-santana-recebe-a-peca-os-boemios-de-adoniran\/\" \/>\n\t<meta name=\"generator\" content=\"All in One SEO (AIOSEO) 5.0.0.1\" \/>\n\t\t<meta property=\"og:locale\" content=\"pt_BR\" \/>\n\t\t<meta property=\"og:site_name\" content=\"Encontra Santana | Not\u00edcias, eventos, informa\u00e7\u00f5es e dicas no bairro de Santana e regi\u00e3o.\" \/>\n\t\t<meta property=\"og:type\" content=\"article\" \/>\n\t\t<meta property=\"og:title\" content=\"Teatro de Santana recebe a pe\u00e7a Os Bo\u00eamios de Adoniran \u00bb Encontra Santana\" \/>\n\t\t<meta property=\"og:description\" content=\"Devido ao grande sucesso das temporadas de 2010, 2011 e 2012, a pe\u00e7a Os Bo\u00eamios de Adoniran reestreia no pr\u00f3ximo dia quatro, no Teatro da APCD - S\u00e3o Paulo - em curta temporada. Trata-se de um projeto sociocultural que visa o resgate e a difus\u00e3o da hist\u00f3ria do samba paulistano para o p\u00fablico em geral, atrav\u00e9s das composi\u00e7\u00f5es\" \/>\n\t\t<meta property=\"og:url\" content=\"https:\/\/www.encontrasantana.com.br\/sobre\/teatro-de-santana-recebe-a-peca-os-boemios-de-adoniran\/\" \/>\n\t\t<meta property=\"article:published_time\" content=\"2013-04-26T13:35:26+00:00\" \/>\n\t\t<meta property=\"article:modified_time\" content=\"2019-04-15T12:57:40+00:00\" \/>\n\t\t<meta name=\"twitter:card\" content=\"summary\" \/>\n\t\t<meta name=\"twitter:title\" content=\"Teatro de Santana recebe a pe\u00e7a Os Bo\u00eamios de Adoniran \u00bb Encontra Santana\" \/>\n\t\t<meta name=\"twitter:description\" content=\"Devido ao grande sucesso das temporadas de 2010, 2011 e 2012, a pe\u00e7a Os Bo\u00eamios de Adoniran reestreia no pr\u00f3ximo dia quatro, no Teatro da APCD - S\u00e3o Paulo - em curta temporada. Trata-se de um projeto sociocultural que visa o resgate e a difus\u00e3o da hist\u00f3ria do samba paulistano para o p\u00fablico em geral, atrav\u00e9s das composi\u00e7\u00f5es\" \/>\n\t\t<script type=\"application\/ld+json\" class=\"aioseo-schema\">\n\t\t\t{\"@context\":\"https:\\\/\\\/schema.org\",\"@graph\":[{\"@type\":\"Article\",\"@id\":\"https:\\\/\\\/www.encontrasantana.com.br\\\/sobre\\\/teatro-de-santana-recebe-a-peca-os-boemios-de-adoniran\\\/#article\",\"name\":\"Teatro de Santana recebe a pe\\u00e7a Os Bo\\u00eamios de Adoniran \\u00bb Encontra Santana\",\"headline\":\"Teatro de Santana recebe a pe\\u00e7a Os Bo\\u00eamios de Adoniran\",\"author\":{\"@id\":\"https:\\\/\\\/www.encontrasantana.com.br\\\/sobre\\\/author\\\/esantana\\\/#author\"},\"publisher\":{\"@id\":\"https:\\\/\\\/www.encontrasantana.com.br\\\/sobre\\\/#organization\"},\"datePublished\":\"2013-04-26T10:35:26-03:00\",\"dateModified\":\"2019-04-15T09:57:40-03:00\",\"inLanguage\":\"pt-BR\",\"mainEntityOfPage\":{\"@id\":\"https:\\\/\\\/www.encontrasantana.com.br\\\/sobre\\\/teatro-de-santana-recebe-a-peca-os-boemios-de-adoniran\\\/#webpage\"},\"isPartOf\":{\"@id\":\"https:\\\/\\\/www.encontrasantana.com.br\\\/sobre\\\/teatro-de-santana-recebe-a-peca-os-boemios-de-adoniran\\\/#webpage\"},\"articleSection\":\"Cultura Santana\"},{\"@type\":\"BreadcrumbList\",\"@id\":\"https:\\\/\\\/www.encontrasantana.com.br\\\/sobre\\\/teatro-de-santana-recebe-a-peca-os-boemios-de-adoniran\\\/#breadcrumblist\",\"itemListElement\":[{\"@type\":\"ListItem\",\"@id\":\"https:\\\/\\\/www.encontrasantana.com.br\\\/sobre#listItem\",\"position\":1,\"name\":\"In\\u00edcio\",\"item\":\"https:\\\/\\\/www.encontrasantana.com.br\\\/sobre\",\"nextItem\":{\"@type\":\"ListItem\",\"@id\":\"https:\\\/\\\/www.encontrasantana.com.br\\\/sobre\\\/cultura-em-santana\\\/#listItem\",\"name\":\"Cultura Santana\"}},{\"@type\":\"ListItem\",\"@id\":\"https:\\\/\\\/www.encontrasantana.com.br\\\/sobre\\\/cultura-em-santana\\\/#listItem\",\"position\":2,\"name\":\"Cultura Santana\",\"item\":\"https:\\\/\\\/www.encontrasantana.com.br\\\/sobre\\\/cultura-em-santana\\\/\",\"nextItem\":{\"@type\":\"ListItem\",\"@id\":\"https:\\\/\\\/www.encontrasantana.com.br\\\/sobre\\\/teatro-de-santana-recebe-a-peca-os-boemios-de-adoniran\\\/#listItem\",\"name\":\"Teatro de Santana recebe a pe\\u00e7a Os Bo\\u00eamios de Adoniran\"},\"previousItem\":{\"@type\":\"ListItem\",\"@id\":\"https:\\\/\\\/www.encontrasantana.com.br\\\/sobre#listItem\",\"name\":\"In\\u00edcio\"}},{\"@type\":\"ListItem\",\"@id\":\"https:\\\/\\\/www.encontrasantana.com.br\\\/sobre\\\/teatro-de-santana-recebe-a-peca-os-boemios-de-adoniran\\\/#listItem\",\"position\":3,\"name\":\"Teatro de Santana recebe a pe\\u00e7a Os Bo\\u00eamios de Adoniran\",\"previousItem\":{\"@type\":\"ListItem\",\"@id\":\"https:\\\/\\\/www.encontrasantana.com.br\\\/sobre\\\/cultura-em-santana\\\/#listItem\",\"name\":\"Cultura Santana\"}}]},{\"@type\":\"Organization\",\"@id\":\"https:\\\/\\\/www.encontrasantana.com.br\\\/sobre\\\/#organization\",\"name\":\"Encontra Santana\",\"description\":\"Not\\u00edcias, eventos, informa\\u00e7\\u00f5es e dicas no bairro de Santana e regi\\u00e3o.\",\"url\":\"https:\\\/\\\/www.encontrasantana.com.br\\\/sobre\\\/\"},{\"@type\":\"Person\",\"@id\":\"https:\\\/\\\/www.encontrasantana.com.br\\\/sobre\\\/author\\\/esantana\\\/#author\",\"url\":\"https:\\\/\\\/www.encontrasantana.com.br\\\/sobre\\\/author\\\/esantana\\\/\",\"name\":\"Encontra Santana\",\"image\":{\"@type\":\"ImageObject\",\"@id\":\"https:\\\/\\\/www.encontrasantana.com.br\\\/sobre\\\/teatro-de-santana-recebe-a-peca-os-boemios-de-adoniran\\\/#authorImage\",\"url\":\"https:\\\/\\\/secure.gravatar.com\\\/avatar\\\/0fbed662e37531ae23e68f85f9517b2454e50c1dfebf80eb9b721449ac95e0b9?s=96&d=mm&r=g\",\"width\":96,\"height\":96,\"caption\":\"Encontra Santana\"}},{\"@type\":\"WebPage\",\"@id\":\"https:\\\/\\\/www.encontrasantana.com.br\\\/sobre\\\/teatro-de-santana-recebe-a-peca-os-boemios-de-adoniran\\\/#webpage\",\"url\":\"https:\\\/\\\/www.encontrasantana.com.br\\\/sobre\\\/teatro-de-santana-recebe-a-peca-os-boemios-de-adoniran\\\/\",\"name\":\"Teatro de Santana recebe a pe\\u00e7a Os Bo\\u00eamios de Adoniran \\u00bb Encontra Santana\",\"description\":\"Devido ao grande sucesso das temporadas de 2010, 2011 e 2012, a pe\\u00e7a Os Bo\\u00eamios de Adoniran reestreia no pr\\u00f3ximo dia quatro, no Teatro da APCD - S\\u00e3o Paulo - em curta temporada. Trata-se de um projeto sociocultural que visa o resgate e a difus\\u00e3o da hist\\u00f3ria do samba paulistano para o p\\u00fablico em geral, atrav\\u00e9s das composi\\u00e7\\u00f5es\",\"inLanguage\":\"pt-BR\",\"isPartOf\":{\"@id\":\"https:\\\/\\\/www.encontrasantana.com.br\\\/sobre\\\/#website\"},\"breadcrumb\":{\"@id\":\"https:\\\/\\\/www.encontrasantana.com.br\\\/sobre\\\/teatro-de-santana-recebe-a-peca-os-boemios-de-adoniran\\\/#breadcrumblist\"},\"author\":{\"@id\":\"https:\\\/\\\/www.encontrasantana.com.br\\\/sobre\\\/author\\\/esantana\\\/#author\"},\"creator\":{\"@id\":\"https:\\\/\\\/www.encontrasantana.com.br\\\/sobre\\\/author\\\/esantana\\\/#author\"},\"datePublished\":\"2013-04-26T10:35:26-03:00\",\"dateModified\":\"2019-04-15T09:57:40-03:00\"},{\"@type\":\"WebSite\",\"@id\":\"https:\\\/\\\/www.encontrasantana.com.br\\\/sobre\\\/#website\",\"url\":\"https:\\\/\\\/www.encontrasantana.com.br\\\/sobre\\\/\",\"name\":\"Encontra Santana\",\"description\":\"Not\\u00edcias, eventos, informa\\u00e7\\u00f5es e dicas no bairro de Santana e regi\\u00e3o.\",\"inLanguage\":\"pt-BR\",\"publisher\":{\"@id\":\"https:\\\/\\\/www.encontrasantana.com.br\\\/sobre\\\/#organization\"}}]}\n\t\t<\/script>\n\t\t<!-- All in One SEO -->\n\n","aioseo_head_json":{"title":"Teatro de Santana recebe a pe\u00e7a Os Bo\u00eamios de Adoniran \u00bb Encontra Santana","description":"Devido ao grande sucesso das temporadas de 2010, 2011 e 2012, a pe\u00e7a Os Bo\u00eamios de Adoniran reestreia no pr\u00f3ximo dia quatro, no Teatro da APCD - S\u00e3o Paulo - em curta temporada. Trata-se de um projeto sociocultural que visa o resgate e a difus\u00e3o da hist\u00f3ria do samba paulistano para o p\u00fablico em geral, atrav\u00e9s das composi\u00e7\u00f5es","canonical_url":"https:\/\/www.encontrasantana.com.br\/sobre\/teatro-de-santana-recebe-a-peca-os-boemios-de-adoniran\/","robots":"max-image-preview:large","keywords":"","webmasterTools":{"miscellaneous":""},"schema":{"@context":"https:\/\/schema.org","@graph":[{"@type":"Article","@id":"https:\/\/www.encontrasantana.com.br\/sobre\/teatro-de-santana-recebe-a-peca-os-boemios-de-adoniran\/#article","name":"Teatro de Santana recebe a pe\u00e7a Os Bo\u00eamios de Adoniran \u00bb Encontra Santana","headline":"Teatro de Santana recebe a pe\u00e7a Os Bo\u00eamios de Adoniran","author":{"@id":"https:\/\/www.encontrasantana.com.br\/sobre\/author\/esantana\/#author"},"publisher":{"@id":"https:\/\/www.encontrasantana.com.br\/sobre\/#organization"},"datePublished":"2013-04-26T10:35:26-03:00","dateModified":"2019-04-15T09:57:40-03:00","inLanguage":"pt-BR","mainEntityOfPage":{"@id":"https:\/\/www.encontrasantana.com.br\/sobre\/teatro-de-santana-recebe-a-peca-os-boemios-de-adoniran\/#webpage"},"isPartOf":{"@id":"https:\/\/www.encontrasantana.com.br\/sobre\/teatro-de-santana-recebe-a-peca-os-boemios-de-adoniran\/#webpage"},"articleSection":"Cultura Santana"},{"@type":"BreadcrumbList","@id":"https:\/\/www.encontrasantana.com.br\/sobre\/teatro-de-santana-recebe-a-peca-os-boemios-de-adoniran\/#breadcrumblist","itemListElement":[{"@type":"ListItem","@id":"https:\/\/www.encontrasantana.com.br\/sobre#listItem","position":1,"name":"In\u00edcio","item":"https:\/\/www.encontrasantana.com.br\/sobre","nextItem":{"@type":"ListItem","@id":"https:\/\/www.encontrasantana.com.br\/sobre\/cultura-em-santana\/#listItem","name":"Cultura Santana"}},{"@type":"ListItem","@id":"https:\/\/www.encontrasantana.com.br\/sobre\/cultura-em-santana\/#listItem","position":2,"name":"Cultura Santana","item":"https:\/\/www.encontrasantana.com.br\/sobre\/cultura-em-santana\/","nextItem":{"@type":"ListItem","@id":"https:\/\/www.encontrasantana.com.br\/sobre\/teatro-de-santana-recebe-a-peca-os-boemios-de-adoniran\/#listItem","name":"Teatro de Santana recebe a pe\u00e7a Os Bo\u00eamios de Adoniran"},"previousItem":{"@type":"ListItem","@id":"https:\/\/www.encontrasantana.com.br\/sobre#listItem","name":"In\u00edcio"}},{"@type":"ListItem","@id":"https:\/\/www.encontrasantana.com.br\/sobre\/teatro-de-santana-recebe-a-peca-os-boemios-de-adoniran\/#listItem","position":3,"name":"Teatro de Santana recebe a pe\u00e7a Os Bo\u00eamios de Adoniran","previousItem":{"@type":"ListItem","@id":"https:\/\/www.encontrasantana.com.br\/sobre\/cultura-em-santana\/#listItem","name":"Cultura Santana"}}]},{"@type":"Organization","@id":"https:\/\/www.encontrasantana.com.br\/sobre\/#organization","name":"Encontra Santana","description":"Not\u00edcias, eventos, informa\u00e7\u00f5es e dicas no bairro de Santana e regi\u00e3o.","url":"https:\/\/www.encontrasantana.com.br\/sobre\/"},{"@type":"Person","@id":"https:\/\/www.encontrasantana.com.br\/sobre\/author\/esantana\/#author","url":"https:\/\/www.encontrasantana.com.br\/sobre\/author\/esantana\/","name":"Encontra Santana","image":{"@type":"ImageObject","@id":"https:\/\/www.encontrasantana.com.br\/sobre\/teatro-de-santana-recebe-a-peca-os-boemios-de-adoniran\/#authorImage","url":"https:\/\/secure.gravatar.com\/avatar\/0fbed662e37531ae23e68f85f9517b2454e50c1dfebf80eb9b721449ac95e0b9?s=96&d=mm&r=g","width":96,"height":96,"caption":"Encontra Santana"}},{"@type":"WebPage","@id":"https:\/\/www.encontrasantana.com.br\/sobre\/teatro-de-santana-recebe-a-peca-os-boemios-de-adoniran\/#webpage","url":"https:\/\/www.encontrasantana.com.br\/sobre\/teatro-de-santana-recebe-a-peca-os-boemios-de-adoniran\/","name":"Teatro de Santana recebe a pe\u00e7a Os Bo\u00eamios de Adoniran \u00bb Encontra Santana","description":"Devido ao grande sucesso das temporadas de 2010, 2011 e 2012, a pe\u00e7a Os Bo\u00eamios de Adoniran reestreia no pr\u00f3ximo dia quatro, no Teatro da APCD - S\u00e3o Paulo - em curta temporada. Trata-se de um projeto sociocultural que visa o resgate e a difus\u00e3o da hist\u00f3ria do samba paulistano para o p\u00fablico em geral, atrav\u00e9s das composi\u00e7\u00f5es","inLanguage":"pt-BR","isPartOf":{"@id":"https:\/\/www.encontrasantana.com.br\/sobre\/#website"},"breadcrumb":{"@id":"https:\/\/www.encontrasantana.com.br\/sobre\/teatro-de-santana-recebe-a-peca-os-boemios-de-adoniran\/#breadcrumblist"},"author":{"@id":"https:\/\/www.encontrasantana.com.br\/sobre\/author\/esantana\/#author"},"creator":{"@id":"https:\/\/www.encontrasantana.com.br\/sobre\/author\/esantana\/#author"},"datePublished":"2013-04-26T10:35:26-03:00","dateModified":"2019-04-15T09:57:40-03:00"},{"@type":"WebSite","@id":"https:\/\/www.encontrasantana.com.br\/sobre\/#website","url":"https:\/\/www.encontrasantana.com.br\/sobre\/","name":"Encontra Santana","description":"Not\u00edcias, eventos, informa\u00e7\u00f5es e dicas no bairro de Santana e regi\u00e3o.","inLanguage":"pt-BR","publisher":{"@id":"https:\/\/www.encontrasantana.com.br\/sobre\/#organization"}}]},"og:locale":"pt_BR","og:site_name":"Encontra Santana | Not\u00edcias, eventos, informa\u00e7\u00f5es e dicas no bairro de Santana e regi\u00e3o.","og:type":"article","og:title":"Teatro de Santana recebe a pe\u00e7a Os Bo\u00eamios de Adoniran \u00bb Encontra Santana","og:description":"Devido ao grande sucesso das temporadas de 2010, 2011 e 2012, a pe\u00e7a Os Bo\u00eamios de Adoniran reestreia no pr\u00f3ximo dia quatro, no Teatro da APCD - S\u00e3o Paulo - em curta temporada. Trata-se de um projeto sociocultural que visa o resgate e a difus\u00e3o da hist\u00f3ria do samba paulistano para o p\u00fablico em geral, atrav\u00e9s das composi\u00e7\u00f5es","og:url":"https:\/\/www.encontrasantana.com.br\/sobre\/teatro-de-santana-recebe-a-peca-os-boemios-de-adoniran\/","article:published_time":"2013-04-26T13:35:26+00:00","article:modified_time":"2019-04-15T12:57:40+00:00","twitter:card":"summary","twitter:title":"Teatro de Santana recebe a pe\u00e7a Os Bo\u00eamios de Adoniran \u00bb Encontra Santana","twitter:description":"Devido ao grande sucesso das temporadas de 2010, 2011 e 2012, a pe\u00e7a Os Bo\u00eamios de Adoniran reestreia no pr\u00f3ximo dia quatro, no Teatro da APCD - S\u00e3o Paulo - em curta temporada. Trata-se de um projeto sociocultural que visa o resgate e a difus\u00e3o da hist\u00f3ria do samba paulistano para o p\u00fablico em geral, atrav\u00e9s das composi\u00e7\u00f5es"},"aioseo_meta_data":{"post_id":"39235","title":null,"description":null,"keywords":null,"keyphrases":null,"primary_term":null,"canonical_url":null,"og_title":null,"og_description":null,"og_object_type":"default","og_image_type":"default","og_image_url":null,"og_image_width":null,"og_image_height":null,"og_image_custom_url":null,"og_image_custom_fields":null,"og_video":null,"og_custom_url":null,"og_article_section":null,"og_article_tags":null,"twitter_use_og":false,"twitter_card":"default","twitter_image_type":"default","twitter_image_url":null,"twitter_image_custom_url":null,"twitter_image_custom_fields":null,"twitter_title":null,"twitter_description":null,"schema":{"blockGraphs":[],"customGraphs":[],"default":{"data":{"Article":[],"Course":[],"Dataset":[],"FAQPage":[],"Movie":[],"Person":[],"Product":[],"ProductReview":[],"Car":[],"Recipe":[],"Service":[],"SoftwareApplication":[],"WebPage":[]},"graphName":"Article","isEnabled":true},"graphs":[]},"schema_type":null,"schema_type_options":null,"pillar_content":false,"robots_default":true,"robots_noindex":false,"robots_noarchive":false,"robots_nosnippet":false,"robots_nofollow":false,"robots_noimageindex":false,"robots_noodp":false,"robots_notranslate":false,"robots_max_snippet":null,"robots_max_videopreview":null,"robots_max_imagepreview":"large","priority":null,"frequency":null,"local_seo":null,"limit_modified_date":false,"created":"2021-04-20 18:30:06","updated":"2026-08-07 00:41:24","focus_keyword":null,"additional_keywords":null,"truseo_locale":null,"ai":null,"breadcrumb_settings":null,"seo_analyzer_scan_date":null},"aioseo_breadcrumb":"<div class=\"aioseo-breadcrumbs\"><span class=\"aioseo-breadcrumb\">\n\t\t\t<a href=\"https:\/\/www.encontrasantana.com.br\/sobre\" title=\"In\u00edcio\">In\u00edcio<\/a>\n\t\t<\/span><span class=\"aioseo-breadcrumb-separator\">&raquo;<\/span><span class=\"aioseo-breadcrumb\">\n\t\t\t<a href=\"https:\/\/www.encontrasantana.com.br\/sobre\/cultura-em-santana\/\" title=\"Cultura Santana\">Cultura Santana<\/a>\n\t\t<\/span><span class=\"aioseo-breadcrumb-separator\">&raquo;<\/span><span class=\"aioseo-breadcrumb\">\n\t\t\tTeatro de Santana recebe a pe\u00e7a Os Bo\u00eamios de Adoniran\n\t\t<\/span><\/div>","aioseo_breadcrumb_json":[{"label":"In\u00edcio","link":"https:\/\/www.encontrasantana.com.br\/sobre"},{"label":"Cultura Santana","link":"https:\/\/www.encontrasantana.com.br\/sobre\/cultura-em-santana\/"},{"label":"Teatro de Santana recebe a pe\u00e7a Os Bo\u00eamios de Adoniran","link":"https:\/\/www.encontrasantana.com.br\/sobre\/teatro-de-santana-recebe-a-peca-os-boemios-de-adoniran\/"}],"_links":{"self":[{"href":"https:\/\/www.encontrasantana.com.br\/sobre\/wp-json\/wp\/v2\/posts\/39235","targetHints":{"allow":["GET"]}}],"collection":[{"href":"https:\/\/www.encontrasantana.com.br\/sobre\/wp-json\/wp\/v2\/posts"}],"about":[{"href":"https:\/\/www.encontrasantana.com.br\/sobre\/wp-json\/wp\/v2\/types\/post"}],"author":[{"embeddable":true,"href":"https:\/\/www.encontrasantana.com.br\/sobre\/wp-json\/wp\/v2\/users\/1"}],"replies":[{"embeddable":true,"href":"https:\/\/www.encontrasantana.com.br\/sobre\/wp-json\/wp\/v2\/comments?post=39235"}],"version-history":[{"count":0,"href":"https:\/\/www.encontrasantana.com.br\/sobre\/wp-json\/wp\/v2\/posts\/39235\/revisions"}],"wp:attachment":[{"href":"https:\/\/www.encontrasantana.com.br\/sobre\/wp-json\/wp\/v2\/media?parent=39235"}],"wp:term":[{"taxonomy":"category","embeddable":true,"href":"https:\/\/www.encontrasantana.com.br\/sobre\/wp-json\/wp\/v2\/categories?post=39235"},{"taxonomy":"post_tag","embeddable":true,"href":"https:\/\/www.encontrasantana.com.br\/sobre\/wp-json\/wp\/v2\/tags?post=39235"}],"curies":[{"name":"wp","href":"https:\/\/api.w.org\/{rel}","templated":true}]}}