{"id":39263,"date":"2013-05-16T16:54:25","date_gmt":"2013-05-16T19:54:25","guid":{"rendered":"http:\/\/www.encontrasantana.com.br\/blog\/?p=39263"},"modified":"2019-04-15T09:57:39","modified_gmt":"2019-04-15T12:57:39","slug":"santana-acao-global-nacional-acontece-neste-sabado-no-parque-da-juventude","status":"publish","type":"post","link":"https:\/\/www.encontrasantana.com.br\/sobre\/santana-acao-global-nacional-acontece-neste-sabado-no-parque-da-juventude\/","title":{"rendered":"Santana: A\u00e7\u00e3o Global Nacional acontece neste s\u00e1bado no Parque da Juventude"},"content":{"rendered":"<div class=\"1acf8468e559fd3cbeec5aee3a269a52\" data-index=\"1\" style=\"float: none; margin:0px;\">\n<!-- Anuncio display - global -->\r\n<ins class=\"adsbygoogle\"\r\n     style=\"display:block\"\r\n     data-ad-client=\"ca-pub-8585364105181520\"\r\n     data-ad-slot=\"8789329856\"\r\n     data-ad-format=\"auto\"\r\n     data-full-width-responsive=\"true\"><\/ins>\r\n<script>\r\n     (adsbygoogle = window.adsbygoogle || []).push({});\r\n<\/script>\n<\/div>\n<p>Neste s\u00e1bado (18\/05), o Servi\u00e7o Social da Ind\u00fastria de S\u00e3o Paulo (Sesi-SP) promove, em parceria com a Rede Globo, a\u00a020\u00aa edi\u00e7\u00e3o da A\u00e7\u00e3o Global Nacional, que oferece atendimentos gratuitos nas \u00e1reas de sa\u00fade, cidadania, educa\u00e7\u00e3o, jur\u00eddica e de lazer. Pela primeira vez, a a\u00e7\u00e3o ser\u00e1 dedicada \u00e0s mulheres.<\/p>\n<p>Das 9 \u00e0s 17h, no <a href=\"http:\/\/www.encontrasantana.com.br\/santana\/parque-da-juventude-em-santana.shtml\" target=\"_blank\">Parque da Juventude<\/a>, zona norte de S\u00e3o Paulo, estar\u00e3o \u00e0 disposi\u00e7\u00e3o da comunidade mais de 100 servi\u00e7os, como orienta\u00e7\u00e3o jur\u00eddica, emiss\u00e3o de documentos, oficinas educativas, shows, apresenta\u00e7\u00f5es culturais, oficinas de artesanato e atendimento nos espa\u00e7os de beleza e est\u00e9tica.<\/p>\n<p>Orienta\u00e7\u00e3o nutricional e de sa\u00fade geral, al\u00e9m de exames preventivos, como colesterol, glicemia, press\u00e3o arterial, hepatite C e avalia\u00e7\u00e3o dos rins, fazem parte da programa\u00e7\u00e3o. Haver\u00e1 ainda um escov\u00f3dromo para ensinar crian\u00e7as de 7 a 14 anos a escovar os dentes corretamente, com a distribui\u00e7\u00e3o de 5 mil kits com escova e creme dental. Todos os servi\u00e7os s\u00e3o gratuitos.<\/p>\n<p>O Instituto Se Toque, organiza\u00e7\u00e3o sem fins lucrativos que atua na educa\u00e7\u00e3o sobre o c\u00e2ncer de mama, tamb\u00e9m participar\u00e1 da A\u00e7\u00e3o Global Nacional, com o objetivo de levar informa\u00e7\u00f5es sobre a doen\u00e7a e facilitar o acesso das mulheres ao diagn\u00f3stico precoce.<\/p>\n<p>A Companhia de Saneamento B\u00e1sico do Estado de S\u00e3o Paulo (Sabesp) disponibilizar\u00e1 \u00e1gua aos participantes e volunt\u00e1rios do evento no bairro de Santana. A AES Eletropaulo estar\u00e1 presente com duas unidades volantes para visita\u00e7\u00e3o, al\u00e9m de uma tenda onde ser\u00e3o oferecidas palestras para uso consciente da energia el\u00e9trica.<\/p>\n<p>Al\u00e9m da capital paulista, o evento vai acontecer, simultaneamente, em mais 27 cidades brasileiras.\u00a0A A\u00e7\u00e3o Global Nacional, que completa 20 anos, \u00e9 promovida pelo Servi\u00e7o Social da Ind\u00fastria (SESI) e a Rede Globo de Televis\u00e3o. O objetivo da iniciativa \u00e9 utilizar a informa\u00e7\u00e3o e a mobiliza\u00e7\u00e3o social como estrat\u00e9gia de inclus\u00e3o e resgate da cidadania. A expectativa da organiza\u00e7\u00e3o do evento, que conta com o apoio de 1.500 volunt\u00e1rios, \u00e9 atender 50 mil pessoas.<\/p>\n<p>Clique aqui\u00a0para saber mais sobre os servi\u00e7os oferecidos.<\/p>\n<p><strong>Servi\u00e7o<\/strong><br \/>\nA\u00e7\u00e3o Global Nacional<br \/>\nData\/hor\u00e1rio: 18 de maio, s\u00e1bado, das 9h \u00e0s 17h<br \/>\nLocal: Parque da Juventude \u2013 Avenida Cruzeiro do Sul, 2630<br \/>\nInforma\u00e7\u00f5es: (11) 2291-1444, ramal 265<\/p>\n<p><em>Fonte: SESI-SP<\/em><\/p>\n\n<div style=\"font-size: 0px; height: 0px; line-height: 0px; margin: 0; padding: 0; clear: both;\"><\/div>","protected":false},"excerpt":{"rendered":"<p>Neste s\u00e1bado (18\/05), o Servi\u00e7o Social da Ind\u00fastria de S\u00e3o Paulo (Sesi-SP) promove, em parceria com a Rede Globo, a\u00a020\u00aa edi\u00e7\u00e3o da A\u00e7\u00e3o Global Nacional, que oferece atendimentos gratuitos nas \u00e1reas de sa\u00fade, cidadania, educa\u00e7\u00e3o, jur\u00eddica e de lazer. Pela primeira vez, a a\u00e7\u00e3o ser\u00e1 dedicada \u00e0s mulheres. Das 9 \u00e0s 17h, no Parque da Juventude, zona norte de S\u00e3o Paulo, estar\u00e3o \u00e0 disposi\u00e7\u00e3o da comunidade mais de 100 servi\u00e7os, como orienta\u00e7\u00e3o jur\u00eddica, emiss\u00e3o de documentos, oficinas educativas, shows, apresenta\u00e7\u00f5es culturais, oficinas de artesanato e atendimento nos espa\u00e7os de beleza e est\u00e9tica. Orienta\u00e7\u00e3o nutricional e de sa\u00fade geral, al\u00e9m de <\/p>\n","protected":false},"author":1,"featured_media":0,"comment_status":"open","ping_status":"closed","sticky":false,"template":"","format":"standard","meta":{"footnotes":""},"categories":[3],"tags":[],"class_list":["post-39263","post","type-post","status-publish","format-standard","hentry","category-noticias-em-santana"],"aioseo_notices":[],"aioseo_head":"\n\t\t<!-- All in One SEO 5.0.0.1 - aioseo.com -->\n\t<meta name=\"description\" content=\"Neste s\u00e1bado (18\/05), o Servi\u00e7o Social da Ind\u00fastria de S\u00e3o Paulo (Sesi-SP) promove, em parceria com a Rede Globo, a 20\u00aa edi\u00e7\u00e3o da A\u00e7\u00e3o Global Nacional, que oferece atendimentos gratuitos nas \u00e1reas de sa\u00fade, cidadania, educa\u00e7\u00e3o, jur\u00eddica e de lazer. Pela primeira vez, a a\u00e7\u00e3o ser\u00e1 dedicada \u00e0s mulheres. Das 9 \u00e0s 17h, no Parque da\" \/>\n\t<meta name=\"robots\" content=\"max-image-preview:large\" \/>\n\t<meta name=\"author\" content=\"Encontra Santana\"\/>\n\t<link rel=\"canonical\" href=\"https:\/\/www.encontrasantana.com.br\/sobre\/santana-acao-global-nacional-acontece-neste-sabado-no-parque-da-juventude\/\" \/>\n\t<meta name=\"generator\" content=\"All in One SEO (AIOSEO) 5.0.0.1\" \/>\n\t\t<meta property=\"og:locale\" content=\"pt_BR\" \/>\n\t\t<meta property=\"og:site_name\" content=\"Encontra Santana | Not\u00edcias, eventos, informa\u00e7\u00f5es e dicas no bairro de Santana e regi\u00e3o.\" \/>\n\t\t<meta property=\"og:type\" content=\"article\" \/>\n\t\t<meta property=\"og:title\" content=\"Santana: A\u00e7\u00e3o Global Nacional acontece neste s\u00e1bado no Parque da Juventude \u00bb Encontra Santana\" \/>\n\t\t<meta property=\"og:description\" content=\"Neste s\u00e1bado (18\/05), o Servi\u00e7o Social da Ind\u00fastria de S\u00e3o Paulo (Sesi-SP) promove, em parceria com a Rede Globo, a 20\u00aa edi\u00e7\u00e3o da A\u00e7\u00e3o Global Nacional, que oferece atendimentos gratuitos nas \u00e1reas de sa\u00fade, cidadania, educa\u00e7\u00e3o, jur\u00eddica e de lazer. Pela primeira vez, a a\u00e7\u00e3o ser\u00e1 dedicada \u00e0s mulheres. Das 9 \u00e0s 17h, no Parque da\" \/>\n\t\t<meta property=\"og:url\" content=\"https:\/\/www.encontrasantana.com.br\/sobre\/santana-acao-global-nacional-acontece-neste-sabado-no-parque-da-juventude\/\" \/>\n\t\t<meta property=\"article:published_time\" content=\"2013-05-16T19:54:25+00:00\" \/>\n\t\t<meta property=\"article:modified_time\" content=\"2019-04-15T12:57:39+00:00\" \/>\n\t\t<meta name=\"twitter:card\" content=\"summary\" \/>\n\t\t<meta name=\"twitter:title\" content=\"Santana: A\u00e7\u00e3o Global Nacional acontece neste s\u00e1bado no Parque da Juventude \u00bb Encontra Santana\" \/>\n\t\t<meta name=\"twitter:description\" content=\"Neste s\u00e1bado (18\/05), o Servi\u00e7o Social da Ind\u00fastria de S\u00e3o Paulo (Sesi-SP) promove, em parceria com a Rede Globo, a 20\u00aa edi\u00e7\u00e3o da A\u00e7\u00e3o Global Nacional, que oferece atendimentos gratuitos nas \u00e1reas de sa\u00fade, cidadania, educa\u00e7\u00e3o, jur\u00eddica e de lazer. Pela primeira vez, a a\u00e7\u00e3o ser\u00e1 dedicada \u00e0s mulheres. Das 9 \u00e0s 17h, no Parque da\" \/>\n\t\t<script type=\"application\/ld+json\" class=\"aioseo-schema\">\n\t\t\t{\"@context\":\"https:\\\/\\\/schema.org\",\"@graph\":[{\"@type\":\"Article\",\"@id\":\"https:\\\/\\\/www.encontrasantana.com.br\\\/sobre\\\/santana-acao-global-nacional-acontece-neste-sabado-no-parque-da-juventude\\\/#article\",\"name\":\"Santana: A\\u00e7\\u00e3o Global Nacional acontece neste s\\u00e1bado no Parque da Juventude \\u00bb Encontra Santana\",\"headline\":\"Santana: A\\u00e7\\u00e3o Global Nacional acontece neste s\\u00e1bado no Parque da Juventude\",\"author\":{\"@id\":\"https:\\\/\\\/www.encontrasantana.com.br\\\/sobre\\\/author\\\/esantana\\\/#author\"},\"publisher\":{\"@id\":\"https:\\\/\\\/www.encontrasantana.com.br\\\/sobre\\\/#organization\"},\"datePublished\":\"2013-05-16T16:54:25-03:00\",\"dateModified\":\"2019-04-15T09:57:39-03:00\",\"inLanguage\":\"pt-BR\",\"mainEntityOfPage\":{\"@id\":\"https:\\\/\\\/www.encontrasantana.com.br\\\/sobre\\\/santana-acao-global-nacional-acontece-neste-sabado-no-parque-da-juventude\\\/#webpage\"},\"isPartOf\":{\"@id\":\"https:\\\/\\\/www.encontrasantana.com.br\\\/sobre\\\/santana-acao-global-nacional-acontece-neste-sabado-no-parque-da-juventude\\\/#webpage\"},\"articleSection\":\"Not\\u00edcias Santana\"},{\"@type\":\"BreadcrumbList\",\"@id\":\"https:\\\/\\\/www.encontrasantana.com.br\\\/sobre\\\/santana-acao-global-nacional-acontece-neste-sabado-no-parque-da-juventude\\\/#breadcrumblist\",\"itemListElement\":[{\"@type\":\"ListItem\",\"@id\":\"https:\\\/\\\/www.encontrasantana.com.br\\\/sobre#listItem\",\"position\":1,\"name\":\"In\\u00edcio\",\"item\":\"https:\\\/\\\/www.encontrasantana.com.br\\\/sobre\",\"nextItem\":{\"@type\":\"ListItem\",\"@id\":\"https:\\\/\\\/www.encontrasantana.com.br\\\/sobre\\\/noticias-em-santana\\\/#listItem\",\"name\":\"Not\\u00edcias Santana\"}},{\"@type\":\"ListItem\",\"@id\":\"https:\\\/\\\/www.encontrasantana.com.br\\\/sobre\\\/noticias-em-santana\\\/#listItem\",\"position\":2,\"name\":\"Not\\u00edcias Santana\",\"item\":\"https:\\\/\\\/www.encontrasantana.com.br\\\/sobre\\\/noticias-em-santana\\\/\",\"nextItem\":{\"@type\":\"ListItem\",\"@id\":\"https:\\\/\\\/www.encontrasantana.com.br\\\/sobre\\\/santana-acao-global-nacional-acontece-neste-sabado-no-parque-da-juventude\\\/#listItem\",\"name\":\"Santana: A\\u00e7\\u00e3o Global Nacional acontece neste s\\u00e1bado no Parque da Juventude\"},\"previousItem\":{\"@type\":\"ListItem\",\"@id\":\"https:\\\/\\\/www.encontrasantana.com.br\\\/sobre#listItem\",\"name\":\"In\\u00edcio\"}},{\"@type\":\"ListItem\",\"@id\":\"https:\\\/\\\/www.encontrasantana.com.br\\\/sobre\\\/santana-acao-global-nacional-acontece-neste-sabado-no-parque-da-juventude\\\/#listItem\",\"position\":3,\"name\":\"Santana: A\\u00e7\\u00e3o Global Nacional acontece neste s\\u00e1bado no Parque da Juventude\",\"previousItem\":{\"@type\":\"ListItem\",\"@id\":\"https:\\\/\\\/www.encontrasantana.com.br\\\/sobre\\\/noticias-em-santana\\\/#listItem\",\"name\":\"Not\\u00edcias Santana\"}}]},{\"@type\":\"Organization\",\"@id\":\"https:\\\/\\\/www.encontrasantana.com.br\\\/sobre\\\/#organization\",\"name\":\"Encontra Santana\",\"description\":\"Not\\u00edcias, eventos, informa\\u00e7\\u00f5es e dicas no bairro de Santana e regi\\u00e3o.\",\"url\":\"https:\\\/\\\/www.encontrasantana.com.br\\\/sobre\\\/\"},{\"@type\":\"Person\",\"@id\":\"https:\\\/\\\/www.encontrasantana.com.br\\\/sobre\\\/author\\\/esantana\\\/#author\",\"url\":\"https:\\\/\\\/www.encontrasantana.com.br\\\/sobre\\\/author\\\/esantana\\\/\",\"name\":\"Encontra Santana\",\"image\":{\"@type\":\"ImageObject\",\"@id\":\"https:\\\/\\\/www.encontrasantana.com.br\\\/sobre\\\/santana-acao-global-nacional-acontece-neste-sabado-no-parque-da-juventude\\\/#authorImage\",\"url\":\"https:\\\/\\\/secure.gravatar.com\\\/avatar\\\/0fbed662e37531ae23e68f85f9517b2454e50c1dfebf80eb9b721449ac95e0b9?s=96&d=mm&r=g\",\"width\":96,\"height\":96,\"caption\":\"Encontra Santana\"}},{\"@type\":\"WebPage\",\"@id\":\"https:\\\/\\\/www.encontrasantana.com.br\\\/sobre\\\/santana-acao-global-nacional-acontece-neste-sabado-no-parque-da-juventude\\\/#webpage\",\"url\":\"https:\\\/\\\/www.encontrasantana.com.br\\\/sobre\\\/santana-acao-global-nacional-acontece-neste-sabado-no-parque-da-juventude\\\/\",\"name\":\"Santana: A\\u00e7\\u00e3o Global Nacional acontece neste s\\u00e1bado no Parque da Juventude \\u00bb Encontra Santana\",\"description\":\"Neste s\\u00e1bado (18\\\/05), o Servi\\u00e7o Social da Ind\\u00fastria de S\\u00e3o Paulo (Sesi-SP) promove, em parceria com a Rede Globo, a 20\\u00aa edi\\u00e7\\u00e3o da A\\u00e7\\u00e3o Global Nacional, que oferece atendimentos gratuitos nas \\u00e1reas de sa\\u00fade, cidadania, educa\\u00e7\\u00e3o, jur\\u00eddica e de lazer. Pela primeira vez, a a\\u00e7\\u00e3o ser\\u00e1 dedicada \\u00e0s mulheres. Das 9 \\u00e0s 17h, no Parque da\",\"inLanguage\":\"pt-BR\",\"isPartOf\":{\"@id\":\"https:\\\/\\\/www.encontrasantana.com.br\\\/sobre\\\/#website\"},\"breadcrumb\":{\"@id\":\"https:\\\/\\\/www.encontrasantana.com.br\\\/sobre\\\/santana-acao-global-nacional-acontece-neste-sabado-no-parque-da-juventude\\\/#breadcrumblist\"},\"author\":{\"@id\":\"https:\\\/\\\/www.encontrasantana.com.br\\\/sobre\\\/author\\\/esantana\\\/#author\"},\"creator\":{\"@id\":\"https:\\\/\\\/www.encontrasantana.com.br\\\/sobre\\\/author\\\/esantana\\\/#author\"},\"datePublished\":\"2013-05-16T16:54:25-03:00\",\"dateModified\":\"2019-04-15T09:57:39-03:00\"},{\"@type\":\"WebSite\",\"@id\":\"https:\\\/\\\/www.encontrasantana.com.br\\\/sobre\\\/#website\",\"url\":\"https:\\\/\\\/www.encontrasantana.com.br\\\/sobre\\\/\",\"name\":\"Encontra Santana\",\"description\":\"Not\\u00edcias, eventos, informa\\u00e7\\u00f5es e dicas no bairro de Santana e regi\\u00e3o.\",\"inLanguage\":\"pt-BR\",\"publisher\":{\"@id\":\"https:\\\/\\\/www.encontrasantana.com.br\\\/sobre\\\/#organization\"}}]}\n\t\t<\/script>\n\t\t<!-- All in One SEO -->\n\n","aioseo_head_json":{"title":"Santana: A\u00e7\u00e3o Global Nacional acontece neste s\u00e1bado no Parque da Juventude \u00bb Encontra Santana","description":"Neste s\u00e1bado (18\/05), o Servi\u00e7o Social da Ind\u00fastria de S\u00e3o Paulo (Sesi-SP) promove, em parceria com a Rede Globo, a 20\u00aa edi\u00e7\u00e3o da A\u00e7\u00e3o Global Nacional, que oferece atendimentos gratuitos nas \u00e1reas de sa\u00fade, cidadania, educa\u00e7\u00e3o, jur\u00eddica e de lazer. Pela primeira vez, a a\u00e7\u00e3o ser\u00e1 dedicada \u00e0s mulheres. Das 9 \u00e0s 17h, no Parque da","canonical_url":"https:\/\/www.encontrasantana.com.br\/sobre\/santana-acao-global-nacional-acontece-neste-sabado-no-parque-da-juventude\/","robots":"max-image-preview:large","keywords":"","webmasterTools":{"miscellaneous":""},"schema":{"@context":"https:\/\/schema.org","@graph":[{"@type":"Article","@id":"https:\/\/www.encontrasantana.com.br\/sobre\/santana-acao-global-nacional-acontece-neste-sabado-no-parque-da-juventude\/#article","name":"Santana: A\u00e7\u00e3o Global Nacional acontece neste s\u00e1bado no Parque da Juventude \u00bb Encontra Santana","headline":"Santana: A\u00e7\u00e3o Global Nacional acontece neste s\u00e1bado no Parque da Juventude","author":{"@id":"https:\/\/www.encontrasantana.com.br\/sobre\/author\/esantana\/#author"},"publisher":{"@id":"https:\/\/www.encontrasantana.com.br\/sobre\/#organization"},"datePublished":"2013-05-16T16:54:25-03:00","dateModified":"2019-04-15T09:57:39-03:00","inLanguage":"pt-BR","mainEntityOfPage":{"@id":"https:\/\/www.encontrasantana.com.br\/sobre\/santana-acao-global-nacional-acontece-neste-sabado-no-parque-da-juventude\/#webpage"},"isPartOf":{"@id":"https:\/\/www.encontrasantana.com.br\/sobre\/santana-acao-global-nacional-acontece-neste-sabado-no-parque-da-juventude\/#webpage"},"articleSection":"Not\u00edcias Santana"},{"@type":"BreadcrumbList","@id":"https:\/\/www.encontrasantana.com.br\/sobre\/santana-acao-global-nacional-acontece-neste-sabado-no-parque-da-juventude\/#breadcrumblist","itemListElement":[{"@type":"ListItem","@id":"https:\/\/www.encontrasantana.com.br\/sobre#listItem","position":1,"name":"In\u00edcio","item":"https:\/\/www.encontrasantana.com.br\/sobre","nextItem":{"@type":"ListItem","@id":"https:\/\/www.encontrasantana.com.br\/sobre\/noticias-em-santana\/#listItem","name":"Not\u00edcias Santana"}},{"@type":"ListItem","@id":"https:\/\/www.encontrasantana.com.br\/sobre\/noticias-em-santana\/#listItem","position":2,"name":"Not\u00edcias Santana","item":"https:\/\/www.encontrasantana.com.br\/sobre\/noticias-em-santana\/","nextItem":{"@type":"ListItem","@id":"https:\/\/www.encontrasantana.com.br\/sobre\/santana-acao-global-nacional-acontece-neste-sabado-no-parque-da-juventude\/#listItem","name":"Santana: A\u00e7\u00e3o Global Nacional acontece neste s\u00e1bado no Parque da Juventude"},"previousItem":{"@type":"ListItem","@id":"https:\/\/www.encontrasantana.com.br\/sobre#listItem","name":"In\u00edcio"}},{"@type":"ListItem","@id":"https:\/\/www.encontrasantana.com.br\/sobre\/santana-acao-global-nacional-acontece-neste-sabado-no-parque-da-juventude\/#listItem","position":3,"name":"Santana: A\u00e7\u00e3o Global Nacional acontece neste s\u00e1bado no Parque da Juventude","previousItem":{"@type":"ListItem","@id":"https:\/\/www.encontrasantana.com.br\/sobre\/noticias-em-santana\/#listItem","name":"Not\u00edcias Santana"}}]},{"@type":"Organization","@id":"https:\/\/www.encontrasantana.com.br\/sobre\/#organization","name":"Encontra Santana","description":"Not\u00edcias, eventos, informa\u00e7\u00f5es e dicas no bairro de Santana e regi\u00e3o.","url":"https:\/\/www.encontrasantana.com.br\/sobre\/"},{"@type":"Person","@id":"https:\/\/www.encontrasantana.com.br\/sobre\/author\/esantana\/#author","url":"https:\/\/www.encontrasantana.com.br\/sobre\/author\/esantana\/","name":"Encontra Santana","image":{"@type":"ImageObject","@id":"https:\/\/www.encontrasantana.com.br\/sobre\/santana-acao-global-nacional-acontece-neste-sabado-no-parque-da-juventude\/#authorImage","url":"https:\/\/secure.gravatar.com\/avatar\/0fbed662e37531ae23e68f85f9517b2454e50c1dfebf80eb9b721449ac95e0b9?s=96&d=mm&r=g","width":96,"height":96,"caption":"Encontra Santana"}},{"@type":"WebPage","@id":"https:\/\/www.encontrasantana.com.br\/sobre\/santana-acao-global-nacional-acontece-neste-sabado-no-parque-da-juventude\/#webpage","url":"https:\/\/www.encontrasantana.com.br\/sobre\/santana-acao-global-nacional-acontece-neste-sabado-no-parque-da-juventude\/","name":"Santana: A\u00e7\u00e3o Global Nacional acontece neste s\u00e1bado no Parque da Juventude \u00bb Encontra Santana","description":"Neste s\u00e1bado (18\/05), o Servi\u00e7o Social da Ind\u00fastria de S\u00e3o Paulo (Sesi-SP) promove, em parceria com a Rede Globo, a 20\u00aa edi\u00e7\u00e3o da A\u00e7\u00e3o Global Nacional, que oferece atendimentos gratuitos nas \u00e1reas de sa\u00fade, cidadania, educa\u00e7\u00e3o, jur\u00eddica e de lazer. Pela primeira vez, a a\u00e7\u00e3o ser\u00e1 dedicada \u00e0s mulheres. Das 9 \u00e0s 17h, no Parque da","inLanguage":"pt-BR","isPartOf":{"@id":"https:\/\/www.encontrasantana.com.br\/sobre\/#website"},"breadcrumb":{"@id":"https:\/\/www.encontrasantana.com.br\/sobre\/santana-acao-global-nacional-acontece-neste-sabado-no-parque-da-juventude\/#breadcrumblist"},"author":{"@id":"https:\/\/www.encontrasantana.com.br\/sobre\/author\/esantana\/#author"},"creator":{"@id":"https:\/\/www.encontrasantana.com.br\/sobre\/author\/esantana\/#author"},"datePublished":"2013-05-16T16:54:25-03:00","dateModified":"2019-04-15T09:57:39-03:00"},{"@type":"WebSite","@id":"https:\/\/www.encontrasantana.com.br\/sobre\/#website","url":"https:\/\/www.encontrasantana.com.br\/sobre\/","name":"Encontra Santana","description":"Not\u00edcias, eventos, informa\u00e7\u00f5es e dicas no bairro de Santana e regi\u00e3o.","inLanguage":"pt-BR","publisher":{"@id":"https:\/\/www.encontrasantana.com.br\/sobre\/#organization"}}]},"og:locale":"pt_BR","og:site_name":"Encontra Santana | Not\u00edcias, eventos, informa\u00e7\u00f5es e dicas no bairro de Santana e regi\u00e3o.","og:type":"article","og:title":"Santana: A\u00e7\u00e3o Global Nacional acontece neste s\u00e1bado no Parque da Juventude \u00bb Encontra Santana","og:description":"Neste s\u00e1bado (18\/05), o Servi\u00e7o Social da Ind\u00fastria de S\u00e3o Paulo (Sesi-SP) promove, em parceria com a Rede Globo, a 20\u00aa edi\u00e7\u00e3o da A\u00e7\u00e3o Global Nacional, que oferece atendimentos gratuitos nas \u00e1reas de sa\u00fade, cidadania, educa\u00e7\u00e3o, jur\u00eddica e de lazer. Pela primeira vez, a a\u00e7\u00e3o ser\u00e1 dedicada \u00e0s mulheres. Das 9 \u00e0s 17h, no Parque da","og:url":"https:\/\/www.encontrasantana.com.br\/sobre\/santana-acao-global-nacional-acontece-neste-sabado-no-parque-da-juventude\/","article:published_time":"2013-05-16T19:54:25+00:00","article:modified_time":"2019-04-15T12:57:39+00:00","twitter:card":"summary","twitter:title":"Santana: A\u00e7\u00e3o Global Nacional acontece neste s\u00e1bado no Parque da Juventude \u00bb Encontra Santana","twitter:description":"Neste s\u00e1bado (18\/05), o Servi\u00e7o Social da Ind\u00fastria de S\u00e3o Paulo (Sesi-SP) promove, em parceria com a Rede Globo, a 20\u00aa edi\u00e7\u00e3o da A\u00e7\u00e3o Global Nacional, que oferece atendimentos gratuitos nas \u00e1reas de sa\u00fade, cidadania, educa\u00e7\u00e3o, jur\u00eddica e de lazer. Pela primeira vez, a a\u00e7\u00e3o ser\u00e1 dedicada \u00e0s mulheres. Das 9 \u00e0s 17h, no Parque da"},"aioseo_meta_data":{"post_id":"39263","title":null,"description":null,"keywords":null,"keyphrases":null,"primary_term":null,"canonical_url":null,"og_title":null,"og_description":null,"og_object_type":"default","og_image_type":"default","og_image_url":null,"og_image_width":null,"og_image_height":null,"og_image_custom_url":null,"og_image_custom_fields":null,"og_video":null,"og_custom_url":null,"og_article_section":null,"og_article_tags":null,"twitter_use_og":false,"twitter_card":"default","twitter_image_type":"default","twitter_image_url":null,"twitter_image_custom_url":null,"twitter_image_custom_fields":null,"twitter_title":null,"twitter_description":null,"schema":{"blockGraphs":[],"customGraphs":[],"default":{"data":{"Article":[],"Course":[],"Dataset":[],"FAQPage":[],"Movie":[],"Person":[],"Product":[],"ProductReview":[],"Car":[],"Recipe":[],"Service":[],"SoftwareApplication":[],"WebPage":[]},"graphName":"Article","isEnabled":true},"graphs":[]},"schema_type":null,"schema_type_options":null,"pillar_content":false,"robots_default":true,"robots_noindex":false,"robots_noarchive":false,"robots_nosnippet":false,"robots_nofollow":false,"robots_noimageindex":false,"robots_noodp":false,"robots_notranslate":false,"robots_max_snippet":null,"robots_max_videopreview":null,"robots_max_imagepreview":"large","priority":null,"frequency":null,"local_seo":null,"limit_modified_date":false,"created":"2021-04-20 18:30:06","updated":"2026-08-07 00:46:38","focus_keyword":null,"additional_keywords":null,"truseo_locale":null,"ai":null,"breadcrumb_settings":null,"seo_analyzer_scan_date":null},"aioseo_breadcrumb":"<div class=\"aioseo-breadcrumbs\"><span class=\"aioseo-breadcrumb\">\n\t\t\t<a href=\"https:\/\/www.encontrasantana.com.br\/sobre\" title=\"In\u00edcio\">In\u00edcio<\/a>\n\t\t<\/span><span class=\"aioseo-breadcrumb-separator\">&raquo;<\/span><span class=\"aioseo-breadcrumb\">\n\t\t\t<a href=\"https:\/\/www.encontrasantana.com.br\/sobre\/noticias-em-santana\/\" title=\"Not\u00edcias Santana\">Not\u00edcias Santana<\/a>\n\t\t<\/span><span class=\"aioseo-breadcrumb-separator\">&raquo;<\/span><span class=\"aioseo-breadcrumb\">\n\t\t\tSantana: A\u00e7\u00e3o Global Nacional acontece neste s\u00e1bado no Parque da Juventude\n\t\t<\/span><\/div>","aioseo_breadcrumb_json":[{"label":"In\u00edcio","link":"https:\/\/www.encontrasantana.com.br\/sobre"},{"label":"Not\u00edcias Santana","link":"https:\/\/www.encontrasantana.com.br\/sobre\/noticias-em-santana\/"},{"label":"Santana: A\u00e7\u00e3o Global Nacional acontece neste s\u00e1bado no Parque da Juventude","link":"https:\/\/www.encontrasantana.com.br\/sobre\/santana-acao-global-nacional-acontece-neste-sabado-no-parque-da-juventude\/"}],"_links":{"self":[{"href":"https:\/\/www.encontrasantana.com.br\/sobre\/wp-json\/wp\/v2\/posts\/39263","targetHints":{"allow":["GET"]}}],"collection":[{"href":"https:\/\/www.encontrasantana.com.br\/sobre\/wp-json\/wp\/v2\/posts"}],"about":[{"href":"https:\/\/www.encontrasantana.com.br\/sobre\/wp-json\/wp\/v2\/types\/post"}],"author":[{"embeddable":true,"href":"https:\/\/www.encontrasantana.com.br\/sobre\/wp-json\/wp\/v2\/users\/1"}],"replies":[{"embeddable":true,"href":"https:\/\/www.encontrasantana.com.br\/sobre\/wp-json\/wp\/v2\/comments?post=39263"}],"version-history":[{"count":0,"href":"https:\/\/www.encontrasantana.com.br\/sobre\/wp-json\/wp\/v2\/posts\/39263\/revisions"}],"wp:attachment":[{"href":"https:\/\/www.encontrasantana.com.br\/sobre\/wp-json\/wp\/v2\/media?parent=39263"}],"wp:term":[{"taxonomy":"category","embeddable":true,"href":"https:\/\/www.encontrasantana.com.br\/sobre\/wp-json\/wp\/v2\/categories?post=39263"},{"taxonomy":"post_tag","embeddable":true,"href":"https:\/\/www.encontrasantana.com.br\/sobre\/wp-json\/wp\/v2\/tags?post=39263"}],"curies":[{"name":"wp","href":"https:\/\/api.w.org\/{rel}","templated":true}]}}