{"id":39327,"date":"2013-08-09T13:15:49","date_gmt":"2013-08-09T16:15:49","guid":{"rendered":"http:\/\/www.encontrasantana.com.br\/blog\/?p=39327"},"modified":"2019-04-15T09:57:34","modified_gmt":"2019-04-15T12:57:34","slug":"santana-biblioteca-de-sao-paulo-recebe-fernando-morais-e-lira-neto-neste-sabado","status":"publish","type":"post","link":"https:\/\/www.encontrasantana.com.br\/sobre\/santana-biblioteca-de-sao-paulo-recebe-fernando-morais-e-lira-neto-neste-sabado\/","title":{"rendered":"Santana: Biblioteca de S\u00e3o Paulo recebe Fernando Morais e Lira Neto neste s\u00e1bado"},"content":{"rendered":"<div class=\"1acf8468e559fd3cbeec5aee3a269a52\" data-index=\"1\" style=\"float: none; margin:0px;\">\n<!-- Anuncio display - global -->\r\n<ins class=\"adsbygoogle\"\r\n     style=\"display:block\"\r\n     data-ad-client=\"ca-pub-8585364105181520\"\r\n     data-ad-slot=\"8789329856\"\r\n     data-ad-format=\"auto\"\r\n     data-full-width-responsive=\"true\"><\/ins>\r\n<script>\r\n     (adsbygoogle = window.adsbygoogle || []).push({});\r\n<\/script>\n<\/div>\n<p>A Biblioteca de S\u00e3o Paulo promove o pen\u00faltimo Encontro com Autores e Ideias deste ano. A edi\u00e7\u00e3o ser\u00e1 realizada neste s\u00e1bado, 10, e traz os escritores Fernando Morais e Lira Neto discutindo a biografia como g\u00eanero liter\u00e1rio.<\/p>\n<p>O p\u00fablico poder\u00e1 bater um papo com os escritores, que falam sobre as dificuldades do g\u00eanero, sobre o m\u00e9todo de trabalho de cada um e como selecionam as informa\u00e7\u00f5es. O projeto conta com o apoio do ProAC, programa de incentivo \u00e0 cultura do Governo de S\u00e3o Paulo.<\/p>\n<p>Fernando Morais \u00e9 autor de biografias como a de Assis Chateaubriand, magnata da imprensa no Brasil (&#8220;Chat\u00f4&#8221;), de Paulo Coelho (&#8220;O Mago&#8221;), e de Olga Ben\u00e1rio (&#8220;Olga&#8221;). J\u00e1 Lira Neto assinou biografias de figuras hist\u00f3ricas como Padre C\u00edcero, Get\u00falio Vargas e Maysa. Recebeu o Pr\u00eamio Jabuti de Literatura em 2007 pelo livro &#8220;O Inimigo do Rei&#8221;, sobre Jos\u00e9 de Alencar.<\/p>\n<p><strong>SERVI\u00c7O<br \/>\n<\/strong><em>Encontros com Autores e Ideias |\u00a0Biografia, com Fernando Morais e Lira Neto<br \/>\n<\/em>10 de agosto, \u00e0s 11h<br \/>\nBiblioteca de S\u00e3o Paulo &#8211; Parque da Juventude (Avenida Cruzeiro do Sul, 2.630 &#8211; Santana)<br \/>\n(11) 2089-0800<br \/>\nGr\u00e1tis<\/p>\n<p><em>Fonte: Do Portal do Governo do Estado<\/em><\/p>\n\n<div style=\"font-size: 0px; height: 0px; line-height: 0px; margin: 0; padding: 0; clear: both;\"><\/div>","protected":false},"excerpt":{"rendered":"<p>A Biblioteca de S\u00e3o Paulo promove o pen\u00faltimo Encontro com Autores e Ideias deste ano. A edi\u00e7\u00e3o ser\u00e1 realizada neste s\u00e1bado, 10, e traz os escritores Fernando Morais e Lira Neto discutindo a biografia como g\u00eanero liter\u00e1rio. O p\u00fablico poder\u00e1 bater um papo com os escritores, que falam sobre as dificuldades do g\u00eanero, sobre o m\u00e9todo de trabalho de cada um e como selecionam as informa\u00e7\u00f5es. O projeto conta com o apoio do ProAC, programa de incentivo \u00e0 cultura do Governo de S\u00e3o Paulo. Fernando Morais \u00e9 autor de biografias como a de Assis Chateaubriand, magnata da imprensa no Brasil <\/p>\n","protected":false},"author":1,"featured_media":0,"comment_status":"open","ping_status":"closed","sticky":false,"template":"","format":"standard","meta":{"footnotes":""},"categories":[3],"tags":[],"class_list":["post-39327","post","type-post","status-publish","format-standard","hentry","category-noticias-em-santana"],"aioseo_notices":[],"aioseo_head":"\n\t\t<!-- All in One SEO 5.0.0.1 - aioseo.com -->\n\t<meta name=\"description\" content=\"A Biblioteca de S\u00e3o Paulo promove o pen\u00faltimo Encontro com Autores e Ideias deste ano. A edi\u00e7\u00e3o ser\u00e1 realizada neste s\u00e1bado, 10, e traz os escritores Fernando Morais e Lira Neto discutindo a biografia como g\u00eanero liter\u00e1rio. O p\u00fablico poder\u00e1 bater um papo com os escritores, que falam sobre as dificuldades do g\u00eanero, sobre o\" \/>\n\t<meta name=\"robots\" content=\"max-image-preview:large\" \/>\n\t<meta name=\"author\" content=\"Encontra Santana\"\/>\n\t<link rel=\"canonical\" href=\"https:\/\/www.encontrasantana.com.br\/sobre\/santana-biblioteca-de-sao-paulo-recebe-fernando-morais-e-lira-neto-neste-sabado\/\" \/>\n\t<meta name=\"generator\" content=\"All in One SEO (AIOSEO) 5.0.0.1\" \/>\n\t\t<meta property=\"og:locale\" content=\"pt_BR\" \/>\n\t\t<meta property=\"og:site_name\" content=\"Encontra Santana | Not\u00edcias, eventos, informa\u00e7\u00f5es e dicas no bairro de Santana e regi\u00e3o.\" \/>\n\t\t<meta property=\"og:type\" content=\"article\" \/>\n\t\t<meta property=\"og:title\" content=\"Santana: Biblioteca de S\u00e3o Paulo recebe Fernando Morais e Lira Neto neste s\u00e1bado \u00bb Encontra Santana\" \/>\n\t\t<meta property=\"og:description\" content=\"A Biblioteca de S\u00e3o Paulo promove o pen\u00faltimo Encontro com Autores e Ideias deste ano. A edi\u00e7\u00e3o ser\u00e1 realizada neste s\u00e1bado, 10, e traz os escritores Fernando Morais e Lira Neto discutindo a biografia como g\u00eanero liter\u00e1rio. O p\u00fablico poder\u00e1 bater um papo com os escritores, que falam sobre as dificuldades do g\u00eanero, sobre o\" \/>\n\t\t<meta property=\"og:url\" content=\"https:\/\/www.encontrasantana.com.br\/sobre\/santana-biblioteca-de-sao-paulo-recebe-fernando-morais-e-lira-neto-neste-sabado\/\" \/>\n\t\t<meta property=\"article:published_time\" content=\"2013-08-09T16:15:49+00:00\" \/>\n\t\t<meta property=\"article:modified_time\" content=\"2019-04-15T12:57:34+00:00\" \/>\n\t\t<meta name=\"twitter:card\" content=\"summary\" \/>\n\t\t<meta name=\"twitter:title\" content=\"Santana: Biblioteca de S\u00e3o Paulo recebe Fernando Morais e Lira Neto neste s\u00e1bado \u00bb Encontra Santana\" \/>\n\t\t<meta name=\"twitter:description\" content=\"A Biblioteca de S\u00e3o Paulo promove o pen\u00faltimo Encontro com Autores e Ideias deste ano. A edi\u00e7\u00e3o ser\u00e1 realizada neste s\u00e1bado, 10, e traz os escritores Fernando Morais e Lira Neto discutindo a biografia como g\u00eanero liter\u00e1rio. O p\u00fablico poder\u00e1 bater um papo com os escritores, que falam sobre as dificuldades do g\u00eanero, sobre o\" \/>\n\t\t<script type=\"application\/ld+json\" class=\"aioseo-schema\">\n\t\t\t{\"@context\":\"https:\\\/\\\/schema.org\",\"@graph\":[{\"@type\":\"Article\",\"@id\":\"https:\\\/\\\/www.encontrasantana.com.br\\\/sobre\\\/santana-biblioteca-de-sao-paulo-recebe-fernando-morais-e-lira-neto-neste-sabado\\\/#article\",\"name\":\"Santana: Biblioteca de S\\u00e3o Paulo recebe Fernando Morais e Lira Neto neste s\\u00e1bado \\u00bb Encontra Santana\",\"headline\":\"Santana: Biblioteca de S\\u00e3o Paulo recebe Fernando Morais e Lira Neto neste s\\u00e1bado\",\"author\":{\"@id\":\"https:\\\/\\\/www.encontrasantana.com.br\\\/sobre\\\/author\\\/esantana\\\/#author\"},\"publisher\":{\"@id\":\"https:\\\/\\\/www.encontrasantana.com.br\\\/sobre\\\/#organization\"},\"datePublished\":\"2013-08-09T13:15:49-03:00\",\"dateModified\":\"2019-04-15T09:57:34-03:00\",\"inLanguage\":\"pt-BR\",\"mainEntityOfPage\":{\"@id\":\"https:\\\/\\\/www.encontrasantana.com.br\\\/sobre\\\/santana-biblioteca-de-sao-paulo-recebe-fernando-morais-e-lira-neto-neste-sabado\\\/#webpage\"},\"isPartOf\":{\"@id\":\"https:\\\/\\\/www.encontrasantana.com.br\\\/sobre\\\/santana-biblioteca-de-sao-paulo-recebe-fernando-morais-e-lira-neto-neste-sabado\\\/#webpage\"},\"articleSection\":\"Not\\u00edcias Santana\"},{\"@type\":\"BreadcrumbList\",\"@id\":\"https:\\\/\\\/www.encontrasantana.com.br\\\/sobre\\\/santana-biblioteca-de-sao-paulo-recebe-fernando-morais-e-lira-neto-neste-sabado\\\/#breadcrumblist\",\"itemListElement\":[{\"@type\":\"ListItem\",\"@id\":\"https:\\\/\\\/www.encontrasantana.com.br\\\/sobre#listItem\",\"position\":1,\"name\":\"In\\u00edcio\",\"item\":\"https:\\\/\\\/www.encontrasantana.com.br\\\/sobre\",\"nextItem\":{\"@type\":\"ListItem\",\"@id\":\"https:\\\/\\\/www.encontrasantana.com.br\\\/sobre\\\/noticias-em-santana\\\/#listItem\",\"name\":\"Not\\u00edcias Santana\"}},{\"@type\":\"ListItem\",\"@id\":\"https:\\\/\\\/www.encontrasantana.com.br\\\/sobre\\\/noticias-em-santana\\\/#listItem\",\"position\":2,\"name\":\"Not\\u00edcias Santana\",\"item\":\"https:\\\/\\\/www.encontrasantana.com.br\\\/sobre\\\/noticias-em-santana\\\/\",\"nextItem\":{\"@type\":\"ListItem\",\"@id\":\"https:\\\/\\\/www.encontrasantana.com.br\\\/sobre\\\/santana-biblioteca-de-sao-paulo-recebe-fernando-morais-e-lira-neto-neste-sabado\\\/#listItem\",\"name\":\"Santana: Biblioteca de S\\u00e3o Paulo recebe Fernando Morais e Lira Neto neste s\\u00e1bado\"},\"previousItem\":{\"@type\":\"ListItem\",\"@id\":\"https:\\\/\\\/www.encontrasantana.com.br\\\/sobre#listItem\",\"name\":\"In\\u00edcio\"}},{\"@type\":\"ListItem\",\"@id\":\"https:\\\/\\\/www.encontrasantana.com.br\\\/sobre\\\/santana-biblioteca-de-sao-paulo-recebe-fernando-morais-e-lira-neto-neste-sabado\\\/#listItem\",\"position\":3,\"name\":\"Santana: Biblioteca de S\\u00e3o Paulo recebe Fernando Morais e Lira Neto neste s\\u00e1bado\",\"previousItem\":{\"@type\":\"ListItem\",\"@id\":\"https:\\\/\\\/www.encontrasantana.com.br\\\/sobre\\\/noticias-em-santana\\\/#listItem\",\"name\":\"Not\\u00edcias Santana\"}}]},{\"@type\":\"Organization\",\"@id\":\"https:\\\/\\\/www.encontrasantana.com.br\\\/sobre\\\/#organization\",\"name\":\"Encontra Santana\",\"description\":\"Not\\u00edcias, eventos, informa\\u00e7\\u00f5es e dicas no bairro de Santana e regi\\u00e3o.\",\"url\":\"https:\\\/\\\/www.encontrasantana.com.br\\\/sobre\\\/\"},{\"@type\":\"Person\",\"@id\":\"https:\\\/\\\/www.encontrasantana.com.br\\\/sobre\\\/author\\\/esantana\\\/#author\",\"url\":\"https:\\\/\\\/www.encontrasantana.com.br\\\/sobre\\\/author\\\/esantana\\\/\",\"name\":\"Encontra Santana\",\"image\":{\"@type\":\"ImageObject\",\"@id\":\"https:\\\/\\\/www.encontrasantana.com.br\\\/sobre\\\/santana-biblioteca-de-sao-paulo-recebe-fernando-morais-e-lira-neto-neste-sabado\\\/#authorImage\",\"url\":\"https:\\\/\\\/secure.gravatar.com\\\/avatar\\\/0fbed662e37531ae23e68f85f9517b2454e50c1dfebf80eb9b721449ac95e0b9?s=96&d=mm&r=g\",\"width\":96,\"height\":96,\"caption\":\"Encontra Santana\"}},{\"@type\":\"WebPage\",\"@id\":\"https:\\\/\\\/www.encontrasantana.com.br\\\/sobre\\\/santana-biblioteca-de-sao-paulo-recebe-fernando-morais-e-lira-neto-neste-sabado\\\/#webpage\",\"url\":\"https:\\\/\\\/www.encontrasantana.com.br\\\/sobre\\\/santana-biblioteca-de-sao-paulo-recebe-fernando-morais-e-lira-neto-neste-sabado\\\/\",\"name\":\"Santana: Biblioteca de S\\u00e3o Paulo recebe Fernando Morais e Lira Neto neste s\\u00e1bado \\u00bb Encontra Santana\",\"description\":\"A Biblioteca de S\\u00e3o Paulo promove o pen\\u00faltimo Encontro com Autores e Ideias deste ano. A edi\\u00e7\\u00e3o ser\\u00e1 realizada neste s\\u00e1bado, 10, e traz os escritores Fernando Morais e Lira Neto discutindo a biografia como g\\u00eanero liter\\u00e1rio. O p\\u00fablico poder\\u00e1 bater um papo com os escritores, que falam sobre as dificuldades do g\\u00eanero, sobre o\",\"inLanguage\":\"pt-BR\",\"isPartOf\":{\"@id\":\"https:\\\/\\\/www.encontrasantana.com.br\\\/sobre\\\/#website\"},\"breadcrumb\":{\"@id\":\"https:\\\/\\\/www.encontrasantana.com.br\\\/sobre\\\/santana-biblioteca-de-sao-paulo-recebe-fernando-morais-e-lira-neto-neste-sabado\\\/#breadcrumblist\"},\"author\":{\"@id\":\"https:\\\/\\\/www.encontrasantana.com.br\\\/sobre\\\/author\\\/esantana\\\/#author\"},\"creator\":{\"@id\":\"https:\\\/\\\/www.encontrasantana.com.br\\\/sobre\\\/author\\\/esantana\\\/#author\"},\"datePublished\":\"2013-08-09T13:15:49-03:00\",\"dateModified\":\"2019-04-15T09:57:34-03:00\"},{\"@type\":\"WebSite\",\"@id\":\"https:\\\/\\\/www.encontrasantana.com.br\\\/sobre\\\/#website\",\"url\":\"https:\\\/\\\/www.encontrasantana.com.br\\\/sobre\\\/\",\"name\":\"Encontra Santana\",\"description\":\"Not\\u00edcias, eventos, informa\\u00e7\\u00f5es e dicas no bairro de Santana e regi\\u00e3o.\",\"inLanguage\":\"pt-BR\",\"publisher\":{\"@id\":\"https:\\\/\\\/www.encontrasantana.com.br\\\/sobre\\\/#organization\"}}]}\n\t\t<\/script>\n\t\t<!-- All in One SEO -->\n\n","aioseo_head_json":{"title":"Santana: Biblioteca de S\u00e3o Paulo recebe Fernando Morais e Lira Neto neste s\u00e1bado \u00bb Encontra Santana","description":"A Biblioteca de S\u00e3o Paulo promove o pen\u00faltimo Encontro com Autores e Ideias deste ano. A edi\u00e7\u00e3o ser\u00e1 realizada neste s\u00e1bado, 10, e traz os escritores Fernando Morais e Lira Neto discutindo a biografia como g\u00eanero liter\u00e1rio. O p\u00fablico poder\u00e1 bater um papo com os escritores, que falam sobre as dificuldades do g\u00eanero, sobre o","canonical_url":"https:\/\/www.encontrasantana.com.br\/sobre\/santana-biblioteca-de-sao-paulo-recebe-fernando-morais-e-lira-neto-neste-sabado\/","robots":"max-image-preview:large","keywords":"","webmasterTools":{"miscellaneous":""},"schema":{"@context":"https:\/\/schema.org","@graph":[{"@type":"Article","@id":"https:\/\/www.encontrasantana.com.br\/sobre\/santana-biblioteca-de-sao-paulo-recebe-fernando-morais-e-lira-neto-neste-sabado\/#article","name":"Santana: Biblioteca de S\u00e3o Paulo recebe Fernando Morais e Lira Neto neste s\u00e1bado \u00bb Encontra Santana","headline":"Santana: Biblioteca de S\u00e3o Paulo recebe Fernando Morais e Lira Neto neste s\u00e1bado","author":{"@id":"https:\/\/www.encontrasantana.com.br\/sobre\/author\/esantana\/#author"},"publisher":{"@id":"https:\/\/www.encontrasantana.com.br\/sobre\/#organization"},"datePublished":"2013-08-09T13:15:49-03:00","dateModified":"2019-04-15T09:57:34-03:00","inLanguage":"pt-BR","mainEntityOfPage":{"@id":"https:\/\/www.encontrasantana.com.br\/sobre\/santana-biblioteca-de-sao-paulo-recebe-fernando-morais-e-lira-neto-neste-sabado\/#webpage"},"isPartOf":{"@id":"https:\/\/www.encontrasantana.com.br\/sobre\/santana-biblioteca-de-sao-paulo-recebe-fernando-morais-e-lira-neto-neste-sabado\/#webpage"},"articleSection":"Not\u00edcias Santana"},{"@type":"BreadcrumbList","@id":"https:\/\/www.encontrasantana.com.br\/sobre\/santana-biblioteca-de-sao-paulo-recebe-fernando-morais-e-lira-neto-neste-sabado\/#breadcrumblist","itemListElement":[{"@type":"ListItem","@id":"https:\/\/www.encontrasantana.com.br\/sobre#listItem","position":1,"name":"In\u00edcio","item":"https:\/\/www.encontrasantana.com.br\/sobre","nextItem":{"@type":"ListItem","@id":"https:\/\/www.encontrasantana.com.br\/sobre\/noticias-em-santana\/#listItem","name":"Not\u00edcias Santana"}},{"@type":"ListItem","@id":"https:\/\/www.encontrasantana.com.br\/sobre\/noticias-em-santana\/#listItem","position":2,"name":"Not\u00edcias Santana","item":"https:\/\/www.encontrasantana.com.br\/sobre\/noticias-em-santana\/","nextItem":{"@type":"ListItem","@id":"https:\/\/www.encontrasantana.com.br\/sobre\/santana-biblioteca-de-sao-paulo-recebe-fernando-morais-e-lira-neto-neste-sabado\/#listItem","name":"Santana: Biblioteca de S\u00e3o Paulo recebe Fernando Morais e Lira Neto neste s\u00e1bado"},"previousItem":{"@type":"ListItem","@id":"https:\/\/www.encontrasantana.com.br\/sobre#listItem","name":"In\u00edcio"}},{"@type":"ListItem","@id":"https:\/\/www.encontrasantana.com.br\/sobre\/santana-biblioteca-de-sao-paulo-recebe-fernando-morais-e-lira-neto-neste-sabado\/#listItem","position":3,"name":"Santana: Biblioteca de S\u00e3o Paulo recebe Fernando Morais e Lira Neto neste s\u00e1bado","previousItem":{"@type":"ListItem","@id":"https:\/\/www.encontrasantana.com.br\/sobre\/noticias-em-santana\/#listItem","name":"Not\u00edcias Santana"}}]},{"@type":"Organization","@id":"https:\/\/www.encontrasantana.com.br\/sobre\/#organization","name":"Encontra Santana","description":"Not\u00edcias, eventos, informa\u00e7\u00f5es e dicas no bairro de Santana e regi\u00e3o.","url":"https:\/\/www.encontrasantana.com.br\/sobre\/"},{"@type":"Person","@id":"https:\/\/www.encontrasantana.com.br\/sobre\/author\/esantana\/#author","url":"https:\/\/www.encontrasantana.com.br\/sobre\/author\/esantana\/","name":"Encontra Santana","image":{"@type":"ImageObject","@id":"https:\/\/www.encontrasantana.com.br\/sobre\/santana-biblioteca-de-sao-paulo-recebe-fernando-morais-e-lira-neto-neste-sabado\/#authorImage","url":"https:\/\/secure.gravatar.com\/avatar\/0fbed662e37531ae23e68f85f9517b2454e50c1dfebf80eb9b721449ac95e0b9?s=96&d=mm&r=g","width":96,"height":96,"caption":"Encontra Santana"}},{"@type":"WebPage","@id":"https:\/\/www.encontrasantana.com.br\/sobre\/santana-biblioteca-de-sao-paulo-recebe-fernando-morais-e-lira-neto-neste-sabado\/#webpage","url":"https:\/\/www.encontrasantana.com.br\/sobre\/santana-biblioteca-de-sao-paulo-recebe-fernando-morais-e-lira-neto-neste-sabado\/","name":"Santana: Biblioteca de S\u00e3o Paulo recebe Fernando Morais e Lira Neto neste s\u00e1bado \u00bb Encontra Santana","description":"A Biblioteca de S\u00e3o Paulo promove o pen\u00faltimo Encontro com Autores e Ideias deste ano. A edi\u00e7\u00e3o ser\u00e1 realizada neste s\u00e1bado, 10, e traz os escritores Fernando Morais e Lira Neto discutindo a biografia como g\u00eanero liter\u00e1rio. O p\u00fablico poder\u00e1 bater um papo com os escritores, que falam sobre as dificuldades do g\u00eanero, sobre o","inLanguage":"pt-BR","isPartOf":{"@id":"https:\/\/www.encontrasantana.com.br\/sobre\/#website"},"breadcrumb":{"@id":"https:\/\/www.encontrasantana.com.br\/sobre\/santana-biblioteca-de-sao-paulo-recebe-fernando-morais-e-lira-neto-neste-sabado\/#breadcrumblist"},"author":{"@id":"https:\/\/www.encontrasantana.com.br\/sobre\/author\/esantana\/#author"},"creator":{"@id":"https:\/\/www.encontrasantana.com.br\/sobre\/author\/esantana\/#author"},"datePublished":"2013-08-09T13:15:49-03:00","dateModified":"2019-04-15T09:57:34-03:00"},{"@type":"WebSite","@id":"https:\/\/www.encontrasantana.com.br\/sobre\/#website","url":"https:\/\/www.encontrasantana.com.br\/sobre\/","name":"Encontra Santana","description":"Not\u00edcias, eventos, informa\u00e7\u00f5es e dicas no bairro de Santana e regi\u00e3o.","inLanguage":"pt-BR","publisher":{"@id":"https:\/\/www.encontrasantana.com.br\/sobre\/#organization"}}]},"og:locale":"pt_BR","og:site_name":"Encontra Santana | Not\u00edcias, eventos, informa\u00e7\u00f5es e dicas no bairro de Santana e regi\u00e3o.","og:type":"article","og:title":"Santana: Biblioteca de S\u00e3o Paulo recebe Fernando Morais e Lira Neto neste s\u00e1bado \u00bb Encontra Santana","og:description":"A Biblioteca de S\u00e3o Paulo promove o pen\u00faltimo Encontro com Autores e Ideias deste ano. A edi\u00e7\u00e3o ser\u00e1 realizada neste s\u00e1bado, 10, e traz os escritores Fernando Morais e Lira Neto discutindo a biografia como g\u00eanero liter\u00e1rio. O p\u00fablico poder\u00e1 bater um papo com os escritores, que falam sobre as dificuldades do g\u00eanero, sobre o","og:url":"https:\/\/www.encontrasantana.com.br\/sobre\/santana-biblioteca-de-sao-paulo-recebe-fernando-morais-e-lira-neto-neste-sabado\/","article:published_time":"2013-08-09T16:15:49+00:00","article:modified_time":"2019-04-15T12:57:34+00:00","twitter:card":"summary","twitter:title":"Santana: Biblioteca de S\u00e3o Paulo recebe Fernando Morais e Lira Neto neste s\u00e1bado \u00bb Encontra Santana","twitter:description":"A Biblioteca de S\u00e3o Paulo promove o pen\u00faltimo Encontro com Autores e Ideias deste ano. A edi\u00e7\u00e3o ser\u00e1 realizada neste s\u00e1bado, 10, e traz os escritores Fernando Morais e Lira Neto discutindo a biografia como g\u00eanero liter\u00e1rio. O p\u00fablico poder\u00e1 bater um papo com os escritores, que falam sobre as dificuldades do g\u00eanero, sobre o"},"aioseo_meta_data":{"post_id":"39327","title":null,"description":null,"keywords":null,"keyphrases":null,"primary_term":null,"canonical_url":null,"og_title":null,"og_description":null,"og_object_type":"default","og_image_type":"default","og_image_url":null,"og_image_width":null,"og_image_height":null,"og_image_custom_url":null,"og_image_custom_fields":null,"og_video":null,"og_custom_url":null,"og_article_section":null,"og_article_tags":null,"twitter_use_og":false,"twitter_card":"default","twitter_image_type":"default","twitter_image_url":null,"twitter_image_custom_url":null,"twitter_image_custom_fields":null,"twitter_title":null,"twitter_description":null,"schema":{"blockGraphs":[],"customGraphs":[],"default":{"data":{"Article":[],"Course":[],"Dataset":[],"FAQPage":[],"Movie":[],"Person":[],"Product":[],"ProductReview":[],"Car":[],"Recipe":[],"Service":[],"SoftwareApplication":[],"WebPage":[]},"graphName":"Article","isEnabled":true},"graphs":[]},"schema_type":null,"schema_type_options":null,"pillar_content":false,"robots_default":true,"robots_noindex":false,"robots_noarchive":false,"robots_nosnippet":false,"robots_nofollow":false,"robots_noimageindex":false,"robots_noodp":false,"robots_notranslate":false,"robots_max_snippet":null,"robots_max_videopreview":null,"robots_max_imagepreview":"large","priority":null,"frequency":null,"local_seo":null,"limit_modified_date":false,"created":"2021-04-20 18:30:06","updated":"2026-08-07 00:50:04","focus_keyword":null,"additional_keywords":null,"truseo_locale":null,"ai":null,"breadcrumb_settings":null,"seo_analyzer_scan_date":null},"aioseo_breadcrumb":"<div class=\"aioseo-breadcrumbs\"><span class=\"aioseo-breadcrumb\">\n\t\t\t<a href=\"https:\/\/www.encontrasantana.com.br\/sobre\" title=\"In\u00edcio\">In\u00edcio<\/a>\n\t\t<\/span><span class=\"aioseo-breadcrumb-separator\">&raquo;<\/span><span class=\"aioseo-breadcrumb\">\n\t\t\t<a href=\"https:\/\/www.encontrasantana.com.br\/sobre\/noticias-em-santana\/\" title=\"Not\u00edcias Santana\">Not\u00edcias Santana<\/a>\n\t\t<\/span><span class=\"aioseo-breadcrumb-separator\">&raquo;<\/span><span class=\"aioseo-breadcrumb\">\n\t\t\tSantana: Biblioteca de S\u00e3o Paulo recebe Fernando Morais e Lira Neto neste s\u00e1bado\n\t\t<\/span><\/div>","aioseo_breadcrumb_json":[{"label":"In\u00edcio","link":"https:\/\/www.encontrasantana.com.br\/sobre"},{"label":"Not\u00edcias Santana","link":"https:\/\/www.encontrasantana.com.br\/sobre\/noticias-em-santana\/"},{"label":"Santana: Biblioteca de S\u00e3o Paulo recebe Fernando Morais e Lira Neto neste s\u00e1bado","link":"https:\/\/www.encontrasantana.com.br\/sobre\/santana-biblioteca-de-sao-paulo-recebe-fernando-morais-e-lira-neto-neste-sabado\/"}],"_links":{"self":[{"href":"https:\/\/www.encontrasantana.com.br\/sobre\/wp-json\/wp\/v2\/posts\/39327","targetHints":{"allow":["GET"]}}],"collection":[{"href":"https:\/\/www.encontrasantana.com.br\/sobre\/wp-json\/wp\/v2\/posts"}],"about":[{"href":"https:\/\/www.encontrasantana.com.br\/sobre\/wp-json\/wp\/v2\/types\/post"}],"author":[{"embeddable":true,"href":"https:\/\/www.encontrasantana.com.br\/sobre\/wp-json\/wp\/v2\/users\/1"}],"replies":[{"embeddable":true,"href":"https:\/\/www.encontrasantana.com.br\/sobre\/wp-json\/wp\/v2\/comments?post=39327"}],"version-history":[{"count":0,"href":"https:\/\/www.encontrasantana.com.br\/sobre\/wp-json\/wp\/v2\/posts\/39327\/revisions"}],"wp:attachment":[{"href":"https:\/\/www.encontrasantana.com.br\/sobre\/wp-json\/wp\/v2\/media?parent=39327"}],"wp:term":[{"taxonomy":"category","embeddable":true,"href":"https:\/\/www.encontrasantana.com.br\/sobre\/wp-json\/wp\/v2\/categories?post=39327"},{"taxonomy":"post_tag","embeddable":true,"href":"https:\/\/www.encontrasantana.com.br\/sobre\/wp-json\/wp\/v2\/tags?post=39327"}],"curies":[{"name":"wp","href":"https:\/\/api.w.org\/{rel}","templated":true}]}}